{"id":180286,"date":"2026-03-11T17:00:00","date_gmt":"2026-03-11T20:00:00","guid":{"rendered":"https:\/\/www.em.com.br\/emfoco\/?p=180286"},"modified":"2026-03-11T16:09:50","modified_gmt":"2026-03-11T19:09:50","slug":"quantas-vezes-por-semana-pessoas-acima-de-65-anos-devem-tomar-banho-a-pele-madura-precisa-de-cuidado-nao-de-excesso","status":"publish","type":"post","link":"https:\/\/www.em.com.br\/emfoco\/2026\/03\/11\/quantas-vezes-por-semana-pessoas-acima-de-65-anos-devem-tomar-banho-a-pele-madura-precisa-de-cuidado-nao-de-excesso\/","title":{"rendered":"Quantas vezes por semana pessoas acima de 65 anos devem tomar banho? \u201cA pele madura precisa de cuidado, n\u00e3o de excesso\u201d"},"content":{"rendered":"\n<p>Entre cuidados di\u00e1rios e rotina no banheiro, o jeito de tomar banho na terceira idade tem ganhado nova aten\u00e7\u00e3o de m\u00e9dicos e pesquisadores. Em vez de focar s\u00f3 na sensa\u00e7\u00e3o de frescor, especialistas veem a pele madura como um \u00f3rg\u00e3o sens\u00edvel, que muda com o tempo e reage de forma diferente \u00e0 \u00e1gua quente, ao sabonete e \u00e0 frequ\u00eancia do banho, exigindo ajustes simples, pr\u00e1ticos e baseados em evid\u00eancias \u2013 n\u00e3o apenas em costumes antigos.<\/p>\n\n\n\n<h2 class=\"wp-block-heading\">Qual \u00e9 a frequ\u00eancia de banho ideal para idosos?<\/h2>\n\n\n\n<p>Para a maioria das pessoas acima de 65 anos, uma rotina com&nbsp;<strong>uma a duas duchas completas por semana<\/strong>, associadas \u00e0 limpeza di\u00e1ria das \u00e1reas que mais suam, costuma ser suficiente para manter a higiene e a vida social em dia. Nessa fase, mais banho n\u00e3o significa mais limpeza; muitas vezes, significa apenas mais ressecamento e desconforto.<\/p>\n\n\n\n<p>A chamada&nbsp;<strong>\u201clavagem por zonas\u201d<\/strong>&nbsp;se concentra em axilas, regi\u00e3o \u00edntima, p\u00e9s, m\u00e3os e rosto, que podem ser higienizados rapidamente na pia, com \u00e1gua morna e produto suave. A frequ\u00eancia tamb\u00e9m deve considerar clima, n\u00edvel de atividade f\u00edsica, uso de fraldas, incontin\u00eancia e doen\u00e7as de pele, ajustando o cuidado sem exageros.<\/p>\n\n\n\n<figure class=\"wp-block-image\"><img decoding=\"async\" src=\"https:\/\/www.em.com.br\/emfoco\/wp-content\/uploads\/2025\/07\/idoso-no-banho_1752797797393-1024x576.jpg\" alt=\"\"\/><figcaption class=\"wp-element-caption\">O idoso n\u00e3o deve tomar banho todos os dias &#8211; Cr\u00e9ditos: depositphotos.com \/ budabar<\/figcaption><\/figure>\n\n\n\n<h2 class=\"wp-block-heading\">Como adaptar o banho para proteger a pele madura<\/h2>\n\n\n\n<p>Com o envelhecimento, a pele produz menos \u00f3leo natural e perde parte da capacidade de reter \u00e1gua, ficando mais seca e sens\u00edvel. Nessas condi\u00e7\u00f5es, a forma de tomar banho pesa tanto quanto a frequ\u00eancia, e pequenos ajustes costumam melhorar coceira, vermelhid\u00e3o e sensa\u00e7\u00e3o de repuxamento em poucos dias.<\/p>\n\n\n\n<p>Alguns cuidados simples ajudam a proteger a barreira cut\u00e2nea e manter o conforto di\u00e1rio:<\/p>\n\n\n\n<ul class=\"wp-block-list\">\n<li>Preferir\u00a0<strong>\u00e1gua morna<\/strong>, evitando temperaturas muito altas.<\/li>\n\n\n\n<li>Reduzir o tempo debaixo do chuveiro para cerca de 5 a 8 minutos.<\/li>\n\n\n\n<li>Usar sabonetes\u00a0<strong>suaves, pouco perfumados<\/strong>, pr\u00f3prios para pele seca ou sens\u00edvel.<\/li>\n\n\n\n<li>Aplicar sabonete s\u00f3 nas \u00e1reas que realmente acumulam suor e sujeira.<\/li>\n\n\n\n<li>Evitar buchas \u00e1speras e esfolia\u00e7\u00f5es frequentes, que agridem a pele.<\/li>\n<\/ul>\n\n\n\n<h2 class=\"wp-block-heading\">O que \u00e9 o \u201cminuto de ouro\u201d ap\u00f3s o banho<\/h2>\n\n\n\n<p>Logo depois do banho, existe um curto intervalo em que a pele ainda est\u00e1 levemente \u00famida: \u00e9 o chamado \u201cminuto de ouro\u201d. Aproveitar esse momento para aplicar um hidratante&nbsp;<strong>reconstrutor de barreira<\/strong>&nbsp;ajuda a segurar a \u00e1gua dentro da pele por mais tempo e reduzir aspereza, coceira e microfissuras.<\/p>\n\n\n\n<p>Hidratantes com ureia em baixa concentra\u00e7\u00e3o, glicerina ou ceramidas costumam ser bem tolerados por idosos, sobretudo nas pernas e bra\u00e7os. Inserir esse passo de forma rotineira \u00e9 simples, n\u00e3o toma muito tempo e pode diminuir a necessidade de banhos mais longos apenas para aliviar desconfortos na pele.<\/p>\n\n\n\n<figure class=\"wp-block-image is-resized\"><img decoding=\"async\" src=\"https:\/\/www.em.com.br\/emfoco\/wp-content\/uploads\/2026\/01\/unnamed-1-3-1024x576.jpg\" alt=\"\" style=\"width:1170px;height:auto\"\/><figcaption class=\"wp-element-caption\">O detalhe no banho que faz toda diferen\u00e7a ap\u00f3s os 65<\/figcaption><\/figure>\n\n\n\n<h2 class=\"wp-block-heading\">Como a frequ\u00eancia de banho interfere na seguran\u00e7a no banheiro<\/h2>\n\n\n\n<p>O banheiro re\u00fane piso molhado, superf\u00edcies escorregadias e, muitas vezes, pressa para entrar e sair do chuveiro, o que aumenta o risco de quedas em idosos. Ao discutir quantas duchas fazer por semana, \u00e9 essencial considerar o equil\u00edbrio, a for\u00e7a muscular e o grau de autonomia da pessoa, al\u00e9m da estrutura do ambiente.<\/p>\n\n\n\n<p>Duchas completas menos frequentes, associadas \u00e0 higiene por partes na pia ou em cadeira ao lado do lavat\u00f3rio, podem reduzir situa\u00e7\u00f5es de risco. Em muitos casos, vale adaptar o espa\u00e7o com barras de apoio, tapetes antiderrapantes, boa ilumina\u00e7\u00e3o e banquinhos est\u00e1veis, organizando o banho em hor\u00e1rios em que o idoso esteja mais desperto e est\u00e1vel.<\/p>\n\n\n\n<h2 class=\"wp-block-heading\">Quando buscar ajuda profissional e ajustar a rotina de banho<\/h2>\n\n\n\n<p>Sinais como coceira intensa persistente, feridas que demoram a cicatrizar, vermelhid\u00e3o generalizada, descama\u00e7\u00e3o exagerada, manchas novas ou tonturas e quedas relacionadas ao banho exigem avalia\u00e7\u00e3o profissional imediata. Em situa\u00e7\u00f5es de incontin\u00eancia ou suor intenso, a limpeza de certas regi\u00f5es pode precisar ser mais frequente e orientada de forma individualizada.<\/p>\n\n\n\n<p>N\u00e3o espere o desconforto virar sofrimento: converse com um m\u00e9dico, geriatra ou dermatologista e revise hoje mesmo a rotina de banho de quem voc\u00ea cuida \u2013 ou a sua. Ajustes simples na frequ\u00eancia, na forma de higienizar e na seguran\u00e7a do banheiro podem evitar complica\u00e7\u00f5es s\u00e9rias, preservar a autonomia e garantir mais conforto e qualidade de vida na terceira idade.<\/p>\n\n\n\n<p><\/p>\n","protected":false},"excerpt":{"rendered":"<p>Entre cuidados di\u00e1rios e rotina no banheiro, o jeito de tomar banho na terceira idade tem ganhado nova aten\u00e7\u00e3o de m\u00e9dicos e pesquisadores. Em vez de focar s\u00f3 na sensa\u00e7\u00e3o de frescor, especialistas veem a pele madura como um \u00f3rg\u00e3o sens\u00edvel, que muda com o tempo e reage de forma diferente \u00e0 \u00e1gua quente, ao [&hellip;]<\/p>\n","protected":false},"author":11,"featured_media":180315,"comment_status":"open","ping_status":"open","sticky":false,"template":"","format":"standard","meta":{"jnews-multi-image_gallery":[],"jnews_single_post":{"format":"standard"},"jnews_primary_category":[],"jnews_social_meta":[],"jnews_override_counter":[],"footnotes":""},"categories":[1,9053],"tags":[22127,6080,490,12306,26029,415],"class_list":["post-180286","post","type-post","status-publish","format-standard","has-post-thumbnail","hentry","category-noticias","category-saude","tag-banho-do-idoso","tag-higiene","tag-idoso","tag-pele-2","tag-rotina-de-banho","tag-saude"],"yoast_head":"<!-- This site is optimized with the Yoast SEO plugin v23.8 - https:\/\/yoast.com\/wordpress\/plugins\/seo\/ -->\n<title>Quantas vezes por semana pessoas acima de 65 anos devem tomar banho? \u201cA pele madura precisa de cuidado, n\u00e3o de excesso\u201d - Estado de Minas - Em foco<\/title>\n<meta name=\"description\" content=\"O banho do idoso exige cuidados com temperatura da \u00e1gua, sabonete e frequ\u00eancia. Veja as orienta\u00e7\u00f5es.\" \/>\n<meta name=\"robots\" content=\"index, follow, max-snippet:-1, max-image-preview:large, max-video-preview:-1\" \/>\n<link rel=\"canonical\" href=\"https:\/\/www.em.com.br\/emfoco\/2026\/03\/11\/quantas-vezes-por-semana-pessoas-acima-de-65-anos-devem-tomar-banho-a-pele-madura-precisa-de-cuidado-nao-de-excesso\/\" \/>\n<meta property=\"og:locale\" content=\"pt_BR\" \/>\n<meta property=\"og:type\" content=\"article\" \/>\n<meta property=\"og:title\" content=\"Quantas vezes por semana pessoas acima de 65 anos devem tomar banho? \u201cA pele madura precisa de cuidado, n\u00e3o de excesso\u201d - Estado de Minas - Em foco\" \/>\n<meta property=\"og:description\" content=\"O banho do idoso exige cuidados com temperatura da \u00e1gua, sabonete e frequ\u00eancia. Veja as orienta\u00e7\u00f5es.\" \/>\n<meta property=\"og:url\" content=\"https:\/\/www.em.com.br\/emfoco\/2026\/03\/11\/quantas-vezes-por-semana-pessoas-acima-de-65-anos-devem-tomar-banho-a-pele-madura-precisa-de-cuidado-nao-de-excesso\/\" \/>\n<meta property=\"og:site_name\" content=\"Estado de Minas - Em foco\" \/>\n<meta property=\"article:published_time\" content=\"2026-03-11T20:00:00+00:00\" \/>\n<meta property=\"article:modified_time\" content=\"2026-03-11T19:09:50+00:00\" \/>\n<meta property=\"og:image\" content=\"https:\/\/www.em.com.br\/emfoco\/wp-content\/uploads\/2026\/03\/Gemini_Generated_Image_88vqva88vqva88vq-1.png\" \/>\n\t<meta property=\"og:image:width\" content=\"1280\" \/>\n\t<meta property=\"og:image:height\" content=\"720\" \/>\n\t<meta property=\"og:image:type\" content=\"image\/png\" \/>\n<meta name=\"author\" content=\"Andre\u0301 Rangel\u00a0\" \/>\n<meta name=\"twitter:card\" content=\"summary_large_image\" \/>\n<meta name=\"twitter:label1\" content=\"Escrito por\" \/>\n\t<meta name=\"twitter:data1\" content=\"Andre\u0301 Rangel\u00a0\" \/>\n\t<meta name=\"twitter:label2\" content=\"Est. tempo de leitura\" \/>\n\t<meta name=\"twitter:data2\" content=\"5 minutos\" \/>\n<!-- \/ Yoast SEO plugin. -->","yoast_head_json":{"title":"Quantas vezes por semana pessoas acima de 65 anos devem tomar banho? \u201cA pele madura precisa de cuidado, n\u00e3o de excesso\u201d - Estado de Minas - Em foco","description":"O banho do idoso exige cuidados com temperatura da \u00e1gua, sabonete e frequ\u00eancia. Veja as orienta\u00e7\u00f5es.","robots":{"index":"index","follow":"follow","max-snippet":"max-snippet:-1","max-image-preview":"max-image-preview:large","max-video-preview":"max-video-preview:-1"},"canonical":"https:\/\/www.em.com.br\/emfoco\/2026\/03\/11\/quantas-vezes-por-semana-pessoas-acima-de-65-anos-devem-tomar-banho-a-pele-madura-precisa-de-cuidado-nao-de-excesso\/","og_locale":"pt_BR","og_type":"article","og_title":"Quantas vezes por semana pessoas acima de 65 anos devem tomar banho? \u201cA pele madura precisa de cuidado, n\u00e3o de excesso\u201d - Estado de Minas - Em foco","og_description":"O banho do idoso exige cuidados com temperatura da \u00e1gua, sabonete e frequ\u00eancia. Veja as orienta\u00e7\u00f5es.","og_url":"https:\/\/www.em.com.br\/emfoco\/2026\/03\/11\/quantas-vezes-por-semana-pessoas-acima-de-65-anos-devem-tomar-banho-a-pele-madura-precisa-de-cuidado-nao-de-excesso\/","og_site_name":"Estado de Minas - Em foco","article_published_time":"2026-03-11T20:00:00+00:00","article_modified_time":"2026-03-11T19:09:50+00:00","og_image":[{"width":1280,"height":720,"url":"https:\/\/www.em.com.br\/emfoco\/wp-content\/uploads\/2026\/03\/Gemini_Generated_Image_88vqva88vqva88vq-1.png","type":"image\/png"}],"author":"Andre\u0301 Rangel\u00a0","twitter_card":"summary_large_image","twitter_misc":{"Escrito por":"Andre\u0301 Rangel\u00a0","Est. tempo de leitura":"5 minutos"},"schema":{"@context":"https:\/\/schema.org","@graph":[{"@type":"WebPage","@id":"https:\/\/www.em.com.br\/emfoco\/2026\/03\/11\/quantas-vezes-por-semana-pessoas-acima-de-65-anos-devem-tomar-banho-a-pele-madura-precisa-de-cuidado-nao-de-excesso\/","url":"https:\/\/www.em.com.br\/emfoco\/2026\/03\/11\/quantas-vezes-por-semana-pessoas-acima-de-65-anos-devem-tomar-banho-a-pele-madura-precisa-de-cuidado-nao-de-excesso\/","name":"Quantas vezes por semana pessoas acima de 65 anos devem tomar banho? \u201cA pele madura precisa de cuidado, n\u00e3o de excesso\u201d - Estado de Minas - Em foco","isPartOf":{"@id":"https:\/\/www.em.com.br\/emfoco\/#website"},"primaryImageOfPage":{"@id":"https:\/\/www.em.com.br\/emfoco\/2026\/03\/11\/quantas-vezes-por-semana-pessoas-acima-de-65-anos-devem-tomar-banho-a-pele-madura-precisa-de-cuidado-nao-de-excesso\/#primaryimage"},"image":{"@id":"https:\/\/www.em.com.br\/emfoco\/2026\/03\/11\/quantas-vezes-por-semana-pessoas-acima-de-65-anos-devem-tomar-banho-a-pele-madura-precisa-de-cuidado-nao-de-excesso\/#primaryimage"},"thumbnailUrl":"https:\/\/www.em.com.br\/emfoco\/wp-content\/uploads\/2026\/03\/Gemini_Generated_Image_88vqva88vqva88vq-1.png","datePublished":"2026-03-11T20:00:00+00:00","dateModified":"2026-03-11T19:09:50+00:00","author":{"@id":"https:\/\/www.em.com.br\/emfoco\/#\/schema\/person\/60eda09c1fedf0d6891f4cef4b60b8b8"},"description":"O banho do idoso exige cuidados com temperatura da \u00e1gua, sabonete e frequ\u00eancia. Veja as orienta\u00e7\u00f5es.","breadcrumb":{"@id":"https:\/\/www.em.com.br\/emfoco\/2026\/03\/11\/quantas-vezes-por-semana-pessoas-acima-de-65-anos-devem-tomar-banho-a-pele-madura-precisa-de-cuidado-nao-de-excesso\/#breadcrumb"},"inLanguage":"pt-BR","potentialAction":[{"@type":"ReadAction","target":["https:\/\/www.em.com.br\/emfoco\/2026\/03\/11\/quantas-vezes-por-semana-pessoas-acima-de-65-anos-devem-tomar-banho-a-pele-madura-precisa-de-cuidado-nao-de-excesso\/"]}]},{"@type":"ImageObject","inLanguage":"pt-BR","@id":"https:\/\/www.em.com.br\/emfoco\/2026\/03\/11\/quantas-vezes-por-semana-pessoas-acima-de-65-anos-devem-tomar-banho-a-pele-madura-precisa-de-cuidado-nao-de-excesso\/#primaryimage","url":"https:\/\/www.em.com.br\/emfoco\/wp-content\/uploads\/2026\/03\/Gemini_Generated_Image_88vqva88vqva88vq-1.png","contentUrl":"https:\/\/www.em.com.br\/emfoco\/wp-content\/uploads\/2026\/03\/Gemini_Generated_Image_88vqva88vqva88vq-1.png","width":1280,"height":720,"caption":"Qual \u00e9 a frequ\u00eancia ideal de banho na terceira idade"},{"@type":"BreadcrumbList","@id":"https:\/\/www.em.com.br\/emfoco\/2026\/03\/11\/quantas-vezes-por-semana-pessoas-acima-de-65-anos-devem-tomar-banho-a-pele-madura-precisa-de-cuidado-nao-de-excesso\/#breadcrumb","itemListElement":[{"@type":"ListItem","position":1,"name":"In\u00edcio","item":"https:\/\/www.em.com.br\/emfoco\/"},{"@type":"ListItem","position":2,"name":"Quantas vezes por semana pessoas acima de 65 anos devem tomar banho? \u201cA pele madura precisa de cuidado, n\u00e3o de excesso\u201d"}]},{"@type":"WebSite","@id":"https:\/\/www.em.com.br\/emfoco\/#website","url":"https:\/\/www.em.com.br\/emfoco\/","name":"Estado de Minas - Em foco","description":"Acompanhe as \u00faltimas not\u00edcias e fique bem informado sobre tudo o que acontece em Minas Gerais, Brasil e no mundo.","potentialAction":[{"@type":"SearchAction","target":{"@type":"EntryPoint","urlTemplate":"https:\/\/www.em.com.br\/emfoco\/?s={search_term_string}"},"query-input":{"@type":"PropertyValueSpecification","valueRequired":true,"valueName":"search_term_string"}}],"inLanguage":"pt-BR"},{"@type":"Person","@id":"https:\/\/www.em.com.br\/emfoco\/#\/schema\/person\/60eda09c1fedf0d6891f4cef4b60b8b8","name":"Andre\u0301 Rangel\u00a0","image":{"@type":"ImageObject","inLanguage":"pt-BR","@id":"https:\/\/www.em.com.br\/emfoco\/#\/schema\/person\/image\/","url":"https:\/\/secure.gravatar.com\/avatar\/6234dc814c77c8ef6d8bba622c787efc?s=96&d=mm&r=g","contentUrl":"https:\/\/secure.gravatar.com\/avatar\/6234dc814c77c8ef6d8bba622c787efc?s=96&d=mm&r=g","caption":"Andre\u0301 Rangel\u00a0"},"url":"https:\/\/www.em.com.br\/emfoco\/author\/luizmyth\/"}]}},"_links":{"self":[{"href":"https:\/\/www.em.com.br\/emfoco\/wp-json\/wp\/v2\/posts\/180286","targetHints":{"allow":["GET"]}}],"collection":[{"href":"https:\/\/www.em.com.br\/emfoco\/wp-json\/wp\/v2\/posts"}],"about":[{"href":"https:\/\/www.em.com.br\/emfoco\/wp-json\/wp\/v2\/types\/post"}],"author":[{"embeddable":true,"href":"https:\/\/www.em.com.br\/emfoco\/wp-json\/wp\/v2\/users\/11"}],"replies":[{"embeddable":true,"href":"https:\/\/www.em.com.br\/emfoco\/wp-json\/wp\/v2\/comments?post=180286"}],"version-history":[{"count":2,"href":"https:\/\/www.em.com.br\/emfoco\/wp-json\/wp\/v2\/posts\/180286\/revisions"}],"predecessor-version":[{"id":180316,"href":"https:\/\/www.em.com.br\/emfoco\/wp-json\/wp\/v2\/posts\/180286\/revisions\/180316"}],"wp:featuredmedia":[{"embeddable":true,"href":"https:\/\/www.em.com.br\/emfoco\/wp-json\/wp\/v2\/media\/180315"}],"wp:attachment":[{"href":"https:\/\/www.em.com.br\/emfoco\/wp-json\/wp\/v2\/media?parent=180286"}],"wp:term":[{"taxonomy":"category","embeddable":true,"href":"https:\/\/www.em.com.br\/emfoco\/wp-json\/wp\/v2\/categories?post=180286"},{"taxonomy":"post_tag","embeddable":true,"href":"https:\/\/www.em.com.br\/emfoco\/wp-json\/wp\/v2\/tags?post=180286"}],"curies":[{"name":"wp","href":"https:\/\/api.w.org\/{rel}","templated":true}]}}