{"id":180252,"date":"2026-03-12T19:45:32","date_gmt":"2026-03-12T22:45:32","guid":{"rendered":"https:\/\/www.em.com.br\/emfoco\/?p=180252"},"modified":"2026-03-11T15:22:51","modified_gmt":"2026-03-11T18:22:51","slug":"ele-foi-morar-na-floresta-e-transformou-um-aviao-em-sua-casa-flutuante","status":"publish","type":"post","link":"https:\/\/www.em.com.br\/emfoco\/2026\/03\/12\/ele-foi-morar-na-floresta-e-transformou-um-aviao-em-sua-casa-flutuante\/","title":{"rendered":"Ele foi morar na floresta e transformou um avi\u00e3o em sua casa flutuante"},"content":{"rendered":"\n<p>Voc\u00ea consegue imaginar acordar todos os dias dentro de um avi\u00e3o no meio da <b>floresta<\/b>? Em Oregon, nos Estados Unidos, um antigo <b>Boeing 727<\/b> deixou de cruzar c\u00e9us e passou a ser um lar fixo, cercado por \u00e1rvores altas, clima \u00famido e o som constante da natureza. No lugar de paredes de tijolo, h\u00e1 uma fuselagem met\u00e1lica, janelas ovais e uma escada de embarque que virou porta de entrada, onde antes subiam passageiros e agora entram mem\u00f3rias de uma rotina bem diferente do comum.<\/p>\n\n\n\n<h2 class=\"wp-block-heading\">Casa em avi\u00e3o o que significa viver em um Boeing 727<\/h2>\n\n\n\n<p>A express\u00e3o <strong>casa em avi\u00e3o<\/strong> resume a ideia de transformar uma aeronave aposentada em moradia permanente, algo que mistura sonho de inf\u00e2ncia com decis\u00e3o pr\u00e1tica de vida adulta. No caso de Oregon, o <b>Boeing 727<\/b>, comprado no fim dos anos 1990 por cerca de 100 mil d\u00f3lares, foi adaptado para abrigar o cotidiano de um morador que decidiu viver fora do padr\u00e3o, sem abrir m\u00e3o de conforto b\u00e1sico e de uma certa poesia cotidiana.<\/p>\n\n\n\n<p>O propriet\u00e1rio, um <b>engenheiro el\u00e9trico<\/b> aposentado e apaixonado por avi\u00f5es, converteu o interior em um espa\u00e7o acolhedor, com \u00e1reas para dormir, cozinhar, trabalhar e relaxar. Onde antes havia fileiras de assentos, hoje existem camas, estantes, eletrodom\u00e9sticos e objetos pessoais que contam sua hist\u00f3ria de vida, enquanto a antiga cabine de comando virou um canto de estudo, contempla\u00e7\u00e3o e conex\u00e3o com o passado da m\u00e1quina voadora.<\/p>\n\n\n\n<figure class=\"wp-block-embed is-type-rich is-provider-pinterest wp-block-embed-pinterest\"><div class=\"wp-block-embed__wrapper\">\n<iframe loading=\"lazy\" title=\"Read This Before Visiting the Airplane Home, Oregon\" src=\"https:\/\/assets.pinterest.com\/ext\/embed.html?id=670754938298937324&#038;src=oembed\" height=\"775\" width=\"450\" frameborder=\"0\" scrolling=\"no\" ><\/iframe>\n<\/div><\/figure>\n\n\n\n<figure class=\"wp-block-embed is-type-rich is-provider-pinterest wp-block-embed-pinterest\"><div class=\"wp-block-embed__wrapper\">\n<iframe loading=\"lazy\" title=\"Cartes - Hotels-live.com\/cartes-virtuelles #MGWV #F4F #RT #worldbestshot Boing 727 Plane Home, Hillsboro, Oregon. Tag someone you think would live in this. Pic by \ud83d\udc49@aerialrhianna\ud83d\udc48 \u2606\u2606\u2606\u2606\u2606\u2606\u2606\u2606\u2606\u2606\u2606\u2606\u2606\u2606\u2606\u2606\u2606 \u2022\u2022\u2022\u2022\u2022\u2022\u2022\u2022\u2022\u2022\u2022\u2022\u2022\u2022\u2022\u2022\u2022\u2022\u2022\u2022\u2022\u2022\u2022\u2022\u2022\u2022\u2022\u2022\u2022\u2022\u2022\u2022\u2022\u2022\u2022\u2022\u2022\u2022\u2022\u2022\u2022\u2022\u2022\u2022\u2022\u2022\u2022\u2022\u2022\u2022\u2022 FOLLOW @worldbestshot AND TAG YOUR BEST SHOTS #worldbestshot #worldbestshot_ig TO BE FEATURED. *Don&#039;t forget to add photo location\ud83d\ude09 ____________________________________ by worldbestshot https:\/\/www.instagram.com\/p\/BCUB2bVNt6V\" src=\"https:\/\/assets.pinterest.com\/ext\/embed.html?id=493636809154600306&#038;src=oembed\" height=\"550\" width=\"450\" frameborder=\"0\" scrolling=\"no\" ><\/iframe>\n<\/div><\/figure>\n\n\n\n<p>Leia tamb\u00e9m:&nbsp;<a href=\"https:\/\/www.em.com.br\/emfoco\/2026\/02\/23\/as-curiosidades-mais-impressionantes-sobre-a-visao-dos-gatos-e-o-que-elas-significam\/\" target=\"_blank\" rel=\"noopener\">As curiosidades mais impressionantes sobre a vis\u00e3o dos gatos e o que elas significam<\/a><\/p>\n\n\n\n<h2 class=\"wp-block-heading\">Como funciona na pr\u00e1tica viver em uma casa em avi\u00e3o<\/h2>\n\n\n\n<p>Para que uma <strong>casa em avi\u00e3o<\/strong> seja realmente habit\u00e1vel, \u00e9 preciso ir muito al\u00e9m da apar\u00eancia curiosa e garantir que o dia a dia seja confort\u00e1vel e seguro. No <b>Boeing 727<\/b> da floresta, o morador instalou sistemas para energia el\u00e9trica, \u00e1gua, aquecimento e saneamento, adaptando tudo ao formato alongado da aeronave e \u00e0s limita\u00e7\u00f5es de espa\u00e7o, sempre buscando uma rotina mais simples e funcional.<\/p>\n\n\n\n<p>O corredor central segue como eixo principal de circula\u00e7\u00e3o, com divis\u00f3rias leves para criar quartos e \u00e1reas comuns sem perder a sensa\u00e7\u00e3o de \u201cestar dentro de um <b>avi\u00e3o<\/b>\u201d. L\u00e1 dentro, a luz que entra pelas janelas ovais ajuda a criar um clima mais aconchegante e humano, enquanto por fora as asas se transformaram em varandas suspensas, ideais para ouvir m\u00fasica, receber amigos e observar o movimento lento da floresta ao redor.<\/p>\n\n\n\n<p>Para voc\u00ea que gosta de curiosidades, separamos um v\u00eddeo do canal <a href=\"https:\/\/www.youtube.com\/@INCRIVEL_PT\" target=\"_blank\" rel=\"noreferrer noopener\">INCR\u00cdVEL<\/a> com a hist\u00f3ria do boing que virou uma casa:<\/p>\n\n\n\n<figure class=\"wp-block-embed is-type-video is-provider-youtube wp-block-embed-youtube wp-embed-aspect-16-9 wp-has-aspect-ratio\"><div class=\"wp-block-embed__wrapper\">\n<div class=\"jeg_video_container jeg_video_content\"><iframe loading=\"lazy\" title=\"Um Homem Transformou um Boeing 727 em sua Casa (e \u00e9 incr\u00edvel)\" width=\"500\" height=\"281\" src=\"https:\/\/www.youtube.com\/embed\/9FnLhjKLVeo?feature=oembed\" frameborder=\"0\" allow=\"accelerometer; autoplay; clipboard-write; encrypted-media; gyroscope; picture-in-picture; web-share\" referrerpolicy=\"strict-origin-when-cross-origin\" allowfullscreen><\/iframe><\/div>\n<\/div><\/figure>\n\n\n\n<h2 class=\"wp-block-heading\">Por que transformar um avi\u00e3o em casa no meio da floresta<\/h2>\n\n\n\n<p>A decis\u00e3o de morar em uma <strong>casa em avi\u00e3o<\/strong> perdida em meio \u00e0s \u00e1rvores n\u00e3o \u00e9 s\u00f3 uma escolha est\u00e9tica ou um capricho exc\u00eantrico. Para o engenheiro, a fuselagem met\u00e1lica oferece uma casca cont\u00ednua e extremamente resistente, pensada para enfrentar ventos fortes, mudan\u00e7as bruscas de press\u00e3o e climas severos, o que torna o espa\u00e7o um abrigo seguro e dur\u00e1vel diante das varia\u00e7\u00f5es da natureza.<\/p>\n\n\n\n<p>H\u00e1 tamb\u00e9m uma forte motiva\u00e7\u00e3o ligada ao <b>reaproveitamento<\/b> e \u00e0 redu\u00e7\u00e3o de desperd\u00edcio em larga escala. Em vez de virar sucata, o <b>Boeing 727<\/b> ganhou uma segunda vida, evitando que toneladas de alum\u00ednio fossem descartadas e inspirando outros a olhar para materiais \u201cvelhos\u201d com um olhar mais criativo e consciente. Essa escolha conversa com ideias de sustentabilidade, consumo mais respons\u00e1vel e formas alternativas de viver em maior sintonia com o meio ambiente.<\/p>\n","protected":false},"excerpt":{"rendered":"<p>Voc\u00ea consegue imaginar acordar todos os dias dentro de um avi\u00e3o no meio da floresta? Em Oregon, nos Estados Unidos, um antigo Boeing 727 deixou de cruzar c\u00e9us e passou a ser um lar fixo, cercado por \u00e1rvores altas, clima \u00famido e o som constante da natureza. No lugar de paredes de tijolo, h\u00e1 uma [&hellip;]<\/p>\n","protected":false},"author":9,"featured_media":180284,"comment_status":"open","ping_status":"open","sticky":false,"template":"","format":"standard","meta":{"jnews-multi-image_gallery":[],"jnews_single_post":{"format":"standard"},"jnews_primary_category":[],"jnews_social_meta":[],"jnews_override_counter":[],"footnotes":""},"categories":[8819,1],"tags":[26016,2911,24419],"class_list":["post-180252","post","type-post","status-publish","format-standard","has-post-thumbnail","hentry","category-curiosidades","category-noticias","tag-boeing-727","tag-casa","tag-fato-curioso"],"yoast_head":"<!-- This site is optimized with the Yoast SEO plugin v23.8 - https:\/\/yoast.com\/wordpress\/plugins\/seo\/ -->\n<title>Ele foi morar na floresta e transformou um avi\u00e3o em sua casa flutuante - Estado de Minas - Em foco<\/title>\n<meta name=\"description\" content=\"Imagine viver em um Boeing 727 no meio da floresta com todo o conforto de uma casa moderna e totalmente segura\" \/>\n<meta name=\"robots\" content=\"index, follow, max-snippet:-1, max-image-preview:large, max-video-preview:-1\" \/>\n<link rel=\"canonical\" href=\"https:\/\/www.em.com.br\/emfoco\/2026\/03\/12\/ele-foi-morar-na-floresta-e-transformou-um-aviao-em-sua-casa-flutuante\/\" \/>\n<meta property=\"og:locale\" content=\"pt_BR\" \/>\n<meta property=\"og:type\" content=\"article\" \/>\n<meta property=\"og:title\" content=\"Ele foi morar na floresta e transformou um avi\u00e3o em sua casa flutuante - Estado de Minas - Em foco\" \/>\n<meta property=\"og:description\" content=\"Imagine viver em um Boeing 727 no meio da floresta com todo o conforto de uma casa moderna e totalmente segura\" \/>\n<meta property=\"og:url\" content=\"https:\/\/www.em.com.br\/emfoco\/2026\/03\/12\/ele-foi-morar-na-floresta-e-transformou-um-aviao-em-sua-casa-flutuante\/\" \/>\n<meta property=\"og:site_name\" content=\"Estado de Minas - Em foco\" \/>\n<meta property=\"article:published_time\" content=\"2026-03-12T22:45:32+00:00\" \/>\n<meta property=\"article:modified_time\" content=\"2026-03-11T18:22:51+00:00\" \/>\n<meta property=\"og:image\" content=\"https:\/\/www.em.com.br\/emfoco\/wp-content\/uploads\/2026\/03\/Gemini_Generated_Image_a3p1mda3p1mda3p1-1.png\" \/>\n\t<meta property=\"og:image:width\" content=\"1280\" \/>\n\t<meta property=\"og:image:height\" content=\"720\" \/>\n\t<meta property=\"og:image:type\" content=\"image\/png\" \/>\n<meta name=\"author\" content=\"Daniely Cardoso\" \/>\n<meta name=\"twitter:card\" content=\"summary_large_image\" \/>\n<meta name=\"twitter:label1\" content=\"Escrito por\" \/>\n\t<meta name=\"twitter:data1\" content=\"Daniely Cardoso\" \/>\n\t<meta name=\"twitter:label2\" content=\"Est. tempo de leitura\" \/>\n\t<meta name=\"twitter:data2\" content=\"4 minutos\" \/>\n<!-- \/ Yoast SEO plugin. -->","yoast_head_json":{"title":"Ele foi morar na floresta e transformou um avi\u00e3o em sua casa flutuante - Estado de Minas - Em foco","description":"Imagine viver em um Boeing 727 no meio da floresta com todo o conforto de uma casa moderna e totalmente segura","robots":{"index":"index","follow":"follow","max-snippet":"max-snippet:-1","max-image-preview":"max-image-preview:large","max-video-preview":"max-video-preview:-1"},"canonical":"https:\/\/www.em.com.br\/emfoco\/2026\/03\/12\/ele-foi-morar-na-floresta-e-transformou-um-aviao-em-sua-casa-flutuante\/","og_locale":"pt_BR","og_type":"article","og_title":"Ele foi morar na floresta e transformou um avi\u00e3o em sua casa flutuante - Estado de Minas - Em foco","og_description":"Imagine viver em um Boeing 727 no meio da floresta com todo o conforto de uma casa moderna e totalmente segura","og_url":"https:\/\/www.em.com.br\/emfoco\/2026\/03\/12\/ele-foi-morar-na-floresta-e-transformou-um-aviao-em-sua-casa-flutuante\/","og_site_name":"Estado de Minas - Em foco","article_published_time":"2026-03-12T22:45:32+00:00","article_modified_time":"2026-03-11T18:22:51+00:00","og_image":[{"width":1280,"height":720,"url":"https:\/\/www.em.com.br\/emfoco\/wp-content\/uploads\/2026\/03\/Gemini_Generated_Image_a3p1mda3p1mda3p1-1.png","type":"image\/png"}],"author":"Daniely Cardoso","twitter_card":"summary_large_image","twitter_misc":{"Escrito por":"Daniely Cardoso","Est. tempo de leitura":"4 minutos"},"schema":{"@context":"https:\/\/schema.org","@graph":[{"@type":"WebPage","@id":"https:\/\/www.em.com.br\/emfoco\/2026\/03\/12\/ele-foi-morar-na-floresta-e-transformou-um-aviao-em-sua-casa-flutuante\/","url":"https:\/\/www.em.com.br\/emfoco\/2026\/03\/12\/ele-foi-morar-na-floresta-e-transformou-um-aviao-em-sua-casa-flutuante\/","name":"Ele foi morar na floresta e transformou um avi\u00e3o em sua casa flutuante - Estado de Minas - Em foco","isPartOf":{"@id":"https:\/\/www.em.com.br\/emfoco\/#website"},"primaryImageOfPage":{"@id":"https:\/\/www.em.com.br\/emfoco\/2026\/03\/12\/ele-foi-morar-na-floresta-e-transformou-um-aviao-em-sua-casa-flutuante\/#primaryimage"},"image":{"@id":"https:\/\/www.em.com.br\/emfoco\/2026\/03\/12\/ele-foi-morar-na-floresta-e-transformou-um-aviao-em-sua-casa-flutuante\/#primaryimage"},"thumbnailUrl":"https:\/\/www.em.com.br\/emfoco\/wp-content\/uploads\/2026\/03\/Gemini_Generated_Image_a3p1mda3p1mda3p1-1.png","datePublished":"2026-03-12T22:45:32+00:00","dateModified":"2026-03-11T18:22:51+00:00","author":{"@id":"https:\/\/www.em.com.br\/emfoco\/#\/schema\/person\/0a8186d72f2c3a5c6276d90b41f271a0"},"description":"Imagine viver em um Boeing 727 no meio da floresta com todo o conforto de uma casa moderna e totalmente segura","breadcrumb":{"@id":"https:\/\/www.em.com.br\/emfoco\/2026\/03\/12\/ele-foi-morar-na-floresta-e-transformou-um-aviao-em-sua-casa-flutuante\/#breadcrumb"},"inLanguage":"pt-BR","potentialAction":[{"@type":"ReadAction","target":["https:\/\/www.em.com.br\/emfoco\/2026\/03\/12\/ele-foi-morar-na-floresta-e-transformou-um-aviao-em-sua-casa-flutuante\/"]}]},{"@type":"ImageObject","inLanguage":"pt-BR","@id":"https:\/\/www.em.com.br\/emfoco\/2026\/03\/12\/ele-foi-morar-na-floresta-e-transformou-um-aviao-em-sua-casa-flutuante\/#primaryimage","url":"https:\/\/www.em.com.br\/emfoco\/wp-content\/uploads\/2026\/03\/Gemini_Generated_Image_a3p1mda3p1mda3p1-1.png","contentUrl":"https:\/\/www.em.com.br\/emfoco\/wp-content\/uploads\/2026\/03\/Gemini_Generated_Image_a3p1mda3p1mda3p1-1.png","width":1280,"height":720,"caption":"A express\u00e3o casa em avi\u00e3o resume a ideia de transformar uma aeronave aposentada em moradia permanente"},{"@type":"BreadcrumbList","@id":"https:\/\/www.em.com.br\/emfoco\/2026\/03\/12\/ele-foi-morar-na-floresta-e-transformou-um-aviao-em-sua-casa-flutuante\/#breadcrumb","itemListElement":[{"@type":"ListItem","position":1,"name":"In\u00edcio","item":"https:\/\/www.em.com.br\/emfoco\/"},{"@type":"ListItem","position":2,"name":"Ele foi morar na floresta e transformou um avi\u00e3o em sua casa flutuante"}]},{"@type":"WebSite","@id":"https:\/\/www.em.com.br\/emfoco\/#website","url":"https:\/\/www.em.com.br\/emfoco\/","name":"Estado de Minas - Em foco","description":"Acompanhe as \u00faltimas not\u00edcias e fique bem informado sobre tudo o que acontece em Minas Gerais, Brasil e no mundo.","potentialAction":[{"@type":"SearchAction","target":{"@type":"EntryPoint","urlTemplate":"https:\/\/www.em.com.br\/emfoco\/?s={search_term_string}"},"query-input":{"@type":"PropertyValueSpecification","valueRequired":true,"valueName":"search_term_string"}}],"inLanguage":"pt-BR"},{"@type":"Person","@id":"https:\/\/www.em.com.br\/emfoco\/#\/schema\/person\/0a8186d72f2c3a5c6276d90b41f271a0","name":"Daniely Cardoso","image":{"@type":"ImageObject","inLanguage":"pt-BR","@id":"https:\/\/www.em.com.br\/emfoco\/#\/schema\/person\/image\/","url":"https:\/\/secure.gravatar.com\/avatar\/4b80ddbd124d1f071b626d52d62e5dff?s=96&d=mm&r=g","contentUrl":"https:\/\/secure.gravatar.com\/avatar\/4b80ddbd124d1f071b626d52d62e5dff?s=96&d=mm&r=g","caption":"Daniely Cardoso"},"url":"https:\/\/www.em.com.br\/emfoco\/author\/danielymyth\/"}]}},"_links":{"self":[{"href":"https:\/\/www.em.com.br\/emfoco\/wp-json\/wp\/v2\/posts\/180252","targetHints":{"allow":["GET"]}}],"collection":[{"href":"https:\/\/www.em.com.br\/emfoco\/wp-json\/wp\/v2\/posts"}],"about":[{"href":"https:\/\/www.em.com.br\/emfoco\/wp-json\/wp\/v2\/types\/post"}],"author":[{"embeddable":true,"href":"https:\/\/www.em.com.br\/emfoco\/wp-json\/wp\/v2\/users\/9"}],"replies":[{"embeddable":true,"href":"https:\/\/www.em.com.br\/emfoco\/wp-json\/wp\/v2\/comments?post=180252"}],"version-history":[{"count":2,"href":"https:\/\/www.em.com.br\/emfoco\/wp-json\/wp\/v2\/posts\/180252\/revisions"}],"predecessor-version":[{"id":180285,"href":"https:\/\/www.em.com.br\/emfoco\/wp-json\/wp\/v2\/posts\/180252\/revisions\/180285"}],"wp:featuredmedia":[{"embeddable":true,"href":"https:\/\/www.em.com.br\/emfoco\/wp-json\/wp\/v2\/media\/180284"}],"wp:attachment":[{"href":"https:\/\/www.em.com.br\/emfoco\/wp-json\/wp\/v2\/media?parent=180252"}],"wp:term":[{"taxonomy":"category","embeddable":true,"href":"https:\/\/www.em.com.br\/emfoco\/wp-json\/wp\/v2\/categories?post=180252"},{"taxonomy":"post_tag","embeddable":true,"href":"https:\/\/www.em.com.br\/emfoco\/wp-json\/wp\/v2\/tags?post=180252"}],"curies":[{"name":"wp","href":"https:\/\/api.w.org\/{rel}","templated":true}]}}