{"id":180246,"date":"2026-03-12T19:15:59","date_gmt":"2026-03-12T22:15:59","guid":{"rendered":"https:\/\/www.em.com.br\/emfoco\/?p=180246"},"modified":"2026-03-11T15:18:31","modified_gmt":"2026-03-11T18:18:31","slug":"a-combinacao-de-roupas-que-esta-dominando-os-looks-confortaveis-e-estilosos","status":"publish","type":"post","link":"https:\/\/www.em.com.br\/emfoco\/2026\/03\/12\/a-combinacao-de-roupas-que-esta-dominando-os-looks-confortaveis-e-estilosos\/","title":{"rendered":"A combina\u00e7\u00e3o de roupas que est\u00e1 dominando os looks confort\u00e1veis e estilosos"},"content":{"rendered":"\n<p>Voc\u00ea j\u00e1 saiu de casa com aquela vontade de estar de pijama, mas precisando parecer arrumada? Esse desejo de unir <strong>conforto<\/strong> e <strong>estilo<\/strong> est\u00e1 mudando a forma como muita gente se veste no dia a dia, especialmente com rotinas mais flex\u00edveis e trabalho h\u00edbrido. Em vez de looks cheios de regras, a ideia \u00e9 montar produ\u00e7\u00f5es leves, vers\u00e1teis e com cara de \u201cto pronta pra tudo\u201d, sem abrir m\u00e3o da mobilidade e de uma apar\u00eancia bem cuidada.<\/p>\n\n\n\n<h2 class=\"wp-block-heading\">Qual \u00e9 a combina\u00e7\u00e3o confort\u00e1vel que virou queridinha dos looks estilosos<\/h2>\n\n\n\n<p>A palavra-chave que resume essa tend\u00eancia \u00e9 <strong>conjunto confort\u00e1vel estiloso<\/strong>, normalmente formado por um <strong>moletom<\/strong> ou camiseta de malha combinado com cal\u00e7a de modelagem reta ou jogger. Em tecidos suaves, como algod\u00e3o, malha premium ou moletinho, o corpo respira melhor e o visual ganha aquele ar despretensioso, mas ainda assim arrumado.<\/p>\n\n\n\n<p>Muitas vezes, o look \u00e9 finalizado com um <strong>t\u00eanis casual<\/strong> e uma terceira pe\u00e7a leve, como jaqueta jeans ou blazer desestruturado, o que deixa tudo com uma pegada mais urbana. Essa combina\u00e7\u00e3o aparece em conjuntos coordenados da mesma cor, misturas esportivas com itens mais sociais e produ\u00e7\u00f5es monocrom\u00e1ticas em tons neutros, todas com o mesmo objetivo: liberdade de movimento sem parecer desleixado.<\/p>\n\n\n\n<figure class=\"wp-block-embed is-type-rich is-provider-pinterest wp-block-embed-pinterest\"><div class=\"wp-block-embed__wrapper\">\n<iframe loading=\"lazy\" title=\"Voc\u00ea usaria\u2026 ou ainda tem medo? \ud83d\udc40\ud83d\udc9b A cal\u00e7a amarela n\u00e3o \u00e9 \u201cdif\u00edcil\u201d ela s\u00f3 precisa do styling certo. Quando combinada com neutros, tecidos leves e bons cortes, ela vira ponto de estilo e personalidade.  Moda \u00e9 sobre testar, brincar e sair do \u00f3bvio e n\u00e3o sobre regras engessadas. Conta pra gente: voc\u00ea usaria ou ainda torce o nariz?  cal\u00e7a amarela look \u00b7 dica de moda feminina \u00b7 como usar cores vibrantes \u00b7 estilo pessoal \u00b7 moda sem regras\" src=\"https:\/\/assets.pinterest.com\/ext\/embed.html?id=7670261862523337&#038;src=oembed\" height=\"898\" width=\"450\" frameborder=\"0\" scrolling=\"no\" ><\/iframe>\n<\/div><\/figure>\n\n\n\n<p>Leia tamb\u00e9m:&nbsp;<a href=\"https:\/\/www.em.com.br\/emfoco\/2026\/03\/06\/esqueca-os-tenis-brancos-simples-a-nova-aposta-que-esta-dominando-os-looks-com-jeans-e-jaquetas\/\" target=\"_blank\" rel=\"noopener\">Esque\u00e7a os t\u00eanis brancos simples: a nova aposta que est\u00e1 dominando os looks com jeans e jaquetas<\/a><\/p>\n\n\n\n<h2 class=\"wp-block-heading\">Como montar um look confort\u00e1vel e estiloso no dia a dia<\/h2>\n\n\n\n<p>Para criar uma combina\u00e7\u00e3o de roupas realmente <strong>confort\u00e1vel<\/strong> e estilosa, o ideal \u00e9 come\u00e7ar por uma base simples: parte de cima b\u00e1sica e cal\u00e7a de caimento solto. A partir da\u00ed, pequenos ajustes na escolha de cores, acess\u00f3rios e sobreposi\u00e7\u00f5es mudam completamente a sensa\u00e7\u00e3o final do look, sem exigir muito esfor\u00e7o.<\/p>\n\n\n\n<p>Quando voc\u00ea entende quais elementos deixam o corpo \u00e0 vontade e, ao mesmo tempo, passam uma imagem cuidada, fica muito mais f\u00e1cil repetir f\u00f3rmulas que funcionam. Veja alguns pontos pr\u00e1ticos que ajudam a montar produ\u00e7\u00f5es confort\u00e1veis para trabalhar, passear ou ficar em casa com estilo:<\/p>\n\n\n\n<ul class=\"wp-block-list\">\n<li><strong>Escolha tecidos macios:<\/strong> algod\u00e3o, moletom leve, linho misto e malhas com elastano garantem conforto prolongado.<\/li>\n\n\n\n<li><strong>Prefira modelagens relaxadas:<\/strong> cal\u00e7as retas, pantalonas suaves e joggers deixam o visual moderno sem apertar.<\/li>\n\n\n\n<li><strong>Aposte em cores neutras:<\/strong> cinza, preto, bege, off-white e marinho combinam entre si com muita facilidade.<\/li>\n\n\n\n<li><strong>Inclua um ponto de estilo:<\/strong> um rel\u00f3gio simples, bolsa estruturada ou t\u00eanis atual elevam o conjunto na hora.<\/li>\n<\/ul>\n\n\n\n<figure class=\"wp-block-embed is-type-rich is-provider-pinterest wp-block-embed-pinterest\"><div class=\"wp-block-embed__wrapper\">\n<iframe loading=\"lazy\" title=\"LOOK TRABALHO CHIQUE | Camisa + Colete Tricot + Cal\u00e7a Pantalona Cinza\" src=\"https:\/\/assets.pinterest.com\/ext\/embed.html?id=1900024839625662&#038;src=oembed\" height=\"899\" width=\"450\" frameborder=\"0\" scrolling=\"no\" ><\/iframe>\n<\/div><\/figure>\n\n\n\n<h2 class=\"wp-block-heading\">Quais pe\u00e7as n\u00e3o podem faltar em looks confort\u00e1veis e estilosos<\/h2>\n\n\n\n<p>Ao observar o guarda-roupa de quem prioriza <strong>looks confort\u00e1veis<\/strong> e estilosos, alguns itens aparecem sempre e salvam em dias de pregui\u00e7a fashion. S\u00e3o pe\u00e7as vers\u00e1teis, que transitam entre ambientes mais formais e totalmente casuais, rendendo v\u00e1rias combina\u00e7\u00f5es com poucos elementos.<\/p>\n\n\n\n<ol class=\"wp-block-list\">\n<li><strong>Cal\u00e7a jogger ou de moletom estruturado: <\/strong><em>Modelos em tons neutros<\/em> garantem flexibilidade com camisetas b\u00e1sicas, camisas de bot\u00e3o e blazers leves, mantendo o <strong>conforto<\/strong> sem perder o ar arrumado.<\/li>\n\n\n\n<li><strong>Conjunto de malha ou moletinho: <\/strong>Blusa e cal\u00e7a no mesmo tecido formam um visual imediato e pr\u00e1tico, \u00f3timo para viagens, trabalho remoto e <strong>passeios<\/strong> casuais.<\/li>\n\n\n\n<li><strong>T\u00eanis casual vers\u00e1til: <\/strong>Modelos em couro ou materiais sint\u00e9ticos de apar\u00eancia limpa combinam com jeans, alfaiataria leve e pe\u00e7as esportivas, deixando tudo mais <strong>moderno<\/strong>.<\/li>\n\n\n\n<li><strong>Camisetas e blusas lisas: <\/strong>Vers\u00f5es em cores s\u00f3lidas funcionam como base para sobreposi\u00e7\u00f5es, permitindo repetir pe\u00e7as sem chamar <strong>aten\u00e7\u00e3o<\/strong>.<\/li>\n\n\n\n<li><strong>Terceira pe\u00e7a leve: <\/strong>Jaquetas, cardig\u00e3s e blazers desestruturados transformam um look simples em algo mais elaborado, com cara de \u201cme arrumei de <strong>prop\u00f3sito<\/strong>\u201d.<\/li>\n<\/ol>\n\n\n\n<p>Para voc\u00ea que gosta de estar na moda, separamos um v\u00eddeo do canal da <a href=\"https:\/\/www.youtube.com\/@thaismelo.souzatm\" target=\"_blank\" rel=\"noreferrer noopener\">Tha\u00eds Melo<\/a> com dicas para combinar cores nos seus looks:<\/p>\n\n\n\n<figure class=\"wp-block-embed is-type-video is-provider-youtube wp-block-embed-youtube wp-embed-aspect-16-9 wp-has-aspect-ratio\"><div class=\"wp-block-embed__wrapper\">\n<div class=\"jeg_video_container jeg_video_content\"><iframe loading=\"lazy\" title=\"Como fazer combina\u00e7\u00f5es de cores nos seus looks | T\u00e9cnica infal\u00edvel!\" width=\"500\" height=\"281\" src=\"https:\/\/www.youtube.com\/embed\/ZovlOPHWgxY?feature=oembed\" frameborder=\"0\" allow=\"accelerometer; autoplay; clipboard-write; encrypted-media; gyroscope; picture-in-picture; web-share\" referrerpolicy=\"strict-origin-when-cross-origin\" allowfullscreen><\/iframe><\/div>\n<\/div><\/figure>\n\n\n\n<h2 class=\"wp-block-heading\">Como deixar a combina\u00e7\u00e3o confort\u00e1vel com apar\u00eancia arrumada<\/h2>\n\n\n\n<p>Mesmo priorizando o conforto, muita gente precisa de uma <strong>combina\u00e7\u00e3o de roupas<\/strong> que funcione em ambientes profissionais flex\u00edveis e ainda passe seriedade. Nesses casos, alguns cuidados simples com caimento, acabamento e conserva\u00e7\u00e3o fazem toda a diferen\u00e7a no resultado final, sem tirar a praticidade.<\/p>\n\n\n\n<ul class=\"wp-block-list\">\n<li><strong>Cuidar do caimento:<\/strong> barras ajustadas, comprimentos adequados e ombros no lugar deixam o visual mais alinhado.<\/li>\n\n\n\n<li><strong>Valorizar os detalhes:<\/strong> acabamentos bem-feitos, tecidos sem bolinhas e cores bem cuidadas transmitem cuidado imediato.<\/li>\n\n\n\n<li><strong>Controlar estampas:<\/strong> para um look vers\u00e1til, estampas discretas ou aus\u00eancia de estampa costumam facilitar bastante.<\/li>\n\n\n\n<li><strong>Manter a conserva\u00e7\u00e3o das pe\u00e7as:<\/strong> roupas bem passadas, sem manchas e sem desgaste excessivo mudam a impress\u00e3o na hora.<\/li>\n<\/ul>\n\n\n\n<p>Quando esses fatores se equilibram, a combina\u00e7\u00e3o de roupas que domina os <strong>looks confort\u00e1veis<\/strong> e estilosos deixa de ser apenas tend\u00eancia e vira um recurso do dia a dia. Assim, voc\u00ea consegue transitar entre reuni\u00f5es, compromissos r\u00e1pidos e momentos de descanso usando o mesmo look, sentindo-se \u00e0 vontade e visualmente arrumada o tempo todo.<\/p>\n","protected":false},"excerpt":{"rendered":"<p>Voc\u00ea j\u00e1 saiu de casa com aquela vontade de estar de pijama, mas precisando parecer arrumada? Esse desejo de unir conforto e estilo est\u00e1 mudando a forma como muita gente se veste no dia a dia, especialmente com rotinas mais flex\u00edveis e trabalho h\u00edbrido. Em vez de looks cheios de regras, a ideia \u00e9 montar [&hellip;]<\/p>\n","protected":false},"author":9,"featured_media":180278,"comment_status":"open","ping_status":"open","sticky":false,"template":"","format":"standard","meta":{"jnews-multi-image_gallery":[],"jnews_single_post":{"format":"standard"},"jnews_primary_category":[],"jnews_social_meta":[],"jnews_override_counter":[],"footnotes":""},"categories":[8691,1],"tags":[5318,18815,4952],"class_list":["post-180246","post","type-post","status-publish","format-standard","has-post-thumbnail","hentry","category-bem-estar","category-noticias","tag-estilo","tag-look","tag-roupas"],"yoast_head":"<!-- This site is optimized with the Yoast SEO plugin v23.8 - https:\/\/yoast.com\/wordpress\/plugins\/seo\/ -->\n<title>A combina\u00e7\u00e3o de roupas que est\u00e1 dominando os looks confort\u00e1veis e estilosos - Estado de Minas - Em foco<\/title>\n<meta name=\"description\" content=\"Descubra como unir o conforto do pijama ao estilo urbano com conjuntos de malha que dominam a moda em 2026\" \/>\n<meta name=\"robots\" content=\"index, follow, max-snippet:-1, max-image-preview:large, max-video-preview:-1\" \/>\n<link rel=\"canonical\" href=\"https:\/\/www.em.com.br\/emfoco\/2026\/03\/12\/a-combinacao-de-roupas-que-esta-dominando-os-looks-confortaveis-e-estilosos\/\" \/>\n<meta property=\"og:locale\" content=\"pt_BR\" \/>\n<meta property=\"og:type\" content=\"article\" \/>\n<meta property=\"og:title\" content=\"A combina\u00e7\u00e3o de roupas que est\u00e1 dominando os looks confort\u00e1veis e estilosos - Estado de Minas - Em foco\" \/>\n<meta property=\"og:description\" content=\"Descubra como unir o conforto do pijama ao estilo urbano com conjuntos de malha que dominam a moda em 2026\" \/>\n<meta property=\"og:url\" content=\"https:\/\/www.em.com.br\/emfoco\/2026\/03\/12\/a-combinacao-de-roupas-que-esta-dominando-os-looks-confortaveis-e-estilosos\/\" \/>\n<meta property=\"og:site_name\" content=\"Estado de Minas - Em foco\" \/>\n<meta property=\"article:published_time\" content=\"2026-03-12T22:15:59+00:00\" \/>\n<meta property=\"article:modified_time\" content=\"2026-03-11T18:18:31+00:00\" \/>\n<meta property=\"og:image\" content=\"https:\/\/www.em.com.br\/emfoco\/wp-content\/uploads\/2026\/03\/Gemini_Generated_Image_dc32eddc32eddc32-1.png\" \/>\n\t<meta property=\"og:image:width\" content=\"1280\" \/>\n\t<meta property=\"og:image:height\" content=\"720\" \/>\n\t<meta property=\"og:image:type\" content=\"image\/png\" \/>\n<meta name=\"author\" content=\"Daniely Cardoso\" \/>\n<meta name=\"twitter:card\" content=\"summary_large_image\" \/>\n<meta name=\"twitter:label1\" content=\"Escrito por\" \/>\n\t<meta name=\"twitter:data1\" content=\"Daniely Cardoso\" \/>\n\t<meta name=\"twitter:label2\" content=\"Est. tempo de leitura\" \/>\n\t<meta name=\"twitter:data2\" content=\"5 minutos\" \/>\n<!-- \/ Yoast SEO plugin. -->","yoast_head_json":{"title":"A combina\u00e7\u00e3o de roupas que est\u00e1 dominando os looks confort\u00e1veis e estilosos - Estado de Minas - Em foco","description":"Descubra como unir o conforto do pijama ao estilo urbano com conjuntos de malha que dominam a moda em 2026","robots":{"index":"index","follow":"follow","max-snippet":"max-snippet:-1","max-image-preview":"max-image-preview:large","max-video-preview":"max-video-preview:-1"},"canonical":"https:\/\/www.em.com.br\/emfoco\/2026\/03\/12\/a-combinacao-de-roupas-que-esta-dominando-os-looks-confortaveis-e-estilosos\/","og_locale":"pt_BR","og_type":"article","og_title":"A combina\u00e7\u00e3o de roupas que est\u00e1 dominando os looks confort\u00e1veis e estilosos - Estado de Minas - Em foco","og_description":"Descubra como unir o conforto do pijama ao estilo urbano com conjuntos de malha que dominam a moda em 2026","og_url":"https:\/\/www.em.com.br\/emfoco\/2026\/03\/12\/a-combinacao-de-roupas-que-esta-dominando-os-looks-confortaveis-e-estilosos\/","og_site_name":"Estado de Minas - Em foco","article_published_time":"2026-03-12T22:15:59+00:00","article_modified_time":"2026-03-11T18:18:31+00:00","og_image":[{"width":1280,"height":720,"url":"https:\/\/www.em.com.br\/emfoco\/wp-content\/uploads\/2026\/03\/Gemini_Generated_Image_dc32eddc32eddc32-1.png","type":"image\/png"}],"author":"Daniely Cardoso","twitter_card":"summary_large_image","twitter_misc":{"Escrito por":"Daniely Cardoso","Est. tempo de leitura":"5 minutos"},"schema":{"@context":"https:\/\/schema.org","@graph":[{"@type":"WebPage","@id":"https:\/\/www.em.com.br\/emfoco\/2026\/03\/12\/a-combinacao-de-roupas-que-esta-dominando-os-looks-confortaveis-e-estilosos\/","url":"https:\/\/www.em.com.br\/emfoco\/2026\/03\/12\/a-combinacao-de-roupas-que-esta-dominando-os-looks-confortaveis-e-estilosos\/","name":"A combina\u00e7\u00e3o de roupas que est\u00e1 dominando os looks confort\u00e1veis e estilosos - Estado de Minas - Em foco","isPartOf":{"@id":"https:\/\/www.em.com.br\/emfoco\/#website"},"primaryImageOfPage":{"@id":"https:\/\/www.em.com.br\/emfoco\/2026\/03\/12\/a-combinacao-de-roupas-que-esta-dominando-os-looks-confortaveis-e-estilosos\/#primaryimage"},"image":{"@id":"https:\/\/www.em.com.br\/emfoco\/2026\/03\/12\/a-combinacao-de-roupas-que-esta-dominando-os-looks-confortaveis-e-estilosos\/#primaryimage"},"thumbnailUrl":"https:\/\/www.em.com.br\/emfoco\/wp-content\/uploads\/2026\/03\/Gemini_Generated_Image_dc32eddc32eddc32-1.png","datePublished":"2026-03-12T22:15:59+00:00","dateModified":"2026-03-11T18:18:31+00:00","author":{"@id":"https:\/\/www.em.com.br\/emfoco\/#\/schema\/person\/0a8186d72f2c3a5c6276d90b41f271a0"},"description":"Descubra como unir o conforto do pijama ao estilo urbano com conjuntos de malha que dominam a moda em 2026","breadcrumb":{"@id":"https:\/\/www.em.com.br\/emfoco\/2026\/03\/12\/a-combinacao-de-roupas-que-esta-dominando-os-looks-confortaveis-e-estilosos\/#breadcrumb"},"inLanguage":"pt-BR","potentialAction":[{"@type":"ReadAction","target":["https:\/\/www.em.com.br\/emfoco\/2026\/03\/12\/a-combinacao-de-roupas-que-esta-dominando-os-looks-confortaveis-e-estilosos\/"]}]},{"@type":"ImageObject","inLanguage":"pt-BR","@id":"https:\/\/www.em.com.br\/emfoco\/2026\/03\/12\/a-combinacao-de-roupas-que-esta-dominando-os-looks-confortaveis-e-estilosos\/#primaryimage","url":"https:\/\/www.em.com.br\/emfoco\/wp-content\/uploads\/2026\/03\/Gemini_Generated_Image_dc32eddc32eddc32-1.png","contentUrl":"https:\/\/www.em.com.br\/emfoco\/wp-content\/uploads\/2026\/03\/Gemini_Generated_Image_dc32eddc32eddc32-1.png","width":1280,"height":720,"caption":"Muitas vezes, o look \u00e9 finalizado com um t\u00eanis casual e uma terceira pe\u00e7a leve, como jaqueta jeans ou blazer desestruturado"},{"@type":"BreadcrumbList","@id":"https:\/\/www.em.com.br\/emfoco\/2026\/03\/12\/a-combinacao-de-roupas-que-esta-dominando-os-looks-confortaveis-e-estilosos\/#breadcrumb","itemListElement":[{"@type":"ListItem","position":1,"name":"In\u00edcio","item":"https:\/\/www.em.com.br\/emfoco\/"},{"@type":"ListItem","position":2,"name":"A combina\u00e7\u00e3o de roupas que est\u00e1 dominando os looks confort\u00e1veis e estilosos"}]},{"@type":"WebSite","@id":"https:\/\/www.em.com.br\/emfoco\/#website","url":"https:\/\/www.em.com.br\/emfoco\/","name":"Estado de Minas - Em foco","description":"Acompanhe as \u00faltimas not\u00edcias e fique bem informado sobre tudo o que acontece em Minas Gerais, Brasil e no mundo.","potentialAction":[{"@type":"SearchAction","target":{"@type":"EntryPoint","urlTemplate":"https:\/\/www.em.com.br\/emfoco\/?s={search_term_string}"},"query-input":{"@type":"PropertyValueSpecification","valueRequired":true,"valueName":"search_term_string"}}],"inLanguage":"pt-BR"},{"@type":"Person","@id":"https:\/\/www.em.com.br\/emfoco\/#\/schema\/person\/0a8186d72f2c3a5c6276d90b41f271a0","name":"Daniely Cardoso","image":{"@type":"ImageObject","inLanguage":"pt-BR","@id":"https:\/\/www.em.com.br\/emfoco\/#\/schema\/person\/image\/","url":"https:\/\/secure.gravatar.com\/avatar\/4b80ddbd124d1f071b626d52d62e5dff?s=96&d=mm&r=g","contentUrl":"https:\/\/secure.gravatar.com\/avatar\/4b80ddbd124d1f071b626d52d62e5dff?s=96&d=mm&r=g","caption":"Daniely Cardoso"},"url":"https:\/\/www.em.com.br\/emfoco\/author\/danielymyth\/"}]}},"_links":{"self":[{"href":"https:\/\/www.em.com.br\/emfoco\/wp-json\/wp\/v2\/posts\/180246","targetHints":{"allow":["GET"]}}],"collection":[{"href":"https:\/\/www.em.com.br\/emfoco\/wp-json\/wp\/v2\/posts"}],"about":[{"href":"https:\/\/www.em.com.br\/emfoco\/wp-json\/wp\/v2\/types\/post"}],"author":[{"embeddable":true,"href":"https:\/\/www.em.com.br\/emfoco\/wp-json\/wp\/v2\/users\/9"}],"replies":[{"embeddable":true,"href":"https:\/\/www.em.com.br\/emfoco\/wp-json\/wp\/v2\/comments?post=180246"}],"version-history":[{"count":2,"href":"https:\/\/www.em.com.br\/emfoco\/wp-json\/wp\/v2\/posts\/180246\/revisions"}],"predecessor-version":[{"id":180279,"href":"https:\/\/www.em.com.br\/emfoco\/wp-json\/wp\/v2\/posts\/180246\/revisions\/180279"}],"wp:featuredmedia":[{"embeddable":true,"href":"https:\/\/www.em.com.br\/emfoco\/wp-json\/wp\/v2\/media\/180278"}],"wp:attachment":[{"href":"https:\/\/www.em.com.br\/emfoco\/wp-json\/wp\/v2\/media?parent=180246"}],"wp:term":[{"taxonomy":"category","embeddable":true,"href":"https:\/\/www.em.com.br\/emfoco\/wp-json\/wp\/v2\/categories?post=180246"},{"taxonomy":"post_tag","embeddable":true,"href":"https:\/\/www.em.com.br\/emfoco\/wp-json\/wp\/v2\/tags?post=180246"}],"curies":[{"name":"wp","href":"https:\/\/api.w.org\/{rel}","templated":true}]}}