{"id":180244,"date":"2026-03-12T16:35:47","date_gmt":"2026-03-12T19:35:47","guid":{"rendered":"https:\/\/www.em.com.br\/emfoco\/?p=180244"},"modified":"2026-03-11T15:09:34","modified_gmt":"2026-03-11T18:09:34","slug":"pare-de-usar-delineador-preto-depois-dos-50-o-tom-que-suaviza-o-olhar","status":"publish","type":"post","link":"https:\/\/www.em.com.br\/emfoco\/2026\/03\/12\/pare-de-usar-delineador-preto-depois-dos-50-o-tom-que-suaviza-o-olhar\/","title":{"rendered":"Pare de usar delineador preto depois dos 50: o tom que suaviza o olhar"},"content":{"rendered":"\n<p>Voc\u00ea j\u00e1 se olhou no espelho, depois dos 50, e sentiu que o <strong>delineador preto<\/strong> que sempre amou agora parece deixar o olhar mais pesado? Muitas pessoas passam por isso: as linhas finas, a flacidez das p\u00e1lpebras e a mudan\u00e7a na textura da pele fazem com que o tra\u00e7o escuro ganhe mais destaque do que o desejado<\/p>\n\n\n\n<h2 class=\"wp-block-heading\">Por que o delineador preto pode endurecer o olhar depois dos 50 anos<\/h2>\n\n\n\n<p>Com o tempo, a pele ao redor dos olhos perde firmeza e elasticidade, e o <strong>delineador preto<\/strong> bem marcado pode acentuar dobras e fazer o olhar parecer menor. Em vez de abrir o olhar, o contorno muito escuro tende a \u201cfech\u00e1-lo\u201d, criando um <strong>contraste<\/strong> mais duro justamente nas \u00e1reas onde a pele est\u00e1 mais fina.<\/p>\n\n\n\n<p>O preto absoluto tamb\u00e9m funciona como um contorno r\u00edgido, o que contrasta com a textura suave da pele madura e evidencia ainda mais as linhas de express\u00e3o. Al\u00e9m disso, qualquer pequeno erro de aplica\u00e7\u00e3o fica mais vis\u00edvel, e um tra\u00e7o tortinho ou grosso pode pesar no visual, algo comum quando h\u00e1 mais <strong>tremores<\/strong> ou dificuldade de firmeza nas m\u00e3os.<\/p>\n\n\n\n<figure class=\"wp-block-embed is-type-rich is-provider-pinterest wp-block-embed-pinterest\"><div class=\"wp-block-embed__wrapper\">\n<iframe loading=\"lazy\" title=\"makeprofission - Link in Bio &amp; Creator Tools | Beacons\" src=\"https:\/\/assets.pinterest.com\/ext\/embed.html?id=304063412366411630&#038;src=oembed\" height=\"775\" width=\"450\" frameborder=\"0\" scrolling=\"no\" ><\/iframe>\n<\/div><\/figure>\n\n\n\n<p>Leia tamb\u00e9m:&nbsp;<a href=\"https:\/\/www.em.com.br\/emfoco\/2026\/03\/11\/nem-corretivo-nem-base-a-tecnica-de-maquiagem-que-suaviza-olheiras-e-ilumina-o-olhar-apos-os-45\/\" target=\"_blank\" rel=\"noopener\">Nem corretivo, nem base, a t\u00e9cnica de maquiagem que suaviza olheiras e ilumina o olhar ap\u00f3s os 45<\/a><\/p>\n\n\n\n<h2 class=\"wp-block-heading\">Quais tons substituem o delineador preto e deixam o olhar mais suave<\/h2>\n\n\n\n<p>Quando o <strong>delineador preto<\/strong> come\u00e7a a incomodar, cores como marrom, grafite e cinza se tornam boas aliadas para manter defini\u00e7\u00e3o com menos rigidez. Esses tons criam profundidade sem pesar, se misturam melhor com a pele e deixam o resultado mais <strong>natural<\/strong> e harmonioso, principalmente no dia a dia.<\/p>\n\n\n\n<figure class=\"wp-block-embed is-type-rich is-provider-pinterest wp-block-embed-pinterest\"><div class=\"wp-block-embed__wrapper\">\n<iframe loading=\"lazy\" title=\"&quot; Como deixar o delineado com os 2 lados iguais,vem com essa super dica &quot;\" src=\"https:\/\/assets.pinterest.com\/ext\/embed.html?id=50102614599565231&#038;src=oembed\" height=\"899\" width=\"450\" frameborder=\"0\" scrolling=\"no\" ><\/iframe>\n<\/div><\/figure>\n\n\n\n<p>Vale tamb\u00e9m considerar a textura: l\u00e1pis macios e sombras cremosas esfumadas costumam funcionar melhor que canetas de tra\u00e7o muito marcado. Antes de conhecer as principais sugest\u00f5es de cores, \u00e9 importante lembrar que a ideia \u00e9 real\u00e7ar o olhar com leveza; a lista abaixo pode ajudar a escolher o tom que mais combina com seu estilo e cor de olhos.<\/p>\n\n\n\n<ul class=\"wp-block-list\">\n<li><strong>Marrom chocolate ou caf\u00e9:<\/strong> cria profundidade e \u00e9 menos severo que o preto;<\/li>\n\n\n\n<li><strong>Grafite e cinza escuro:<\/strong> boa op\u00e7\u00e3o para quem gosta do efeito do preto, mas quer suavidade;<\/li>\n\n\n\n<li><strong>Tons ameixa ou berinjela:<\/strong> valorizam olhos castanhos e verdes com um toque de cor;<\/li>\n\n\n\n<li><strong>Nude, bege ou champanhe na linha d\u2019\u00e1gua:<\/strong> ajudam a abrir o olhar sem encolher os olhos.<\/li>\n<\/ul>\n\n\n\n<p>Para voc\u00ea que gosta de se maquiar, separamos um v\u00eddeo do canal da <a href=\"https:\/\/www.youtube.com\/@VanessaRozan\" target=\"_blank\" rel=\"noreferrer noopener\">Vanessa Rozan<\/a> com dicas para fazer um delineador perfeito:<\/p>\n\n\n\n<figure class=\"wp-block-embed is-type-video is-provider-youtube wp-block-embed-youtube wp-embed-aspect-16-9 wp-has-aspect-ratio\"><div class=\"wp-block-embed__wrapper\">\n<div class=\"jeg_video_container jeg_video_content\"><iframe loading=\"lazy\" title=\"COMO FAZER UM DELINEADO FA\u0301CIL - #Tutorial02\" width=\"500\" height=\"281\" src=\"https:\/\/www.youtube.com\/embed\/gVOZOSR7pRc?start=2&#038;feature=oembed\" frameborder=\"0\" allow=\"accelerometer; autoplay; clipboard-write; encrypted-media; gyroscope; picture-in-picture; web-share\" referrerpolicy=\"strict-origin-when-cross-origin\" allowfullscreen><\/iframe><\/div>\n<\/div><\/figure>\n\n\n\n<h2 class=\"wp-block-heading\">Como adaptar o uso do delineador escuro para um efeito mais leve<\/h2>\n\n\n\n<p>Se voc\u00ea gosta de um toque de drama nos olhos e n\u00e3o quer abandonar o <strong>delineador escuro<\/strong>, d\u00e1 para adaptar a t\u00e9cnica em vez de cortar o produto. Uma estrat\u00e9gia \u00e9 trocar o tra\u00e7o grosso por um esfumado rente aos c\u00edlios, que define sem criar linhas muito <strong>marcadas<\/strong>, mantendo o olhar expressivo, por\u00e9m mais suave.<\/p>\n\n\n\n<p>Outra dica \u00e9 priorizar o canto externo dos olhos, come\u00e7ando o tra\u00e7o do meio da p\u00e1lpebra para fora, e evitar preto na linha d\u2019\u00e1gua inferior. T\u00e9cnicas como o <em>tightlining<\/em>, em que se passa l\u00e1pis escuro bem na raiz interna dos c\u00edlios superiores, ajudam a encorpar os c\u00edlios e real\u00e7ar o olhar sem que o delineado fique t\u00e3o <strong>vis\u00edvel<\/strong>.<\/p>\n\n\n\n<figure class=\"wp-block-embed is-type-rich is-provider-pinterest wp-block-embed-pinterest\"><div class=\"wp-block-embed__wrapper\">\n<iframe loading=\"lazy\" title=\"Delineado F\u00e1cil\" src=\"https:\/\/assets.pinterest.com\/ext\/embed.html?id=4503668373907266&#038;src=oembed\" height=\"899\" width=\"450\" frameborder=\"0\" scrolling=\"no\" ><\/iframe>\n<\/div><\/figure>\n\n\n\n<h2 class=\"wp-block-heading\">Quais tons de maquiagem de olhos valorizam a pele madura<\/h2>\n\n\n\n<p>Al\u00e9m do tipo de <strong>delineador preto<\/strong> ou marrom, o conjunto da maquiagem dos olhos faz muita diferen\u00e7a no resultado final. Tons m\u00e9dios e mais quentes, como taupe, marrom claro, p\u00eassego e dourado suave, costumam funcionar bem na pele madura, criando transi\u00e7\u00f5es leves entre sombra, l\u00e1pis e m\u00e1scara, sem divis\u00f5es muito <strong>marcantes<\/strong>.<\/p>\n\n\n\n<p>Sombras opacas ou levemente acetinadas ajudam a evitar o ac\u00famulo de brilho nas linhas, enquanto um bom esfumado suaviza bordas e d\u00e1 um efeito de \u201colhos descansados\u201d. Completar o visual com corre\u00e7\u00e3o moderada de olheiras e sobrancelhas preenchidas de forma delicada deixa o rosto emoldurado, real\u00e7ando o olhar com <strong>equil\u00edbrio<\/strong> e naturalidade.<\/p>\n","protected":false},"excerpt":{"rendered":"<p>Voc\u00ea j\u00e1 se olhou no espelho, depois dos 50, e sentiu que o delineador preto que sempre amou agora parece deixar o olhar mais pesado? Muitas pessoas passam por isso: as linhas finas, a flacidez das p\u00e1lpebras e a mudan\u00e7a na textura da pele fazem com que o tra\u00e7o escuro ganhe mais destaque do que [&hellip;]<\/p>\n","protected":false},"author":9,"featured_media":169580,"comment_status":"open","ping_status":"open","sticky":false,"template":"","format":"standard","meta":{"jnews-multi-image_gallery":[],"jnews_single_post":{"format":"standard"},"jnews_primary_category":[],"jnews_social_meta":[],"jnews_override_counter":[],"footnotes":""},"categories":[8691,8819,1],"tags":[2616,19046,4914],"class_list":["post-180244","post","type-post","status-publish","format-standard","has-post-thumbnail","hentry","category-bem-estar","category-curiosidades","category-noticias","tag-beleza","tag-delineador","tag-maquiagem"],"yoast_head":"<!-- This site is optimized with the Yoast SEO plugin v23.8 - https:\/\/yoast.com\/wordpress\/plugins\/seo\/ -->\n<title>Pare de usar delineador preto depois dos 50: o tom que suaviza o olhar - Estado de Minas - Em foco<\/title>\n<meta name=\"description\" content=\"O delineador preto pode envelhecer seu rosto e o truque para um olhar descansado est\u00e1 na escolha das cores certas\" \/>\n<meta name=\"robots\" content=\"index, follow, max-snippet:-1, max-image-preview:large, max-video-preview:-1\" \/>\n<link rel=\"canonical\" href=\"https:\/\/www.em.com.br\/emfoco\/2026\/03\/12\/pare-de-usar-delineador-preto-depois-dos-50-o-tom-que-suaviza-o-olhar\/\" \/>\n<meta property=\"og:locale\" content=\"pt_BR\" \/>\n<meta property=\"og:type\" content=\"article\" \/>\n<meta property=\"og:title\" content=\"Pare de usar delineador preto depois dos 50: o tom que suaviza o olhar - Estado de Minas - Em foco\" \/>\n<meta property=\"og:description\" content=\"O delineador preto pode envelhecer seu rosto e o truque para um olhar descansado est\u00e1 na escolha das cores certas\" \/>\n<meta property=\"og:url\" content=\"https:\/\/www.em.com.br\/emfoco\/2026\/03\/12\/pare-de-usar-delineador-preto-depois-dos-50-o-tom-que-suaviza-o-olhar\/\" \/>\n<meta property=\"og:site_name\" content=\"Estado de Minas - Em foco\" \/>\n<meta property=\"article:published_time\" content=\"2026-03-12T19:35:47+00:00\" \/>\n<meta property=\"article:modified_time\" content=\"2026-03-11T18:09:34+00:00\" \/>\n<meta property=\"og:image\" content=\"https:\/\/www.em.com.br\/emfoco\/wp-content\/uploads\/2026\/02\/Gemini_Generated_Image_5tsqs5tsqs5tsqs5-1.png\" \/>\n\t<meta property=\"og:image:width\" content=\"1280\" \/>\n\t<meta property=\"og:image:height\" content=\"720\" \/>\n\t<meta property=\"og:image:type\" content=\"image\/png\" \/>\n<meta name=\"author\" content=\"Daniely Cardoso\" \/>\n<meta name=\"twitter:card\" content=\"summary_large_image\" \/>\n<meta name=\"twitter:label1\" content=\"Escrito por\" \/>\n\t<meta name=\"twitter:data1\" content=\"Daniely Cardoso\" \/>\n\t<meta name=\"twitter:label2\" content=\"Est. tempo de leitura\" \/>\n\t<meta name=\"twitter:data2\" content=\"4 minutos\" \/>\n<!-- \/ Yoast SEO plugin. -->","yoast_head_json":{"title":"Pare de usar delineador preto depois dos 50: o tom que suaviza o olhar - Estado de Minas - Em foco","description":"O delineador preto pode envelhecer seu rosto e o truque para um olhar descansado est\u00e1 na escolha das cores certas","robots":{"index":"index","follow":"follow","max-snippet":"max-snippet:-1","max-image-preview":"max-image-preview:large","max-video-preview":"max-video-preview:-1"},"canonical":"https:\/\/www.em.com.br\/emfoco\/2026\/03\/12\/pare-de-usar-delineador-preto-depois-dos-50-o-tom-que-suaviza-o-olhar\/","og_locale":"pt_BR","og_type":"article","og_title":"Pare de usar delineador preto depois dos 50: o tom que suaviza o olhar - Estado de Minas - Em foco","og_description":"O delineador preto pode envelhecer seu rosto e o truque para um olhar descansado est\u00e1 na escolha das cores certas","og_url":"https:\/\/www.em.com.br\/emfoco\/2026\/03\/12\/pare-de-usar-delineador-preto-depois-dos-50-o-tom-que-suaviza-o-olhar\/","og_site_name":"Estado de Minas - Em foco","article_published_time":"2026-03-12T19:35:47+00:00","article_modified_time":"2026-03-11T18:09:34+00:00","og_image":[{"width":1280,"height":720,"url":"https:\/\/www.em.com.br\/emfoco\/wp-content\/uploads\/2026\/02\/Gemini_Generated_Image_5tsqs5tsqs5tsqs5-1.png","type":"image\/png"}],"author":"Daniely Cardoso","twitter_card":"summary_large_image","twitter_misc":{"Escrito por":"Daniely Cardoso","Est. tempo de leitura":"4 minutos"},"schema":{"@context":"https:\/\/schema.org","@graph":[{"@type":"WebPage","@id":"https:\/\/www.em.com.br\/emfoco\/2026\/03\/12\/pare-de-usar-delineador-preto-depois-dos-50-o-tom-que-suaviza-o-olhar\/","url":"https:\/\/www.em.com.br\/emfoco\/2026\/03\/12\/pare-de-usar-delineador-preto-depois-dos-50-o-tom-que-suaviza-o-olhar\/","name":"Pare de usar delineador preto depois dos 50: o tom que suaviza o olhar - Estado de Minas - Em foco","isPartOf":{"@id":"https:\/\/www.em.com.br\/emfoco\/#website"},"primaryImageOfPage":{"@id":"https:\/\/www.em.com.br\/emfoco\/2026\/03\/12\/pare-de-usar-delineador-preto-depois-dos-50-o-tom-que-suaviza-o-olhar\/#primaryimage"},"image":{"@id":"https:\/\/www.em.com.br\/emfoco\/2026\/03\/12\/pare-de-usar-delineador-preto-depois-dos-50-o-tom-que-suaviza-o-olhar\/#primaryimage"},"thumbnailUrl":"https:\/\/www.em.com.br\/emfoco\/wp-content\/uploads\/2026\/02\/Gemini_Generated_Image_5tsqs5tsqs5tsqs5-1.png","datePublished":"2026-03-12T19:35:47+00:00","dateModified":"2026-03-11T18:09:34+00:00","author":{"@id":"https:\/\/www.em.com.br\/emfoco\/#\/schema\/person\/0a8186d72f2c3a5c6276d90b41f271a0"},"description":"O delineador preto pode envelhecer seu rosto e o truque para um olhar descansado est\u00e1 na escolha das cores certas","breadcrumb":{"@id":"https:\/\/www.em.com.br\/emfoco\/2026\/03\/12\/pare-de-usar-delineador-preto-depois-dos-50-o-tom-que-suaviza-o-olhar\/#breadcrumb"},"inLanguage":"pt-BR","potentialAction":[{"@type":"ReadAction","target":["https:\/\/www.em.com.br\/emfoco\/2026\/03\/12\/pare-de-usar-delineador-preto-depois-dos-50-o-tom-que-suaviza-o-olhar\/"]}]},{"@type":"ImageObject","inLanguage":"pt-BR","@id":"https:\/\/www.em.com.br\/emfoco\/2026\/03\/12\/pare-de-usar-delineador-preto-depois-dos-50-o-tom-que-suaviza-o-olhar\/#primaryimage","url":"https:\/\/www.em.com.br\/emfoco\/wp-content\/uploads\/2026\/02\/Gemini_Generated_Image_5tsqs5tsqs5tsqs5-1.png","contentUrl":"https:\/\/www.em.com.br\/emfoco\/wp-content\/uploads\/2026\/02\/Gemini_Generated_Image_5tsqs5tsqs5tsqs5-1.png","width":1280,"height":720,"caption":"Em peles maduras, o delineador grosso tende a encurtar o espa\u00e7o da p\u00e1lpebra m\u00f3vel, fazendo os olhos parecerem menores"},{"@type":"BreadcrumbList","@id":"https:\/\/www.em.com.br\/emfoco\/2026\/03\/12\/pare-de-usar-delineador-preto-depois-dos-50-o-tom-que-suaviza-o-olhar\/#breadcrumb","itemListElement":[{"@type":"ListItem","position":1,"name":"In\u00edcio","item":"https:\/\/www.em.com.br\/emfoco\/"},{"@type":"ListItem","position":2,"name":"Pare de usar delineador preto depois dos 50: o tom que suaviza o olhar"}]},{"@type":"WebSite","@id":"https:\/\/www.em.com.br\/emfoco\/#website","url":"https:\/\/www.em.com.br\/emfoco\/","name":"Estado de Minas - Em foco","description":"Acompanhe as \u00faltimas not\u00edcias e fique bem informado sobre tudo o que acontece em Minas Gerais, Brasil e no mundo.","potentialAction":[{"@type":"SearchAction","target":{"@type":"EntryPoint","urlTemplate":"https:\/\/www.em.com.br\/emfoco\/?s={search_term_string}"},"query-input":{"@type":"PropertyValueSpecification","valueRequired":true,"valueName":"search_term_string"}}],"inLanguage":"pt-BR"},{"@type":"Person","@id":"https:\/\/www.em.com.br\/emfoco\/#\/schema\/person\/0a8186d72f2c3a5c6276d90b41f271a0","name":"Daniely Cardoso","image":{"@type":"ImageObject","inLanguage":"pt-BR","@id":"https:\/\/www.em.com.br\/emfoco\/#\/schema\/person\/image\/","url":"https:\/\/secure.gravatar.com\/avatar\/4b80ddbd124d1f071b626d52d62e5dff?s=96&d=mm&r=g","contentUrl":"https:\/\/secure.gravatar.com\/avatar\/4b80ddbd124d1f071b626d52d62e5dff?s=96&d=mm&r=g","caption":"Daniely Cardoso"},"url":"https:\/\/www.em.com.br\/emfoco\/author\/danielymyth\/"}]}},"_links":{"self":[{"href":"https:\/\/www.em.com.br\/emfoco\/wp-json\/wp\/v2\/posts\/180244","targetHints":{"allow":["GET"]}}],"collection":[{"href":"https:\/\/www.em.com.br\/emfoco\/wp-json\/wp\/v2\/posts"}],"about":[{"href":"https:\/\/www.em.com.br\/emfoco\/wp-json\/wp\/v2\/types\/post"}],"author":[{"embeddable":true,"href":"https:\/\/www.em.com.br\/emfoco\/wp-json\/wp\/v2\/users\/9"}],"replies":[{"embeddable":true,"href":"https:\/\/www.em.com.br\/emfoco\/wp-json\/wp\/v2\/comments?post=180244"}],"version-history":[{"count":2,"href":"https:\/\/www.em.com.br\/emfoco\/wp-json\/wp\/v2\/posts\/180244\/revisions"}],"predecessor-version":[{"id":180272,"href":"https:\/\/www.em.com.br\/emfoco\/wp-json\/wp\/v2\/posts\/180244\/revisions\/180272"}],"wp:featuredmedia":[{"embeddable":true,"href":"https:\/\/www.em.com.br\/emfoco\/wp-json\/wp\/v2\/media\/169580"}],"wp:attachment":[{"href":"https:\/\/www.em.com.br\/emfoco\/wp-json\/wp\/v2\/media?parent=180244"}],"wp:term":[{"taxonomy":"category","embeddable":true,"href":"https:\/\/www.em.com.br\/emfoco\/wp-json\/wp\/v2\/categories?post=180244"},{"taxonomy":"post_tag","embeddable":true,"href":"https:\/\/www.em.com.br\/emfoco\/wp-json\/wp\/v2\/tags?post=180244"}],"curies":[{"name":"wp","href":"https:\/\/api.w.org\/{rel}","templated":true}]}}