{"id":180242,"date":"2026-03-12T14:25:36","date_gmt":"2026-03-12T17:25:36","guid":{"rendered":"https:\/\/www.em.com.br\/emfoco\/?p=180242"},"modified":"2026-03-11T14:58:39","modified_gmt":"2026-03-11T17:58:39","slug":"o-erro-de-maquiagem-que-envelhece-e-como-corrigir","status":"publish","type":"post","link":"https:\/\/www.em.com.br\/emfoco\/2026\/03\/12\/o-erro-de-maquiagem-que-envelhece-e-como-corrigir\/","title":{"rendered":"O erro de maquiagem que envelhece e como corrigir"},"content":{"rendered":"\n<p>Voc\u00ea j\u00e1 se olhou no espelho depois de se maquiar, sentindo que a pele ficou mais cansada, mesmo tendo caprichado? Esse efeito acontece com muita gente e n\u00e3o tem a ver com falta de habilidade, mas com alguns <b>detalhes simples<\/b> que passam despercebidos. Entender como a maquiagem interage com a <b>pele real<\/b>, com linhas finas e textura, \u00e9 o que faz a diferen\u00e7a entre um visual pesado e um rosto com apar\u00eancia naturalmente descansada.<\/p>\n\n\n\n<h2 class=\"wp-block-heading\">Qual \u00e9 o principal erro de maquiagem que envelhece o rosto<\/h2>\n\n\n\n<p>O erro de maquiagem que mais envelhece \u00e9 o uso exagerado de <b>base<\/b> e <b>corretivo<\/b>, em camadas grossas e texturas que n\u00e3o combinam com o tipo de pele. Esse ac\u00famulo se deposita em linhas finas, rugas e poros, chamando aten\u00e7\u00e3o justamente para aquilo que muita gente quer <b>disfar\u00e7ar<\/b> e criando um efeito de \u201creboco\u201d.<\/p>\n\n\n\n<p>Quando a pele n\u00e3o est\u00e1 bem <b>hidratada<\/b> ou preparada, o problema fica ainda mais evidente ao longo do dia. Sem um bom cuidado pr\u00e9vio, a base \u201cagarra\u201d nas partes ressecadas, craquela e deixa o rosto com um aspecto mais <b>cansado<\/b>, como se a maquiagem fosse mais antiga do que realmente \u00e9.<\/p>\n\n\n\n<figure class=\"wp-block-embed is-type-rich is-provider-pinterest wp-block-embed-pinterest\"><div class=\"wp-block-embed__wrapper\">\n<iframe loading=\"lazy\" title=\"Dicas de maquiagem para pele madura\" src=\"https:\/\/assets.pinterest.com\/ext\/embed.html?id=869335534300745693&#038;src=oembed\" height=\"899\" width=\"450\" frameborder=\"0\" scrolling=\"no\" ><\/iframe>\n<\/div><\/figure>\n\n\n\n<p>Leia tamb\u00e9m:&nbsp;<a href=\"https:\/\/www.em.com.br\/emfoco\/2026\/03\/11\/nem-corretivo-nem-base-a-tecnica-de-maquiagem-que-suaviza-olheiras-e-ilumina-o-olhar-apos-os-45\/\" target=\"_blank\" rel=\"noopener\">Nem corretivo, nem base, a t\u00e9cnica de maquiagem que suaviza olheiras e ilumina o olhar ap\u00f3s os 45<\/a><\/p>\n\n\n\n<h2 class=\"wp-block-heading\">Como identificar no espelho o erro de maquiagem que envelhece<\/h2>\n\n\n\n<p>\u00c9 f\u00e1cil perceber esse erro quando voc\u00ea olha o rosto em luz natural e em diferentes <b>\u00e2ngulos<\/b>. Se a base acumula ao redor da boca, olhos e testa, marcando vincos e linhas, \u00e9 sinal claro de excesso de <b>produto<\/b>. Em vez de sumirem, as marcas passam a ganhar destaque imediato.<\/p>\n\n\n\n<p>Alguns sinais entregam que a cobertura ficou mais pesada do que o necess\u00e1rio e come\u00e7ou a pesar na <b>apar\u00eancia<\/b>. Esses detalhes podem ser observados com calma durante a rotina, especialmente quando voc\u00ea confere a maquiagem em luz do dia ou tira uma <b>foto<\/b> de perto.<\/p>\n\n\n\n<ul class=\"wp-block-list\">\n<li>Aspecto de \u201cm\u00e1scara\u201d, com diferen\u00e7a de tom entre rosto e pesco\u00e7o;<\/li>\n\n\n\n<li>Base vis\u00edvel sobre pelos do rosto ou pelinhas ressecadas;<\/li>\n\n\n\n<li>Corretivo acumulado abaixo dos olhos, formando vincos marcados;<\/li>\n\n\n\n<li>Pele totalmente opaca, sem brilho saud\u00e1vel, parecendo mais r\u00edgida.<\/li>\n<\/ul>\n\n\n\n<figure class=\"wp-block-embed is-type-rich is-provider-pinterest wp-block-embed-pinterest\"><div class=\"wp-block-embed__wrapper\">\n<iframe loading=\"lazy\" title=\"maquiagem pele madura casamento simples | make pele madura | mekeup pele madura\" src=\"https:\/\/assets.pinterest.com\/ext\/embed.html?id=9007268001262579&#038;src=oembed\" height=\"899\" width=\"450\" frameborder=\"0\" scrolling=\"no\" ><\/iframe>\n<\/div><\/figure>\n\n\n\n<h2 class=\"wp-block-heading\">Como corrigir o erro de maquiagem que deixa o rosto envelhecido<\/h2>\n\n\n\n<p>Para reverter esse efeito envelhecedor, o primeiro passo \u00e9 cuidar melhor da <b>pele<\/b> antes mesmo de pensar na maquiagem. Uma rotina simples, com limpeza suave, hidrata\u00e7\u00e3o adequada e protetor solar, j\u00e1 faz com que voc\u00ea precise de menos <b>cobertura<\/b> e consiga um resultado mais jovem e natural.<\/p>\n\n\n\n<p>Na hora de se maquiar, prefira bases leves ou de cobertura m\u00e9dia, com acabamento mais luminoso, especialmente se a pele for seca ou <b>madura<\/b>. Aplique uma camada fina, concentrando mais produto s\u00f3 onde realmente precisa, use pouco corretivo e sele apenas as \u00e1reas de maior oleosidade, respeitando o <b>tom<\/b> natural da pele para evitar contrastes marcados.<\/p>\n\n\n\n<p>Para voc\u00ea que gosta de se cudiar, separamos um v\u00eddeo do canal da <a href=\"https:\/\/www.youtube.com\/@oficialdudafernandes\" target=\"_blank\" rel=\"noreferrer noopener\">Duda Fernandes<\/a> com dicas para fazer uma maquiagem que n\u00e3o te envelhe\u00e7a:<\/p>\n\n\n\n<figure class=\"wp-block-embed is-type-video is-provider-youtube wp-block-embed-youtube wp-embed-aspect-16-9 wp-has-aspect-ratio\"><div class=\"wp-block-embed__wrapper\">\n<div class=\"jeg_video_container jeg_video_content\"><iframe loading=\"lazy\" title=\"10 ERROS de Maquiagem Que Te ENVELHECEM! - TODAS AS IDADES!\" width=\"500\" height=\"281\" src=\"https:\/\/www.youtube.com\/embed\/DJV5uy8zdis?start=134&#038;feature=oembed\" frameborder=\"0\" allow=\"accelerometer; autoplay; clipboard-write; encrypted-media; gyroscope; picture-in-picture; web-share\" referrerpolicy=\"strict-origin-when-cross-origin\" allowfullscreen><\/iframe><\/div>\n<\/div><\/figure>\n\n\n\n<h2 class=\"wp-block-heading\">Como usar produtos cremosos para um efeito mais jovem<\/h2>\n\n\n\n<p>Uma forma simples de deixar a maquiagem mais fresca \u00e9 trocar parte dos produtos em p\u00f3 por vers\u00f5es <b>cremosas<\/b>. Blush, iluminador e at\u00e9 bronzer em creme se fundem melhor \u00e0 pele, evitando aquele aspecto pesado e <b>marcado<\/b> que costuma envelhecer.<\/p>\n\n\n\n<p>Um toque de blush nas ma\u00e7\u00e3s do rosto e um iluminador suave nos pontos altos do rosto devolvem <b>vi\u00e7o<\/b> e cor de forma delicada. Assim, o foco da maquiagem sai da cobertura pesada e passa a ser a apar\u00eancia de pele <b>saud\u00e1vel<\/b>, com brilho moderado e express\u00e3o mais descansada.<\/p>\n\n\n\n<figure class=\"wp-block-embed is-type-rich is-provider-pinterest wp-block-embed-pinterest\"><div class=\"wp-block-embed__wrapper\">\n<iframe loading=\"lazy\" title=\"Maquillaje piel madura RAHELI SHABB\" src=\"https:\/\/assets.pinterest.com\/ext\/embed.html?id=1900024839693403&#038;src=oembed\" height=\"899\" width=\"450\" frameborder=\"0\" scrolling=\"no\" ><\/iframe>\n<\/div><\/figure>\n\n\n\n<h2 class=\"wp-block-heading\">Quais outros h\u00e1bitos de maquiagem tamb\u00e9m podem envelhecer<\/h2>\n\n\n\n<p>N\u00e3o \u00e9 s\u00f3 a base pesada que pode deixar o rosto com apar\u00eancia mais velha do que \u00e9. Sobrancelhas muito marcadas, contorno escuro demais e batons muito secos ou mal aplicados criam um conjunto mais <b>duro<\/b>, tirando suavidade da express\u00e3o. Quando tudo est\u00e1 muito opaco e definido, o rosto perde <b>naturalidade<\/b>.<\/p>\n\n\n\n<p>Al\u00e9m disso, exagerar no p\u00f3 compacto, usar sombras muito escuras sem esfumar, marcar demais o l\u00e1pis preto na linha d\u2019\u00e1gua inferior e aplicar iluminador em \u00e1reas com muita textura costuma acentuar poros e <b>rugas<\/b>. Ao suavizar transi\u00e7\u00f5es, optar por esfumados delicados e escolher produtos que se movimentem bem com a pele, a maquiagem passa a valorizar seus tra\u00e7os e a transmitir uma imagem mais <b>harm\u00f4nica<\/b> e atual.<\/p>\n","protected":false},"excerpt":{"rendered":"<p>Voc\u00ea j\u00e1 se olhou no espelho depois de se maquiar, sentindo que a pele ficou mais cansada, mesmo tendo caprichado? Esse efeito acontece com muita gente e n\u00e3o tem a ver com falta de habilidade, mas com alguns detalhes simples que passam despercebidos. Entender como a maquiagem interage com a pele real, com linhas finas [&hellip;]<\/p>\n","protected":false},"author":9,"featured_media":180261,"comment_status":"open","ping_status":"open","sticky":false,"template":"","format":"standard","meta":{"jnews-multi-image_gallery":[],"jnews_single_post":{"format":"standard"},"jnews_primary_category":[],"jnews_social_meta":[],"jnews_override_counter":[],"footnotes":""},"categories":[8691,1],"tags":[2616,21830,4914,7176],"class_list":["post-180242","post","type-post","status-publish","format-standard","has-post-thumbnail","hentry","category-bem-estar","category-noticias","tag-beleza","tag-envelhecendo","tag-maquiagem","tag-tecnica"],"yoast_head":"<!-- This site is optimized with the Yoast SEO plugin v23.8 - https:\/\/yoast.com\/wordpress\/plugins\/seo\/ -->\n<title>O erro de maquiagem que envelhece e como corrigir - Estado de Minas - Em foco<\/title>\n<meta name=\"description\" content=\"Pare de usar base pesada e entenda como a hidrata\u00e7\u00e3o correta impede que a maquiagem marque suas rugas e envelhe\u00e7a seu rosto\" \/>\n<meta name=\"robots\" content=\"index, follow, max-snippet:-1, max-image-preview:large, max-video-preview:-1\" \/>\n<link rel=\"canonical\" href=\"https:\/\/www.em.com.br\/emfoco\/2026\/03\/12\/o-erro-de-maquiagem-que-envelhece-e-como-corrigir\/\" \/>\n<meta property=\"og:locale\" content=\"pt_BR\" \/>\n<meta property=\"og:type\" content=\"article\" \/>\n<meta property=\"og:title\" content=\"O erro de maquiagem que envelhece e como corrigir - Estado de Minas - Em foco\" \/>\n<meta property=\"og:description\" content=\"Pare de usar base pesada e entenda como a hidrata\u00e7\u00e3o correta impede que a maquiagem marque suas rugas e envelhe\u00e7a seu rosto\" \/>\n<meta property=\"og:url\" content=\"https:\/\/www.em.com.br\/emfoco\/2026\/03\/12\/o-erro-de-maquiagem-que-envelhece-e-como-corrigir\/\" \/>\n<meta property=\"og:site_name\" content=\"Estado de Minas - Em foco\" \/>\n<meta property=\"article:published_time\" content=\"2026-03-12T17:25:36+00:00\" \/>\n<meta property=\"article:modified_time\" content=\"2026-03-11T17:58:39+00:00\" \/>\n<meta property=\"og:image\" content=\"https:\/\/www.em.com.br\/emfoco\/wp-content\/uploads\/2026\/03\/Gemini_Generated_Image_enixkfenixkfenix-1.png\" \/>\n\t<meta property=\"og:image:width\" content=\"1280\" \/>\n\t<meta property=\"og:image:height\" content=\"720\" \/>\n\t<meta property=\"og:image:type\" content=\"image\/png\" \/>\n<meta name=\"author\" content=\"Daniely Cardoso\" \/>\n<meta name=\"twitter:card\" content=\"summary_large_image\" \/>\n<meta name=\"twitter:label1\" content=\"Escrito por\" \/>\n\t<meta name=\"twitter:data1\" content=\"Daniely Cardoso\" \/>\n\t<meta name=\"twitter:label2\" content=\"Est. tempo de leitura\" \/>\n\t<meta name=\"twitter:data2\" content=\"4 minutos\" \/>\n<!-- \/ Yoast SEO plugin. -->","yoast_head_json":{"title":"O erro de maquiagem que envelhece e como corrigir - Estado de Minas - Em foco","description":"Pare de usar base pesada e entenda como a hidrata\u00e7\u00e3o correta impede que a maquiagem marque suas rugas e envelhe\u00e7a seu rosto","robots":{"index":"index","follow":"follow","max-snippet":"max-snippet:-1","max-image-preview":"max-image-preview:large","max-video-preview":"max-video-preview:-1"},"canonical":"https:\/\/www.em.com.br\/emfoco\/2026\/03\/12\/o-erro-de-maquiagem-que-envelhece-e-como-corrigir\/","og_locale":"pt_BR","og_type":"article","og_title":"O erro de maquiagem que envelhece e como corrigir - Estado de Minas - Em foco","og_description":"Pare de usar base pesada e entenda como a hidrata\u00e7\u00e3o correta impede que a maquiagem marque suas rugas e envelhe\u00e7a seu rosto","og_url":"https:\/\/www.em.com.br\/emfoco\/2026\/03\/12\/o-erro-de-maquiagem-que-envelhece-e-como-corrigir\/","og_site_name":"Estado de Minas - Em foco","article_published_time":"2026-03-12T17:25:36+00:00","article_modified_time":"2026-03-11T17:58:39+00:00","og_image":[{"width":1280,"height":720,"url":"https:\/\/www.em.com.br\/emfoco\/wp-content\/uploads\/2026\/03\/Gemini_Generated_Image_enixkfenixkfenix-1.png","type":"image\/png"}],"author":"Daniely Cardoso","twitter_card":"summary_large_image","twitter_misc":{"Escrito por":"Daniely Cardoso","Est. tempo de leitura":"4 minutos"},"schema":{"@context":"https:\/\/schema.org","@graph":[{"@type":"WebPage","@id":"https:\/\/www.em.com.br\/emfoco\/2026\/03\/12\/o-erro-de-maquiagem-que-envelhece-e-como-corrigir\/","url":"https:\/\/www.em.com.br\/emfoco\/2026\/03\/12\/o-erro-de-maquiagem-que-envelhece-e-como-corrigir\/","name":"O erro de maquiagem que envelhece e como corrigir - Estado de Minas - Em foco","isPartOf":{"@id":"https:\/\/www.em.com.br\/emfoco\/#website"},"primaryImageOfPage":{"@id":"https:\/\/www.em.com.br\/emfoco\/2026\/03\/12\/o-erro-de-maquiagem-que-envelhece-e-como-corrigir\/#primaryimage"},"image":{"@id":"https:\/\/www.em.com.br\/emfoco\/2026\/03\/12\/o-erro-de-maquiagem-que-envelhece-e-como-corrigir\/#primaryimage"},"thumbnailUrl":"https:\/\/www.em.com.br\/emfoco\/wp-content\/uploads\/2026\/03\/Gemini_Generated_Image_enixkfenixkfenix-1.png","datePublished":"2026-03-12T17:25:36+00:00","dateModified":"2026-03-11T17:58:39+00:00","author":{"@id":"https:\/\/www.em.com.br\/emfoco\/#\/schema\/person\/0a8186d72f2c3a5c6276d90b41f271a0"},"description":"Pare de usar base pesada e entenda como a hidrata\u00e7\u00e3o correta impede que a maquiagem marque suas rugas e envelhe\u00e7a seu rosto","breadcrumb":{"@id":"https:\/\/www.em.com.br\/emfoco\/2026\/03\/12\/o-erro-de-maquiagem-que-envelhece-e-como-corrigir\/#breadcrumb"},"inLanguage":"pt-BR","potentialAction":[{"@type":"ReadAction","target":["https:\/\/www.em.com.br\/emfoco\/2026\/03\/12\/o-erro-de-maquiagem-que-envelhece-e-como-corrigir\/"]}]},{"@type":"ImageObject","inLanguage":"pt-BR","@id":"https:\/\/www.em.com.br\/emfoco\/2026\/03\/12\/o-erro-de-maquiagem-que-envelhece-e-como-corrigir\/#primaryimage","url":"https:\/\/www.em.com.br\/emfoco\/wp-content\/uploads\/2026\/03\/Gemini_Generated_Image_enixkfenixkfenix-1.png","contentUrl":"https:\/\/www.em.com.br\/emfoco\/wp-content\/uploads\/2026\/03\/Gemini_Generated_Image_enixkfenixkfenix-1.png","width":1280,"height":720,"caption":"Voc\u00ea j\u00e1 passou o dia inteiro no computador achando que sua pele estava segura por estar em casa"},{"@type":"BreadcrumbList","@id":"https:\/\/www.em.com.br\/emfoco\/2026\/03\/12\/o-erro-de-maquiagem-que-envelhece-e-como-corrigir\/#breadcrumb","itemListElement":[{"@type":"ListItem","position":1,"name":"In\u00edcio","item":"https:\/\/www.em.com.br\/emfoco\/"},{"@type":"ListItem","position":2,"name":"O erro de maquiagem que envelhece e como corrigir"}]},{"@type":"WebSite","@id":"https:\/\/www.em.com.br\/emfoco\/#website","url":"https:\/\/www.em.com.br\/emfoco\/","name":"Estado de Minas - Em foco","description":"Acompanhe as \u00faltimas not\u00edcias e fique bem informado sobre tudo o que acontece em Minas Gerais, Brasil e no mundo.","potentialAction":[{"@type":"SearchAction","target":{"@type":"EntryPoint","urlTemplate":"https:\/\/www.em.com.br\/emfoco\/?s={search_term_string}"},"query-input":{"@type":"PropertyValueSpecification","valueRequired":true,"valueName":"search_term_string"}}],"inLanguage":"pt-BR"},{"@type":"Person","@id":"https:\/\/www.em.com.br\/emfoco\/#\/schema\/person\/0a8186d72f2c3a5c6276d90b41f271a0","name":"Daniely Cardoso","image":{"@type":"ImageObject","inLanguage":"pt-BR","@id":"https:\/\/www.em.com.br\/emfoco\/#\/schema\/person\/image\/","url":"https:\/\/secure.gravatar.com\/avatar\/4b80ddbd124d1f071b626d52d62e5dff?s=96&d=mm&r=g","contentUrl":"https:\/\/secure.gravatar.com\/avatar\/4b80ddbd124d1f071b626d52d62e5dff?s=96&d=mm&r=g","caption":"Daniely Cardoso"},"url":"https:\/\/www.em.com.br\/emfoco\/author\/danielymyth\/"}]}},"_links":{"self":[{"href":"https:\/\/www.em.com.br\/emfoco\/wp-json\/wp\/v2\/posts\/180242","targetHints":{"allow":["GET"]}}],"collection":[{"href":"https:\/\/www.em.com.br\/emfoco\/wp-json\/wp\/v2\/posts"}],"about":[{"href":"https:\/\/www.em.com.br\/emfoco\/wp-json\/wp\/v2\/types\/post"}],"author":[{"embeddable":true,"href":"https:\/\/www.em.com.br\/emfoco\/wp-json\/wp\/v2\/users\/9"}],"replies":[{"embeddable":true,"href":"https:\/\/www.em.com.br\/emfoco\/wp-json\/wp\/v2\/comments?post=180242"}],"version-history":[{"count":2,"href":"https:\/\/www.em.com.br\/emfoco\/wp-json\/wp\/v2\/posts\/180242\/revisions"}],"predecessor-version":[{"id":180262,"href":"https:\/\/www.em.com.br\/emfoco\/wp-json\/wp\/v2\/posts\/180242\/revisions\/180262"}],"wp:featuredmedia":[{"embeddable":true,"href":"https:\/\/www.em.com.br\/emfoco\/wp-json\/wp\/v2\/media\/180261"}],"wp:attachment":[{"href":"https:\/\/www.em.com.br\/emfoco\/wp-json\/wp\/v2\/media?parent=180242"}],"wp:term":[{"taxonomy":"category","embeddable":true,"href":"https:\/\/www.em.com.br\/emfoco\/wp-json\/wp\/v2\/categories?post=180242"},{"taxonomy":"post_tag","embeddable":true,"href":"https:\/\/www.em.com.br\/emfoco\/wp-json\/wp\/v2\/tags?post=180242"}],"curies":[{"name":"wp","href":"https:\/\/api.w.org\/{rel}","templated":true}]}}