{"id":180228,"date":"2026-03-11T19:55:00","date_gmt":"2026-03-11T22:55:00","guid":{"rendered":"https:\/\/www.em.com.br\/emfoco\/?p=180228"},"modified":"2026-03-11T14:39:23","modified_gmt":"2026-03-11T17:39:23","slug":"adeus-cozinhas-fechadas-ambientes-amplos-e-abertos-sao-a-nova-tendencia","status":"publish","type":"post","link":"https:\/\/www.em.com.br\/emfoco\/2026\/03\/11\/adeus-cozinhas-fechadas-ambientes-amplos-e-abertos-sao-a-nova-tendencia\/","title":{"rendered":"Adeus cozinhas fechadas! Ambientes amplos e abertos s\u00e3o a nova tend\u00eancia"},"content":{"rendered":"\n<p>A <strong>cozinha deixou de ser apenas um espa\u00e7o funcional<\/strong> da casa e passou a ocupar um papel central na conviv\u00eancia familiar e na decora\u00e7\u00e3o dos ambientes. Nos projetos contempor\u00e2neos, a <strong>cozinha aberta surge como uma forte tend\u00eancia<\/strong>, substituindo a tradicional cozinha fechada e criando ambientes mais amplos, iluminados e integrados. Essa mudan\u00e7a transforma a forma como as pessoas utilizam a casa, valorizando a intera\u00e7\u00e3o e a <strong>sensa\u00e7\u00e3o de amplitude<\/strong>.<\/p>\n\n\n\n<h2 class=\"wp-block-heading\">Por que a cozinha aberta se tornou tend\u00eancia nas casas modernas?<\/h2>\n\n\n\n<p>A <strong>integra\u00e7\u00e3o entre cozinha, sala de estar e sala de jantar<\/strong> se tornou um dos conceitos mais valorizados nos projetos atuais. Ao eliminar paredes e barreiras visuais, os ambientes ganham fluidez, permitindo que o espa\u00e7o seja utilizado de forma mais din\u00e2mica e confort\u00e1vel no dia a dia.<\/p>\n\n\n\n<p>Al\u00e9m de melhorar a circula\u00e7\u00e3o e ampliar visualmente os ambientes, a <strong>cozinha aberta tamb\u00e9m valoriza a ilumina\u00e7\u00e3o natural<\/strong> e cria um espa\u00e7o mais convidativo para receber amigos e familiares. Essa transforma\u00e7\u00e3o acompanha o <strong><a href=\"https:\/\/www.em.com.br\/emfoco\/2025\/07\/24\/o-novo-estilo-de-vida-saudavel-que-comeca-as-21h-e-pode-ser-o-melhor-habito-para-sua-saude\/\" target=\"_blank\" rel=\"noreferrer noopener\">estilo de vida<\/a> moderno<\/strong>, que prioriza conviv\u00eancia e praticidade.<\/p>\n\n\n\n<h2 class=\"wp-block-heading\">Quais s\u00e3o as principais vantagens da cozinha integrada?<\/h2>\n\n\n\n<p>Ao optar por <strong>ambientes integrados<\/strong>, a casa ganha um novo conceito de organiza\u00e7\u00e3o e funcionalidade. A <a href=\"https:\/\/pt.wikipedia.org\/wiki\/Cozinha\" target=\"_blank\" rel=\"noreferrer noopener\"><strong>cozinha <\/strong><\/a>aberta favorece a intera\u00e7\u00e3o entre moradores e convidados, tornando o preparo das refei\u00e7\u00f5es um momento mais social e agrad\u00e1vel.<\/p>\n\n\n\n<p>Entre os principais benef\u00edcios desse modelo de cozinha, alguns pontos se destacam pela <strong>praticidade e impacto visual positivo<\/strong> no ambiente:<\/p>\n\n\n\n<ul class=\"wp-block-list\">\n<li><strong>Sensa\u00e7\u00e3o de amplitude<\/strong>, ideal para casas e apartamentos menores<\/li>\n\n\n\n<li><strong>Maior integra\u00e7\u00e3o entre os moradores<\/strong> durante as atividades do dia a dia<\/li>\n\n\n\n<li><strong>Melhor aproveitamento da ilumina\u00e7\u00e3o natural<\/strong><\/li>\n\n\n\n<li><strong>Ambiente mais moderno e valorizado esteticamente<\/strong><\/li>\n\n\n\n<li><strong>Facilidade para receber visitas<\/strong> enquanto prepara refei\u00e7\u00f5es<\/li>\n<\/ul>\n\n\n\n<figure class=\"wp-block-image size-large\"><img loading=\"lazy\" decoding=\"async\" width=\"1024\" height=\"576\" src=\"https:\/\/www.em.com.br\/emfoco\/wp-content\/uploads\/2026\/03\/X-2026-03-11T143637.708-1024x576.jpg\" alt=\"Adeus cozinhas fechadas! Ambientes amplos e abertos s\u00e3o a nova tend\u00eancia\" class=\"wp-image-180234\" srcset=\"https:\/\/www.em.com.br\/emfoco\/wp-content\/uploads\/2026\/03\/X-2026-03-11T143637.708-1024x576.jpg 1024w, https:\/\/www.em.com.br\/emfoco\/wp-content\/uploads\/2026\/03\/X-2026-03-11T143637.708-300x169.jpg 300w, https:\/\/www.em.com.br\/emfoco\/wp-content\/uploads\/2026\/03\/X-2026-03-11T143637.708-768x432.jpg 768w, https:\/\/www.em.com.br\/emfoco\/wp-content\/uploads\/2026\/03\/X-2026-03-11T143637.708-1536x864.jpg 1536w, https:\/\/www.em.com.br\/emfoco\/wp-content\/uploads\/2026\/03\/X-2026-03-11T143637.708-2048x1152.jpg 2048w, https:\/\/www.em.com.br\/emfoco\/wp-content\/uploads\/2026\/03\/X-2026-03-11T143637.708-750x422.jpg 750w, https:\/\/www.em.com.br\/emfoco\/wp-content\/uploads\/2026\/03\/X-2026-03-11T143637.708-1140x641.jpg 1140w\" sizes=\"auto, (max-width: 1024px) 100vw, 1024px\" \/><figcaption class=\"wp-element-caption\">Ambientes integrados aumentam a sensa\u00e7\u00e3o de amplitude na casa<\/figcaption><\/figure>\n\n\n\n<h2 class=\"wp-block-heading\">Como planejar uma cozinha aberta funcional e elegante?<\/h2>\n\n\n\n<p>Apesar de oferecer muitas vantagens, a cozinha aberta exige <strong>planejamento cuidadoso<\/strong> para manter a organiza\u00e7\u00e3o e o equil\u00edbrio visual da casa. O layout precisa ser pensado para garantir <strong>praticidade, circula\u00e7\u00e3o adequada e harmonia<\/strong> com os demais ambientes.<\/p>\n\n\n\n<p>Elementos como <strong>bancadas, ilhas centrais e arm\u00e1rios planejados<\/strong> ajudam a delimitar os espa\u00e7os sem a necessidade de paredes. Al\u00e9m disso, escolher <strong>eletrodom\u00e9sticos silenciosos e um bom sistema de exaust\u00e3o<\/strong> contribui para manter conforto e bem-estar no ambiente integrado.<\/p>\n\n\n\n<h2 class=\"wp-block-heading\">Quais cuidados ajudam a manter a cozinha aberta sempre organizada?<\/h2>\n\n\n\n<p>Como esse tipo de cozinha fica vis\u00edvel para outros ambientes da casa, <strong>manter a organiza\u00e7\u00e3o se torna ainda mais importante<\/strong>. Pequenos cuidados no dia a dia fazem toda a diferen\u00e7a para preservar a est\u00e9tica e a funcionalidade do espa\u00e7o.<\/p>\n\n\n\n<p>Algumas estrat\u00e9gias simples ajudam a manter a <strong>cozinha integrada sempre agrad\u00e1vel e harmoniosa<\/strong>:<\/p>\n\n\n\n<ul class=\"wp-block-list\">\n<li><strong>Utilizar arm\u00e1rios planejados<\/strong> para otimizar o armazenamento<\/li>\n\n\n\n<li><strong>Evitar ac\u00famulo de utens\u00edlios<\/strong> sobre as bancadas<\/li>\n\n\n\n<li><strong>Manter uma rotina de limpeza<\/strong> ap\u00f3s o preparo das refei\u00e7\u00f5es<\/li>\n\n\n\n<li><strong>Escolher cores e materiais que combinem com a sala<\/strong><\/li>\n\n\n\n<li><strong>Investir em ilumina\u00e7\u00e3o que valorize todo o ambiente<\/strong><\/li>\n<\/ul>\n\n\n\n<h2 class=\"wp-block-heading\">A cozinha fechada ainda pode ser uma boa escolha?<\/h2>\n\n\n\n<p>Mesmo com o crescimento das cozinhas abertas, o <strong>modelo de cozinha fechada<\/strong> ainda pode funcionar bem em alguns projetos. Casas maiores ou fam\u00edlias que cozinham com frequ\u00eancia podem preferir um <strong>espa\u00e7o mais reservado<\/strong> para evitar ru\u00eddos e odores nos demais ambientes.<\/p>\n\n\n\n<p>O mais importante \u00e9 que o projeto seja pensado de acordo com o <strong>estilo de vida dos moradores<\/strong>. Enquanto alguns valorizam integra\u00e7\u00e3o e conviv\u00eancia constante, outros preferem <strong>ambientes separados que garantam mais privacidade e organiza\u00e7\u00e3o<\/strong>.<\/p>\n","protected":false},"excerpt":{"rendered":"<p>A cozinha deixou de ser apenas um espa\u00e7o funcional da casa e passou a ocupar um papel central na conviv\u00eancia familiar e na decora\u00e7\u00e3o dos ambientes. Nos projetos contempor\u00e2neos, a cozinha aberta surge como uma forte tend\u00eancia, substituindo a tradicional cozinha fechada e criando ambientes mais amplos, iluminados e integrados. Essa mudan\u00e7a transforma a forma [&hellip;]<\/p>\n","protected":false},"author":28,"featured_media":180235,"comment_status":"open","ping_status":"open","sticky":false,"template":"","format":"standard","meta":{"jnews-multi-image_gallery":[],"jnews_single_post":{"format":"standard"},"jnews_primary_category":[],"jnews_social_meta":[],"jnews_override_counter":[],"footnotes":""},"categories":[8819],"tags":[26013,17915,10967,13903],"class_list":["post-180228","post","type-post","status-publish","format-standard","has-post-thumbnail","hentry","category-curiosidades","tag-cozinha-aberta","tag-cozinha-integrada","tag-cozinha-moderna","tag-design-de-interiores"],"yoast_head":"<!-- This site is optimized with the Yoast SEO plugin v23.8 - https:\/\/yoast.com\/wordpress\/plugins\/seo\/ -->\n<title>Adeus cozinhas fechadas! Ambientes amplos e abertos s\u00e3o a nova tend\u00eancia - Estado de Minas - Em foco<\/title>\n<meta name=\"description\" content=\"A cozinha aberta se tornou uma forte tend\u00eancia nos projetos residenciais modernos. Ao integrar ambientes, ganha-se mais amplitude.\" \/>\n<meta name=\"robots\" content=\"index, follow, max-snippet:-1, max-image-preview:large, max-video-preview:-1\" \/>\n<link rel=\"canonical\" href=\"https:\/\/www.em.com.br\/emfoco\/2026\/03\/11\/adeus-cozinhas-fechadas-ambientes-amplos-e-abertos-sao-a-nova-tendencia\/\" \/>\n<meta property=\"og:locale\" content=\"pt_BR\" \/>\n<meta property=\"og:type\" content=\"article\" \/>\n<meta property=\"og:title\" content=\"Adeus cozinhas fechadas! Ambientes amplos e abertos s\u00e3o a nova tend\u00eancia - Estado de Minas - Em foco\" \/>\n<meta property=\"og:description\" content=\"A cozinha aberta se tornou uma forte tend\u00eancia nos projetos residenciais modernos. Ao integrar ambientes, ganha-se mais amplitude.\" \/>\n<meta property=\"og:url\" content=\"https:\/\/www.em.com.br\/emfoco\/2026\/03\/11\/adeus-cozinhas-fechadas-ambientes-amplos-e-abertos-sao-a-nova-tendencia\/\" \/>\n<meta property=\"og:site_name\" content=\"Estado de Minas - Em foco\" \/>\n<meta property=\"article:published_time\" content=\"2026-03-11T22:55:00+00:00\" \/>\n<meta property=\"article:modified_time\" content=\"2026-03-11T17:39:23+00:00\" \/>\n<meta property=\"og:image\" content=\"https:\/\/www.em.com.br\/emfoco\/wp-content\/uploads\/2026\/03\/X-2026-03-11T143620.310.jpg\" \/>\n\t<meta property=\"og:image:width\" content=\"2560\" \/>\n\t<meta property=\"og:image:height\" content=\"1440\" \/>\n\t<meta property=\"og:image:type\" content=\"image\/jpeg\" \/>\n<meta name=\"author\" content=\"Elis Gabrielle Santos Souza\" \/>\n<meta name=\"twitter:card\" content=\"summary_large_image\" \/>\n<meta name=\"twitter:label1\" content=\"Escrito por\" \/>\n\t<meta name=\"twitter:data1\" content=\"Elis Gabrielle Santos Souza\" \/>\n\t<meta name=\"twitter:label2\" content=\"Est. tempo de leitura\" \/>\n\t<meta name=\"twitter:data2\" content=\"4 minutos\" \/>\n<!-- \/ Yoast SEO plugin. -->","yoast_head_json":{"title":"Adeus cozinhas fechadas! Ambientes amplos e abertos s\u00e3o a nova tend\u00eancia - Estado de Minas - Em foco","description":"A cozinha aberta se tornou uma forte tend\u00eancia nos projetos residenciais modernos. Ao integrar ambientes, ganha-se mais amplitude.","robots":{"index":"index","follow":"follow","max-snippet":"max-snippet:-1","max-image-preview":"max-image-preview:large","max-video-preview":"max-video-preview:-1"},"canonical":"https:\/\/www.em.com.br\/emfoco\/2026\/03\/11\/adeus-cozinhas-fechadas-ambientes-amplos-e-abertos-sao-a-nova-tendencia\/","og_locale":"pt_BR","og_type":"article","og_title":"Adeus cozinhas fechadas! Ambientes amplos e abertos s\u00e3o a nova tend\u00eancia - Estado de Minas - Em foco","og_description":"A cozinha aberta se tornou uma forte tend\u00eancia nos projetos residenciais modernos. Ao integrar ambientes, ganha-se mais amplitude.","og_url":"https:\/\/www.em.com.br\/emfoco\/2026\/03\/11\/adeus-cozinhas-fechadas-ambientes-amplos-e-abertos-sao-a-nova-tendencia\/","og_site_name":"Estado de Minas - Em foco","article_published_time":"2026-03-11T22:55:00+00:00","article_modified_time":"2026-03-11T17:39:23+00:00","og_image":[{"width":2560,"height":1440,"url":"https:\/\/www.em.com.br\/emfoco\/wp-content\/uploads\/2026\/03\/X-2026-03-11T143620.310.jpg","type":"image\/jpeg"}],"author":"Elis Gabrielle Santos Souza","twitter_card":"summary_large_image","twitter_misc":{"Escrito por":"Elis Gabrielle Santos Souza","Est. tempo de leitura":"4 minutos"},"schema":{"@context":"https:\/\/schema.org","@graph":[{"@type":"WebPage","@id":"https:\/\/www.em.com.br\/emfoco\/2026\/03\/11\/adeus-cozinhas-fechadas-ambientes-amplos-e-abertos-sao-a-nova-tendencia\/","url":"https:\/\/www.em.com.br\/emfoco\/2026\/03\/11\/adeus-cozinhas-fechadas-ambientes-amplos-e-abertos-sao-a-nova-tendencia\/","name":"Adeus cozinhas fechadas! Ambientes amplos e abertos s\u00e3o a nova tend\u00eancia - Estado de Minas - Em foco","isPartOf":{"@id":"https:\/\/www.em.com.br\/emfoco\/#website"},"primaryImageOfPage":{"@id":"https:\/\/www.em.com.br\/emfoco\/2026\/03\/11\/adeus-cozinhas-fechadas-ambientes-amplos-e-abertos-sao-a-nova-tendencia\/#primaryimage"},"image":{"@id":"https:\/\/www.em.com.br\/emfoco\/2026\/03\/11\/adeus-cozinhas-fechadas-ambientes-amplos-e-abertos-sao-a-nova-tendencia\/#primaryimage"},"thumbnailUrl":"https:\/\/www.em.com.br\/emfoco\/wp-content\/uploads\/2026\/03\/X-2026-03-11T143620.310.jpg","datePublished":"2026-03-11T22:55:00+00:00","dateModified":"2026-03-11T17:39:23+00:00","author":{"@id":"https:\/\/www.em.com.br\/emfoco\/#\/schema\/person\/0c545bffa944f9caa147d776b5f6f1f5"},"description":"A cozinha aberta se tornou uma forte tend\u00eancia nos projetos residenciais modernos. Ao integrar ambientes, ganha-se mais amplitude.","breadcrumb":{"@id":"https:\/\/www.em.com.br\/emfoco\/2026\/03\/11\/adeus-cozinhas-fechadas-ambientes-amplos-e-abertos-sao-a-nova-tendencia\/#breadcrumb"},"inLanguage":"pt-BR","potentialAction":[{"@type":"ReadAction","target":["https:\/\/www.em.com.br\/emfoco\/2026\/03\/11\/adeus-cozinhas-fechadas-ambientes-amplos-e-abertos-sao-a-nova-tendencia\/"]}]},{"@type":"ImageObject","inLanguage":"pt-BR","@id":"https:\/\/www.em.com.br\/emfoco\/2026\/03\/11\/adeus-cozinhas-fechadas-ambientes-amplos-e-abertos-sao-a-nova-tendencia\/#primaryimage","url":"https:\/\/www.em.com.br\/emfoco\/wp-content\/uploads\/2026\/03\/X-2026-03-11T143620.310.jpg","contentUrl":"https:\/\/www.em.com.br\/emfoco\/wp-content\/uploads\/2026\/03\/X-2026-03-11T143620.310.jpg","width":2560,"height":1440,"caption":"A cozinha aberta integra sala de estar e jantar em um \u00fanico ambiente"},{"@type":"BreadcrumbList","@id":"https:\/\/www.em.com.br\/emfoco\/2026\/03\/11\/adeus-cozinhas-fechadas-ambientes-amplos-e-abertos-sao-a-nova-tendencia\/#breadcrumb","itemListElement":[{"@type":"ListItem","position":1,"name":"In\u00edcio","item":"https:\/\/www.em.com.br\/emfoco\/"},{"@type":"ListItem","position":2,"name":"Adeus cozinhas fechadas! Ambientes amplos e abertos s\u00e3o a nova tend\u00eancia"}]},{"@type":"WebSite","@id":"https:\/\/www.em.com.br\/emfoco\/#website","url":"https:\/\/www.em.com.br\/emfoco\/","name":"Estado de Minas - Em foco","description":"Acompanhe as \u00faltimas not\u00edcias e fique bem informado sobre tudo o que acontece em Minas Gerais, Brasil e no mundo.","potentialAction":[{"@type":"SearchAction","target":{"@type":"EntryPoint","urlTemplate":"https:\/\/www.em.com.br\/emfoco\/?s={search_term_string}"},"query-input":{"@type":"PropertyValueSpecification","valueRequired":true,"valueName":"search_term_string"}}],"inLanguage":"pt-BR"},{"@type":"Person","@id":"https:\/\/www.em.com.br\/emfoco\/#\/schema\/person\/0c545bffa944f9caa147d776b5f6f1f5","name":"Elis Gabrielle Santos Souza","image":{"@type":"ImageObject","inLanguage":"pt-BR","@id":"https:\/\/www.em.com.br\/emfoco\/#\/schema\/person\/image\/","url":"https:\/\/secure.gravatar.com\/avatar\/1dc86c254cebb74d9c8a14da612c52db?s=96&d=mm&r=g","contentUrl":"https:\/\/secure.gravatar.com\/avatar\/1dc86c254cebb74d9c8a14da612c52db?s=96&d=mm&r=g","caption":"Elis Gabrielle Santos Souza"},"sameAs":["https:\/\/www.em.com.br\/emfoco"],"url":"https:\/\/www.em.com.br\/emfoco\/author\/elis-myth\/"}]}},"_links":{"self":[{"href":"https:\/\/www.em.com.br\/emfoco\/wp-json\/wp\/v2\/posts\/180228","targetHints":{"allow":["GET"]}}],"collection":[{"href":"https:\/\/www.em.com.br\/emfoco\/wp-json\/wp\/v2\/posts"}],"about":[{"href":"https:\/\/www.em.com.br\/emfoco\/wp-json\/wp\/v2\/types\/post"}],"author":[{"embeddable":true,"href":"https:\/\/www.em.com.br\/emfoco\/wp-json\/wp\/v2\/users\/28"}],"replies":[{"embeddable":true,"href":"https:\/\/www.em.com.br\/emfoco\/wp-json\/wp\/v2\/comments?post=180228"}],"version-history":[{"count":1,"href":"https:\/\/www.em.com.br\/emfoco\/wp-json\/wp\/v2\/posts\/180228\/revisions"}],"predecessor-version":[{"id":180238,"href":"https:\/\/www.em.com.br\/emfoco\/wp-json\/wp\/v2\/posts\/180228\/revisions\/180238"}],"wp:featuredmedia":[{"embeddable":true,"href":"https:\/\/www.em.com.br\/emfoco\/wp-json\/wp\/v2\/media\/180235"}],"wp:attachment":[{"href":"https:\/\/www.em.com.br\/emfoco\/wp-json\/wp\/v2\/media?parent=180228"}],"wp:term":[{"taxonomy":"category","embeddable":true,"href":"https:\/\/www.em.com.br\/emfoco\/wp-json\/wp\/v2\/categories?post=180228"},{"taxonomy":"post_tag","embeddable":true,"href":"https:\/\/www.em.com.br\/emfoco\/wp-json\/wp\/v2\/tags?post=180228"}],"curies":[{"name":"wp","href":"https:\/\/api.w.org\/{rel}","templated":true}]}}