{"id":180218,"date":"2026-03-12T13:15:20","date_gmt":"2026-03-12T16:15:20","guid":{"rendered":"https:\/\/www.em.com.br\/emfoco\/?p=180218"},"modified":"2026-03-11T14:43:43","modified_gmt":"2026-03-11T17:43:43","slug":"o-formato-de-sobrancelha-que-ajuda-a-levantar-o-olhar-apos-os-55","status":"publish","type":"post","link":"https:\/\/www.em.com.br\/emfoco\/2026\/03\/12\/o-formato-de-sobrancelha-que-ajuda-a-levantar-o-olhar-apos-os-55\/","title":{"rendered":"O formato de sobrancelha que ajuda a levantar o olhar ap\u00f3s os 55"},"content":{"rendered":"\n<p>Voc\u00ea j\u00e1 se olhou no espelho, depois dos 55 anos, e sentiu que o olhar parece mais <b>cansado<\/b> do que voc\u00ea realmente est\u00e1? Com o tempo, a pele ao redor dos olhos fica mais <b>fina<\/b>, os fios das sobrancelhas mudam e a express\u00e3o pode perder um pouco da <b>leveza<\/b> e da vitalidade. A boa not\u00edcia \u00e9 que, ajustando o <strong>formato de sobrancelha<\/strong>, \u00e9 poss\u00edvel levantar o olhar de forma sutil e natural, sem depender de procedimentos invasivos ou mudan\u00e7as radicais.<\/p>\n\n\n\n<h2 class=\"wp-block-heading\">Qual formato de sobrancelha ajuda a levantar o olhar ap\u00f3s os 55<\/h2>\n\n\n\n<p>Nessa fase da vida, o desenho das sobrancelhas deixa de ser s\u00f3 uma quest\u00e3o de <b>moda<\/b> e passa a ser um aliado para valorizar o rosto, suavizar a express\u00e3o e respeitar sua beleza <b>natural<\/b>. Profissionais costumam observar a densidade dos pelos, a queda da p\u00e1lpebra, o formato dos olhos e at\u00e9 o estilo de maquiagem do dia a dia para chegar a um resultado <b>harmonioso<\/b>.<\/p>\n\n\n\n<p>O formato mais associado ao efeito de \u201clevantamento\u201d do olhar \u00e9 o arco levemente arqueado, com cauda discreta e bem <b>alinhada<\/b>, que cria sensa\u00e7\u00e3o de amplitude sem pesar a express\u00e3o. Ao contr\u00e1rio de sobrancelhas muito finas ou muito anguladas, um <strong>formato arqueado suave<\/strong>, com espessura moderada e cauda sutilmente elevada, ajuda a alongar o olhar e a deixar o rosto mais <b>equilibrado<\/b>.&nbsp;<\/p>\n\n\n\n<figure class=\"wp-block-embed is-type-rich is-provider-pinterest wp-block-embed-pinterest\"><div class=\"wp-block-embed__wrapper\">\n<iframe loading=\"lazy\" title=\"Uma das formas de preencher as sobrancelhas \u00e9 com o l\u00e1pis. \u00c9 f\u00e1cil de usar e o seu formato permite que voc\u00ea consiga preencher e corrigir falhas. Com a ajuda de uma escova de maquiagem para sobrancelha, penteie os fios at\u00e9 atingir um resultado natural.  @carolmamprin  #belezanatural #maquiagem #maquiando #makeup #cosmeticos #hidrata\u00e7\u00e3o #batom #blush #base #corretivo #lapis #gloss #delineador #cuidadoscomapele #pelesaudavel #cabelosaudaveis\" src=\"https:\/\/assets.pinterest.com\/ext\/embed.html?id=14988611255068427&#038;src=oembed\" height=\"899\" width=\"450\" frameborder=\"0\" scrolling=\"no\" ><\/iframe>\n<\/div><\/figure>\n\n\n\n<p>Leia tamb\u00e9m:&nbsp;<a href=\"https:\/\/www.em.com.br\/emfoco\/2026\/03\/10\/nem-escova-nem-babyliss-como-conquistar-um-visual-de-salao-todos-os-dias-sem-calor\/\" target=\"_blank\" rel=\"noopener\">Nem escova, nem babyliss como conquistar um visual de sal\u00e3o todos os dias sem calor<\/a><\/p>\n\n\n\n<h2 class=\"wp-block-heading\">Quais s\u00e3o os principais formatos de sobrancelha para real\u00e7ar o olhar maduro<\/h2>\n\n\n\n<p>Embora cada rosto tenha suas particularidades, alguns estilos de <strong>sobrancelha para levantar o olhar<\/strong> costumam funcionar muito bem em quem j\u00e1 passou dos 55 anos. O objetivo n\u00e3o \u00e9 seguir regras r\u00edgidas, mas entender como o desenho certo pode deixar sua express\u00e3o mais <b>suave<\/b> e seu olhar mais <b>aberto<\/b>.<\/p>\n\n\n\n<p>Para facilitar a escolha e visualizar o que combina melhor com voc\u00ea, veja alguns formatos que costumam favorecer o rosto maduro e ajudam a criar um efeito de lifting <b>visual<\/b>:<\/p>\n\n\n\n<ul class=\"wp-block-list\">\n<li><strong>Arqueada suave:<\/strong> cria um ponto de <b>luz<\/b> natural sobre os olhos, ajudando a disfar\u00e7ar p\u00e1lpebras levemente ca\u00eddas e suavizar a <b>express\u00e3o<\/b>.<\/li>\n\n\n\n<li><strong>Reta com leve eleva\u00e7\u00e3o na cauda:<\/strong> indicada para quem tem olhos fundos ou p\u00e1lpebras mais marcadas, pois alonga horizontalmente o <b>olhar<\/b> e garante um efeito mais <b>discreto<\/b>.<\/li>\n\n\n\n<li><strong>Formato levemente angulado:<\/strong> d\u00e1 <b>defini\u00e7\u00e3o<\/b> sem endurecer demais o rosto, desde que o \u00e2ngulo seja delicado e bem <b>distribu\u00eddo<\/b>.<\/li>\n\n\n\n<li><strong>Natural preenchida:<\/strong> respeita o desenho original, corrige falhas que \u201cpuxam\u201d o olhar para baixo e traz sensa\u00e7\u00e3o de sobrancelha mais <b>cheia<\/b> e <b>uniforme<\/b>.<\/li>\n<\/ul>\n\n\n\n<p>Para voc\u00ea que gosta de se cuidar, separamos um v\u00eddeo do canal da <a href=\"https:\/\/www.youtube.com\/@natashalopesmakeup\" target=\"_blank\" rel=\"noreferrer noopener\">Natasha Lopes <\/a>com dicas para fazer suas sobrancelhas:<\/p>\n\n\n\n<figure class=\"wp-block-embed is-type-video is-provider-youtube wp-block-embed-youtube wp-embed-aspect-16-9 wp-has-aspect-ratio\"><div class=\"wp-block-embed__wrapper\">\n<div class=\"jeg_video_container jeg_video_content\"><iframe loading=\"lazy\" title=\"O QUE SUAS SOBRANCELHAS DIZEM SOBRE VOC\u00ca| Existe formato ideal de sobrancelhas?\" width=\"500\" height=\"281\" src=\"https:\/\/www.youtube.com\/embed\/lmWSt3wpPac?feature=oembed\" frameborder=\"0\" allow=\"accelerometer; autoplay; clipboard-write; encrypted-media; gyroscope; picture-in-picture; web-share\" referrerpolicy=\"strict-origin-when-cross-origin\" allowfullscreen><\/iframe><\/div>\n<\/div><\/figure>\n\n\n\n<h2 class=\"wp-block-heading\">Como escolher o melhor formato de sobrancelha depois dos 55<\/h2>\n\n\n\n<p>Para definir o <strong>melhor formato de sobrancelha<\/strong> ap\u00f3s os 55 anos, o ideal \u00e9 come\u00e7ar com uma boa observa\u00e7\u00e3o no espelho ou com a ajuda de um profissional de confian\u00e7a. \u00c9 importante considerar se a p\u00e1lpebra est\u00e1 mais <b>fl\u00e1cida<\/b>, se existe diferen\u00e7a entre um lado e outro e como a sobrancelha se encaixa no conjunto do seu <b>rosto<\/b> e da sua express\u00e3o.<\/p>\n\n\n\n<p>Normalmente, avalia-se o formato do rosto (redondo, oval, quadrado ou alongado), a dire\u00e7\u00e3o natural dos fios e se a cauda est\u00e1 muito baixa, o que pode deixar a express\u00e3o mais <b>cansada<\/b>. Ajustar o ponto alto do arco de forma moderada, manter uma largura m\u00e9dia e limpar apenas os pelos que fogem muito do desenho ajuda a criar um efeito de lifting <b>discreto<\/b> e elegante. Em alguns casos, produtos espec\u00edficos como l\u00e1pis macios ou sombras pr\u00f3prias para sobrancelhas podem complementar esse <b>ajuste<\/b> de maneira sutil.<\/p>\n\n\n\n<figure class=\"wp-block-embed is-type-rich is-provider-pinterest wp-block-embed-pinterest\"><div class=\"wp-block-embed__wrapper\">\n<iframe loading=\"lazy\" title=\"Voc\u00ea sabe qual \u00e9 o formato de sobrancelha ideal para o seu rosto? Aprenda a descobrir e a entender o formato natural de cada sobrancelha.\" src=\"https:\/\/assets.pinterest.com\/ext\/embed.html?id=4714774603615206&#038;src=oembed\" height=\"634\" width=\"450\" frameborder=\"0\" scrolling=\"no\" ><\/iframe>\n<\/div><\/figure>\n\n\n\n<h2 class=\"wp-block-heading\">Quais cuidados di\u00e1rios mant\u00eam o olhar levantado com o formato certo<\/h2>\n\n\n\n<p>Depois de encontrar o <strong>formato de sobrancelha ideal<\/strong>, os cuidados do dia a dia fazem toda a diferen\u00e7a para manter o olhar mais aberto e jovial. Mexer demais nos fios, principalmente na parte superior, pode distorcer o <b>desenho<\/b>, afinar demais a sobrancelha e prejudicar o efeito de olhar <b>levantado<\/b> e mais leve.<\/p>\n\n\n\n<p>Respeitar o intervalo entre as limpezas, preferir cortes suaves com tesoura e usar produtos de preenchimento em tom pr\u00f3ximo ao <b>natural<\/b> ajudam a manter o resultado bonito por mais tempo. Hidratar a regi\u00e3o e revisar o desenho periodicamente com um profissional garantem que sua sobrancelha continue <b>harmoniosa<\/b> e que seu olhar siga transmitindo todo o seu melhor em cada fase da <b>vida<\/b>.<\/p>\n","protected":false},"excerpt":{"rendered":"<p>Voc\u00ea j\u00e1 se olhou no espelho, depois dos 55 anos, e sentiu que o olhar parece mais cansado do que voc\u00ea realmente est\u00e1? Com o tempo, a pele ao redor dos olhos fica mais fina, os fios das sobrancelhas mudam e a express\u00e3o pode perder um pouco da leveza e da vitalidade. A boa not\u00edcia [&hellip;]<\/p>\n","protected":false},"author":9,"featured_media":170081,"comment_status":"open","ping_status":"open","sticky":false,"template":"","format":"standard","meta":{"jnews-multi-image_gallery":[],"jnews_single_post":{"format":"standard"},"jnews_primary_category":[],"jnews_social_meta":[],"jnews_override_counter":[],"footnotes":""},"categories":[8691,1],"tags":[22121,2616,17767],"class_list":["post-180218","post","type-post","status-publish","format-standard","has-post-thumbnail","hentry","category-bem-estar","category-noticias","tag-auto-cuidado","tag-beleza","tag-sobrancelha"],"yoast_head":"<!-- This site is optimized with the Yoast SEO plugin v23.8 - https:\/\/yoast.com\/wordpress\/plugins\/seo\/ -->\n<title>O formato de sobrancelha que ajuda a levantar o olhar ap\u00f3s os 55 - Estado de Minas - Em foco<\/title>\n<meta name=\"description\" content=\"Entenda como o formato certo da sobrancelha levanta o olhar maduro e elimina o cansa\u00e7o visual sem nenhuma pl\u00e1stica\" \/>\n<meta name=\"robots\" content=\"index, follow, max-snippet:-1, max-image-preview:large, max-video-preview:-1\" \/>\n<link rel=\"canonical\" href=\"https:\/\/www.em.com.br\/emfoco\/2026\/03\/12\/o-formato-de-sobrancelha-que-ajuda-a-levantar-o-olhar-apos-os-55\/\" \/>\n<meta property=\"og:locale\" content=\"pt_BR\" \/>\n<meta property=\"og:type\" content=\"article\" \/>\n<meta property=\"og:title\" content=\"O formato de sobrancelha que ajuda a levantar o olhar ap\u00f3s os 55 - Estado de Minas - Em foco\" \/>\n<meta property=\"og:description\" content=\"Entenda como o formato certo da sobrancelha levanta o olhar maduro e elimina o cansa\u00e7o visual sem nenhuma pl\u00e1stica\" \/>\n<meta property=\"og:url\" content=\"https:\/\/www.em.com.br\/emfoco\/2026\/03\/12\/o-formato-de-sobrancelha-que-ajuda-a-levantar-o-olhar-apos-os-55\/\" \/>\n<meta property=\"og:site_name\" content=\"Estado de Minas - Em foco\" \/>\n<meta property=\"article:published_time\" content=\"2026-03-12T16:15:20+00:00\" \/>\n<meta property=\"article:modified_time\" content=\"2026-03-11T17:43:43+00:00\" \/>\n<meta property=\"og:image\" content=\"https:\/\/www.em.com.br\/emfoco\/wp-content\/uploads\/2026\/02\/sobrancelha_1771269143557.jpg\" \/>\n\t<meta property=\"og:image:width\" content=\"1280\" \/>\n\t<meta property=\"og:image:height\" content=\"720\" \/>\n\t<meta property=\"og:image:type\" content=\"image\/jpeg\" \/>\n<meta name=\"author\" content=\"Daniely Cardoso\" \/>\n<meta name=\"twitter:card\" content=\"summary_large_image\" \/>\n<meta name=\"twitter:label1\" content=\"Escrito por\" \/>\n\t<meta name=\"twitter:data1\" content=\"Daniely Cardoso\" \/>\n\t<meta name=\"twitter:label2\" content=\"Est. tempo de leitura\" \/>\n\t<meta name=\"twitter:data2\" content=\"5 minutos\" \/>\n<!-- \/ Yoast SEO plugin. -->","yoast_head_json":{"title":"O formato de sobrancelha que ajuda a levantar o olhar ap\u00f3s os 55 - Estado de Minas - Em foco","description":"Entenda como o formato certo da sobrancelha levanta o olhar maduro e elimina o cansa\u00e7o visual sem nenhuma pl\u00e1stica","robots":{"index":"index","follow":"follow","max-snippet":"max-snippet:-1","max-image-preview":"max-image-preview:large","max-video-preview":"max-video-preview:-1"},"canonical":"https:\/\/www.em.com.br\/emfoco\/2026\/03\/12\/o-formato-de-sobrancelha-que-ajuda-a-levantar-o-olhar-apos-os-55\/","og_locale":"pt_BR","og_type":"article","og_title":"O formato de sobrancelha que ajuda a levantar o olhar ap\u00f3s os 55 - Estado de Minas - Em foco","og_description":"Entenda como o formato certo da sobrancelha levanta o olhar maduro e elimina o cansa\u00e7o visual sem nenhuma pl\u00e1stica","og_url":"https:\/\/www.em.com.br\/emfoco\/2026\/03\/12\/o-formato-de-sobrancelha-que-ajuda-a-levantar-o-olhar-apos-os-55\/","og_site_name":"Estado de Minas - Em foco","article_published_time":"2026-03-12T16:15:20+00:00","article_modified_time":"2026-03-11T17:43:43+00:00","og_image":[{"width":1280,"height":720,"url":"https:\/\/www.em.com.br\/emfoco\/wp-content\/uploads\/2026\/02\/sobrancelha_1771269143557.jpg","type":"image\/jpeg"}],"author":"Daniely Cardoso","twitter_card":"summary_large_image","twitter_misc":{"Escrito por":"Daniely Cardoso","Est. tempo de leitura":"5 minutos"},"schema":{"@context":"https:\/\/schema.org","@graph":[{"@type":"WebPage","@id":"https:\/\/www.em.com.br\/emfoco\/2026\/03\/12\/o-formato-de-sobrancelha-que-ajuda-a-levantar-o-olhar-apos-os-55\/","url":"https:\/\/www.em.com.br\/emfoco\/2026\/03\/12\/o-formato-de-sobrancelha-que-ajuda-a-levantar-o-olhar-apos-os-55\/","name":"O formato de sobrancelha que ajuda a levantar o olhar ap\u00f3s os 55 - Estado de Minas - Em foco","isPartOf":{"@id":"https:\/\/www.em.com.br\/emfoco\/#website"},"primaryImageOfPage":{"@id":"https:\/\/www.em.com.br\/emfoco\/2026\/03\/12\/o-formato-de-sobrancelha-que-ajuda-a-levantar-o-olhar-apos-os-55\/#primaryimage"},"image":{"@id":"https:\/\/www.em.com.br\/emfoco\/2026\/03\/12\/o-formato-de-sobrancelha-que-ajuda-a-levantar-o-olhar-apos-os-55\/#primaryimage"},"thumbnailUrl":"https:\/\/www.em.com.br\/emfoco\/wp-content\/uploads\/2026\/02\/sobrancelha_1771269143557.jpg","datePublished":"2026-03-12T16:15:20+00:00","dateModified":"2026-03-11T17:43:43+00:00","author":{"@id":"https:\/\/www.em.com.br\/emfoco\/#\/schema\/person\/0a8186d72f2c3a5c6276d90b41f271a0"},"description":"Entenda como o formato certo da sobrancelha levanta o olhar maduro e elimina o cansa\u00e7o visual sem nenhuma pl\u00e1stica","breadcrumb":{"@id":"https:\/\/www.em.com.br\/emfoco\/2026\/03\/12\/o-formato-de-sobrancelha-que-ajuda-a-levantar-o-olhar-apos-os-55\/#breadcrumb"},"inLanguage":"pt-BR","potentialAction":[{"@type":"ReadAction","target":["https:\/\/www.em.com.br\/emfoco\/2026\/03\/12\/o-formato-de-sobrancelha-que-ajuda-a-levantar-o-olhar-apos-os-55\/"]}]},{"@type":"ImageObject","inLanguage":"pt-BR","@id":"https:\/\/www.em.com.br\/emfoco\/2026\/03\/12\/o-formato-de-sobrancelha-que-ajuda-a-levantar-o-olhar-apos-os-55\/#primaryimage","url":"https:\/\/www.em.com.br\/emfoco\/wp-content\/uploads\/2026\/02\/sobrancelha_1771269143557.jpg","contentUrl":"https:\/\/www.em.com.br\/emfoco\/wp-content\/uploads\/2026\/02\/sobrancelha_1771269143557.jpg","width":1280,"height":720,"caption":"O formato mais associado ao efeito de \u201clevantamento\u201d do olhar \u00e9 o arco levemente arqueado, com cauda discreta e bem alinhada - Cr\u00e9ditos: depositphotos.com \/ bertys30"},{"@type":"BreadcrumbList","@id":"https:\/\/www.em.com.br\/emfoco\/2026\/03\/12\/o-formato-de-sobrancelha-que-ajuda-a-levantar-o-olhar-apos-os-55\/#breadcrumb","itemListElement":[{"@type":"ListItem","position":1,"name":"In\u00edcio","item":"https:\/\/www.em.com.br\/emfoco\/"},{"@type":"ListItem","position":2,"name":"O formato de sobrancelha que ajuda a levantar o olhar ap\u00f3s os 55"}]},{"@type":"WebSite","@id":"https:\/\/www.em.com.br\/emfoco\/#website","url":"https:\/\/www.em.com.br\/emfoco\/","name":"Estado de Minas - Em foco","description":"Acompanhe as \u00faltimas not\u00edcias e fique bem informado sobre tudo o que acontece em Minas Gerais, Brasil e no mundo.","potentialAction":[{"@type":"SearchAction","target":{"@type":"EntryPoint","urlTemplate":"https:\/\/www.em.com.br\/emfoco\/?s={search_term_string}"},"query-input":{"@type":"PropertyValueSpecification","valueRequired":true,"valueName":"search_term_string"}}],"inLanguage":"pt-BR"},{"@type":"Person","@id":"https:\/\/www.em.com.br\/emfoco\/#\/schema\/person\/0a8186d72f2c3a5c6276d90b41f271a0","name":"Daniely Cardoso","image":{"@type":"ImageObject","inLanguage":"pt-BR","@id":"https:\/\/www.em.com.br\/emfoco\/#\/schema\/person\/image\/","url":"https:\/\/secure.gravatar.com\/avatar\/4b80ddbd124d1f071b626d52d62e5dff?s=96&d=mm&r=g","contentUrl":"https:\/\/secure.gravatar.com\/avatar\/4b80ddbd124d1f071b626d52d62e5dff?s=96&d=mm&r=g","caption":"Daniely Cardoso"},"url":"https:\/\/www.em.com.br\/emfoco\/author\/danielymyth\/"}]}},"_links":{"self":[{"href":"https:\/\/www.em.com.br\/emfoco\/wp-json\/wp\/v2\/posts\/180218","targetHints":{"allow":["GET"]}}],"collection":[{"href":"https:\/\/www.em.com.br\/emfoco\/wp-json\/wp\/v2\/posts"}],"about":[{"href":"https:\/\/www.em.com.br\/emfoco\/wp-json\/wp\/v2\/types\/post"}],"author":[{"embeddable":true,"href":"https:\/\/www.em.com.br\/emfoco\/wp-json\/wp\/v2\/users\/9"}],"replies":[{"embeddable":true,"href":"https:\/\/www.em.com.br\/emfoco\/wp-json\/wp\/v2\/comments?post=180218"}],"version-history":[{"count":2,"href":"https:\/\/www.em.com.br\/emfoco\/wp-json\/wp\/v2\/posts\/180218\/revisions"}],"predecessor-version":[{"id":180240,"href":"https:\/\/www.em.com.br\/emfoco\/wp-json\/wp\/v2\/posts\/180218\/revisions\/180240"}],"wp:featuredmedia":[{"embeddable":true,"href":"https:\/\/www.em.com.br\/emfoco\/wp-json\/wp\/v2\/media\/170081"}],"wp:attachment":[{"href":"https:\/\/www.em.com.br\/emfoco\/wp-json\/wp\/v2\/media?parent=180218"}],"wp:term":[{"taxonomy":"category","embeddable":true,"href":"https:\/\/www.em.com.br\/emfoco\/wp-json\/wp\/v2\/categories?post=180218"},{"taxonomy":"post_tag","embeddable":true,"href":"https:\/\/www.em.com.br\/emfoco\/wp-json\/wp\/v2\/tags?post=180218"}],"curies":[{"name":"wp","href":"https:\/\/api.w.org\/{rel}","templated":true}]}}