{"id":180217,"date":"2026-03-12T10:45:15","date_gmt":"2026-03-12T13:45:15","guid":{"rendered":"https:\/\/www.em.com.br\/emfoco\/?p=180217"},"modified":"2026-03-11T14:40:58","modified_gmt":"2026-03-11T17:40:58","slug":"evite-esse-erro-comum-na-maquiagem-depois-dos-50-que-pode-envelhecer-o-visual","status":"publish","type":"post","link":"https:\/\/www.em.com.br\/emfoco\/2026\/03\/12\/evite-esse-erro-comum-na-maquiagem-depois-dos-50-que-pode-envelhecer-o-visual\/","title":{"rendered":"Evite esse erro comum na maquiagem depois dos 50 que pode envelhecer o visual"},"content":{"rendered":"\n<p>Voc\u00ea j\u00e1 se olhou no espelho depois de se maquiar e sentiu que, em vez de rejuvenescer, a maquiagem te deixou com apar\u00eancia ainda mais cansada? Depois dos 50 anos, muitas mulheres come\u00e7am a buscar na maquiagem uma aliada para <strong>valorizar<\/strong> os tra\u00e7os, suavizar linhas e transmitir uma imagem mais <strong>bem-cuidada<\/strong>. Mas alguns h\u00e1bitos bem comuns podem ter o efeito oposto e destacar justamente aquilo que a gente queria disfar\u00e7ar.<\/p>\n\n\n\n<h2 class=\"wp-block-heading\">Qual \u00e9 o erro mais comum na maquiagem depois dos 50 anos<\/h2>\n\n\n\n<p>O erro mais frequente na maquiagem depois dos 50 anos \u00e9 o <strong>excesso de base<\/strong> e de p\u00f3 facial, especialmente quando usados em camadas grossas ou em produtos muito <strong>pesados<\/strong>. Em vez de deixar tudo uniforme, eles marcam rugas, poros e deixam o rosto com aquele aspecto mais <strong>ressecado<\/strong> e artificial.<\/p>\n\n\n\n<p>Quando a pele est\u00e1 mais fina e seca, algo bem comum nessa fase, produtos de alta cobertura e acabamento muito matte tendem a destacar linhas e at\u00e9 descama\u00e7\u00f5es. O p\u00f3 usado no rosto todo pode \u201capagar\u201d o brilho natural, deixando a express\u00e3o mais <strong>r\u00edgida<\/strong> e sem vida, como se a maquiagem estivesse \u201cparada\u201d sobre a pele, em vez de se misturar de forma <strong>natural<\/strong>.<\/p>\n\n\n\n<figure class=\"wp-block-embed is-type-rich is-provider-pinterest wp-block-embed-pinterest\"><div class=\"wp-block-embed__wrapper\">\n<iframe loading=\"lazy\" title=\"7 Dicas de Maquiagem que Toda Mulher Madura Precisa Saber \u203c\ufe0f\" src=\"https:\/\/assets.pinterest.com\/ext\/embed.html?id=140806233366248&#038;src=oembed\" height=\"899\" width=\"450\" frameborder=\"0\" scrolling=\"no\" ><\/iframe>\n<\/div><\/figure>\n\n\n\n<p>Leia tamb\u00e9m:&nbsp;<a href=\"https:\/\/www.em.com.br\/emfoco\/2026\/03\/11\/nem-corretivo-nem-base-a-tecnica-de-maquiagem-que-suaviza-olheiras-e-ilumina-o-olhar-apos-os-45\/\" target=\"_blank\" rel=\"noopener\">Nem corretivo, nem base, a t\u00e9cnica de maquiagem que suaviza olheiras e ilumina o olhar ap\u00f3s os 45<\/a><\/p>\n\n\n\n<h2 class=\"wp-block-heading\">Como evitar esse erro de maquiagem depois dos 50<\/h2>\n\n\n\n<p>Para evitar que a maquiagem envelhe\u00e7a o visual, vale mudar o foco: em vez de tentar <strong>cobrir tudo<\/strong>, a ideia \u00e9 apenas suavizar o que incomoda e real\u00e7ar o que voc\u00ea mais <strong>gosta<\/strong> em si mesma. Usar menos produto, escolher texturas leves e cuidar da hidrata\u00e7\u00e3o faz toda diferen\u00e7a no conforto e no resultado final da <strong>pele<\/strong>.<\/p>\n\n\n\n<p>Alguns cuidados simples ajudam a deixar a maquiagem mais leve e bonita no dia a dia, sem exageros e sem aquele efeito marcado que aumenta a sensa\u00e7\u00e3o de <strong>idade<\/strong>. Abaixo, veja ajustes f\u00e1ceis que podem ser incorporados na rotina, mesmo por quem n\u00e3o tem muita habilidade com <strong>maquiagem<\/strong>:<\/p>\n\n\n\n<ul class=\"wp-block-list\">\n<li><strong>Hidratar a pele<\/strong> antes de qualquer produto, com creme adequado ao tipo de pele madura.<\/li>\n\n\n\n<li>Preferir <strong>bases flu\u00eddas<\/strong> ou hidratantes, em vez de f\u00f3rmulas extremamente secas.<\/li>\n\n\n\n<li>Aplicar a base em <em>camadas finas<\/em>, come\u00e7ando pelo centro do rosto e espalhando bem.<\/li>\n\n\n\n<li>Usar <strong>corretivo apenas<\/strong> onde for necess\u00e1rio, evitando ac\u00famulo na regi\u00e3o dos olhos.<\/li>\n\n\n\n<li>Restringir o uso de <strong>p\u00f3 facial<\/strong> apenas \u00e0s \u00e1reas que realmente precisam controlar brilho.<\/li>\n<\/ul>\n\n\n\n<p>Para voc\u00ea que gosta de se cuidar, separamos um v\u00eddeo do canal da <a href=\"https:\/\/www.youtube.com\/@VanessaRozan\" target=\"_blank\" rel=\"noreferrer noopener\">Vanessa Rozan<\/a> com dicas para se maquiar:<\/p>\n\n\n\n<figure class=\"wp-block-embed is-type-video is-provider-youtube wp-block-embed-youtube wp-embed-aspect-16-9 wp-has-aspect-ratio\"><div class=\"wp-block-embed__wrapper\">\n<div class=\"jeg_video_container jeg_video_content\"><iframe loading=\"lazy\" title=\"5 DICAS DE MAQUIAGEM PARA PELE MADURA - #Lista62\" width=\"500\" height=\"281\" src=\"https:\/\/www.youtube.com\/embed\/767JEX-D8i4?feature=oembed\" frameborder=\"0\" allow=\"accelerometer; autoplay; clipboard-write; encrypted-media; gyroscope; picture-in-picture; web-share\" referrerpolicy=\"strict-origin-when-cross-origin\" allowfullscreen><\/iframe><\/div>\n<\/div><\/figure>\n\n\n\n<h2 class=\"wp-block-heading\">Quais ajustes na maquiagem fazem diferen\u00e7a depois dos 50<\/h2>\n\n\n\n<p>A maquiagem para pele madura funciona melhor quando \u00e9 pensada de forma mais <strong>estrat\u00e9gica<\/strong> e gentil com a pele. Em vez de refor\u00e7ar cobertura, a proposta \u00e9 equilibrar textura, cor e luminosidade, buscando um visual mais <strong>natural<\/strong> e harm\u00f4nico. Aqui, a palavra-chave passa a ser <strong>modera\u00e7\u00e3o<\/strong> em tudo.<\/p>\n\n\n\n<p>Pequenas mudan\u00e7as na prepara\u00e7\u00e3o, na escolha dos tons e na forma de aplicar j\u00e1 transformam o resultado. \u00c9 o caso de investir em bases de cobertura m\u00e9dia e acabamento natural, blush suave, sobrancelhas preenchidas com leveza e batons mais <strong>hidratantes<\/strong>, que n\u00e3o ressequem os l\u00e1bios nem evidenciem as <strong>linhas<\/strong>.<\/p>\n\n\n\n<figure class=\"wp-block-embed is-type-rich is-provider-pinterest wp-block-embed-pinterest\"><div class=\"wp-block-embed__wrapper\">\n<iframe loading=\"lazy\" title=\" \" src=\"https:\/\/assets.pinterest.com\/ext\/embed.html?id=4925880838876839&#038;src=oembed\" height=\"899\" width=\"450\" frameborder=\"0\" scrolling=\"no\" ><\/iframe>\n<\/div><\/figure>\n\n\n\n<h2 class=\"wp-block-heading\">Como a maquiagem pode valorizar a pele madura depois dos 50<\/h2>\n\n\n\n<p>Quando \u00e9 adaptada \u00e0 realidade da pele madura, a maquiagem pode destacar pontos fortes do rosto, sem chamar aten\u00e7\u00e3o para rugas ou flacidez. Iluminadores mais discretos, por exemplo, usados em pequenas quantidades no topo das ma\u00e7\u00e3s e no canto interno dos olhos, ajudam a devolver o <strong>vi\u00e7o<\/strong> e aquele ar de pele bem <strong>cuidada<\/strong>, sem exagero.<\/p>\n\n\n\n<p>Sombras neutras com leve brilho acetinado, l\u00e1pis esfumado e r\u00edmel que n\u00e3o esfarela costumam funcionar muito bem nos olhos, acompanhando as dobrinhas naturais da <strong>p\u00e1lpebra<\/strong>. No dia a dia, a maquiagem madura fica mais bonita quando transmite <strong>naturalidade<\/strong>, cobre apenas o necess\u00e1rio e mant\u00e9m a pele confort\u00e1vel, real\u00e7ando a sua beleza em vez de tentar escond\u00ea-la por baixo de muitas <strong>camadas<\/strong>.<\/p>\n","protected":false},"excerpt":{"rendered":"<p>Voc\u00ea j\u00e1 se olhou no espelho depois de se maquiar e sentiu que, em vez de rejuvenescer, a maquiagem te deixou com apar\u00eancia ainda mais cansada? Depois dos 50 anos, muitas mulheres come\u00e7am a buscar na maquiagem uma aliada para valorizar os tra\u00e7os, suavizar linhas e transmitir uma imagem mais bem-cuidada. Mas alguns h\u00e1bitos bem [&hellip;]<\/p>\n","protected":false},"author":9,"featured_media":174375,"comment_status":"open","ping_status":"open","sticky":false,"template":"","format":"standard","meta":{"jnews-multi-image_gallery":[],"jnews_single_post":{"format":"standard"},"jnews_primary_category":[],"jnews_social_meta":[],"jnews_override_counter":[],"footnotes":""},"categories":[8819,1],"tags":[22121,2616,4914],"class_list":["post-180217","post","type-post","status-publish","format-standard","has-post-thumbnail","hentry","category-curiosidades","category-noticias","tag-auto-cuidado","tag-beleza","tag-maquiagem"],"yoast_head":"<!-- This site is optimized with the Yoast SEO plugin v23.8 - https:\/\/yoast.com\/wordpress\/plugins\/seo\/ -->\n<title>Evite esse erro comum na maquiagem depois dos 50 que pode envelhecer o visual - Estado de Minas - Em foco<\/title>\n<meta name=\"description\" content=\"Pare de envelhecer sua apar\u00eancia com excesso de base e veja como a leveza devolve o vi\u00e7o da sua pele madura agora\" \/>\n<meta name=\"robots\" content=\"index, follow, max-snippet:-1, max-image-preview:large, max-video-preview:-1\" \/>\n<link rel=\"canonical\" href=\"https:\/\/www.em.com.br\/emfoco\/2026\/03\/12\/evite-esse-erro-comum-na-maquiagem-depois-dos-50-que-pode-envelhecer-o-visual\/\" \/>\n<meta property=\"og:locale\" content=\"pt_BR\" \/>\n<meta property=\"og:type\" content=\"article\" \/>\n<meta property=\"og:title\" content=\"Evite esse erro comum na maquiagem depois dos 50 que pode envelhecer o visual - Estado de Minas - Em foco\" \/>\n<meta property=\"og:description\" content=\"Pare de envelhecer sua apar\u00eancia com excesso de base e veja como a leveza devolve o vi\u00e7o da sua pele madura agora\" \/>\n<meta property=\"og:url\" content=\"https:\/\/www.em.com.br\/emfoco\/2026\/03\/12\/evite-esse-erro-comum-na-maquiagem-depois-dos-50-que-pode-envelhecer-o-visual\/\" \/>\n<meta property=\"og:site_name\" content=\"Estado de Minas - Em foco\" \/>\n<meta property=\"article:published_time\" content=\"2026-03-12T13:45:15+00:00\" \/>\n<meta property=\"article:modified_time\" content=\"2026-03-11T17:40:58+00:00\" \/>\n<meta property=\"og:image\" content=\"https:\/\/www.em.com.br\/emfoco\/wp-content\/uploads\/2026\/02\/maquiagem-madura_1772115216663.jpg\" \/>\n\t<meta property=\"og:image:width\" content=\"1280\" \/>\n\t<meta property=\"og:image:height\" content=\"720\" \/>\n\t<meta property=\"og:image:type\" content=\"image\/jpeg\" \/>\n<meta name=\"author\" content=\"Daniely Cardoso\" \/>\n<meta name=\"twitter:card\" content=\"summary_large_image\" \/>\n<meta name=\"twitter:label1\" content=\"Escrito por\" \/>\n\t<meta name=\"twitter:data1\" content=\"Daniely Cardoso\" \/>\n\t<meta name=\"twitter:label2\" content=\"Est. tempo de leitura\" \/>\n\t<meta name=\"twitter:data2\" content=\"4 minutos\" \/>\n<!-- \/ Yoast SEO plugin. -->","yoast_head_json":{"title":"Evite esse erro comum na maquiagem depois dos 50 que pode envelhecer o visual - Estado de Minas - Em foco","description":"Pare de envelhecer sua apar\u00eancia com excesso de base e veja como a leveza devolve o vi\u00e7o da sua pele madura agora","robots":{"index":"index","follow":"follow","max-snippet":"max-snippet:-1","max-image-preview":"max-image-preview:large","max-video-preview":"max-video-preview:-1"},"canonical":"https:\/\/www.em.com.br\/emfoco\/2026\/03\/12\/evite-esse-erro-comum-na-maquiagem-depois-dos-50-que-pode-envelhecer-o-visual\/","og_locale":"pt_BR","og_type":"article","og_title":"Evite esse erro comum na maquiagem depois dos 50 que pode envelhecer o visual - Estado de Minas - Em foco","og_description":"Pare de envelhecer sua apar\u00eancia com excesso de base e veja como a leveza devolve o vi\u00e7o da sua pele madura agora","og_url":"https:\/\/www.em.com.br\/emfoco\/2026\/03\/12\/evite-esse-erro-comum-na-maquiagem-depois-dos-50-que-pode-envelhecer-o-visual\/","og_site_name":"Estado de Minas - Em foco","article_published_time":"2026-03-12T13:45:15+00:00","article_modified_time":"2026-03-11T17:40:58+00:00","og_image":[{"width":1280,"height":720,"url":"https:\/\/www.em.com.br\/emfoco\/wp-content\/uploads\/2026\/02\/maquiagem-madura_1772115216663.jpg","type":"image\/jpeg"}],"author":"Daniely Cardoso","twitter_card":"summary_large_image","twitter_misc":{"Escrito por":"Daniely Cardoso","Est. tempo de leitura":"4 minutos"},"schema":{"@context":"https:\/\/schema.org","@graph":[{"@type":"WebPage","@id":"https:\/\/www.em.com.br\/emfoco\/2026\/03\/12\/evite-esse-erro-comum-na-maquiagem-depois-dos-50-que-pode-envelhecer-o-visual\/","url":"https:\/\/www.em.com.br\/emfoco\/2026\/03\/12\/evite-esse-erro-comum-na-maquiagem-depois-dos-50-que-pode-envelhecer-o-visual\/","name":"Evite esse erro comum na maquiagem depois dos 50 que pode envelhecer o visual - Estado de Minas - Em foco","isPartOf":{"@id":"https:\/\/www.em.com.br\/emfoco\/#website"},"primaryImageOfPage":{"@id":"https:\/\/www.em.com.br\/emfoco\/2026\/03\/12\/evite-esse-erro-comum-na-maquiagem-depois-dos-50-que-pode-envelhecer-o-visual\/#primaryimage"},"image":{"@id":"https:\/\/www.em.com.br\/emfoco\/2026\/03\/12\/evite-esse-erro-comum-na-maquiagem-depois-dos-50-que-pode-envelhecer-o-visual\/#primaryimage"},"thumbnailUrl":"https:\/\/www.em.com.br\/emfoco\/wp-content\/uploads\/2026\/02\/maquiagem-madura_1772115216663.jpg","datePublished":"2026-03-12T13:45:15+00:00","dateModified":"2026-03-11T17:40:58+00:00","author":{"@id":"https:\/\/www.em.com.br\/emfoco\/#\/schema\/person\/0a8186d72f2c3a5c6276d90b41f271a0"},"description":"Pare de envelhecer sua apar\u00eancia com excesso de base e veja como a leveza devolve o vi\u00e7o da sua pele madura agora","breadcrumb":{"@id":"https:\/\/www.em.com.br\/emfoco\/2026\/03\/12\/evite-esse-erro-comum-na-maquiagem-depois-dos-50-que-pode-envelhecer-o-visual\/#breadcrumb"},"inLanguage":"pt-BR","potentialAction":[{"@type":"ReadAction","target":["https:\/\/www.em.com.br\/emfoco\/2026\/03\/12\/evite-esse-erro-comum-na-maquiagem-depois-dos-50-que-pode-envelhecer-o-visual\/"]}]},{"@type":"ImageObject","inLanguage":"pt-BR","@id":"https:\/\/www.em.com.br\/emfoco\/2026\/03\/12\/evite-esse-erro-comum-na-maquiagem-depois-dos-50-que-pode-envelhecer-o-visual\/#primaryimage","url":"https:\/\/www.em.com.br\/emfoco\/wp-content\/uploads\/2026\/02\/maquiagem-madura_1772115216663.jpg","contentUrl":"https:\/\/www.em.com.br\/emfoco\/wp-content\/uploads\/2026\/02\/maquiagem-madura_1772115216663.jpg","width":1280,"height":720,"caption":"O erro mais frequente na maquiagem depois dos 50 anos \u00e9 o excesso de base e de p\u00f3 facial - Cr\u00e9ditos: depositphotos.com \/ Marharyta_Hanhalo"},{"@type":"BreadcrumbList","@id":"https:\/\/www.em.com.br\/emfoco\/2026\/03\/12\/evite-esse-erro-comum-na-maquiagem-depois-dos-50-que-pode-envelhecer-o-visual\/#breadcrumb","itemListElement":[{"@type":"ListItem","position":1,"name":"In\u00edcio","item":"https:\/\/www.em.com.br\/emfoco\/"},{"@type":"ListItem","position":2,"name":"Evite esse erro comum na maquiagem depois dos 50 que pode envelhecer o visual"}]},{"@type":"WebSite","@id":"https:\/\/www.em.com.br\/emfoco\/#website","url":"https:\/\/www.em.com.br\/emfoco\/","name":"Estado de Minas - Em foco","description":"Acompanhe as \u00faltimas not\u00edcias e fique bem informado sobre tudo o que acontece em Minas Gerais, Brasil e no mundo.","potentialAction":[{"@type":"SearchAction","target":{"@type":"EntryPoint","urlTemplate":"https:\/\/www.em.com.br\/emfoco\/?s={search_term_string}"},"query-input":{"@type":"PropertyValueSpecification","valueRequired":true,"valueName":"search_term_string"}}],"inLanguage":"pt-BR"},{"@type":"Person","@id":"https:\/\/www.em.com.br\/emfoco\/#\/schema\/person\/0a8186d72f2c3a5c6276d90b41f271a0","name":"Daniely Cardoso","image":{"@type":"ImageObject","inLanguage":"pt-BR","@id":"https:\/\/www.em.com.br\/emfoco\/#\/schema\/person\/image\/","url":"https:\/\/secure.gravatar.com\/avatar\/4b80ddbd124d1f071b626d52d62e5dff?s=96&d=mm&r=g","contentUrl":"https:\/\/secure.gravatar.com\/avatar\/4b80ddbd124d1f071b626d52d62e5dff?s=96&d=mm&r=g","caption":"Daniely Cardoso"},"url":"https:\/\/www.em.com.br\/emfoco\/author\/danielymyth\/"}]}},"_links":{"self":[{"href":"https:\/\/www.em.com.br\/emfoco\/wp-json\/wp\/v2\/posts\/180217","targetHints":{"allow":["GET"]}}],"collection":[{"href":"https:\/\/www.em.com.br\/emfoco\/wp-json\/wp\/v2\/posts"}],"about":[{"href":"https:\/\/www.em.com.br\/emfoco\/wp-json\/wp\/v2\/types\/post"}],"author":[{"embeddable":true,"href":"https:\/\/www.em.com.br\/emfoco\/wp-json\/wp\/v2\/users\/9"}],"replies":[{"embeddable":true,"href":"https:\/\/www.em.com.br\/emfoco\/wp-json\/wp\/v2\/comments?post=180217"}],"version-history":[{"count":2,"href":"https:\/\/www.em.com.br\/emfoco\/wp-json\/wp\/v2\/posts\/180217\/revisions"}],"predecessor-version":[{"id":180239,"href":"https:\/\/www.em.com.br\/emfoco\/wp-json\/wp\/v2\/posts\/180217\/revisions\/180239"}],"wp:featuredmedia":[{"embeddable":true,"href":"https:\/\/www.em.com.br\/emfoco\/wp-json\/wp\/v2\/media\/174375"}],"wp:attachment":[{"href":"https:\/\/www.em.com.br\/emfoco\/wp-json\/wp\/v2\/media?parent=180217"}],"wp:term":[{"taxonomy":"category","embeddable":true,"href":"https:\/\/www.em.com.br\/emfoco\/wp-json\/wp\/v2\/categories?post=180217"},{"taxonomy":"post_tag","embeddable":true,"href":"https:\/\/www.em.com.br\/emfoco\/wp-json\/wp\/v2\/tags?post=180217"}],"curies":[{"name":"wp","href":"https:\/\/api.w.org\/{rel}","templated":true}]}}