{"id":180215,"date":"2026-03-12T08:15:05","date_gmt":"2026-03-12T11:15:05","guid":{"rendered":"https:\/\/www.em.com.br\/emfoco\/?p=180215"},"modified":"2026-03-12T13:05:19","modified_gmt":"2026-03-12T16:05:19","slug":"4-estilos-de-cabelo-que-deixam-o-visual-mais-moderno-depois-dos-55","status":"publish","type":"post","link":"https:\/\/www.em.com.br\/emfoco\/2026\/03\/12\/4-estilos-de-cabelo-que-deixam-o-visual-mais-moderno-depois-dos-55\/","title":{"rendered":"4 estilos de cabelo que deixam o visual mais moderno depois dos 55"},"content":{"rendered":"\n<p>Voc\u00ea j\u00e1 percebeu como, depois dos <strong>55 anos<\/strong>, a rela\u00e7\u00e3o com o cabelo muda? Muitas pessoas come\u00e7am a buscar um estilo que una <b>praticidade<\/b> e cuidado com a apar\u00eancia, sem precisar de grandes produ\u00e7\u00f5es di\u00e1rias. A ideia n\u00e3o \u00e9 s\u00f3 disfar\u00e7ar fios brancos, mas encontrar cortes e penteados que valorizem o rosto, facilitem a rotina e transmitam um visual atual, leve e cheio de <b>autoconfian\u00e7a<\/b>.<\/p>\n\n\n\n<h2 class=\"wp-block-heading\">O que deixa o cabelo mais moderno depois dos 55 anos<\/h2>\n\n\n\n<p>Depois dos 55, os cabelos costumam ficar mais <strong>finos<\/strong>, ressecados ou com outra textura, e isso \u00e9 totalmente natural. Por isso, a escolha do corte e do jeito de pentear faz diferen\u00e7a em como o rosto \u00e9 emoldurado, ajudando a suavizar tra\u00e7os e a criar um visual mais <b>harmonioso<\/b> e expressivo.<\/p>\n\n\n\n<p>Pequenos ajustes no comprimento, no volume e na <strong>franja<\/strong> j\u00e1 podem renovar o visual, sem mudan\u00e7as radicais. Estilos com camadas suaves, pontas mais leves e movimento deixam a apar\u00eancia mais atual, enquanto cortes muito pesados e \u201cchapados\u201d tendem a marcar ainda mais a falta de <b>volume<\/b> natural.<\/p>\n\n\n\n<figure class=\"wp-block-embed is-type-rich is-provider-pinterest wp-block-embed-pinterest\"><div class=\"wp-block-embed__wrapper\">\n<iframe loading=\"lazy\" title=\"32 Medium-Length Layered Haircuts &amp; Hairstyles For Women Over 60 in 2025\" src=\"https:\/\/assets.pinterest.com\/ext\/embed.html?id=13018286423301811&#038;src=oembed\" height=\"775\" width=\"450\" frameborder=\"0\" scrolling=\"no\" ><\/iframe>\n<\/div><\/figure>\n\n\n\n<p>Leia tamb\u00e9m:&nbsp;<a href=\"https:\/\/www.em.com.br\/emfoco\/2026\/03\/11\/a-tendencia-francesa-que-aposentou-a-chapinha-e-trouxe-o-movimento-de-volta-aos-cabelos-em-2026\/\" target=\"_blank\" rel=\"noopener\">A tend\u00eancia francesa que aposentou a chapinha e trouxe o movimento de volta aos cabelos em 2026<\/a><\/p>\n\n\n\n<h2 class=\"wp-block-heading\">Como reconhecer um estilo de cabelo realmente atual nessa fase<\/h2>\n\n\n\n<p>Um cabelo moderno nessa fase da vida costuma priorizar <strong>leveza<\/strong>, movimento e linhas que suavizam o rosto. Cortes que acompanham o caimento natural dos fios ajudam a disfar\u00e7ar falhas, quedas de volume e irregularidades, criando um efeito de sustenta\u00e7\u00e3o e um ar mais <b>revigorado<\/b>.<\/p>\n\n\n\n<p>Tamb\u00e9m vale pensar na <strong>manuten\u00e7\u00e3o<\/strong>: estilos muito elaborados pedem visitas frequentes ao sal\u00e3o e uso di\u00e1rio de ferramentas t\u00e9rmicas. J\u00e1 cortes inteligentes mant\u00eam a forma mesmo com o crescimento, e a cor \u2014 seja grisalho assumido ou colora\u00e7\u00e3o suave \u2014 deve harmonizar tom de pele, sobrancelhas e <b>cabelo<\/b>, evitando contrastes exagerados.<\/p>\n\n\n\n<h2 class=\"wp-block-heading\">Quais s\u00e3o 4 estilos de cabelo que rejuvenescem o visual depois dos 55<\/h2>\n\n\n\n<p>A seguir, voc\u00ea encontra quatro sugest\u00f5es de estilos que costumam valorizar o visual depois dos <strong>55 anos<\/strong>, em diferentes comprimentos e tipos de fio. S\u00e3o ideias que podem ser adaptadas com ajuda de um profissional, respeitando formato de rosto, rotina e prefer\u00eancias pessoais, para um resultado bonito e <b>natural<\/b>.<\/p>\n\n\n\n<ul class=\"wp-block-list\">\n<li><strong>Bob curto cl\u00e1ssico: <\/strong>O bob curto, na altura do <strong style=\"font-size: revert;\">queixo<\/strong><span style=\"font-size: revert;\"> ou um pouco abaixo, cria uma moldura definida para o rosto e valoriza pesco\u00e7o e colo.\u00a0<\/span><\/li>\n<\/ul>\n\n\n\n<figure class=\"wp-block-embed is-type-rich is-provider-pinterest wp-block-embed-pinterest\"><div class=\"wp-block-embed__wrapper\">\n<iframe loading=\"lazy\" title=\" \" src=\"https:\/\/assets.pinterest.com\/ext\/embed.html?id=1029424427341992397&#038;src=oembed\" height=\"697\" width=\"450\" frameborder=\"0\" scrolling=\"no\" ><\/iframe>\n<\/div><\/figure>\n\n\n\n<ul class=\"wp-block-list\">\n<li><strong>Long bob com movimento: <\/strong>O long bob, geralmente na altura dos <strong style=\"font-size: revert;\">ombros<\/strong><span style=\"font-size: revert;\">, \u00e9 \u00f3timo para quem gosta de manter um pouco mais de comprimento.\u00a0<\/span><\/li>\n<\/ul>\n\n\n\n<figure class=\"wp-block-embed is-type-rich is-provider-pinterest wp-block-embed-pinterest\"><div class=\"wp-block-embed__wrapper\">\n<iframe loading=\"lazy\" title=\"20+ Youthful Long Bob Hairstyles That Took These Over-50 Women from Drab to Fab\" src=\"https:\/\/assets.pinterest.com\/ext\/embed.html?id=22588435628136367&#038;src=oembed\" height=\"663\" width=\"450\" frameborder=\"0\" scrolling=\"no\" ><\/iframe>\n<\/div><\/figure>\n\n\n\n<ul class=\"wp-block-list\">\n<li><strong>Pixie cut moderno: <\/strong>O pixie \u00e9 um corte bem curto, com nuca e laterais mais rentes e topo levemente mais <strong style=\"font-size: revert;\">longo<\/strong><span style=\"font-size: revert;\">.\u00a0<\/span><\/li>\n<\/ul>\n\n\n\n<figure class=\"wp-block-embed is-type-rich is-provider-pinterest wp-block-embed-pinterest\"><div class=\"wp-block-embed__wrapper\">\n<iframe loading=\"lazy\" title=\" \" src=\"https:\/\/assets.pinterest.com\/ext\/embed.html?id=1688918605919092&#038;src=oembed\" height=\"775\" width=\"450\" frameborder=\"0\" scrolling=\"no\" ><\/iframe>\n<\/div><\/figure>\n\n\n\n<ul class=\"wp-block-list\">\n<li><strong>Cabelo grisalho assumido com corte estruturado: <\/strong>Assumir os fios <strong style=\"font-size: revert;\">grisalhos<\/strong><span style=\"font-size: revert;\"> virou tend\u00eancia e pode ser libertador, desde que o corte d\u00ea estrutura e movimento.<\/span><\/li>\n<\/ul>\n\n\n\n<figure class=\"wp-block-embed is-type-rich is-provider-pinterest wp-block-embed-pinterest\"><div class=\"wp-block-embed__wrapper\">\n<iframe loading=\"lazy\" title=\"34 Awesome Hairstyles for Older Women with Thick Hair in 2025\" src=\"https:\/\/assets.pinterest.com\/ext\/embed.html?id=5488830792287968&#038;src=oembed\" height=\"775\" width=\"450\" frameborder=\"0\" scrolling=\"no\" ><\/iframe>\n<\/div><\/figure>\n\n\n\n<p>Para voc\u00ea que gosta de se cuidar, separamos um v\u00eddeo do canal da <a href=\"https:\/\/www.youtube.com\/@RaisaBrito\" target=\"_blank\" rel=\"noreferrer noopener\">Raisa Brito <\/a>com dicas de cortes para ficar com um visual mais jovem:<\/p>\n\n\n\n<figure class=\"wp-block-embed is-type-video is-provider-youtube wp-block-embed-youtube wp-embed-aspect-16-9 wp-has-aspect-ratio\"><div class=\"wp-block-embed__wrapper\">\n<div class=\"jeg_video_container jeg_video_content\"><iframe loading=\"lazy\" title=\"CORTES DE CABELO QUE TE DEIXAM MAIS JOVEM E MAIS ELEGANTE\" width=\"500\" height=\"281\" src=\"https:\/\/www.youtube.com\/embed\/XyDwEFMJCVw?start=1&#038;feature=oembed\" frameborder=\"0\" allow=\"accelerometer; autoplay; clipboard-write; encrypted-media; gyroscope; picture-in-picture; web-share\" referrerpolicy=\"strict-origin-when-cross-origin\" allowfullscreen><\/iframe><\/div>\n<\/div><\/figure>\n\n\n\n<h2 class=\"wp-block-heading\">Como escolher o melhor corte de cabelo depois dos 55 anos<\/h2>\n\n\n\n<p>Na hora de escolher o corte, vale olhar al\u00e9m das tend\u00eancias e pensar no seu <strong>dia a dia<\/strong>, no formato do rosto, na textura dos fios e no hist\u00f3rico de qu\u00edmicas. Um estilo lindo, mas que exige secador e chapinha todos os dias, pode virar fonte de estresse, enquanto um corte bem pensado traz leveza, autoestima e mais <b>autonomia<\/b>.<\/p>\n\n\n\n<p>Alguns pontos simples ajudam a organizar as ideias e conversar melhor com o profissional, deixando a decis\u00e3o mais segura e focada no que faz sentido para a sua <strong>rotina<\/strong> real:<\/p>\n\n\n\n<ul class=\"wp-block-list\">\n<li><strong>Formato do rosto:<\/strong> cortes na altura do queixo favorecem rostos mais alongados; m\u00e9dios costumam equilibrar rostos mais arredondados.<\/li>\n\n\n\n<li><strong>Tipo de fio:<\/strong> fios finos v\u00e3o bem com cortes m\u00e9dios ou curtos com leve desfiado; cabelos grossos pedem camadas para distribuir o volume.<\/li>\n\n\n\n<li><strong>Tempo de manuten\u00e7\u00e3o:<\/strong> cortes curtos exigem ajustes mais frequentes; m\u00e9dios e longos permitem maior intervalo entre os retoques.<\/li>\n\n\n\n<li><strong>Estilo de vida:<\/strong> quem se exercita com frequ\u00eancia pode preferir comprimentos que permitam prender os fios com facilidade.<\/li>\n<\/ul>\n\n\n\n<p>Com um bom di\u00e1logo com o cabeleireiro e aten\u00e7\u00e3o \u00e0s necessidades do seu <strong>cabelo<\/strong>, esses estilos podem ser adaptados para criar um visual moderno, elegante e fiel \u00e0 sua personalidade, valorizando cada fase da sua <b>hist\u00f3ria<\/b>.<\/p>\n","protected":false},"excerpt":{"rendered":"<p>Voc\u00ea j\u00e1 percebeu como, depois dos 55 anos, a rela\u00e7\u00e3o com o cabelo muda? Muitas pessoas come\u00e7am a buscar um estilo que una praticidade e cuidado com a apar\u00eancia, sem precisar de grandes produ\u00e7\u00f5es di\u00e1rias. A ideia n\u00e3o \u00e9 s\u00f3 disfar\u00e7ar fios brancos, mas encontrar cortes e penteados que valorizem o rosto, facilitem a rotina [&hellip;]<\/p>\n","protected":false},"author":9,"featured_media":177948,"comment_status":"open","ping_status":"open","sticky":false,"template":"","format":"standard","meta":{"jnews-multi-image_gallery":[],"jnews_single_post":{"format":"standard"},"jnews_primary_category":[],"jnews_social_meta":[],"jnews_override_counter":[],"footnotes":""},"categories":[8819,1],"tags":[22121,2616,4905,7212],"class_list":["post-180215","post","type-post","status-publish","format-standard","has-post-thumbnail","hentry","category-curiosidades","category-noticias","tag-auto-cuidado","tag-beleza","tag-cabelo","tag-cortes-de-cabelo"],"yoast_head":"<!-- This site is optimized with the Yoast SEO plugin v23.8 - https:\/\/yoast.com\/wordpress\/plugins\/seo\/ -->\n<title>4 estilos de cabelo que deixam o visual mais moderno depois dos 55 - Estado de Minas - Em foco<\/title>\n<meta name=\"description\" content=\"Os cortes que valorizam o rosto ap\u00f3s os 55 anos eliminam o aspecto de cabelo ralo e trazem muito mais leveza e eleg\u00e2ncia\" \/>\n<meta name=\"robots\" content=\"index, follow, max-snippet:-1, max-image-preview:large, max-video-preview:-1\" \/>\n<link rel=\"canonical\" href=\"https:\/\/www.em.com.br\/emfoco\/2026\/03\/12\/4-estilos-de-cabelo-que-deixam-o-visual-mais-moderno-depois-dos-55\/\" \/>\n<meta property=\"og:locale\" content=\"pt_BR\" \/>\n<meta property=\"og:type\" content=\"article\" \/>\n<meta property=\"og:title\" content=\"4 estilos de cabelo que deixam o visual mais moderno depois dos 55 - Estado de Minas - Em foco\" \/>\n<meta property=\"og:description\" content=\"Os cortes que valorizam o rosto ap\u00f3s os 55 anos eliminam o aspecto de cabelo ralo e trazem muito mais leveza e eleg\u00e2ncia\" \/>\n<meta property=\"og:url\" content=\"https:\/\/www.em.com.br\/emfoco\/2026\/03\/12\/4-estilos-de-cabelo-que-deixam-o-visual-mais-moderno-depois-dos-55\/\" \/>\n<meta property=\"og:site_name\" content=\"Estado de Minas - Em foco\" \/>\n<meta property=\"article:published_time\" content=\"2026-03-12T11:15:05+00:00\" \/>\n<meta property=\"article:modified_time\" content=\"2026-03-12T16:05:19+00:00\" \/>\n<meta property=\"og:image\" content=\"https:\/\/www.em.com.br\/emfoco\/wp-content\/uploads\/2026\/03\/Gemini_Generated_Image_2idsny2idsny2ids-1.png\" \/>\n\t<meta property=\"og:image:width\" content=\"1280\" \/>\n\t<meta property=\"og:image:height\" content=\"720\" \/>\n\t<meta property=\"og:image:type\" content=\"image\/png\" \/>\n<meta name=\"author\" content=\"Daniely Cardoso\" \/>\n<meta name=\"twitter:card\" content=\"summary_large_image\" \/>\n<meta name=\"twitter:label1\" content=\"Escrito por\" \/>\n\t<meta name=\"twitter:data1\" content=\"Daniely Cardoso\" \/>\n\t<meta name=\"twitter:label2\" content=\"Est. tempo de leitura\" \/>\n\t<meta name=\"twitter:data2\" content=\"5 minutos\" \/>\n<!-- \/ Yoast SEO plugin. -->","yoast_head_json":{"title":"4 estilos de cabelo que deixam o visual mais moderno depois dos 55 - Estado de Minas - Em foco","description":"Os cortes que valorizam o rosto ap\u00f3s os 55 anos eliminam o aspecto de cabelo ralo e trazem muito mais leveza e eleg\u00e2ncia","robots":{"index":"index","follow":"follow","max-snippet":"max-snippet:-1","max-image-preview":"max-image-preview:large","max-video-preview":"max-video-preview:-1"},"canonical":"https:\/\/www.em.com.br\/emfoco\/2026\/03\/12\/4-estilos-de-cabelo-que-deixam-o-visual-mais-moderno-depois-dos-55\/","og_locale":"pt_BR","og_type":"article","og_title":"4 estilos de cabelo que deixam o visual mais moderno depois dos 55 - Estado de Minas - Em foco","og_description":"Os cortes que valorizam o rosto ap\u00f3s os 55 anos eliminam o aspecto de cabelo ralo e trazem muito mais leveza e eleg\u00e2ncia","og_url":"https:\/\/www.em.com.br\/emfoco\/2026\/03\/12\/4-estilos-de-cabelo-que-deixam-o-visual-mais-moderno-depois-dos-55\/","og_site_name":"Estado de Minas - Em foco","article_published_time":"2026-03-12T11:15:05+00:00","article_modified_time":"2026-03-12T16:05:19+00:00","og_image":[{"width":1280,"height":720,"url":"https:\/\/www.em.com.br\/emfoco\/wp-content\/uploads\/2026\/03\/Gemini_Generated_Image_2idsny2idsny2ids-1.png","type":"image\/png"}],"author":"Daniely Cardoso","twitter_card":"summary_large_image","twitter_misc":{"Escrito por":"Daniely Cardoso","Est. tempo de leitura":"5 minutos"},"schema":{"@context":"https:\/\/schema.org","@graph":[{"@type":"WebPage","@id":"https:\/\/www.em.com.br\/emfoco\/2026\/03\/12\/4-estilos-de-cabelo-que-deixam-o-visual-mais-moderno-depois-dos-55\/","url":"https:\/\/www.em.com.br\/emfoco\/2026\/03\/12\/4-estilos-de-cabelo-que-deixam-o-visual-mais-moderno-depois-dos-55\/","name":"4 estilos de cabelo que deixam o visual mais moderno depois dos 55 - Estado de Minas - Em foco","isPartOf":{"@id":"https:\/\/www.em.com.br\/emfoco\/#website"},"primaryImageOfPage":{"@id":"https:\/\/www.em.com.br\/emfoco\/2026\/03\/12\/4-estilos-de-cabelo-que-deixam-o-visual-mais-moderno-depois-dos-55\/#primaryimage"},"image":{"@id":"https:\/\/www.em.com.br\/emfoco\/2026\/03\/12\/4-estilos-de-cabelo-que-deixam-o-visual-mais-moderno-depois-dos-55\/#primaryimage"},"thumbnailUrl":"https:\/\/www.em.com.br\/emfoco\/wp-content\/uploads\/2026\/03\/Gemini_Generated_Image_2idsny2idsny2ids-1.png","datePublished":"2026-03-12T11:15:05+00:00","dateModified":"2026-03-12T16:05:19+00:00","author":{"@id":"https:\/\/www.em.com.br\/emfoco\/#\/schema\/person\/0a8186d72f2c3a5c6276d90b41f271a0"},"description":"Os cortes que valorizam o rosto ap\u00f3s os 55 anos eliminam o aspecto de cabelo ralo e trazem muito mais leveza e eleg\u00e2ncia","breadcrumb":{"@id":"https:\/\/www.em.com.br\/emfoco\/2026\/03\/12\/4-estilos-de-cabelo-que-deixam-o-visual-mais-moderno-depois-dos-55\/#breadcrumb"},"inLanguage":"pt-BR","potentialAction":[{"@type":"ReadAction","target":["https:\/\/www.em.com.br\/emfoco\/2026\/03\/12\/4-estilos-de-cabelo-que-deixam-o-visual-mais-moderno-depois-dos-55\/"]}]},{"@type":"ImageObject","inLanguage":"pt-BR","@id":"https:\/\/www.em.com.br\/emfoco\/2026\/03\/12\/4-estilos-de-cabelo-que-deixam-o-visual-mais-moderno-depois-dos-55\/#primaryimage","url":"https:\/\/www.em.com.br\/emfoco\/wp-content\/uploads\/2026\/03\/Gemini_Generated_Image_2idsny2idsny2ids-1.png","contentUrl":"https:\/\/www.em.com.br\/emfoco\/wp-content\/uploads\/2026\/03\/Gemini_Generated_Image_2idsny2idsny2ids-1.png","width":1280,"height":720,"caption":"A proposta agrada quem quer praticidade sem abrir m\u00e3o de um acabamento elegante"},{"@type":"BreadcrumbList","@id":"https:\/\/www.em.com.br\/emfoco\/2026\/03\/12\/4-estilos-de-cabelo-que-deixam-o-visual-mais-moderno-depois-dos-55\/#breadcrumb","itemListElement":[{"@type":"ListItem","position":1,"name":"In\u00edcio","item":"https:\/\/www.em.com.br\/emfoco\/"},{"@type":"ListItem","position":2,"name":"4 estilos de cabelo que deixam o visual mais moderno depois dos 55"}]},{"@type":"WebSite","@id":"https:\/\/www.em.com.br\/emfoco\/#website","url":"https:\/\/www.em.com.br\/emfoco\/","name":"Estado de Minas - Em foco","description":"Acompanhe as \u00faltimas not\u00edcias e fique bem informado sobre tudo o que acontece em Minas Gerais, Brasil e no mundo.","potentialAction":[{"@type":"SearchAction","target":{"@type":"EntryPoint","urlTemplate":"https:\/\/www.em.com.br\/emfoco\/?s={search_term_string}"},"query-input":{"@type":"PropertyValueSpecification","valueRequired":true,"valueName":"search_term_string"}}],"inLanguage":"pt-BR"},{"@type":"Person","@id":"https:\/\/www.em.com.br\/emfoco\/#\/schema\/person\/0a8186d72f2c3a5c6276d90b41f271a0","name":"Daniely Cardoso","image":{"@type":"ImageObject","inLanguage":"pt-BR","@id":"https:\/\/www.em.com.br\/emfoco\/#\/schema\/person\/image\/","url":"https:\/\/secure.gravatar.com\/avatar\/4b80ddbd124d1f071b626d52d62e5dff?s=96&d=mm&r=g","contentUrl":"https:\/\/secure.gravatar.com\/avatar\/4b80ddbd124d1f071b626d52d62e5dff?s=96&d=mm&r=g","caption":"Daniely Cardoso"},"url":"https:\/\/www.em.com.br\/emfoco\/author\/danielymyth\/"}]}},"_links":{"self":[{"href":"https:\/\/www.em.com.br\/emfoco\/wp-json\/wp\/v2\/posts\/180215","targetHints":{"allow":["GET"]}}],"collection":[{"href":"https:\/\/www.em.com.br\/emfoco\/wp-json\/wp\/v2\/posts"}],"about":[{"href":"https:\/\/www.em.com.br\/emfoco\/wp-json\/wp\/v2\/types\/post"}],"author":[{"embeddable":true,"href":"https:\/\/www.em.com.br\/emfoco\/wp-json\/wp\/v2\/users\/9"}],"replies":[{"embeddable":true,"href":"https:\/\/www.em.com.br\/emfoco\/wp-json\/wp\/v2\/comments?post=180215"}],"version-history":[{"count":3,"href":"https:\/\/www.em.com.br\/emfoco\/wp-json\/wp\/v2\/posts\/180215\/revisions"}],"predecessor-version":[{"id":180685,"href":"https:\/\/www.em.com.br\/emfoco\/wp-json\/wp\/v2\/posts\/180215\/revisions\/180685"}],"wp:featuredmedia":[{"embeddable":true,"href":"https:\/\/www.em.com.br\/emfoco\/wp-json\/wp\/v2\/media\/177948"}],"wp:attachment":[{"href":"https:\/\/www.em.com.br\/emfoco\/wp-json\/wp\/v2\/media?parent=180215"}],"wp:term":[{"taxonomy":"category","embeddable":true,"href":"https:\/\/www.em.com.br\/emfoco\/wp-json\/wp\/v2\/categories?post=180215"},{"taxonomy":"post_tag","embeddable":true,"href":"https:\/\/www.em.com.br\/emfoco\/wp-json\/wp\/v2\/tags?post=180215"}],"curies":[{"name":"wp","href":"https:\/\/api.w.org\/{rel}","templated":true}]}}