{"id":180214,"date":"2026-03-12T07:25:00","date_gmt":"2026-03-12T10:25:00","guid":{"rendered":"https:\/\/www.em.com.br\/emfoco\/?p=180214"},"modified":"2026-03-11T16:44:28","modified_gmt":"2026-03-11T19:44:28","slug":"as-cores-de-blush-que-deixam-o-rosto-mais-jovem-e-natural-apos-os-45","status":"publish","type":"post","link":"https:\/\/www.em.com.br\/emfoco\/2026\/03\/12\/as-cores-de-blush-que-deixam-o-rosto-mais-jovem-e-natural-apos-os-45\/","title":{"rendered":"As cores de blush que deixam o rosto mais jovem e natural ap\u00f3s os 45"},"content":{"rendered":"\n<p>Voc\u00ea j\u00e1 se olhou no espelho, depois dos 45 anos, e sentiu que o rosto est\u00e1 diferente, com menos vi\u00e7o e as linhas um pouco mais marcadas? Nessa fase, o <b>blush<\/b> deixa de ser s\u00f3 um detalhe e passa a ser um aliado para devolver aquele ar de frescor, real\u00e7ar tra\u00e7os que voc\u00ea ama e suavizar sinais. A escolha das <b>cores<\/b> certas faz toda a diferen\u00e7a para um resultado mais natural, jovem e harm\u00f4nico com o seu tom de pele.<\/p>\n\n\n\n<h2 class=\"wp-block-heading\">Quais cores de blush ajudam a rejuvenescer ap\u00f3s os 45 anos<\/h2>\n\n\n\n<p>O ponto central aqui s\u00e3o as <strong>cores de blush<\/strong> que trazem um rubor suave, como se viesse de dentro da pele, sem pesar. Em peles claras, tons de <b>rosado<\/b> suave, p\u00eassego e rosa queimado d\u00e3o aquele ar de sa\u00fade discreto e f\u00e1cil de usar no dia a dia.<\/p>\n\n\n\n<p>Em peles m\u00e9dias, cores como <b>coral<\/b>, p\u00eassego mais intenso e ros\u00e9 quente ajudam a equilibrar o fundo da pele sem marcar demais. J\u00e1 em peles morenas e negras, terracota suave, ameixa leve, vinho esfumado e coral profundo iluminam o rosto sem deixar um efeito acinzentado.<\/p>\n\n\n\n<figure class=\"wp-block-embed is-type-rich is-provider-pinterest wp-block-embed-pinterest\"><div class=\"wp-block-embed__wrapper\">\n<iframe loading=\"lazy\" title=\"essa cor de blush est\u00e1 super em ALTA e temos uma op\u00e7\u00e3o incr\u00edvel para voc\u00ea \u2728 o tom Allegory Of honor da linha obsidian By Ruby Rose possui um tom acobreado e dourado extremamente fino que n\u00e3o marca a textura da pele, deixando um glow \u00fanico e bronzeado no seu rosto. pigmentado, soft &amp; coringa para levar na sua bolsa sempre que precisar brilhar ainda mais. tuuudo n\u00e9?\ud83d\ude2e\u200d\ud83d\udca8 dispon\u00edvel em www.fnbeauty.com.br ou acesse nossos links clicando na bio \u2022enviamos para todo o \ud83c\udde7\ud83c\uddf7\u2022 #maquiagem #lojadema...\" src=\"https:\/\/assets.pinterest.com\/ext\/embed.html?id=359162139055880885&#038;src=oembed\" height=\"899\" width=\"450\" frameborder=\"0\" scrolling=\"no\" ><\/iframe>\n<\/div><\/figure>\n\n\n\n<p>Leia tamb\u00e9m:&nbsp;<a href=\"https:\/\/www.em.com.br\/emfoco\/2026\/03\/11\/nem-corretivo-nem-base-a-tecnica-de-maquiagem-que-suaviza-olheiras-e-ilumina-o-olhar-apos-os-45\/\" target=\"_blank\" rel=\"noopener\">Nem corretivo, nem base, a t\u00e9cnica de maquiagem que suaviza olheiras e ilumina o olhar ap\u00f3s os 45<\/a><\/p>\n\n\n\n<h2 class=\"wp-block-heading\">Como escolher as cores de blush que deixam o rosto mais jovem<\/h2>\n\n\n\n<p>Na hora de escolher as <strong>cores de blush<\/strong> que deixam o rosto mais jovem, vale observar o subtom da pele, mesmo que de forma simples. Peles com subtom <b>quente<\/b> costumam combinar melhor com p\u00eassego, coral e tons levemente alaranjados, que aquecem o visual.<\/p>\n\n\n\n<p>J\u00e1 peles de subtom frio, mais <b>rosadas<\/b>, harmonizam bem com rosa, malva claro e rosa queimado. Depois dos 45 anos, \u00e9 interessante preferir blushes de intensidade m\u00e9dia e textura mais leve, para evitar que um tom escuro destaque vincos ou regi\u00f5es em que a pele esteja mais fina.<\/p>\n\n\n\n<figure class=\"wp-block-embed is-type-rich is-provider-pinterest wp-block-embed-pinterest\"><div class=\"wp-block-embed__wrapper\">\n<iframe loading=\"lazy\" title=\"Incr\u00edvel como um blush muda tudo!\" src=\"https:\/\/assets.pinterest.com\/ext\/embed.html?id=70437490964029&#038;src=oembed\" height=\"899\" width=\"450\" frameborder=\"0\" scrolling=\"no\" ><\/iframe>\n<\/div><\/figure>\n\n\n\n<h2 class=\"wp-block-heading\">Quais tons de blush parecem mais naturais no dia a dia<\/h2>\n\n\n\n<p>Para um efeito bem natural, funciona imaginar como seu rosto fica depois de uma caminhada leve ou de um ventinho frio. Em geral, isso se traduz em varia\u00e7\u00f5es de <b>p\u00eassego<\/b>, rosa suave, coral e tons terrosos discretos, que se misturam ao tom de pele sem criar manchas marcadas.<\/p>\n\n\n\n<p>Texturas em creme, bast\u00e3o ou l\u00edquidos com acabamento acetinado costumam ser mais amig\u00e1veis em peles maduras, pois se fundem melhor \u00e0 pele. Evitar blush com muito <b>brilho<\/b> ou glitter ajuda a n\u00e3o evidenciar poros e linhas, mantendo apenas um vi\u00e7o delicado.<\/p>\n\n\n\n<p>Para voc\u00ea que gosta de se maquiar, separamos um v\u00eddeo do canal da <a href=\"https:\/\/www.youtube.com\/@TourdaBeleza\" target=\"_blank\" rel=\"noreferrer noopener\">Tour da Beleza<\/a> com dicas para escolehr os melhores blushes:<\/p>\n\n\n\n<figure class=\"wp-block-embed is-type-video is-provider-youtube wp-block-embed-youtube wp-embed-aspect-16-9 wp-has-aspect-ratio\"><div class=\"wp-block-embed__wrapper\">\n<div class=\"jeg_video_container jeg_video_content\"><iframe loading=\"lazy\" title=\"Analisando Os MELHORES BLUSHES Do MOMENTO , Segundo os Influenciadores\" width=\"500\" height=\"281\" src=\"https:\/\/www.youtube.com\/embed\/UjWzQ2vC_Gg?feature=oembed\" frameborder=\"0\" allow=\"accelerometer; autoplay; clipboard-write; encrypted-media; gyroscope; picture-in-picture; web-share\" referrerpolicy=\"strict-origin-when-cross-origin\" allowfullscreen><\/iframe><\/div>\n<\/div><\/figure>\n\n\n\n<h2 class=\"wp-block-heading\">Onde e como aplicar o blush para um efeito jovem<\/h2>\n\n\n\n<p>Al\u00e9m das <strong>cores de blush<\/strong> corretas, a forma de aplicar faz diferen\u00e7a no resultado final. Colocar o blush muito baixo, perto do maxilar, pode deixar o rosto com aspecto cansado, enquanto uma aplica\u00e7\u00e3o mais alta nas ma\u00e7\u00e3s traz a sensa\u00e7\u00e3o de <b>eleva\u00e7\u00e3o<\/b> e vitalidade.<\/p>\n\n\n\n<p>Uma dica \u00e9 sorrir de leve, aplicar o produto nas ma\u00e7\u00e3s e esfumar em dire\u00e7\u00e3o \u00e0s t\u00eamporas, com movimentos suaves. Se a cor ficar forte demais, um pouco de base ou p\u00f3 transl\u00facido por cima ajuda a suavizar, sem precisar retirar toda a <b>maquiagem<\/b><\/p>\n","protected":false},"excerpt":{"rendered":"<p>Voc\u00ea j\u00e1 se olhou no espelho, depois dos 45 anos, e sentiu que o rosto est\u00e1 diferente, com menos vi\u00e7o e as linhas um pouco mais marcadas? Nessa fase, o blush deixa de ser s\u00f3 um detalhe e passa a ser um aliado para devolver aquele ar de frescor, real\u00e7ar tra\u00e7os que voc\u00ea ama e [&hellip;]<\/p>\n","protected":false},"author":9,"featured_media":166344,"comment_status":"open","ping_status":"open","sticky":false,"template":"","format":"standard","meta":{"jnews-multi-image_gallery":[],"jnews_single_post":{"format":"standard"},"jnews_primary_category":[],"jnews_social_meta":[],"jnews_override_counter":[],"footnotes":""},"categories":[8691,1],"tags":[22121,8037,4914],"class_list":["post-180214","post","type-post","status-publish","format-standard","has-post-thumbnail","hentry","category-bem-estar","category-noticias","tag-auto-cuidado","tag-blush","tag-maquiagem"],"yoast_head":"<!-- This site is optimized with the Yoast SEO plugin v23.8 - https:\/\/yoast.com\/wordpress\/plugins\/seo\/ -->\n<title>As cores de blush que deixam o rosto mais jovem e natural ap\u00f3s os 45 - Estado de Minas - Em foco<\/title>\n<meta name=\"description\" content=\"Acerte na cor do blush para rejuvenescer o rosto ap\u00f3s os 45 anos e recupere o vi\u00e7o da sua pele madura agora\" \/>\n<meta name=\"robots\" content=\"index, follow, max-snippet:-1, max-image-preview:large, max-video-preview:-1\" \/>\n<link rel=\"canonical\" href=\"https:\/\/www.em.com.br\/emfoco\/2026\/03\/12\/as-cores-de-blush-que-deixam-o-rosto-mais-jovem-e-natural-apos-os-45\/\" \/>\n<meta property=\"og:locale\" content=\"pt_BR\" \/>\n<meta property=\"og:type\" content=\"article\" \/>\n<meta property=\"og:title\" content=\"As cores de blush que deixam o rosto mais jovem e natural ap\u00f3s os 45 - Estado de Minas - Em foco\" \/>\n<meta property=\"og:description\" content=\"Acerte na cor do blush para rejuvenescer o rosto ap\u00f3s os 45 anos e recupere o vi\u00e7o da sua pele madura agora\" \/>\n<meta property=\"og:url\" content=\"https:\/\/www.em.com.br\/emfoco\/2026\/03\/12\/as-cores-de-blush-que-deixam-o-rosto-mais-jovem-e-natural-apos-os-45\/\" \/>\n<meta property=\"og:site_name\" content=\"Estado de Minas - Em foco\" \/>\n<meta property=\"article:published_time\" content=\"2026-03-12T10:25:00+00:00\" \/>\n<meta property=\"article:modified_time\" content=\"2026-03-11T19:44:28+00:00\" \/>\n<meta property=\"og:image\" content=\"https:\/\/www.em.com.br\/emfoco\/wp-content\/uploads\/2026\/02\/Gemini_Generated_Image_cpu1nccpu1nccpu1-1.png\" \/>\n\t<meta property=\"og:image:width\" content=\"1280\" \/>\n\t<meta property=\"og:image:height\" content=\"720\" \/>\n\t<meta property=\"og:image:type\" content=\"image\/png\" \/>\n<meta name=\"author\" content=\"Daniely Cardoso\" \/>\n<meta name=\"twitter:card\" content=\"summary_large_image\" \/>\n<meta name=\"twitter:label1\" content=\"Escrito por\" \/>\n\t<meta name=\"twitter:data1\" content=\"Daniely Cardoso\" \/>\n\t<meta name=\"twitter:label2\" content=\"Est. tempo de leitura\" \/>\n\t<meta name=\"twitter:data2\" content=\"4 minutos\" \/>\n<!-- \/ Yoast SEO plugin. -->","yoast_head_json":{"title":"As cores de blush que deixam o rosto mais jovem e natural ap\u00f3s os 45 - Estado de Minas - Em foco","description":"Acerte na cor do blush para rejuvenescer o rosto ap\u00f3s os 45 anos e recupere o vi\u00e7o da sua pele madura agora","robots":{"index":"index","follow":"follow","max-snippet":"max-snippet:-1","max-image-preview":"max-image-preview:large","max-video-preview":"max-video-preview:-1"},"canonical":"https:\/\/www.em.com.br\/emfoco\/2026\/03\/12\/as-cores-de-blush-que-deixam-o-rosto-mais-jovem-e-natural-apos-os-45\/","og_locale":"pt_BR","og_type":"article","og_title":"As cores de blush que deixam o rosto mais jovem e natural ap\u00f3s os 45 - Estado de Minas - Em foco","og_description":"Acerte na cor do blush para rejuvenescer o rosto ap\u00f3s os 45 anos e recupere o vi\u00e7o da sua pele madura agora","og_url":"https:\/\/www.em.com.br\/emfoco\/2026\/03\/12\/as-cores-de-blush-que-deixam-o-rosto-mais-jovem-e-natural-apos-os-45\/","og_site_name":"Estado de Minas - Em foco","article_published_time":"2026-03-12T10:25:00+00:00","article_modified_time":"2026-03-11T19:44:28+00:00","og_image":[{"width":1280,"height":720,"url":"https:\/\/www.em.com.br\/emfoco\/wp-content\/uploads\/2026\/02\/Gemini_Generated_Image_cpu1nccpu1nccpu1-1.png","type":"image\/png"}],"author":"Daniely Cardoso","twitter_card":"summary_large_image","twitter_misc":{"Escrito por":"Daniely Cardoso","Est. tempo de leitura":"4 minutos"},"schema":{"@context":"https:\/\/schema.org","@graph":[{"@type":"WebPage","@id":"https:\/\/www.em.com.br\/emfoco\/2026\/03\/12\/as-cores-de-blush-que-deixam-o-rosto-mais-jovem-e-natural-apos-os-45\/","url":"https:\/\/www.em.com.br\/emfoco\/2026\/03\/12\/as-cores-de-blush-que-deixam-o-rosto-mais-jovem-e-natural-apos-os-45\/","name":"As cores de blush que deixam o rosto mais jovem e natural ap\u00f3s os 45 - Estado de Minas - Em foco","isPartOf":{"@id":"https:\/\/www.em.com.br\/emfoco\/#website"},"primaryImageOfPage":{"@id":"https:\/\/www.em.com.br\/emfoco\/2026\/03\/12\/as-cores-de-blush-que-deixam-o-rosto-mais-jovem-e-natural-apos-os-45\/#primaryimage"},"image":{"@id":"https:\/\/www.em.com.br\/emfoco\/2026\/03\/12\/as-cores-de-blush-que-deixam-o-rosto-mais-jovem-e-natural-apos-os-45\/#primaryimage"},"thumbnailUrl":"https:\/\/www.em.com.br\/emfoco\/wp-content\/uploads\/2026\/02\/Gemini_Generated_Image_cpu1nccpu1nccpu1-1.png","datePublished":"2026-03-12T10:25:00+00:00","dateModified":"2026-03-11T19:44:28+00:00","author":{"@id":"https:\/\/www.em.com.br\/emfoco\/#\/schema\/person\/0a8186d72f2c3a5c6276d90b41f271a0"},"description":"Acerte na cor do blush para rejuvenescer o rosto ap\u00f3s os 45 anos e recupere o vi\u00e7o da sua pele madura agora","breadcrumb":{"@id":"https:\/\/www.em.com.br\/emfoco\/2026\/03\/12\/as-cores-de-blush-que-deixam-o-rosto-mais-jovem-e-natural-apos-os-45\/#breadcrumb"},"inLanguage":"pt-BR","potentialAction":[{"@type":"ReadAction","target":["https:\/\/www.em.com.br\/emfoco\/2026\/03\/12\/as-cores-de-blush-que-deixam-o-rosto-mais-jovem-e-natural-apos-os-45\/"]}]},{"@type":"ImageObject","inLanguage":"pt-BR","@id":"https:\/\/www.em.com.br\/emfoco\/2026\/03\/12\/as-cores-de-blush-que-deixam-o-rosto-mais-jovem-e-natural-apos-os-45\/#primaryimage","url":"https:\/\/www.em.com.br\/emfoco\/wp-content\/uploads\/2026\/02\/Gemini_Generated_Image_cpu1nccpu1nccpu1-1.png","contentUrl":"https:\/\/www.em.com.br\/emfoco\/wp-content\/uploads\/2026\/02\/Gemini_Generated_Image_cpu1nccpu1nccpu1-1.png","width":1280,"height":720,"caption":"A sombra terracota virou queridinha porque d\u00e1 profundidade aos olhos sem deixar o visual carregado"},{"@type":"BreadcrumbList","@id":"https:\/\/www.em.com.br\/emfoco\/2026\/03\/12\/as-cores-de-blush-que-deixam-o-rosto-mais-jovem-e-natural-apos-os-45\/#breadcrumb","itemListElement":[{"@type":"ListItem","position":1,"name":"In\u00edcio","item":"https:\/\/www.em.com.br\/emfoco\/"},{"@type":"ListItem","position":2,"name":"As cores de blush que deixam o rosto mais jovem e natural ap\u00f3s os 45"}]},{"@type":"WebSite","@id":"https:\/\/www.em.com.br\/emfoco\/#website","url":"https:\/\/www.em.com.br\/emfoco\/","name":"Estado de Minas - Em foco","description":"Acompanhe as \u00faltimas not\u00edcias e fique bem informado sobre tudo o que acontece em Minas Gerais, Brasil e no mundo.","potentialAction":[{"@type":"SearchAction","target":{"@type":"EntryPoint","urlTemplate":"https:\/\/www.em.com.br\/emfoco\/?s={search_term_string}"},"query-input":{"@type":"PropertyValueSpecification","valueRequired":true,"valueName":"search_term_string"}}],"inLanguage":"pt-BR"},{"@type":"Person","@id":"https:\/\/www.em.com.br\/emfoco\/#\/schema\/person\/0a8186d72f2c3a5c6276d90b41f271a0","name":"Daniely Cardoso","image":{"@type":"ImageObject","inLanguage":"pt-BR","@id":"https:\/\/www.em.com.br\/emfoco\/#\/schema\/person\/image\/","url":"https:\/\/secure.gravatar.com\/avatar\/4b80ddbd124d1f071b626d52d62e5dff?s=96&d=mm&r=g","contentUrl":"https:\/\/secure.gravatar.com\/avatar\/4b80ddbd124d1f071b626d52d62e5dff?s=96&d=mm&r=g","caption":"Daniely Cardoso"},"url":"https:\/\/www.em.com.br\/emfoco\/author\/danielymyth\/"}]}},"_links":{"self":[{"href":"https:\/\/www.em.com.br\/emfoco\/wp-json\/wp\/v2\/posts\/180214","targetHints":{"allow":["GET"]}}],"collection":[{"href":"https:\/\/www.em.com.br\/emfoco\/wp-json\/wp\/v2\/posts"}],"about":[{"href":"https:\/\/www.em.com.br\/emfoco\/wp-json\/wp\/v2\/types\/post"}],"author":[{"embeddable":true,"href":"https:\/\/www.em.com.br\/emfoco\/wp-json\/wp\/v2\/users\/9"}],"replies":[{"embeddable":true,"href":"https:\/\/www.em.com.br\/emfoco\/wp-json\/wp\/v2\/comments?post=180214"}],"version-history":[{"count":2,"href":"https:\/\/www.em.com.br\/emfoco\/wp-json\/wp\/v2\/posts\/180214\/revisions"}],"predecessor-version":[{"id":180231,"href":"https:\/\/www.em.com.br\/emfoco\/wp-json\/wp\/v2\/posts\/180214\/revisions\/180231"}],"wp:featuredmedia":[{"embeddable":true,"href":"https:\/\/www.em.com.br\/emfoco\/wp-json\/wp\/v2\/media\/166344"}],"wp:attachment":[{"href":"https:\/\/www.em.com.br\/emfoco\/wp-json\/wp\/v2\/media?parent=180214"}],"wp:term":[{"taxonomy":"category","embeddable":true,"href":"https:\/\/www.em.com.br\/emfoco\/wp-json\/wp\/v2\/categories?post=180214"},{"taxonomy":"post_tag","embeddable":true,"href":"https:\/\/www.em.com.br\/emfoco\/wp-json\/wp\/v2\/tags?post=180214"}],"curies":[{"name":"wp","href":"https:\/\/api.w.org\/{rel}","templated":true}]}}