{"id":180206,"date":"2026-03-11T19:05:00","date_gmt":"2026-03-11T22:05:00","guid":{"rendered":"https:\/\/www.em.com.br\/emfoco\/?p=180206"},"modified":"2026-03-11T14:18:00","modified_gmt":"2026-03-11T17:18:00","slug":"adeus-aos-fogoes-de-inducao-em-2026-saiba-o-que-ira-substitui-lo-nas-cozinhas-de-todo-o-mundo","status":"publish","type":"post","link":"https:\/\/www.em.com.br\/emfoco\/2026\/03\/11\/adeus-aos-fogoes-de-inducao-em-2026-saiba-o-que-ira-substitui-lo-nas-cozinhas-de-todo-o-mundo\/","title":{"rendered":"Adeus aos fog\u00f5es de indu\u00e7\u00e3o em 2026! Saiba o que ir\u00e1 substitu\u00ed-lo nas cozinhas de todo o mundo"},"content":{"rendered":"\n<p>A <strong>cozinha moderna<\/strong> est\u00e1 passando por uma transforma\u00e7\u00e3o silenciosa, mas extremamente significativa. Durante anos, o <strong>fog\u00e3o de indu\u00e7\u00e3o<\/strong> foi visto como o s\u00edmbolo m\u00e1ximo de efici\u00eancia e modernidade no preparo dos alimentos. No entanto, <strong>novas tecnologias de cozinha<\/strong> come\u00e7am a surgir e prometem mudar novamente a forma como lidamos com o calor, os utens\u00edlios e o pr\u00f3prio design das cozinhas. A expectativa para os pr\u00f3ximos anos aponta para <strong>superf\u00edcies invis\u00edveis de aquecimento<\/strong>, que podem substituir os tradicionais sistemas de indu\u00e7\u00e3o e transformar completamente a experi\u00eancia culin\u00e1ria dentro de casa.<\/p>\n\n\n\n<h2 class=\"wp-block-heading\">Por que os fog\u00f5es de indu\u00e7\u00e3o podem deixar de ser a principal tecnologia da cozinha?<\/h2>\n\n\n\n<p>O <a href=\"https:\/\/pt.wikipedia.org\/wiki\/Fog%C3%A3o_por_indu%C3%A7%C3%A3o\" target=\"_blank\" rel=\"noreferrer noopener\"><strong>fog\u00e3o de indu\u00e7\u00e3o<\/strong> <\/a>conquistou espa\u00e7o por oferecer <strong>rapidez, seguran\u00e7a e efici\u00eancia energ\u00e9tica<\/strong>. Mesmo assim, a evolu\u00e7\u00e3o da tecnologia dom\u00e9stica continua avan\u00e7ando e novas solu\u00e7\u00f5es est\u00e3o surgindo para tornar a cozinha ainda mais integrada ao ambiente e ao mobili\u00e1rio.<\/p>\n\n\n\n<p>Entre as principais limita\u00e7\u00f5es apontadas por especialistas est\u00e3o a <strong>depend\u00eancia de panelas espec\u00edficas<\/strong> e o impacto visual que o equipamento ainda causa em <strong>cozinhas planejadas<\/strong>. Por isso, novas superf\u00edcies de aquecimento come\u00e7am a ganhar destaque.<\/p>\n\n\n\n<p>Alguns fatores explicam por que <strong>novas tecnologias de cozinha<\/strong> est\u00e3o surgindo como alternativas:<\/p>\n\n\n\n<ul class=\"wp-block-list\">\n<li>Busca por <strong>cozinhas mais minimalistas<\/strong> e integradas ao design do ambiente<\/li>\n\n\n\n<li>Interesse crescente por <strong>superf\u00edcies multifuncionais<\/strong> que servem para cozinhar e apoiar utens\u00edlios<\/li>\n\n\n\n<li>Evolu\u00e7\u00e3o de <strong>materiais resistentes ao calor<\/strong> e mais eficientes energeticamente<\/li>\n\n\n\n<li>Integra\u00e7\u00e3o com <strong>sistemas inteligentes e automa\u00e7\u00e3o dom\u00e9stica<\/strong><\/li>\n<\/ul>\n\n\n\n<h2 class=\"wp-block-heading\">O que s\u00e3o superf\u00edcies de indu\u00e7\u00e3o invis\u00edveis nas cozinhas modernas?<\/h2>\n\n\n\n<p>Uma das tecnologias mais comentadas atualmente \u00e9 a chamada <strong>indu\u00e7\u00e3o invis\u00edvel<\/strong>. Nesse modelo, o sistema de aquecimento fica instalado <strong>sob a <a href=\"https:\/\/www.em.com.br\/emfoco\/2025\/12\/22\/o-detalhe-que-transforma-uma-bancada-caotica-da-cozinha-em-um-espaco-funcional-e-bonito\/\" target=\"_blank\" rel=\"noreferrer noopener\">bancada da cozinha<\/a><\/strong>, geralmente feita de materiais como porcelanato ou <strong>pedra t\u00e9cnica resistente ao calor<\/strong>.<\/p>\n\n\n\n<p>Isso permite que o espa\u00e7o funcione como uma <strong>bancada comum<\/strong> quando n\u00e3o est\u00e1 em uso, mas se transforme em <strong>\u00e1rea de preparo<\/strong> quando a panela \u00e9 posicionada sobre os pontos de aquecimento.<\/p>\n\n\n\n<p>Esse tipo de solu\u00e7\u00e3o traz diversas vantagens para o ambiente dom\u00e9stico:<\/p>\n\n\n\n<ul class=\"wp-block-list\">\n<li><strong>Bancada totalmente livre<\/strong>, sem bocas aparentes<\/li>\n\n\n\n<li><strong>Maior aproveitamento do espa\u00e7o<\/strong> da cozinha<\/li>\n\n\n\n<li><strong>Est\u00e9tica moderna e minimalista<\/strong><\/li>\n\n\n\n<li><strong>Facilidade de limpeza<\/strong>, j\u00e1 que a superf\u00edcie \u00e9 cont\u00ednua<\/li>\n\n\n\n<li>Integra\u00e7\u00e3o com <strong>cozinhas planejadas e ilhas gourmet<\/strong><\/li>\n<\/ul>\n\n\n\n<figure class=\"wp-block-image size-large\"><img loading=\"lazy\" decoding=\"async\" width=\"1024\" height=\"576\" src=\"https:\/\/www.em.com.br\/emfoco\/wp-content\/uploads\/2026\/03\/X-2026-03-11T141420.037-1024x576.jpg\" alt=\"Adeus aos fog\u00f5es de indu\u00e7\u00e3o em 2026! Saiba o que ir\u00e1 substitu\u00ed-lo nas cozinhas de todo o mundo\" class=\"wp-image-180219\" srcset=\"https:\/\/www.em.com.br\/emfoco\/wp-content\/uploads\/2026\/03\/X-2026-03-11T141420.037-1024x576.jpg 1024w, https:\/\/www.em.com.br\/emfoco\/wp-content\/uploads\/2026\/03\/X-2026-03-11T141420.037-300x169.jpg 300w, https:\/\/www.em.com.br\/emfoco\/wp-content\/uploads\/2026\/03\/X-2026-03-11T141420.037-768x432.jpg 768w, https:\/\/www.em.com.br\/emfoco\/wp-content\/uploads\/2026\/03\/X-2026-03-11T141420.037-1536x864.jpg 1536w, https:\/\/www.em.com.br\/emfoco\/wp-content\/uploads\/2026\/03\/X-2026-03-11T141420.037-2048x1152.jpg 2048w, https:\/\/www.em.com.br\/emfoco\/wp-content\/uploads\/2026\/03\/X-2026-03-11T141420.037-750x422.jpg 750w, https:\/\/www.em.com.br\/emfoco\/wp-content\/uploads\/2026\/03\/X-2026-03-11T141420.037-1140x641.jpg 1140w\" sizes=\"auto, (max-width: 1024px) 100vw, 1024px\" \/><figcaption class=\"wp-element-caption\">Cozinhas modernas buscam design mais minimalista e integrado<\/figcaption><\/figure>\n\n\n\n<h2 class=\"wp-block-heading\">Como essa tecnologia pode transformar o design das cozinhas?<\/h2>\n\n\n\n<p>A <strong>cozinha contempor\u00e2nea<\/strong> deixou de ser apenas um espa\u00e7o funcional e passou a assumir papel central no conv\u00edvio da casa. Ambientes integrados com sala de estar e jantar exigem solu\u00e7\u00f5es cada vez mais <strong>discretas e sofisticadas<\/strong>.<\/p>\n\n\n\n<p>Com <strong>superf\u00edcies invis\u00edveis de aquecimento<\/strong>, o espa\u00e7o ganha uma apar\u00eancia muito mais elegante e organizada. A bancada deixa de ser dominada por equipamentos e passa a funcionar como uma <strong>extens\u00e3o natural da decora\u00e7\u00e3o<\/strong>.<\/p>\n\n\n\n<p>Entre as principais mudan\u00e7as que essa tecnologia pode trazer est\u00e3o:<\/p>\n\n\n\n<ul class=\"wp-block-list\">\n<li><strong>Cozinhas mais abertas e integradas<\/strong> ao restante da casa<\/li>\n\n\n\n<li><strong>Ilhas centrais multifuncionais<\/strong> para preparo e conviv\u00eancia<\/li>\n\n\n\n<li><strong>Redu\u00e7\u00e3o de equipamentos vis\u00edveis<\/strong> no ambiente<\/li>\n\n\n\n<li>Maior liberdade para <strong>projetos arquitet\u00f4nicos personalizados<\/strong><\/li>\n<\/ul>\n\n\n\n<h2 class=\"wp-block-heading\">Quais cuidados e limita\u00e7\u00f5es ainda existem nessa nova solu\u00e7\u00e3o?<\/h2>\n\n\n\n<p>Apesar do grande potencial, a <strong>tecnologia de indu\u00e7\u00e3o invis\u00edvel<\/strong> ainda est\u00e1 em processo de expans\u00e3o no mercado global. Como qualquer inova\u00e7\u00e3o recente, existem alguns fatores que precisam ser considerados antes de uma ado\u00e7\u00e3o em larga escala.<\/p>\n\n\n\n<p>O <strong>custo inicial<\/strong> tende a ser mais elevado e a instala\u00e7\u00e3o exige planejamento desde o <strong>projeto da cozinha<\/strong>. Al\u00e9m disso, alguns materiais de bancada s\u00e3o mais indicados que outros para garantir <strong>efici\u00eancia t\u00e9rmica e seguran\u00e7a<\/strong>.<\/p>\n\n\n\n<p>Entre os pontos que ainda exigem aten\u00e7\u00e3o est\u00e3o:<\/p>\n\n\n\n<ul class=\"wp-block-list\">\n<li><strong>Escolha correta do material da bancada<\/strong><\/li>\n\n\n\n<li><strong>Compatibilidade com panelas<\/strong> adequadas para indu\u00e7\u00e3o<\/li>\n\n\n\n<li><strong>Instala\u00e7\u00e3o feita por profissionais especializados<\/strong><\/li>\n\n\n\n<li><strong>Custo inicial mais alto<\/strong> em compara\u00e7\u00e3o a modelos tradicionais<\/li>\n<\/ul>\n\n\n\n<h2 class=\"wp-block-heading\">O fog\u00e3o de indu\u00e7\u00e3o realmente vai desaparecer das cozinhas?<\/h2>\n\n\n\n<p>Apesar do surgimento dessas novas solu\u00e7\u00f5es, \u00e9 improv\u00e1vel que o <strong>fog\u00e3o de indu\u00e7\u00e3o desapare\u00e7a<\/strong> completamente no curto prazo. Ele ainda oferece <strong>excelente desempenho, seguran\u00e7a e efici\u00eancia energ\u00e9tica<\/strong> para milh\u00f5es de cozinhas ao redor do mundo.<\/p>\n\n\n\n<p>O que se espera \u00e9 uma <strong>evolu\u00e7\u00e3o natural da tecnologia culin\u00e1ria<\/strong>. As cozinhas continuar\u00e3o incorporando solu\u00e7\u00f5es cada vez mais <strong>discretas, inteligentes e integradas<\/strong> ao design do ambiente.<\/p>\n\n\n\n<p>No futuro pr\u00f3ximo, \u00e9 poss\u00edvel que convivam diferentes formatos de preparo culin\u00e1rio, desde modelos tradicionais at\u00e9 <strong>superf\u00edcies invis\u00edveis<\/strong> e <strong>sistemas totalmente conectados<\/strong>. O resultado ser\u00e1 uma cozinha mais <strong>vers\u00e1til, elegante e adaptada ao estilo de vida contempor\u00e2neo<\/strong>.<\/p>\n","protected":false},"excerpt":{"rendered":"<p>A cozinha moderna est\u00e1 passando por uma transforma\u00e7\u00e3o silenciosa, mas extremamente significativa. Durante anos, o fog\u00e3o de indu\u00e7\u00e3o foi visto como o s\u00edmbolo m\u00e1ximo de efici\u00eancia e modernidade no preparo dos alimentos. No entanto, novas tecnologias de cozinha come\u00e7am a surgir e prometem mudar novamente a forma como lidamos com o calor, os utens\u00edlios e [&hellip;]<\/p>\n","protected":false},"author":28,"featured_media":180220,"comment_status":"open","ping_status":"open","sticky":false,"template":"","format":"standard","meta":{"jnews-multi-image_gallery":[],"jnews_single_post":{"format":"standard"},"jnews_primary_category":[],"jnews_social_meta":[],"jnews_override_counter":[],"footnotes":""},"categories":[8819],"tags":[10967,8347,26012,4705],"class_list":["post-180206","post","type-post","status-publish","format-standard","has-post-thumbnail","hentry","category-curiosidades","tag-cozinha-moderna","tag-fogao-de-inducao","tag-inducao-invisivel","tag-tecnologia-domestica"],"yoast_head":"<!-- This site is optimized with the Yoast SEO plugin v23.8 - https:\/\/yoast.com\/wordpress\/plugins\/seo\/ -->\n<title>Adeus aos fog\u00f5es de indu\u00e7\u00e3o em 2026! Saiba o que ir\u00e1 substitu\u00ed-lo nas cozinhas de todo o mundo - Estado de Minas - Em foco<\/title>\n<meta name=\"description\" content=\"Nova tecnologia de indu\u00e7\u00e3o invis\u00edvel promete transformar cozinhas e pode superar fog\u00f5es de indu\u00e7\u00e3o tradicionais.\" \/>\n<meta name=\"robots\" content=\"index, follow, max-snippet:-1, max-image-preview:large, max-video-preview:-1\" \/>\n<link rel=\"canonical\" href=\"https:\/\/www.em.com.br\/emfoco\/2026\/03\/11\/adeus-aos-fogoes-de-inducao-em-2026-saiba-o-que-ira-substitui-lo-nas-cozinhas-de-todo-o-mundo\/\" \/>\n<meta property=\"og:locale\" content=\"pt_BR\" \/>\n<meta property=\"og:type\" content=\"article\" \/>\n<meta property=\"og:title\" content=\"Adeus aos fog\u00f5es de indu\u00e7\u00e3o em 2026! Saiba o que ir\u00e1 substitu\u00ed-lo nas cozinhas de todo o mundo - Estado de Minas - Em foco\" \/>\n<meta property=\"og:description\" content=\"Nova tecnologia de indu\u00e7\u00e3o invis\u00edvel promete transformar cozinhas e pode superar fog\u00f5es de indu\u00e7\u00e3o tradicionais.\" \/>\n<meta property=\"og:url\" content=\"https:\/\/www.em.com.br\/emfoco\/2026\/03\/11\/adeus-aos-fogoes-de-inducao-em-2026-saiba-o-que-ira-substitui-lo-nas-cozinhas-de-todo-o-mundo\/\" \/>\n<meta property=\"og:site_name\" content=\"Estado de Minas - Em foco\" \/>\n<meta property=\"article:published_time\" content=\"2026-03-11T22:05:00+00:00\" \/>\n<meta property=\"article:modified_time\" content=\"2026-03-11T17:18:00+00:00\" \/>\n<meta property=\"og:image\" content=\"https:\/\/www.em.com.br\/emfoco\/wp-content\/uploads\/2026\/03\/X-2026-03-11T141402.452.jpg\" \/>\n\t<meta property=\"og:image:width\" content=\"2560\" \/>\n\t<meta property=\"og:image:height\" content=\"1440\" \/>\n\t<meta property=\"og:image:type\" content=\"image\/jpeg\" \/>\n<meta name=\"author\" content=\"Elis Gabrielle Santos Souza\" \/>\n<meta name=\"twitter:card\" content=\"summary_large_image\" \/>\n<meta name=\"twitter:label1\" content=\"Escrito por\" \/>\n\t<meta name=\"twitter:data1\" content=\"Elis Gabrielle Santos Souza\" \/>\n\t<meta name=\"twitter:label2\" content=\"Est. tempo de leitura\" \/>\n\t<meta name=\"twitter:data2\" content=\"5 minutos\" \/>\n<!-- \/ Yoast SEO plugin. -->","yoast_head_json":{"title":"Adeus aos fog\u00f5es de indu\u00e7\u00e3o em 2026! Saiba o que ir\u00e1 substitu\u00ed-lo nas cozinhas de todo o mundo - Estado de Minas - Em foco","description":"Nova tecnologia de indu\u00e7\u00e3o invis\u00edvel promete transformar cozinhas e pode superar fog\u00f5es de indu\u00e7\u00e3o tradicionais.","robots":{"index":"index","follow":"follow","max-snippet":"max-snippet:-1","max-image-preview":"max-image-preview:large","max-video-preview":"max-video-preview:-1"},"canonical":"https:\/\/www.em.com.br\/emfoco\/2026\/03\/11\/adeus-aos-fogoes-de-inducao-em-2026-saiba-o-que-ira-substitui-lo-nas-cozinhas-de-todo-o-mundo\/","og_locale":"pt_BR","og_type":"article","og_title":"Adeus aos fog\u00f5es de indu\u00e7\u00e3o em 2026! Saiba o que ir\u00e1 substitu\u00ed-lo nas cozinhas de todo o mundo - Estado de Minas - Em foco","og_description":"Nova tecnologia de indu\u00e7\u00e3o invis\u00edvel promete transformar cozinhas e pode superar fog\u00f5es de indu\u00e7\u00e3o tradicionais.","og_url":"https:\/\/www.em.com.br\/emfoco\/2026\/03\/11\/adeus-aos-fogoes-de-inducao-em-2026-saiba-o-que-ira-substitui-lo-nas-cozinhas-de-todo-o-mundo\/","og_site_name":"Estado de Minas - Em foco","article_published_time":"2026-03-11T22:05:00+00:00","article_modified_time":"2026-03-11T17:18:00+00:00","og_image":[{"width":2560,"height":1440,"url":"https:\/\/www.em.com.br\/emfoco\/wp-content\/uploads\/2026\/03\/X-2026-03-11T141402.452.jpg","type":"image\/jpeg"}],"author":"Elis Gabrielle Santos Souza","twitter_card":"summary_large_image","twitter_misc":{"Escrito por":"Elis Gabrielle Santos Souza","Est. tempo de leitura":"5 minutos"},"schema":{"@context":"https:\/\/schema.org","@graph":[{"@type":"WebPage","@id":"https:\/\/www.em.com.br\/emfoco\/2026\/03\/11\/adeus-aos-fogoes-de-inducao-em-2026-saiba-o-que-ira-substitui-lo-nas-cozinhas-de-todo-o-mundo\/","url":"https:\/\/www.em.com.br\/emfoco\/2026\/03\/11\/adeus-aos-fogoes-de-inducao-em-2026-saiba-o-que-ira-substitui-lo-nas-cozinhas-de-todo-o-mundo\/","name":"Adeus aos fog\u00f5es de indu\u00e7\u00e3o em 2026! Saiba o que ir\u00e1 substitu\u00ed-lo nas cozinhas de todo o mundo - Estado de Minas - Em foco","isPartOf":{"@id":"https:\/\/www.em.com.br\/emfoco\/#website"},"primaryImageOfPage":{"@id":"https:\/\/www.em.com.br\/emfoco\/2026\/03\/11\/adeus-aos-fogoes-de-inducao-em-2026-saiba-o-que-ira-substitui-lo-nas-cozinhas-de-todo-o-mundo\/#primaryimage"},"image":{"@id":"https:\/\/www.em.com.br\/emfoco\/2026\/03\/11\/adeus-aos-fogoes-de-inducao-em-2026-saiba-o-que-ira-substitui-lo-nas-cozinhas-de-todo-o-mundo\/#primaryimage"},"thumbnailUrl":"https:\/\/www.em.com.br\/emfoco\/wp-content\/uploads\/2026\/03\/X-2026-03-11T141402.452.jpg","datePublished":"2026-03-11T22:05:00+00:00","dateModified":"2026-03-11T17:18:00+00:00","author":{"@id":"https:\/\/www.em.com.br\/emfoco\/#\/schema\/person\/0c545bffa944f9caa147d776b5f6f1f5"},"description":"Nova tecnologia de indu\u00e7\u00e3o invis\u00edvel promete transformar cozinhas e pode superar fog\u00f5es de indu\u00e7\u00e3o tradicionais.","breadcrumb":{"@id":"https:\/\/www.em.com.br\/emfoco\/2026\/03\/11\/adeus-aos-fogoes-de-inducao-em-2026-saiba-o-que-ira-substitui-lo-nas-cozinhas-de-todo-o-mundo\/#breadcrumb"},"inLanguage":"pt-BR","potentialAction":[{"@type":"ReadAction","target":["https:\/\/www.em.com.br\/emfoco\/2026\/03\/11\/adeus-aos-fogoes-de-inducao-em-2026-saiba-o-que-ira-substitui-lo-nas-cozinhas-de-todo-o-mundo\/"]}]},{"@type":"ImageObject","inLanguage":"pt-BR","@id":"https:\/\/www.em.com.br\/emfoco\/2026\/03\/11\/adeus-aos-fogoes-de-inducao-em-2026-saiba-o-que-ira-substitui-lo-nas-cozinhas-de-todo-o-mundo\/#primaryimage","url":"https:\/\/www.em.com.br\/emfoco\/wp-content\/uploads\/2026\/03\/X-2026-03-11T141402.452.jpg","contentUrl":"https:\/\/www.em.com.br\/emfoco\/wp-content\/uploads\/2026\/03\/X-2026-03-11T141402.452.jpg","width":2560,"height":1440,"caption":"O fog\u00e3o de indu\u00e7\u00e3o se popularizou pela efici\u00eancia energ\u00e9tica"},{"@type":"BreadcrumbList","@id":"https:\/\/www.em.com.br\/emfoco\/2026\/03\/11\/adeus-aos-fogoes-de-inducao-em-2026-saiba-o-que-ira-substitui-lo-nas-cozinhas-de-todo-o-mundo\/#breadcrumb","itemListElement":[{"@type":"ListItem","position":1,"name":"In\u00edcio","item":"https:\/\/www.em.com.br\/emfoco\/"},{"@type":"ListItem","position":2,"name":"Adeus aos fog\u00f5es de indu\u00e7\u00e3o em 2026! Saiba o que ir\u00e1 substitu\u00ed-lo nas cozinhas de todo o mundo"}]},{"@type":"WebSite","@id":"https:\/\/www.em.com.br\/emfoco\/#website","url":"https:\/\/www.em.com.br\/emfoco\/","name":"Estado de Minas - Em foco","description":"Acompanhe as \u00faltimas not\u00edcias e fique bem informado sobre tudo o que acontece em Minas Gerais, Brasil e no mundo.","potentialAction":[{"@type":"SearchAction","target":{"@type":"EntryPoint","urlTemplate":"https:\/\/www.em.com.br\/emfoco\/?s={search_term_string}"},"query-input":{"@type":"PropertyValueSpecification","valueRequired":true,"valueName":"search_term_string"}}],"inLanguage":"pt-BR"},{"@type":"Person","@id":"https:\/\/www.em.com.br\/emfoco\/#\/schema\/person\/0c545bffa944f9caa147d776b5f6f1f5","name":"Elis Gabrielle Santos Souza","image":{"@type":"ImageObject","inLanguage":"pt-BR","@id":"https:\/\/www.em.com.br\/emfoco\/#\/schema\/person\/image\/","url":"https:\/\/secure.gravatar.com\/avatar\/1dc86c254cebb74d9c8a14da612c52db?s=96&d=mm&r=g","contentUrl":"https:\/\/secure.gravatar.com\/avatar\/1dc86c254cebb74d9c8a14da612c52db?s=96&d=mm&r=g","caption":"Elis Gabrielle Santos Souza"},"sameAs":["https:\/\/www.em.com.br\/emfoco"],"url":"https:\/\/www.em.com.br\/emfoco\/author\/elis-myth\/"}]}},"_links":{"self":[{"href":"https:\/\/www.em.com.br\/emfoco\/wp-json\/wp\/v2\/posts\/180206","targetHints":{"allow":["GET"]}}],"collection":[{"href":"https:\/\/www.em.com.br\/emfoco\/wp-json\/wp\/v2\/posts"}],"about":[{"href":"https:\/\/www.em.com.br\/emfoco\/wp-json\/wp\/v2\/types\/post"}],"author":[{"embeddable":true,"href":"https:\/\/www.em.com.br\/emfoco\/wp-json\/wp\/v2\/users\/28"}],"replies":[{"embeddable":true,"href":"https:\/\/www.em.com.br\/emfoco\/wp-json\/wp\/v2\/comments?post=180206"}],"version-history":[{"count":1,"href":"https:\/\/www.em.com.br\/emfoco\/wp-json\/wp\/v2\/posts\/180206\/revisions"}],"predecessor-version":[{"id":180227,"href":"https:\/\/www.em.com.br\/emfoco\/wp-json\/wp\/v2\/posts\/180206\/revisions\/180227"}],"wp:featuredmedia":[{"embeddable":true,"href":"https:\/\/www.em.com.br\/emfoco\/wp-json\/wp\/v2\/media\/180220"}],"wp:attachment":[{"href":"https:\/\/www.em.com.br\/emfoco\/wp-json\/wp\/v2\/media?parent=180206"}],"wp:term":[{"taxonomy":"category","embeddable":true,"href":"https:\/\/www.em.com.br\/emfoco\/wp-json\/wp\/v2\/categories?post=180206"},{"taxonomy":"post_tag","embeddable":true,"href":"https:\/\/www.em.com.br\/emfoco\/wp-json\/wp\/v2\/tags?post=180206"}],"curies":[{"name":"wp","href":"https:\/\/api.w.org\/{rel}","templated":true}]}}