{"id":180202,"date":"2026-03-11T11:25:00","date_gmt":"2026-03-11T14:25:00","guid":{"rendered":"https:\/\/www.em.com.br\/emfoco\/?p=180202"},"modified":"2026-03-11T15:38:58","modified_gmt":"2026-03-11T18:38:58","slug":"o-caribe-brasileiro-tem-longos-22-km-de-litoral-e-piscinas-naturais-tao-transparentes-que-parecem-montagem","status":"publish","type":"post","link":"https:\/\/www.em.com.br\/emfoco\/2026\/03\/11\/o-caribe-brasileiro-tem-longos-22-km-de-litoral-e-piscinas-naturais-tao-transparentes-que-parecem-montagem\/","title":{"rendered":"O Caribe Brasileiro tem longos 22 km de litoral e piscinas naturais t\u00e3o transparentes que parecem montagem"},"content":{"rendered":"\n<p>A \u00e1gua muda de tom a cada metro de jangada. De verde-esmeralda a azul-turquesa, o mar de <strong>Maragogi<\/strong> entrega o cart\u00e3o-postal antes mesmo de o visitante pisar na areia. No litoral norte de <strong>Alagoas<\/strong>, a 130 km de <strong>Macei\u00f3<\/strong>, essa cidade de pouco mais de 32 mil habitantes concentra recifes de coral, bancos de areia que emergem na mar\u00e9 baixa e praias t\u00e3o calmas que parecem lagoas.<\/p>\n\n\n\n<h2 class=\"wp-block-heading\">Da Vila Isabel ao rio dos gatos-do-mato<\/h2>\n\n\n\n<p>O nome Maragogi vem do tupi antigo <em>marag\u00fba\u00f3\u00eey<\/em>, que significa \u201crio dos gatos-do-mato\u201d. A cidade nasceu como um povoado de pescadores chamado <strong>Gamela<\/strong>, foi rebatizada de <strong>Vila Isabel<\/strong> em homenagem \u00e0 princesa e s\u00f3 recebeu o nome atual em <strong>1892<\/strong>, quando se emancipou de <strong>Porto Calvo<\/strong>.<\/p>\n\n\n\n<p>Antes do turismo, houve guerra. Moradores da antiga vila impediram duas tentativas de desembarque holand\u00eas no litoral alagoano. Maragogi tamb\u00e9m serviu de palco para a <strong>Guerra dos Cabanos<\/strong>, movimento armado iniciado em 1832 na praia de <strong>Barra Grande<\/strong>. Em 2010, oper\u00e1rios encontraram uma mina naval da <strong>Segunda Guerra Mundial<\/strong> enterrada a 70 cm de profundidade sob a avenida principal da cidade. O artefato foi detonado pela <strong>Marinha do Brasil<\/strong> na foz do rio Maragogi, e a explos\u00e3o foi ouvida at\u00e9 a vizinha <strong>Japaratinga<\/strong>.<\/p>\n\n\n<div class=\"wp-block-image\">\n<figure class=\"aligncenter size-large\"><img loading=\"lazy\" decoding=\"async\" width=\"1024\" height=\"576\" src=\"https:\/\/www.em.com.br\/emfoco\/wp-content\/uploads\/2026\/01\/Maragogi-_1769785326405-1024x576.jpg\" alt=\"\" class=\"wp-image-162436\" srcset=\"https:\/\/www.em.com.br\/emfoco\/wp-content\/uploads\/2026\/01\/Maragogi-_1769785326405-1024x576.jpg 1024w, https:\/\/www.em.com.br\/emfoco\/wp-content\/uploads\/2026\/01\/Maragogi-_1769785326405-300x169.jpg 300w, https:\/\/www.em.com.br\/emfoco\/wp-content\/uploads\/2026\/01\/Maragogi-_1769785326405-768x432.jpg 768w, https:\/\/www.em.com.br\/emfoco\/wp-content\/uploads\/2026\/01\/Maragogi-_1769785326405-750x422.jpg 750w, https:\/\/www.em.com.br\/emfoco\/wp-content\/uploads\/2026\/01\/Maragogi-_1769785326405-1140x641.jpg 1140w, https:\/\/www.em.com.br\/emfoco\/wp-content\/uploads\/2026\/01\/Maragogi-_1769785326405.jpg 1280w\" sizes=\"auto, (max-width: 1024px) 100vw, 1024px\" \/><figcaption class=\"wp-element-caption\">Maragogi encanta com o Caminho de Mois\u00e9s e a segunda maior barreira de corais do mundo \/\/ Cr\u00e9ditos: depositphotos.com \/ Cristian_Lourenco<\/figcaption><\/figure><\/div>\n\n\n<h2 class=\"wp-block-heading\">Por que as Gal\u00e9s atraem milhares de visitantes por ano?<\/h2>\n\n\n\n<p>Porque formam um aqu\u00e1rio natural a c\u00e9u aberto. As <strong>Gal\u00e9s de Maragogi<\/strong> s\u00e3o recifes de coral que, na mar\u00e9 baixa, criam piscinas rasas de \u00e1gua cristalina a 6 km da costa. O trajeto de catamar\u00e3 dura cerca de 30 minutos. S\u00e3o tr\u00eas \u00e1reas de visita\u00e7\u00e3o: Gal\u00e9s, <strong>Taocas<\/strong> e Barra Grande. O n\u00famero de visitantes por dia \u00e9 controlado pelo <a href=\"https:\/\/www.icmbio.gov.br\/apacostadoscorais\/\" target=\"_blank\" rel=\"noreferrer noopener\"><strong>ICMBio<\/strong><\/a>, j\u00e1 que toda a regi\u00e3o faz parte da <strong>\u00c1rea de Prote\u00e7\u00e3o Ambiental Costa dos Corais (APACC)<\/strong>, a maior unidade de conserva\u00e7\u00e3o federal marinha costeira do pa\u00eds, com mais de 400 mil hectares.<\/p>\n\n\n\n<p>Para aproveitar o passeio, consulte a t\u00e1bua de mar\u00e9s. Os melhores dias coincidem com luas cheia e nova, quando o n\u00edvel da \u00e1gua cai mais e a visibilidade dos corais e peixes aumenta.<\/p>\n\n\n<div class=\"wp-block-image\">\n<figure class=\"aligncenter size-large\"><img loading=\"lazy\" decoding=\"async\" width=\"1024\" height=\"576\" src=\"https:\/\/www.em.com.br\/emfoco\/wp-content\/uploads\/2026\/01\/Maragogi-_1769785524360-1024x576.jpg\" alt=\"\" class=\"wp-image-162437\" srcset=\"https:\/\/www.em.com.br\/emfoco\/wp-content\/uploads\/2026\/01\/Maragogi-_1769785524360-1024x576.jpg 1024w, https:\/\/www.em.com.br\/emfoco\/wp-content\/uploads\/2026\/01\/Maragogi-_1769785524360-300x169.jpg 300w, https:\/\/www.em.com.br\/emfoco\/wp-content\/uploads\/2026\/01\/Maragogi-_1769785524360-768x432.jpg 768w, https:\/\/www.em.com.br\/emfoco\/wp-content\/uploads\/2026\/01\/Maragogi-_1769785524360-750x422.jpg 750w, https:\/\/www.em.com.br\/emfoco\/wp-content\/uploads\/2026\/01\/Maragogi-_1769785524360-1140x641.jpg 1140w, https:\/\/www.em.com.br\/emfoco\/wp-content\/uploads\/2026\/01\/Maragogi-_1769785524360.jpg 1280w\" sizes=\"auto, (max-width: 1024px) 100vw, 1024px\" \/><figcaption class=\"wp-element-caption\">Maragogi: o Caribe Brasileiro onde o mar vira piscina sobre recifes gigantes \/\/ Cr\u00e9ditos: depositphotos.com \/ mrmello63@gmail.com<\/figcaption><\/figure><\/div>\n\n\n<p><strong>Leia tamb\u00e9m: <a href=\"https:\/\/www.em.com.br\/emfoco\/2026\/03\/08\/a-vila-onde-nao-ha-bancos-nao-ha-asfalto-e-nao-ha-postes-de-luz-so-o-brilho-da-lua-sobre-as-praias-mais-bonitas-do-planeta\/\" target=\"_blank\" rel=\"noreferrer noopener\">A vila onde n\u00e3o h\u00e1 bancos, n\u00e3o h\u00e1 asfalto e n\u00e3o h\u00e1 postes de luz: s\u00f3 o brilho da lua sobre as praias mais bonitas do planeta<\/a><\/strong><\/p>\n\n\n\n<h2 class=\"wp-block-heading\">Quais praias e passeios n\u00e3o podem ficar de fora?<\/h2>\n\n\n\n<p>Maragogi concentra 22 km de litoral entre coqueirais e \u00e1guas mornas. Algumas atra\u00e7\u00f5es ficam a menos de 15 minutos do centro.<\/p>\n\n\n\n<ul class=\"wp-block-list has-medium-font-size\">\n<li><strong>Praia de Antunes<\/strong>: areia branca e mar raso com bancos de areia em alto-mar, ideais para fotos. Proibida a passagem de buggies desde a cria\u00e7\u00e3o da faixa exclusiva para pedestres.<\/li>\n\n\n\n<li><strong>Praia de Barra Grande<\/strong>: na mar\u00e9 baixa, o banco de areia conhecido como <strong>Caminho de Mois\u00e9s<\/strong> emerge e permite caminhar mar adentro.<\/li>\n\n\n\n<li><strong>Croa de S\u00e3o Bento<\/strong>: ilha de corais acess\u00edvel de jangada a motor, a 2 km da costa. Passeio mais tranquilo e reservado, dentro da APA Costa dos Corais.<\/li>\n\n\n\n<li><strong>Bike aqu\u00e1tica<\/strong>: expedi\u00e7\u00e3o de cerca de 1h30 sobre bicicletas flutuantes, com sa\u00edda da <strong>Praia de Ponta de Mangue<\/strong>. Experi\u00eancia exclusiva da regi\u00e3o.<\/li>\n\n\n\n<li><strong>Passeio de buggy<\/strong>: roteiro de 3 horas pelo litoral norte, passando por Burgalhau, Barra Grande, <strong>Xar\u00e9u<\/strong> e Ponta de Mangue.<\/li>\n<\/ul>\n\n\n\n<p>Quem busca o para\u00edso no <strong>Nordeste<\/strong>, vai curtir esse v\u00eddeo especialmente selecionado do canal <strong>Partiu de F\u00e9rias<\/strong>, que conta com mais de <strong>82 mil<\/strong> visualiza\u00e7\u00f5es, onde s\u00e3o apresentados 10 motivos para conhecer <strong>Maragogi<\/strong>, em <strong>Alagoas<\/strong>, incluindo as famosas piscinas naturais e o <strong>Caminho de Mois\u00e9s<\/strong>:<\/p>\n\n\n\n<figure class=\"wp-block-embed is-type-video is-provider-youtube wp-block-embed-youtube wp-embed-aspect-16-9 wp-has-aspect-ratio\"><div class=\"wp-block-embed__wrapper\">\n<div class=\"jeg_video_container jeg_video_content\"><iframe loading=\"lazy\" title=\"Maragogi Alagoas 2026: 10 Motivos Para Conhecer o Destino Mais Lindo do Brasil!\" width=\"500\" height=\"281\" src=\"https:\/\/www.youtube.com\/embed\/YX3KTQzyDfg?feature=oembed\" frameborder=\"0\" allow=\"accelerometer; autoplay; clipboard-write; encrypted-media; gyroscope; picture-in-picture; web-share\" referrerpolicy=\"strict-origin-when-cross-origin\" allowfullscreen><\/iframe><\/div>\n<\/div><\/figure>\n\n\n\n<h2 class=\"wp-block-heading\">A maior barreira de corais costeiros do Brasil protege esse litoral<\/h2>\n\n\n\n<p>A APACC se estende de <strong>Tamandar\u00e9<\/strong>, no litoral sul de <strong>Pernambuco<\/strong>, at\u00e9 <strong>Paripueira<\/strong>, em Alagoas. S\u00e3o cerca de 120 km de praias e manguezais sob prote\u00e7\u00e3o federal desde <strong>1997<\/strong>. Maragogi \u00e9 um dos oito munic\u00edpios alagoanos dentro dessa unidade de conserva\u00e7\u00e3o.<\/p>\n\n\n\n<p>Al\u00e9m dos recifes, a \u00e1rea abriga esp\u00e9cies amea\u00e7adas como o peixe-boi marinho e tartarugas. Na vizinha <strong>Porto de Pedras<\/strong>, a <strong>Associa\u00e7\u00e3o Peixe-Boi<\/strong> oferece atividades de educa\u00e7\u00e3o ambiental e observa\u00e7\u00e3o desses mam\u00edferos. \u00c9 um bate-volta f\u00e1cil para quem est\u00e1 em Maragogi.<\/p>\n\n\n\n<p><strong>Leia tamb\u00e9m: <a href=\"https:\/\/www.em.com.br\/emfoco\/2026\/03\/04\/uma-montanha-1-385-metros-desapareceu-a-cidade-mineira-a-2-horas-de-belo-horizonte-onde-a-paisagem-valia-menos-que-os-lucros-e-o-maior-poeta-brasileiro-nasceu\/\" target=\"_blank\" rel=\"noreferrer noopener\">Uma montanha de 1.385 metros desapareceu, a cidade mineira a 2 horas de Belo Horizonte onde a paisagem valia menos que os lucros e o maior poeta brasileiro nasceu<\/a><\/strong><\/p>\n\n\n\n<h2 class=\"wp-block-heading\">Quando ir a Maragogi para pegar o mar perfeito?<\/h2>\n\n\n\n<p>O calor \u00e9 constante o ano todo, com temperatura m\u00e9dia em torno de 27\u00b0C. A diferen\u00e7a est\u00e1 nas chuvas e na mar\u00e9, que definem a qualidade dos passeios.<\/p>\n\n\n\n<style>\n    .card-interativo {\n        transition: transform 0.15s ease-in-out, box-shadow 0.15s ease-in-out;\n        cursor: pointer;\n    }\n    .card-interativo:hover {\n        transform: translateY(-4px);\n    }\n    .card-interativo:active {\n        transform: scale(0.96);\n    }\n<\/style>\n<div class=\"google-auto-ads-ignore\" style=\"box-sizing: border-box; display: flex; flex-direction: column; width: 100%; max-width: 900px; margin: 30px auto; font-family: 'Segoe UI', Roboto, Helvetica, Arial, sans-serif; clear: both;\">\n    <div style=\"display: flex; flex-wrap: wrap; gap: 15px;\">\n        \n        <div class=\"card-interativo\" style=\"flex: 1 1 calc(25% - 15px); min-width: 200px; border: 1px solid #e1e6ef; border-top: 4px solid #1a2a57; border-radius: 8px; padding: 20px; background: #fff; box-sizing: border-box; box-shadow: 0 4px 10px rgba(26, 42, 87, 0.05); display: flex; flex-direction: column;\">\n            <div style=\"display: flex; align-items: center; justify-content: center; gap: 8px; margin-bottom: 20px;\">\n                <span style=\"font-size: 22px; line-height: 1;\">\u2600\ufe0f<\/span>\n                <strong style=\"color: #1a2a57; font-size: 16px; text-transform: uppercase;\">Ver\u00e3o<\/strong>\n            <\/div>\n            <div style=\"margin-bottom: auto;\">\n                <div style=\"text-align: center; font-size: 11px; font-weight: 800; color: #111c3a; text-transform: uppercase; margin-bottom: 5px;\">Dezembro &#8211; Fevereiro<\/div>\n                <div style=\"text-align: center; font-size: 26px; font-weight: 900; color: #1a2a57; margin-bottom: 10px;\">23\u00b0C a 31\u00b0C<\/div>\n                <div style=\"text-align: center; font-size: 13px; color: #555; line-height: 1.5; margin-bottom: 15px;\">A alt\u00edssima temporada ferve as areias! O tempo \u00e9 seco e o mar fica perfeito para as famosas <strong>piscinas naturais (Gal\u00e9s) e praias<\/strong>. <em>Evite ir sem agendar os passeios com anteced\u00eancia e consulte sempre a t\u00e1bua de mar\u00e9s!<\/em><\/div>\n            <\/div>\n            <div style=\"text-align: center;\">\n                <span style=\"display: inline-block; background: #1a2a57; color: #fff; font-size: 10px; font-weight: 800; padding: 6px 12px; border-radius: 20px; text-transform: uppercase; line-height: 1.4;\">\u2b50 Alta Temporada<\/span>\n            <\/div>\n        <\/div>\n\n        <div class=\"card-interativo\" style=\"flex: 1 1 calc(25% - 15px); min-width: 200px; border: 1px solid #e1e6ef; border-top: 4px solid #1a2a57; border-radius: 8px; padding: 20px; background: #fff; box-sizing: border-box; box-shadow: 0 4px 10px rgba(26, 42, 87, 0.05); display: flex; flex-direction: column;\">\n            <div style=\"display: flex; align-items: center; justify-content: center; gap: 8px; margin-bottom: 20px;\">\n                <span style=\"font-size: 22px; line-height: 1;\">\ud83c\udf42<\/span>\n                <strong style=\"color: #1a2a57; font-size: 16px; text-transform: uppercase;\">Outono<\/strong>\n            <\/div>\n            <div style=\"margin-bottom: auto;\">\n                <div style=\"text-align: center; font-size: 11px; font-weight: 800; color: #111c3a; text-transform: uppercase; margin-bottom: 5px;\">Mar\u00e7o &#8211; Maio<\/div>\n                <div style=\"text-align: center; font-size: 26px; font-weight: 900; color: #1a2a57; margin-bottom: 10px;\">22\u00b0C a 30\u00b0C<\/div>\n                <div style=\"text-align: center; font-size: 13px; color: #555; line-height: 1.5; margin-bottom: 15px;\">As chuvas come\u00e7am a dar as caras, mas o calor\u00e3o continua firme. \u00c9poca excelente, enquanto o mar ainda est\u00e1 claro, para praticar <strong>mergulho e curtir deliciosos passeios de jangada<\/strong>.<\/div>\n            <\/div>\n            <div style=\"text-align: center;\">\n                <span style=\"display: inline-block; background: #f0f4f8; color: #1a2a57; font-size: 10px; font-weight: 800; padding: 6px 12px; border-radius: 20px; text-transform: uppercase; border: 1px solid #e1e6ef; line-height: 1.4;\">\u2601\ufe0f Chuva M\u00e9dia<\/span>\n            <\/div>\n        <\/div>\n\n        <div class=\"card-interativo\" style=\"flex: 1 1 calc(25% - 15px); min-width: 200px; border: 1px solid #e1e6ef; border-top: 4px solid #1a2a57; border-radius: 8px; padding: 20px; background: #fff; box-sizing: border-box; box-shadow: 0 4px 10px rgba(26, 42, 87, 0.05); display: flex; flex-direction: column;\">\n            <div style=\"display: flex; align-items: center; justify-content: center; gap: 8px; margin-bottom: 20px;\">\n                <span style=\"font-size: 22px; line-height: 1;\">\u2744\ufe0f<\/span>\n                <strong style=\"color: #1a2a57; font-size: 16px; text-transform: uppercase;\">Inverno<\/strong>\n            <\/div>\n            <div style=\"margin-bottom: auto;\">\n                <div style=\"text-align: center; font-size: 11px; font-weight: 800; color: #111c3a; text-transform: uppercase; margin-bottom: 5px;\">Junho &#8211; Agosto<\/div>\n                <div style=\"text-align: center; font-size: 26px; font-weight: 900; color: #1a2a57; margin-bottom: 10px;\">20\u00b0C a 27\u00b0C<\/div>\n                <div style=\"text-align: center; font-size: 13px; color: #555; line-height: 1.5; margin-bottom: 15px;\"><em>Aten\u00e7\u00e3o:<\/em> as fortes chuvas dessa \u00e9poca revolvem a areia e tiram a cor azul-turquesa da \u00e1gua! O grande atrativo da esta\u00e7\u00e3o acaba sendo focar nos <strong>pre\u00e7os baixos e nas praias vazias<\/strong>.<\/div>\n            <\/div>\n            <div style=\"text-align: center;\">\n                <span style=\"display: inline-block; background: #f0f4f8; color: #1a2a57; font-size: 10px; font-weight: 800; padding: 6px 12px; border-radius: 20px; text-transform: uppercase; border: 1px solid #e1e6ef; line-height: 1.4;\">\u2614 Chuva Alta<\/span>\n            <\/div>\n        <\/div>\n\n        <div class=\"card-interativo\" style=\"flex: 1 1 calc(25% - 15px); min-width: 200px; border: 2px solid #1a2a57; border-radius: 8px; padding: 20px; background: #f0f4f8; box-sizing: border-box; box-shadow: 0 4px 10px rgba(26, 42, 87, 0.1); display: flex; flex-direction: column;\">\n            <div style=\"display: flex; align-items: center; justify-content: center; gap: 8px; margin-bottom: 20px;\">\n                <span style=\"font-size: 22px; line-height: 1;\">\ud83c\udf38<\/span>\n                <strong style=\"color: #1a2a57; font-size: 16px; text-transform: uppercase;\">Primavera<\/strong>\n            <\/div>\n            <div style=\"margin-bottom: auto;\">\n                <div style=\"text-align: center; font-size: 11px; font-weight: 800; color: #111c3a; text-transform: uppercase; margin-bottom: 5px;\">Setembro &#8211; Novembro<\/div>\n                <div style=\"text-align: center; font-size: 26px; font-weight: 900; color: #1a2a57; margin-bottom: 10px;\">22\u00b0C a 30\u00b0C<\/div>\n                <div style=\"text-align: center; font-size: 13px; color: #555; line-height: 1.5; margin-bottom: 15px;\">A grande sacada para conhecer o destino! O tempo seca, a \u00e1gua volta a ficar cristalina e a cidade ainda n\u00e3o lotou. Sem d\u00favidas, a <strong>melhor \u00e9poca geral para todos os passeios<\/strong>.<\/div>\n            <\/div>\n            <div style=\"text-align: center;\">\n                <span style=\"display: inline-block; background: #1a2a57; color: #fff; font-size: 10px; font-weight: 800; padding: 6px 12px; border-radius: 20px; text-transform: uppercase; line-height: 1.4;\">\ud83c\udf92 Melhor \u00c9poca<\/span>\n            <\/div>\n        <\/div>\n        \n    <\/div>\n<\/div>\n\n\n\n<p><em>Temperaturas aproximadas com base no <a href=\"https:\/\/www.climatempo.com.br\/previsao-do-tempo\/cidade\/713\/maragogi-al\" target=\"_blank\" rel=\"noreferrer noopener\"><strong>Climatempo<\/strong><\/a>. Condi\u00e7\u00f5es podem variar conforme a t\u00e1bua de mar\u00e9s.<\/em><\/p>\n\n\n\n<h2 class=\"wp-block-heading\">Como chegar ao litoral norte de Alagoas?<\/h2>\n\n\n\n<p>Maragogi fica a 130 km de Macei\u00f3 e 140 km do <strong>Recife<\/strong>, com acesso pela <strong>AL-101 Norte<\/strong> e <strong>BR-101<\/strong>. Vans saem do terminal rodovi\u00e1rio de Macei\u00f3 em hor\u00e1rios regulares. Quem vem de Recife pode seguir pela <strong>PE-060<\/strong> at\u00e9 a divisa com Alagoas. A \u00fanica cidade de Alagoas com <a href=\"https:\/\/maragogi.al.gov.br\/noticia\/maragogi-e-a-unica-cidade-em-alagoas-na-categoria-a-no-mapa-do-turismo-brasileiro\/\" target=\"_blank\" rel=\"noreferrer noopener\"><strong>categoria A no Mapa do Turismo Brasileiro<\/strong><\/a> tem infraestrutura de transporte crescente, mas alugar carro d\u00e1 mais liberdade para explorar praias vizinhas.<\/p>\n\n\n\n<iframe src=\"https:\/\/www.google.com\/maps\/embed?pb=!1m18!1m12!1m3!1d15762.06199861803!2d-35.23270184032478!3d-9.016649556705884!2m3!1f0!2f0!3f0!3m2!1i1024!2i768!4f13.1!3m3!1m2!1s0x700f54d6c7b13db%3A0x7a5d839403b9f392!2sMaragogi%2C%20AL%2C%2057955-000!5e0!3m2!1spt-BR!2sbr!4v1773254271599!5m2!1spt-BR!2sbr\" width=\"600\" height=\"450\" style=\"border:0;\" allowfullscreen=\"\" loading=\"lazy\" referrerpolicy=\"no-referrer-when-downgrade\"><\/iframe>\n\n\n\n<h2 class=\"wp-block-heading\">Um mar que merece ser visto de perto<\/h2>\n\n\n\n<p>Maragogi re\u00fane o que poucos destinos brasileiros conseguem: \u00e1gua de aqu\u00e1rio natural, hist\u00f3ria que vai dos holandeses a minas de guerra e uma costa protegida por lei federal. O litoral norte alagoano tem esse jeito de surpreender quem acha que j\u00e1 conhece o Nordeste.<\/p>\n\n\n\n<p>Voc\u00ea precisa ver de perto o azul de Maragogi e entender por que chamam esse peda\u00e7o de Alagoas de Caribe Brasileiro.<\/p>\n","protected":false},"excerpt":{"rendered":"<p>A \u00e1gua muda de tom a cada metro de jangada. De verde-esmeralda a azul-turquesa, o mar de Maragogi entrega o cart\u00e3o-postal antes mesmo de o visitante pisar na areia. No litoral norte de Alagoas, a 130 km de Macei\u00f3, essa cidade de pouco mais de 32 mil habitantes concentra recifes de coral, bancos de areia [&hellip;]<\/p>\n","protected":false},"author":6,"featured_media":180300,"comment_status":"open","ping_status":"open","sticky":false,"template":"","format":"standard","meta":{"jnews-multi-image_gallery":[],"jnews_single_post":{"format":"standard"},"jnews_primary_category":[],"jnews_social_meta":[],"jnews_override_counter":[],"footnotes":""},"categories":[26],"tags":[680,183,15823],"class_list":["post-180202","post","type-post","status-publish","format-standard","has-post-thumbnail","hentry","category-cidades","tag-alagoas","tag-cidades","tag-maragogi"],"yoast_head":"<!-- This site is optimized with the Yoast SEO plugin v23.8 - https:\/\/yoast.com\/wordpress\/plugins\/seo\/ -->\n<title>O Caribe Brasileiro tem longos 22 km de litoral e piscinas naturais t\u00e3o transparentes que parecem montagem - Estado de Minas - Em foco<\/title>\n<meta name=\"description\" content=\"Com 22 km de litoral, o destino conhecido como Caribe Brasileiro encanta pelas piscinas naturais de \u00e1guas incrivelmente transparentes.\" \/>\n<meta name=\"robots\" content=\"index, follow, max-snippet:-1, max-image-preview:large, max-video-preview:-1\" \/>\n<link rel=\"canonical\" href=\"https:\/\/www.em.com.br\/emfoco\/2026\/03\/11\/o-caribe-brasileiro-tem-longos-22-km-de-litoral-e-piscinas-naturais-tao-transparentes-que-parecem-montagem\/\" \/>\n<meta property=\"og:locale\" content=\"pt_BR\" \/>\n<meta property=\"og:type\" content=\"article\" \/>\n<meta property=\"og:title\" content=\"O Caribe Brasileiro tem longos 22 km de litoral e piscinas naturais t\u00e3o transparentes que parecem montagem - Estado de Minas - Em foco\" \/>\n<meta property=\"og:description\" content=\"Com 22 km de litoral, o destino conhecido como Caribe Brasileiro encanta pelas piscinas naturais de \u00e1guas incrivelmente transparentes.\" \/>\n<meta property=\"og:url\" content=\"https:\/\/www.em.com.br\/emfoco\/2026\/03\/11\/o-caribe-brasileiro-tem-longos-22-km-de-litoral-e-piscinas-naturais-tao-transparentes-que-parecem-montagem\/\" \/>\n<meta property=\"og:site_name\" content=\"Estado de Minas - Em foco\" \/>\n<meta property=\"article:published_time\" content=\"2026-03-11T14:25:00+00:00\" \/>\n<meta property=\"article:modified_time\" content=\"2026-03-11T18:38:58+00:00\" \/>\n<meta property=\"og:image\" content=\"https:\/\/www.em.com.br\/emfoco\/wp-content\/uploads\/2026\/03\/maragogi.jpg\" \/>\n\t<meta property=\"og:image:width\" content=\"1280\" \/>\n\t<meta property=\"og:image:height\" content=\"720\" \/>\n\t<meta property=\"og:image:type\" content=\"image\/jpeg\" \/>\n<meta name=\"author\" content=\"Vitor Bruno\" \/>\n<meta name=\"twitter:card\" content=\"summary_large_image\" \/>\n<meta name=\"twitter:label1\" content=\"Escrito por\" \/>\n\t<meta name=\"twitter:data1\" content=\"Vitor Bruno\" \/>\n\t<meta name=\"twitter:label2\" content=\"Est. tempo de leitura\" \/>\n\t<meta name=\"twitter:data2\" content=\"7 minutos\" \/>\n<!-- \/ Yoast SEO plugin. -->","yoast_head_json":{"title":"O Caribe Brasileiro tem longos 22 km de litoral e piscinas naturais t\u00e3o transparentes que parecem montagem - Estado de Minas - Em foco","description":"Com 22 km de litoral, o destino conhecido como Caribe Brasileiro encanta pelas piscinas naturais de \u00e1guas incrivelmente transparentes.","robots":{"index":"index","follow":"follow","max-snippet":"max-snippet:-1","max-image-preview":"max-image-preview:large","max-video-preview":"max-video-preview:-1"},"canonical":"https:\/\/www.em.com.br\/emfoco\/2026\/03\/11\/o-caribe-brasileiro-tem-longos-22-km-de-litoral-e-piscinas-naturais-tao-transparentes-que-parecem-montagem\/","og_locale":"pt_BR","og_type":"article","og_title":"O Caribe Brasileiro tem longos 22 km de litoral e piscinas naturais t\u00e3o transparentes que parecem montagem - Estado de Minas - Em foco","og_description":"Com 22 km de litoral, o destino conhecido como Caribe Brasileiro encanta pelas piscinas naturais de \u00e1guas incrivelmente transparentes.","og_url":"https:\/\/www.em.com.br\/emfoco\/2026\/03\/11\/o-caribe-brasileiro-tem-longos-22-km-de-litoral-e-piscinas-naturais-tao-transparentes-que-parecem-montagem\/","og_site_name":"Estado de Minas - Em foco","article_published_time":"2026-03-11T14:25:00+00:00","article_modified_time":"2026-03-11T18:38:58+00:00","og_image":[{"width":1280,"height":720,"url":"https:\/\/www.em.com.br\/emfoco\/wp-content\/uploads\/2026\/03\/maragogi.jpg","type":"image\/jpeg"}],"author":"Vitor Bruno","twitter_card":"summary_large_image","twitter_misc":{"Escrito por":"Vitor Bruno","Est. tempo de leitura":"7 minutos"},"schema":{"@context":"https:\/\/schema.org","@graph":[{"@type":"WebPage","@id":"https:\/\/www.em.com.br\/emfoco\/2026\/03\/11\/o-caribe-brasileiro-tem-longos-22-km-de-litoral-e-piscinas-naturais-tao-transparentes-que-parecem-montagem\/","url":"https:\/\/www.em.com.br\/emfoco\/2026\/03\/11\/o-caribe-brasileiro-tem-longos-22-km-de-litoral-e-piscinas-naturais-tao-transparentes-que-parecem-montagem\/","name":"O Caribe Brasileiro tem longos 22 km de litoral e piscinas naturais t\u00e3o transparentes que parecem montagem - Estado de Minas - Em foco","isPartOf":{"@id":"https:\/\/www.em.com.br\/emfoco\/#website"},"primaryImageOfPage":{"@id":"https:\/\/www.em.com.br\/emfoco\/2026\/03\/11\/o-caribe-brasileiro-tem-longos-22-km-de-litoral-e-piscinas-naturais-tao-transparentes-que-parecem-montagem\/#primaryimage"},"image":{"@id":"https:\/\/www.em.com.br\/emfoco\/2026\/03\/11\/o-caribe-brasileiro-tem-longos-22-km-de-litoral-e-piscinas-naturais-tao-transparentes-que-parecem-montagem\/#primaryimage"},"thumbnailUrl":"https:\/\/www.em.com.br\/emfoco\/wp-content\/uploads\/2026\/03\/maragogi.jpg","datePublished":"2026-03-11T14:25:00+00:00","dateModified":"2026-03-11T18:38:58+00:00","author":{"@id":"https:\/\/www.em.com.br\/emfoco\/#\/schema\/person\/364ac1852fafd00f1be20f0b8b237569"},"description":"Com 22 km de litoral, o destino conhecido como Caribe Brasileiro encanta pelas piscinas naturais de \u00e1guas incrivelmente transparentes.","breadcrumb":{"@id":"https:\/\/www.em.com.br\/emfoco\/2026\/03\/11\/o-caribe-brasileiro-tem-longos-22-km-de-litoral-e-piscinas-naturais-tao-transparentes-que-parecem-montagem\/#breadcrumb"},"inLanguage":"pt-BR","potentialAction":[{"@type":"ReadAction","target":["https:\/\/www.em.com.br\/emfoco\/2026\/03\/11\/o-caribe-brasileiro-tem-longos-22-km-de-litoral-e-piscinas-naturais-tao-transparentes-que-parecem-montagem\/"]}]},{"@type":"ImageObject","inLanguage":"pt-BR","@id":"https:\/\/www.em.com.br\/emfoco\/2026\/03\/11\/o-caribe-brasileiro-tem-longos-22-km-de-litoral-e-piscinas-naturais-tao-transparentes-que-parecem-montagem\/#primaryimage","url":"https:\/\/www.em.com.br\/emfoco\/wp-content\/uploads\/2026\/03\/maragogi.jpg","contentUrl":"https:\/\/www.em.com.br\/emfoco\/wp-content\/uploads\/2026\/03\/maragogi.jpg","width":1280,"height":720,"caption":"O Caribe Brasileiro tem 22 km de litoral e piscinas naturais a 6 km da costa: Maragogi surpreende em Alagoas (imagem ilustrativa)"},{"@type":"BreadcrumbList","@id":"https:\/\/www.em.com.br\/emfoco\/2026\/03\/11\/o-caribe-brasileiro-tem-longos-22-km-de-litoral-e-piscinas-naturais-tao-transparentes-que-parecem-montagem\/#breadcrumb","itemListElement":[{"@type":"ListItem","position":1,"name":"In\u00edcio","item":"https:\/\/www.em.com.br\/emfoco\/"},{"@type":"ListItem","position":2,"name":"O Caribe Brasileiro tem longos 22 km de litoral e piscinas naturais t\u00e3o transparentes que parecem montagem"}]},{"@type":"WebSite","@id":"https:\/\/www.em.com.br\/emfoco\/#website","url":"https:\/\/www.em.com.br\/emfoco\/","name":"Estado de Minas - Em foco","description":"Acompanhe as \u00faltimas not\u00edcias e fique bem informado sobre tudo o que acontece em Minas Gerais, Brasil e no mundo.","potentialAction":[{"@type":"SearchAction","target":{"@type":"EntryPoint","urlTemplate":"https:\/\/www.em.com.br\/emfoco\/?s={search_term_string}"},"query-input":{"@type":"PropertyValueSpecification","valueRequired":true,"valueName":"search_term_string"}}],"inLanguage":"pt-BR"},{"@type":"Person","@id":"https:\/\/www.em.com.br\/emfoco\/#\/schema\/person\/364ac1852fafd00f1be20f0b8b237569","name":"Vitor Bruno","image":{"@type":"ImageObject","inLanguage":"pt-BR","@id":"https:\/\/www.em.com.br\/emfoco\/#\/schema\/person\/image\/","url":"https:\/\/secure.gravatar.com\/avatar\/b719e5cdede09f942064960883b5524d?s=96&d=mm&r=g","contentUrl":"https:\/\/secure.gravatar.com\/avatar\/b719e5cdede09f942064960883b5524d?s=96&d=mm&r=g","caption":"Vitor Bruno"},"sameAs":["https:\/\/www.em.com.br\/emfoco\/"],"url":"https:\/\/www.em.com.br\/emfoco\/author\/vitormyth\/"}]}},"_links":{"self":[{"href":"https:\/\/www.em.com.br\/emfoco\/wp-json\/wp\/v2\/posts\/180202","targetHints":{"allow":["GET"]}}],"collection":[{"href":"https:\/\/www.em.com.br\/emfoco\/wp-json\/wp\/v2\/posts"}],"about":[{"href":"https:\/\/www.em.com.br\/emfoco\/wp-json\/wp\/v2\/types\/post"}],"author":[{"embeddable":true,"href":"https:\/\/www.em.com.br\/emfoco\/wp-json\/wp\/v2\/users\/6"}],"replies":[{"embeddable":true,"href":"https:\/\/www.em.com.br\/emfoco\/wp-json\/wp\/v2\/comments?post=180202"}],"version-history":[{"count":3,"href":"https:\/\/www.em.com.br\/emfoco\/wp-json\/wp\/v2\/posts\/180202\/revisions"}],"predecessor-version":[{"id":180308,"href":"https:\/\/www.em.com.br\/emfoco\/wp-json\/wp\/v2\/posts\/180202\/revisions\/180308"}],"wp:featuredmedia":[{"embeddable":true,"href":"https:\/\/www.em.com.br\/emfoco\/wp-json\/wp\/v2\/media\/180300"}],"wp:attachment":[{"href":"https:\/\/www.em.com.br\/emfoco\/wp-json\/wp\/v2\/media?parent=180202"}],"wp:term":[{"taxonomy":"category","embeddable":true,"href":"https:\/\/www.em.com.br\/emfoco\/wp-json\/wp\/v2\/categories?post=180202"},{"taxonomy":"post_tag","embeddable":true,"href":"https:\/\/www.em.com.br\/emfoco\/wp-json\/wp\/v2\/tags?post=180202"}],"curies":[{"name":"wp","href":"https:\/\/api.w.org\/{rel}","templated":true}]}}