{"id":180201,"date":"2026-03-11T15:05:00","date_gmt":"2026-03-11T18:05:00","guid":{"rendered":"https:\/\/www.em.com.br\/emfoco\/?p=180201"},"modified":"2026-03-11T15:34:50","modified_gmt":"2026-03-11T18:34:50","slug":"o-triangulo-das-bermudas-brasileiro-o-paraiso-que-afundou-muitos-navios-e-hoje-tem-uma-das-melhores-praias-do-pais","status":"publish","type":"post","link":"https:\/\/www.em.com.br\/emfoco\/2026\/03\/11\/o-triangulo-das-bermudas-brasileiro-o-paraiso-que-afundou-muitos-navios-e-hoje-tem-uma-das-melhores-praias-do-pais\/","title":{"rendered":"O Tri\u00e2ngulo das Bermudas brasileiro: o para\u00edso que afundou muitos navios e hoje tem uma das melhores praias do pa\u00eds"},"content":{"rendered":"\n<p>Quem desce da balsa no litoral norte de <strong>S\u00e3o Paulo<\/strong> encontra praias cristalinas, mais de 250 cachoeiras e 85% do territ\u00f3rio protegido por <strong>Mata Atl\u00e2ntica<\/strong>. Mas \u00e9 debaixo d&#8217;\u00e1gua que <strong>Ilhabela<\/strong> guarda o segredo mais sombrio: dezenas de embarca\u00e7\u00f5es naufragadas entre os s\u00e9culos XVI e XX, incluindo o maior desastre mar\u00edtimo da hist\u00f3ria do <strong>Brasil<\/strong>.<\/p>\n\n\n\n<h2 class=\"wp-block-heading\">Por que tantos navios afundaram ao redor do arquip\u00e9lago?<\/h2>\n\n\n\n<p>As rochas de Ilhabela s\u00e3o ricas em magnetita, um mineral de \u00f3xido de ferro com forte campo magn\u00e9tico. Durante s\u00e9culos, essa concentra\u00e7\u00e3o interferiu nas b\u00fassolas das embarca\u00e7\u00f5es e desorientou navegadores que passavam pelo <strong>Canal de S\u00e3o Sebasti\u00e3o<\/strong>. Estudos geol\u00f3gicos confirmaram que amostras retiradas dos afloramentos rochosos da <strong>Praia de Garapocaia<\/strong>, conhecida como Praia do Sino, s\u00e3o atra\u00eddas por \u00edm\u00e3s.<\/p>\n\n\n\n<p>Os ventos do extremo sul do arquip\u00e9lago agravam o cen\u00e1rio. Na <strong>Ponta do Boi<\/strong>, rajadas formam ondas de at\u00e9 cinco metros que empurram embarca\u00e7\u00f5es contra lajes submersas. A soma de magnetismo, neblina frequente e aus\u00eancia de far\u00f3is at\u00e9 o in\u00edcio do s\u00e9culo XX transformou o arquip\u00e9lago no que pescadores locais chamam de cemit\u00e9rio de navios.<\/p>\n\n\n<div class=\"wp-block-image\">\n<figure class=\"aligncenter size-large\"><img loading=\"lazy\" decoding=\"async\" width=\"1024\" height=\"576\" src=\"https:\/\/www.em.com.br\/emfoco\/wp-content\/uploads\/2025\/12\/Ilhabela_1741353452899-1024x576.jpg\" alt=\"\" class=\"wp-image-146963\" srcset=\"https:\/\/www.em.com.br\/emfoco\/wp-content\/uploads\/2025\/12\/Ilhabela_1741353452899-1024x576.jpg 1024w, https:\/\/www.em.com.br\/emfoco\/wp-content\/uploads\/2025\/12\/Ilhabela_1741353452899-300x169.jpg 300w, https:\/\/www.em.com.br\/emfoco\/wp-content\/uploads\/2025\/12\/Ilhabela_1741353452899-768x432.jpg 768w, https:\/\/www.em.com.br\/emfoco\/wp-content\/uploads\/2025\/12\/Ilhabela_1741353452899-750x422.jpg 750w, https:\/\/www.em.com.br\/emfoco\/wp-content\/uploads\/2025\/12\/Ilhabela_1741353452899-1140x641.jpg 1140w, https:\/\/www.em.com.br\/emfoco\/wp-content\/uploads\/2025\/12\/Ilhabela_1741353452899.jpg 1280w\" sizes=\"auto, (max-width: 1024px) 100vw, 1024px\" \/><figcaption class=\"wp-element-caption\">Com cen\u00e1rios intocados e esp\u00edrito de aventura, Ilhabela encanta turistas e moradores em busca de tranquilidade \/\/ Cr\u00e9ditos: depositphotos.com \/ Cristian_Lourenco<\/figcaption><\/figure><\/div>\n\n\n<h2 class=\"wp-block-heading\">O Titanic brasileiro afundou em cinco minutos<\/h2>\n\n\n\n<p>Na madrugada de 5 de mar\u00e7o de <strong>1916<\/strong>, sob chuva intensa e visibilidade quase nula, o transatl\u00e2ntico espanhol <strong>Pr\u00edncipe de Ast\u00farias<\/strong> colidiu com a laje submersa da <strong>Ponta da Pirabura<\/strong>. O navio de 140 metros de comprimento afundou em menos de cinco minutos. Registros oficiais apontam 445 mortos e 143 sobreviventes, mas pesquisadores estimam que o n\u00famero real de v\u00edtimas pode ultrapassar mil pessoas, j\u00e1 que centenas de imigrantes viajavam clandestinamente nos por\u00f5es, fugindo da <strong>Primeira Guerra Mundial<\/strong>.<\/p>\n\n\n\n<p>O transatl\u00e2ntico fazia a rota <strong>Barcelona<\/strong>&#8211;<strong>Buenos Aires<\/strong> e transportava, al\u00e9m de passageiros, 12 est\u00e1tuas de m\u00e1rmore e bronze destinadas a um monumento em <strong>Buenos Aires<\/strong>. Uma delas foi recuperada e est\u00e1 exposta no <strong>Primeiro Distrito Naval<\/strong>, no <strong>Rio de Janeiro<\/strong>. Os destro\u00e7os repousam a 30 metros de profundidade, acess\u00edveis apenas para mergulhadores avan\u00e7ados.<\/p>\n\n\n\n<p>Quem se interessa por mist\u00e9rios e naufr\u00e1gios, vai curtir esse v\u00eddeo especialmente selecionado do canal <strong>UMA HIST\u00d3RIA A MAIS<\/strong>, que conta com mais de <strong>101 mil<\/strong> inscritos, onde o apresentador reconta a tr\u00e1gica hist\u00f3ria do navio <strong>Pr\u00edncipe de Ast\u00farias<\/strong>, o maior naufr\u00e1gio da hist\u00f3ria brasileira, ocorrido em <strong>Ilhabela<\/strong>:<\/p>\n\n\n\n<figure class=\"wp-block-embed is-type-video is-provider-youtube wp-block-embed-youtube wp-embed-aspect-16-9 wp-has-aspect-ratio\"><div class=\"wp-block-embed__wrapper\">\n<div class=\"jeg_video_container jeg_video_content\"><iframe loading=\"lazy\" title=\"O MAIOR NAUFR\u00c1GIO BRASILEIRO - Pr\u00edncipe de Ast\u00farias\" width=\"500\" height=\"281\" src=\"https:\/\/www.youtube.com\/embed\/mGgFdNbR5ek?start=3&#038;feature=oembed\" frameborder=\"0\" allow=\"accelerometer; autoplay; clipboard-write; encrypted-media; gyroscope; picture-in-picture; web-share\" referrerpolicy=\"strict-origin-when-cross-origin\" allowfullscreen><\/iframe><\/div>\n<\/div><\/figure>\n\n\n\n<p><strong>Leia tamb\u00e9m: <a href=\"https:\/\/www.em.com.br\/emfoco\/2026\/03\/08\/a-vila-onde-nao-ha-bancos-nao-ha-asfalto-e-nao-ha-postes-de-luz-so-o-brilho-da-lua-sobre-as-praias-mais-bonitas-do-planeta\/\" target=\"_blank\" rel=\"noreferrer noopener\">A vila onde n\u00e3o h\u00e1 bancos, n\u00e3o h\u00e1 asfalto e n\u00e3o h\u00e1 postes de luz: s\u00f3 o brilho da lua sobre as praias mais bonitas do planeta<\/a><\/strong><\/p>\n\n\n\n<h2 class=\"wp-block-heading\">Onde mergulhar nos naufr\u00e1gios de Ilhabela?<\/h2>\n\n\n\n<p>Registros oficiais indicam cerca de 45 embarca\u00e7\u00f5es no fundo das \u00e1guas do arquip\u00e9lago, segundo o <a href=\"https:\/\/arquipelagoilhabela.com.br\/naufragios\/\" target=\"_blank\" rel=\"noreferrer noopener\"><strong>Portal Arquip\u00e9lago Ilhabela<\/strong><\/a>. Operadoras locais oferecem mergulho guiado nos destro\u00e7os mais acess\u00edveis, com profundidades entre 5 e 23 metros.<\/p>\n\n\n\n<ul class=\"wp-block-list has-medium-font-size\">\n<li><strong>Aymor\u00e9<\/strong>: vapor de 60 metros que naufragou em 1920 entre a Praia do Curral e a Praia Grande. Profundidade de 5 a 8 metros, ideal para iniciantes credenciados. Caldeira, h\u00e9lice e casco vis\u00edveis.<\/li>\n\n\n\n<li><strong>Dart<\/strong>: cargueiro ingl\u00eas que levava caf\u00e9 de Santos para Nova York e afundou em 1884. Profundidade de 6 a 14 metros. Apelidado de \u201cnavio das lou\u00e7as\u201d pelos cai\u00e7aras, que encontravam porcelanas com o bras\u00e3o do correio brit\u00e2nico.<\/li>\n\n\n\n<li><strong>Therezina<\/strong>: vapor alem\u00e3o confiscado pelo governo brasileiro durante a Primeira Guerra, rebatizado e naufragado em 1919 na Ponta do Boi. Sua h\u00e9lice est\u00e1 exposta em frente ao <strong>Museu N\u00e1utico de Ilhabela<\/strong>.<\/li>\n<\/ul>\n\n\n\n<p>Quem sonha em conhecer <strong>Ilhabela<\/strong>, vai curtir esse v\u00eddeo especialmente selecionado do canal <strong>Vamos Fugir Blog<\/strong>, que conta com mais de <strong>241 mil<\/strong> inscritos, onde <strong>L\u00edgia e Ulisses<\/strong> mostram um roteiro completo de 3 a 5 dias com dicas de praias, balsa e como lidar com os borrachudos em <strong>S\u00e3o Paulo<\/strong>:<\/p>\n\n\n\n<figure class=\"wp-block-embed is-type-video is-provider-youtube wp-block-embed-youtube wp-embed-aspect-16-9 wp-has-aspect-ratio\"><div class=\"wp-block-embed__wrapper\">\n<div class=\"jeg_video_container jeg_video_content\"><iframe loading=\"lazy\" title=\"ILHABELA 2026 - Roteiro de 3 a 5 dias com PRE\u00c7OS + melhores praias, balsa e borrachudos\" width=\"500\" height=\"281\" src=\"https:\/\/www.youtube.com\/embed\/rzS_O-o0g7g?feature=oembed\" frameborder=\"0\" allow=\"accelerometer; autoplay; clipboard-write; encrypted-media; gyroscope; picture-in-picture; web-share\" referrerpolicy=\"strict-origin-when-cross-origin\" allowfullscreen><\/iframe><\/div>\n<\/div><\/figure>\n\n\n\n<h2 class=\"wp-block-heading\">1.500 pe\u00e7as resgatadas do fundo do mar<\/h2>\n\n\n\n<p>O <strong>Museu N\u00e1utico de Ilhabela<\/strong>, instalado no pr\u00e9dio da antiga Cadeia e F\u00f3rum no Centro Hist\u00f3rico, re\u00fane um acervo com mais de 1.500 objetos recuperados dos naufr\u00e1gios. Lou\u00e7as de porcelana, talheres de prata, cristais e artefatos de bronze contam a hist\u00f3ria social das embarca\u00e7\u00f5es que passaram pelo arquip\u00e9lago. Maquetes dos principais navios complementam a experi\u00eancia. A visita\u00e7\u00e3o \u00e9 gratuita e funciona diariamente.<\/p>\n\n\n\n<p>O museu tamb\u00e9m exibe um esqueleto de aproximadamente 2 mil anos, encontrado em um sambaqui da regi\u00e3o, conectando a arqueologia submarina \u00e0 terrestre num mesmo espa\u00e7o.<\/p>\n\n\n\n<p><strong>Leia tamb\u00e9m: <a href=\"https:\/\/www.em.com.br\/emfoco\/2026\/03\/04\/uma-montanha-1-385-metros-desapareceu-a-cidade-mineira-a-2-horas-de-belo-horizonte-onde-a-paisagem-valia-menos-que-os-lucros-e-o-maior-poeta-brasileiro-nasceu\/\" target=\"_blank\" rel=\"noreferrer noopener\">Uma montanha de 1.385 metros desapareceu, a cidade mineira a 2 horas de Belo Horizonte onde a paisagem valia menos que os lucros e o maior poeta brasileiro nasceu<\/a><\/strong><\/p>\n\n\n\n<h2 class=\"wp-block-heading\">O que mais visitar na maior ilha mar\u00edtima do Brasil?<\/h2>\n\n\n\n<p>Com 348 km\u00b2 e mais de 40 praias, o arquip\u00e9lago oferece muito al\u00e9m dos naufr\u00e1gios. O <a href=\"https:\/\/guiadeareasprotegidas.sp.gov.br\/ap\/parque-estadual-ilhabela\/\" target=\"_blank\" rel=\"noreferrer noopener\"><strong>Parque Estadual de Ilhabela<\/strong><\/a>, criado em 1977, protege 85% do territ\u00f3rio e \u00e9 reconhecido pela <strong>UNESCO<\/strong> como Reserva da Biosfera da Mata Atl\u00e2ntica.<\/p>\n\n\n\n<ul class=\"wp-block-list has-medium-font-size\">\n<li><strong>Praia de Castelhanos<\/strong>: acess\u00edvel por trilha de 22 km ou jipe 4&#215;4, tem formato de cora\u00e7\u00e3o e 2 km de areia branca com ondas fortes.<\/li>\n\n\n\n<li><strong>Praia do Bonete<\/strong>: considerada uma das mais bonitas do pa\u00eds, abriga comunidade cai\u00e7ara e s\u00f3 \u00e9 alcan\u00e7ada por barco ou trilha de 12 km.<\/li>\n\n\n\n<li><strong>Cachoeira do Gato<\/strong>: queda de 60 metros no interior da mata, chegando-se por trilha de 5 km a partir de Castelhanos.<\/li>\n\n\n\n<li><strong>Pico de S\u00e3o Sebasti\u00e3o<\/strong>: com 1.379 metros, \u00e9 o ponto mais alto de uma ilha brasileira.<\/li>\n<\/ul>\n\n\n<div class=\"wp-block-image\">\n<figure class=\"aligncenter size-large\"><img loading=\"lazy\" decoding=\"async\" width=\"1024\" height=\"576\" src=\"https:\/\/www.em.com.br\/emfoco\/wp-content\/uploads\/2026\/02\/Ilhabela_1771853755505-1024x576.jpg\" alt=\"\" class=\"wp-image-172882\" srcset=\"https:\/\/www.em.com.br\/emfoco\/wp-content\/uploads\/2026\/02\/Ilhabela_1771853755505-1024x576.jpg 1024w, https:\/\/www.em.com.br\/emfoco\/wp-content\/uploads\/2026\/02\/Ilhabela_1771853755505-300x169.jpg 300w, https:\/\/www.em.com.br\/emfoco\/wp-content\/uploads\/2026\/02\/Ilhabela_1771853755505-768x432.jpg 768w, https:\/\/www.em.com.br\/emfoco\/wp-content\/uploads\/2026\/02\/Ilhabela_1771853755505-750x422.jpg 750w, https:\/\/www.em.com.br\/emfoco\/wp-content\/uploads\/2026\/02\/Ilhabela_1771853755505-1140x641.jpg 1140w, https:\/\/www.em.com.br\/emfoco\/wp-content\/uploads\/2026\/02\/Ilhabela_1771853755505.jpg 1280w\" sizes=\"auto, (max-width: 1024px) 100vw, 1024px\" \/><figcaption class=\"wp-element-caption\">Ilhabela destaca-se como o arquip\u00e9lago brasileiro reconhecido pela UNESCO por sua biodiversidade \/\/ Cr\u00e9ditos: depositphotos.com \/ sergio_pulp<\/figcaption><\/figure><\/div>\n\n\n<h2 class=\"wp-block-heading\">Quando visitar Ilhabela e como chegar?<\/h2>\n\n\n\n<p>O outono e o in\u00edcio do inverno oferecem mar mais calmo, \u00e1guas com melhor visibilidade para mergulho e menos chuva. O ver\u00e3o \u00e9 a alta temporada, com praias lotadas e pancadas de chuva \u00e0 tarde. Entre julho e novembro, baleias-jubarte podem ser avistadas na regi\u00e3o.<\/p>\n\n\n\n<style>\n    .card-interativo {\n        transition: transform 0.15s ease-in-out, box-shadow 0.15s ease-in-out;\n        cursor: pointer;\n    }\n    .card-interativo:hover {\n        transform: translateY(-4px);\n    }\n    .card-interativo:active {\n        transform: scale(0.96);\n    }\n<\/style>\n<div class=\"google-auto-ads-ignore\" style=\"box-sizing: border-box; display: flex; flex-direction: column; width: 100%; max-width: 900px; margin: 30px auto; font-family: 'Segoe UI', Roboto, Helvetica, Arial, sans-serif; clear: both;\">\n    <div style=\"display: flex; flex-wrap: wrap; gap: 15px;\">\n        \n        <div class=\"card-interativo\" style=\"flex: 1 1 calc(25% - 15px); min-width: 200px; border: 2px solid #1a2a57; border-radius: 8px; padding: 20px; background: #f0f4f8; box-sizing: border-box; box-shadow: 0 4px 10px rgba(26, 42, 87, 0.1); display: flex; flex-direction: column;\">\n            <div style=\"display: flex; align-items: center; justify-content: center; gap: 8px; margin-bottom: 20px;\">\n                <span style=\"font-size: 22px; line-height: 1;\">\u2600\ufe0f<\/span>\n                <strong style=\"color: #1a2a57; font-size: 16px; text-transform: uppercase;\">Ver\u00e3o<\/strong>\n            <\/div>\n            <div style=\"margin-bottom: auto;\">\n                <div style=\"text-align: center; font-size: 11px; font-weight: 800; color: #111c3a; text-transform: uppercase; margin-bottom: 5px;\">Dezembro &#8211; Fevereiro<\/div>\n                <div style=\"text-align: center; font-size: 26px; font-weight: 900; color: #1a2a57; margin-bottom: 10px;\">22\u00b0C a 30\u00b0C<\/div>\n                <div style=\"text-align: center; font-size: 13px; color: #555; line-height: 1.5; margin-bottom: 15px;\">A ilha ferve e as praias lotam na alt\u00edssima temporada! Aproveite as <strong>praias e as cachoeiras pela manh\u00e3<\/strong>. <em>Evite planejar passeios longos \u00e0 tarde devido \u00e0s pancadas fortes de chuva e fugir do tr\u00e2nsito na balsa.<\/em><\/div>\n            <\/div>\n            <div style=\"text-align: center;\">\n                <span style=\"display: inline-block; background: #1a2a57; color: #fff; font-size: 10px; font-weight: 800; padding: 6px 12px; border-radius: 20px; text-transform: uppercase; line-height: 1.4;\">\u2b50 Alta Temporada<\/span>\n            <\/div>\n        <\/div>\n\n        <div class=\"card-interativo\" style=\"flex: 1 1 calc(25% - 15px); min-width: 200px; border: 1px solid #e1e6ef; border-top: 4px solid #1a2a57; border-radius: 8px; padding: 20px; background: #fff; box-sizing: border-box; box-shadow: 0 4px 10px rgba(26, 42, 87, 0.05); display: flex; flex-direction: column;\">\n            <div style=\"display: flex; align-items: center; justify-content: center; gap: 8px; margin-bottom: 20px;\">\n                <span style=\"font-size: 22px; line-height: 1;\">\ud83c\udf42<\/span>\n                <strong style=\"color: #1a2a57; font-size: 16px; text-transform: uppercase;\">Outono<\/strong>\n            <\/div>\n            <div style=\"margin-bottom: auto;\">\n                <div style=\"text-align: center; font-size: 11px; font-weight: 800; color: #111c3a; text-transform: uppercase; margin-bottom: 5px;\">Mar\u00e7o &#8211; Maio<\/div>\n                <div style=\"text-align: center; font-size: 26px; font-weight: 900; color: #1a2a57; margin-bottom: 10px;\">20\u00b0C a 28\u00b0C<\/div>\n                <div style=\"text-align: center; font-size: 13px; color: #555; line-height: 1.5; margin-bottom: 15px;\">O volume de chuva diminui, o mar fica mais calmo e cristalino. \u00c9 a janela perfeita e com excelente visibilidade para praticar <strong>mergulho nos famosos naufr\u00e1gios<\/strong> da regi\u00e3o.<\/div>\n            <\/div>\n            <div style=\"text-align: center;\">\n                <span style=\"display: inline-block; background: #f0f4f8; color: #1a2a57; font-size: 10px; font-weight: 800; padding: 6px 12px; border-radius: 20px; text-transform: uppercase; border: 1px solid #e1e6ef; line-height: 1.4;\">\u2601\ufe0f Chuva M\u00e9dia<\/span>\n            <\/div>\n        <\/div>\n\n        <div class=\"card-interativo\" style=\"flex: 1 1 calc(25% - 15px); min-width: 200px; border: 1px solid #e1e6ef; border-top: 4px solid #1a2a57; border-radius: 8px; padding: 20px; background: #fff; box-sizing: border-box; box-shadow: 0 4px 10px rgba(26, 42, 87, 0.05); display: flex; flex-direction: column;\">\n            <div style=\"display: flex; align-items: center; justify-content: center; gap: 8px; margin-bottom: 20px;\">\n                <span style=\"font-size: 22px; line-height: 1;\">\u2744\ufe0f<\/span>\n                <strong style=\"color: #1a2a57; font-size: 16px; text-transform: uppercase;\">Inverno<\/strong>\n            <\/div>\n            <div style=\"margin-bottom: auto;\">\n                <div style=\"text-align: center; font-size: 11px; font-weight: 800; color: #111c3a; text-transform: uppercase; margin-bottom: 5px;\">Junho &#8211; Agosto<\/div>\n                <div style=\"text-align: center; font-size: 26px; font-weight: 900; color: #1a2a57; margin-bottom: 10px;\">16\u00b0C a 24\u00b0C<\/div>\n                <div style=\"text-align: center; font-size: 13px; color: #555; line-height: 1.5; margin-bottom: 15px;\">O clima seco garante dias espetaculares ao ar livre! Per\u00edodo sensacional para encarar as <strong>trilhas da Mata Atl\u00e2ntica e fazer o avistamento de baleias-jubarte<\/strong> (a partir de julho).<\/div>\n            <\/div>\n            <div style=\"text-align: center;\">\n                <span style=\"display: inline-block; background: #f0f4f8; color: #1a2a57; font-size: 10px; font-weight: 800; padding: 6px 12px; border-radius: 20px; text-transform: uppercase; border: 1px solid #e1e6ef; line-height: 1.4;\">\ud83c\udf92 Melhor \u00c9poca<\/span>\n            <\/div>\n        <\/div>\n\n        <div class=\"card-interativo\" style=\"flex: 1 1 calc(25% - 15px); min-width: 200px; border: 1px solid #e1e6ef; border-top: 4px solid #1a2a57; border-radius: 8px; padding: 20px; background: #fff; box-sizing: border-box; box-shadow: 0 4px 10px rgba(26, 42, 87, 0.05); display: flex; flex-direction: column;\">\n            <div style=\"display: flex; align-items: center; justify-content: center; gap: 8px; margin-bottom: 20px;\">\n                <span style=\"font-size: 22px; line-height: 1;\">\ud83c\udf38<\/span>\n                <strong style=\"color: #1a2a57; font-size: 16px; text-transform: uppercase;\">Primavera<\/strong>\n            <\/div>\n            <div style=\"margin-bottom: auto;\">\n                <div style=\"text-align: center; font-size: 11px; font-weight: 800; color: #111c3a; text-transform: uppercase; margin-bottom: 5px;\">Setembro &#8211; Novembro<\/div>\n                <div style=\"text-align: center; font-size: 26px; font-weight: 900; color: #1a2a57; margin-bottom: 10px;\">18\u00b0C a 27\u00b0C<\/div>\n                <div style=\"text-align: center; font-size: 13px; color: #555; line-height: 1.5; margin-bottom: 15px;\">As temperaturas esquentam, as chuvas retornam aos poucos e as baleias ainda d\u00e3o show no mar. Momento incr\u00edvel para a <strong>pr\u00e1tica de vela e passeios de barco<\/strong> na ilha.<\/div>\n            <\/div>\n            <div style=\"text-align: center;\">\n                <span style=\"display: inline-block; background: #f0f4f8; color: #1a2a57; font-size: 10px; font-weight: 800; padding: 6px 12px; border-radius: 20px; text-transform: uppercase; border: 1px solid #e1e6ef; line-height: 1.4;\">\u2601\ufe0f Chuva M\u00e9dia<\/span>\n            <\/div>\n        <\/div>\n        \n    <\/div>\n<\/div>\n\n\n\n<p><em>Temperaturas aproximadas com base no <a href=\"https:\/\/www.climatempo.com.br\/previsao-do-tempo\/cidade\/400\/ilhabela-sp\" target=\"_blank\" rel=\"noreferrer noopener\"><strong>Climatempo<\/strong><\/a>. Condi\u00e7\u00f5es podem variar.<\/em><\/p>\n\n\n\n<p>Ilhabela fica a 210 km da capital paulista. O acesso \u00e9 pela <strong>Rodovia dos Tamoios (SP-099)<\/strong> at\u00e9 <strong>S\u00e3o Sebasti\u00e3o<\/strong>, onde a balsa faz a travessia em cerca de 15 minutos. As balsas operam 24 horas. De \u00f4nibus, linhas partem do <strong>Terminal Rodovi\u00e1rio do Tiet\u00ea<\/strong> at\u00e9 S\u00e3o Sebasti\u00e3o, com conex\u00e3o para a balsa.<\/p>\n\n\n\n<h2 class=\"wp-block-heading\">Uma ilha que guarda segredos no fundo do mar<\/h2>\n\n\n\n<p>Ilhabela re\u00fane o que poucos destinos conseguem oferecer ao mesmo tempo: praias selvagens no verso da ilha, trilhas at\u00e9 picos acima de mil metros, cultura cai\u00e7ara viva e um passado n\u00e1utico que dorme a poucos metros da superf\u00edcie. As rochas magn\u00e9ticas que um dia condenaram navios hoje atraem mergulhadores do mundo inteiro.<\/p>\n\n\n\n<p>Voc\u00ea precisa descer da balsa, sentir o cheiro de maresia misturado com mata e lembrar que, ali embaixo, b\u00fassolas ainda se perdem e hist\u00f3rias de mais de um s\u00e9culo continuam intactas.<\/p>\n","protected":false},"excerpt":{"rendered":"<p>Quem desce da balsa no litoral norte de S\u00e3o Paulo encontra praias cristalinas, mais de 250 cachoeiras e 85% do territ\u00f3rio protegido por Mata Atl\u00e2ntica. Mas \u00e9 debaixo d&#8217;\u00e1gua que Ilhabela guarda o segredo mais sombrio: dezenas de embarca\u00e7\u00f5es naufragadas entre os s\u00e9culos XVI e XX, incluindo o maior desastre mar\u00edtimo da hist\u00f3ria do Brasil. [&hellip;]<\/p>\n","protected":false},"author":6,"featured_media":180282,"comment_status":"open","ping_status":"open","sticky":false,"template":"","format":"standard","meta":{"jnews-multi-image_gallery":[],"jnews_single_post":{"format":"standard"},"jnews_primary_category":[],"jnews_social_meta":[],"jnews_override_counter":[],"footnotes":""},"categories":[26],"tags":[183,5202,553],"class_list":["post-180201","post","type-post","status-publish","format-standard","has-post-thumbnail","hentry","category-cidades","tag-cidades","tag-ilhabela","tag-sao-paulo"],"yoast_head":"<!-- This site is optimized with the Yoast SEO plugin v23.8 - https:\/\/yoast.com\/wordpress\/plugins\/seo\/ -->\n<title>O Tri\u00e2ngulo das Bermudas brasileiro: o para\u00edso que afundou muitos navios e hoje tem uma das melhores praias do pa\u00eds - Estado de Minas - Em foco<\/title>\n<meta name=\"description\" content=\"Conhecido por antigos naufr\u00e1gios, esse trecho do litoral hoje abriga um para\u00edso com algumas das praias mais bonitas do pa\u00eds.\" \/>\n<meta name=\"robots\" content=\"index, follow, max-snippet:-1, max-image-preview:large, max-video-preview:-1\" \/>\n<link rel=\"canonical\" href=\"https:\/\/www.em.com.br\/emfoco\/2026\/03\/11\/o-triangulo-das-bermudas-brasileiro-o-paraiso-que-afundou-muitos-navios-e-hoje-tem-uma-das-melhores-praias-do-pais\/\" \/>\n<meta property=\"og:locale\" content=\"pt_BR\" \/>\n<meta property=\"og:type\" content=\"article\" \/>\n<meta property=\"og:title\" content=\"O Tri\u00e2ngulo das Bermudas brasileiro: o para\u00edso que afundou muitos navios e hoje tem uma das melhores praias do pa\u00eds - Estado de Minas - Em foco\" \/>\n<meta property=\"og:description\" content=\"Conhecido por antigos naufr\u00e1gios, esse trecho do litoral hoje abriga um para\u00edso com algumas das praias mais bonitas do pa\u00eds.\" \/>\n<meta property=\"og:url\" content=\"https:\/\/www.em.com.br\/emfoco\/2026\/03\/11\/o-triangulo-das-bermudas-brasileiro-o-paraiso-que-afundou-muitos-navios-e-hoje-tem-uma-das-melhores-praias-do-pais\/\" \/>\n<meta property=\"og:site_name\" content=\"Estado de Minas - Em foco\" \/>\n<meta property=\"article:published_time\" content=\"2026-03-11T18:05:00+00:00\" \/>\n<meta property=\"article:modified_time\" content=\"2026-03-11T18:34:50+00:00\" \/>\n<meta property=\"og:image\" content=\"https:\/\/www.em.com.br\/emfoco\/wp-content\/uploads\/2026\/03\/ngz-Gemini_Generated_Image_wj3i33wj3i33wj3i-12141.jpg\" \/>\n\t<meta property=\"og:image:width\" content=\"1280\" \/>\n\t<meta property=\"og:image:height\" content=\"720\" \/>\n\t<meta property=\"og:image:type\" content=\"image\/jpeg\" \/>\n<meta name=\"author\" content=\"Vitor Bruno\" \/>\n<meta name=\"twitter:card\" content=\"summary_large_image\" \/>\n<meta name=\"twitter:label1\" content=\"Escrito por\" \/>\n\t<meta name=\"twitter:data1\" content=\"Vitor Bruno\" \/>\n\t<meta name=\"twitter:label2\" content=\"Est. tempo de leitura\" \/>\n\t<meta name=\"twitter:data2\" content=\"8 minutos\" \/>\n<!-- \/ Yoast SEO plugin. -->","yoast_head_json":{"title":"O Tri\u00e2ngulo das Bermudas brasileiro: o para\u00edso que afundou muitos navios e hoje tem uma das melhores praias do pa\u00eds - Estado de Minas - Em foco","description":"Conhecido por antigos naufr\u00e1gios, esse trecho do litoral hoje abriga um para\u00edso com algumas das praias mais bonitas do pa\u00eds.","robots":{"index":"index","follow":"follow","max-snippet":"max-snippet:-1","max-image-preview":"max-image-preview:large","max-video-preview":"max-video-preview:-1"},"canonical":"https:\/\/www.em.com.br\/emfoco\/2026\/03\/11\/o-triangulo-das-bermudas-brasileiro-o-paraiso-que-afundou-muitos-navios-e-hoje-tem-uma-das-melhores-praias-do-pais\/","og_locale":"pt_BR","og_type":"article","og_title":"O Tri\u00e2ngulo das Bermudas brasileiro: o para\u00edso que afundou muitos navios e hoje tem uma das melhores praias do pa\u00eds - Estado de Minas - Em foco","og_description":"Conhecido por antigos naufr\u00e1gios, esse trecho do litoral hoje abriga um para\u00edso com algumas das praias mais bonitas do pa\u00eds.","og_url":"https:\/\/www.em.com.br\/emfoco\/2026\/03\/11\/o-triangulo-das-bermudas-brasileiro-o-paraiso-que-afundou-muitos-navios-e-hoje-tem-uma-das-melhores-praias-do-pais\/","og_site_name":"Estado de Minas - Em foco","article_published_time":"2026-03-11T18:05:00+00:00","article_modified_time":"2026-03-11T18:34:50+00:00","og_image":[{"width":1280,"height":720,"url":"https:\/\/www.em.com.br\/emfoco\/wp-content\/uploads\/2026\/03\/ngz-Gemini_Generated_Image_wj3i33wj3i33wj3i-12141.jpg","type":"image\/jpeg"}],"author":"Vitor Bruno","twitter_card":"summary_large_image","twitter_misc":{"Escrito por":"Vitor Bruno","Est. tempo de leitura":"8 minutos"},"schema":{"@context":"https:\/\/schema.org","@graph":[{"@type":"WebPage","@id":"https:\/\/www.em.com.br\/emfoco\/2026\/03\/11\/o-triangulo-das-bermudas-brasileiro-o-paraiso-que-afundou-muitos-navios-e-hoje-tem-uma-das-melhores-praias-do-pais\/","url":"https:\/\/www.em.com.br\/emfoco\/2026\/03\/11\/o-triangulo-das-bermudas-brasileiro-o-paraiso-que-afundou-muitos-navios-e-hoje-tem-uma-das-melhores-praias-do-pais\/","name":"O Tri\u00e2ngulo das Bermudas brasileiro: o para\u00edso que afundou muitos navios e hoje tem uma das melhores praias do pa\u00eds - Estado de Minas - Em foco","isPartOf":{"@id":"https:\/\/www.em.com.br\/emfoco\/#website"},"primaryImageOfPage":{"@id":"https:\/\/www.em.com.br\/emfoco\/2026\/03\/11\/o-triangulo-das-bermudas-brasileiro-o-paraiso-que-afundou-muitos-navios-e-hoje-tem-uma-das-melhores-praias-do-pais\/#primaryimage"},"image":{"@id":"https:\/\/www.em.com.br\/emfoco\/2026\/03\/11\/o-triangulo-das-bermudas-brasileiro-o-paraiso-que-afundou-muitos-navios-e-hoje-tem-uma-das-melhores-praias-do-pais\/#primaryimage"},"thumbnailUrl":"https:\/\/www.em.com.br\/emfoco\/wp-content\/uploads\/2026\/03\/ngz-Gemini_Generated_Image_wj3i33wj3i33wj3i-12141.jpg","datePublished":"2026-03-11T18:05:00+00:00","dateModified":"2026-03-11T18:34:50+00:00","author":{"@id":"https:\/\/www.em.com.br\/emfoco\/#\/schema\/person\/364ac1852fafd00f1be20f0b8b237569"},"description":"Conhecido por antigos naufr\u00e1gios, esse trecho do litoral hoje abriga um para\u00edso com algumas das praias mais bonitas do pa\u00eds.","breadcrumb":{"@id":"https:\/\/www.em.com.br\/emfoco\/2026\/03\/11\/o-triangulo-das-bermudas-brasileiro-o-paraiso-que-afundou-muitos-navios-e-hoje-tem-uma-das-melhores-praias-do-pais\/#breadcrumb"},"inLanguage":"pt-BR","potentialAction":[{"@type":"ReadAction","target":["https:\/\/www.em.com.br\/emfoco\/2026\/03\/11\/o-triangulo-das-bermudas-brasileiro-o-paraiso-que-afundou-muitos-navios-e-hoje-tem-uma-das-melhores-praias-do-pais\/"]}]},{"@type":"ImageObject","inLanguage":"pt-BR","@id":"https:\/\/www.em.com.br\/emfoco\/2026\/03\/11\/o-triangulo-das-bermudas-brasileiro-o-paraiso-que-afundou-muitos-navios-e-hoje-tem-uma-das-melhores-praias-do-pais\/#primaryimage","url":"https:\/\/www.em.com.br\/emfoco\/wp-content\/uploads\/2026\/03\/ngz-Gemini_Generated_Image_wj3i33wj3i33wj3i-12141.jpg","contentUrl":"https:\/\/www.em.com.br\/emfoco\/wp-content\/uploads\/2026\/03\/ngz-Gemini_Generated_Image_wj3i33wj3i33wj3i-12141.jpg","width":1280,"height":720,"caption":"Rochas que enlouquecem b\u00fassolas e mais de 100 navios no fundo do mar: Ilhabela \u00e9 o Tri\u00e2ngulo das Bermudas brasileiro (imagem ilustrativa)"},{"@type":"BreadcrumbList","@id":"https:\/\/www.em.com.br\/emfoco\/2026\/03\/11\/o-triangulo-das-bermudas-brasileiro-o-paraiso-que-afundou-muitos-navios-e-hoje-tem-uma-das-melhores-praias-do-pais\/#breadcrumb","itemListElement":[{"@type":"ListItem","position":1,"name":"In\u00edcio","item":"https:\/\/www.em.com.br\/emfoco\/"},{"@type":"ListItem","position":2,"name":"O Tri\u00e2ngulo das Bermudas brasileiro: o para\u00edso que afundou muitos navios e hoje tem uma das melhores praias do pa\u00eds"}]},{"@type":"WebSite","@id":"https:\/\/www.em.com.br\/emfoco\/#website","url":"https:\/\/www.em.com.br\/emfoco\/","name":"Estado de Minas - Em foco","description":"Acompanhe as \u00faltimas not\u00edcias e fique bem informado sobre tudo o que acontece em Minas Gerais, Brasil e no mundo.","potentialAction":[{"@type":"SearchAction","target":{"@type":"EntryPoint","urlTemplate":"https:\/\/www.em.com.br\/emfoco\/?s={search_term_string}"},"query-input":{"@type":"PropertyValueSpecification","valueRequired":true,"valueName":"search_term_string"}}],"inLanguage":"pt-BR"},{"@type":"Person","@id":"https:\/\/www.em.com.br\/emfoco\/#\/schema\/person\/364ac1852fafd00f1be20f0b8b237569","name":"Vitor Bruno","image":{"@type":"ImageObject","inLanguage":"pt-BR","@id":"https:\/\/www.em.com.br\/emfoco\/#\/schema\/person\/image\/","url":"https:\/\/secure.gravatar.com\/avatar\/b719e5cdede09f942064960883b5524d?s=96&d=mm&r=g","contentUrl":"https:\/\/secure.gravatar.com\/avatar\/b719e5cdede09f942064960883b5524d?s=96&d=mm&r=g","caption":"Vitor Bruno"},"sameAs":["https:\/\/www.em.com.br\/emfoco\/"],"url":"https:\/\/www.em.com.br\/emfoco\/author\/vitormyth\/"}]}},"_links":{"self":[{"href":"https:\/\/www.em.com.br\/emfoco\/wp-json\/wp\/v2\/posts\/180201","targetHints":{"allow":["GET"]}}],"collection":[{"href":"https:\/\/www.em.com.br\/emfoco\/wp-json\/wp\/v2\/posts"}],"about":[{"href":"https:\/\/www.em.com.br\/emfoco\/wp-json\/wp\/v2\/types\/post"}],"author":[{"embeddable":true,"href":"https:\/\/www.em.com.br\/emfoco\/wp-json\/wp\/v2\/users\/6"}],"replies":[{"embeddable":true,"href":"https:\/\/www.em.com.br\/emfoco\/wp-json\/wp\/v2\/comments?post=180201"}],"version-history":[{"count":5,"href":"https:\/\/www.em.com.br\/emfoco\/wp-json\/wp\/v2\/posts\/180201\/revisions"}],"predecessor-version":[{"id":180291,"href":"https:\/\/www.em.com.br\/emfoco\/wp-json\/wp\/v2\/posts\/180201\/revisions\/180291"}],"wp:featuredmedia":[{"embeddable":true,"href":"https:\/\/www.em.com.br\/emfoco\/wp-json\/wp\/v2\/media\/180282"}],"wp:attachment":[{"href":"https:\/\/www.em.com.br\/emfoco\/wp-json\/wp\/v2\/media?parent=180201"}],"wp:term":[{"taxonomy":"category","embeddable":true,"href":"https:\/\/www.em.com.br\/emfoco\/wp-json\/wp\/v2\/categories?post=180201"},{"taxonomy":"post_tag","embeddable":true,"href":"https:\/\/www.em.com.br\/emfoco\/wp-json\/wp\/v2\/tags?post=180201"}],"curies":[{"name":"wp","href":"https:\/\/api.w.org\/{rel}","templated":true}]}}