{"id":180200,"date":"2026-03-11T10:35:00","date_gmt":"2026-03-11T13:35:00","guid":{"rendered":"https:\/\/www.em.com.br\/emfoco\/?p=180200"},"modified":"2026-03-11T15:34:19","modified_gmt":"2026-03-11T18:34:19","slug":"94-m%c2%b2-de-verde-por-habitante-a-capital-planejada-que-quase-se-chamou-petronia-e-virou-referencia-mundial-em-qualidade-de-vida","status":"publish","type":"post","link":"https:\/\/www.em.com.br\/emfoco\/2026\/03\/11\/94-m%c2%b2-de-verde-por-habitante-a-capital-planejada-que-quase-se-chamou-petronia-e-virou-referencia-mundial-em-qualidade-de-vida\/","title":{"rendered":"94 m\u00b2 de verde por habitante: a capital planejada que quase se chamou Petr\u00f4nia e virou refer\u00eancia mundial em qualidade de vida"},"content":{"rendered":"\n<p>Avenidas largas, fachadas geom\u00e9tricas e cheiro de pequi no ar. <strong>Goi\u00e2nia<\/strong> nasceu no papel de um urbanista formado em Paris, cresceu oito vezes mais do que o previsto e hoje entrega uma combina\u00e7\u00e3o rara entre metr\u00f3pole e \u00e1rea verde que poucas capitais brasileiras conseguem oferecer.<\/p>\n\n\n\n<h2 class=\"wp-block-heading\">A capital que o povo queria chamar de Petr\u00f4nia<\/h2>\n\n\n\n<p>Em 1933, o jornal <strong>O Social<\/strong>, da antiga capital goiana, promoveu um concurso para batizar a cidade que estava sendo erguida no meio do <strong>Cerrado<\/strong>. O nome mais votado foi \u201cPetr\u00f4nia\u201d, homenagem ao fundador <strong>Pedro Ludovico Teixeira<\/strong>, com mais de 100 votos. \u201cGoi\u00e2nia\u201d n\u00e3o chegou a 10. Ludovico ignorou o resultado e, em 1935, assinou o decreto que deu \u00e0 nova capital o nome inspirado no tupi-guarani \u201cgoyanna\u201d, que significa \u201cterra de muitas \u00e1guas\u201d. At\u00e9 hoje ningu\u00e9m sabe ao certo por que ele descartou a homenagem a si mesmo, segundo registro da <a href=\"https:\/\/portal.al.go.leg.br\/noticias\/121589\/ultima-postagem-da-campanha-nossa-historia-conta-curiosidades-do-processo-sobre-a-escolha-do-nome-de-goiania\" target=\"_blank\" rel=\"noreferrer noopener\"><strong>Assembleia Legislativa de Goi\u00e1s<\/strong><\/a>.<\/p>\n\n\n\n<p>O projeto urban\u00edstico ficou a cargo de <strong>Att\u00edlio Corr\u00eaa Lima<\/strong>, primeiro urbanista diplomado do <strong>Brasil<\/strong>. Ele desenhou tr\u00eas avenidas em formato radial a partir da <strong>Pra\u00e7a C\u00edvica<\/strong>, com inspira\u00e7\u00e3o direta no <strong>Pal\u00e1cio de Versalhes<\/strong>. O plano original previa 50 mil moradores. Hoje, a capital goiana abriga cerca de 1,5 milh\u00e3o.<\/p>\n\n\n<div class=\"wp-block-image\">\n<figure class=\"aligncenter size-large\"><img loading=\"lazy\" decoding=\"async\" width=\"1024\" height=\"576\" src=\"https:\/\/www.em.com.br\/emfoco\/wp-content\/uploads\/2025\/12\/goiania_1732218010656-1024x576.jpg\" alt=\"Por que tanta gente est\u00e1 escolhendo a Capital do Cerrado para morar\" class=\"wp-image-146286\" srcset=\"https:\/\/www.em.com.br\/emfoco\/wp-content\/uploads\/2025\/12\/goiania_1732218010656-1024x576.jpg 1024w, https:\/\/www.em.com.br\/emfoco\/wp-content\/uploads\/2025\/12\/goiania_1732218010656-300x169.jpg 300w, https:\/\/www.em.com.br\/emfoco\/wp-content\/uploads\/2025\/12\/goiania_1732218010656-768x432.jpg 768w, https:\/\/www.em.com.br\/emfoco\/wp-content\/uploads\/2025\/12\/goiania_1732218010656-750x422.jpg 750w, https:\/\/www.em.com.br\/emfoco\/wp-content\/uploads\/2025\/12\/goiania_1732218010656-1140x641.jpg 1140w, https:\/\/www.em.com.br\/emfoco\/wp-content\/uploads\/2025\/12\/goiania_1732218010656.jpg 1280w\" sizes=\"auto, (max-width: 1024px) 100vw, 1024px\" \/><figcaption class=\"wp-element-caption\">Goi\u00e2nia \u00e9 uma das capitais mais verdes e acolhedoras do Brasil \/\/ Cr\u00e9ditos: depositphotos.com \/ AngelaMacario<\/figcaption><\/figure><\/div>\n\n\n<h2 class=\"wp-block-heading\">O segundo maior acervo art d\u00e9co do mundo fica no Centro-Oeste<\/h2>\n\n\n\n<p>Os primeiros edif\u00edcios p\u00fablicos de Goi\u00e2nia foram erguidos em estilo art d\u00e9co entre as d\u00e9cadas de 1940 e 1950. Em 2003, o <a href=\"http:\/\/portal.iphan.gov.br\/pagina\/detalhes\/361\/\" target=\"_blank\" rel=\"noreferrer noopener\"><strong>Instituto do Patrim\u00f4nio Hist\u00f3rico e Art\u00edstico Nacional (IPHAN)<\/strong><\/a> tombou 22 bens no n\u00facleo pioneiro da cidade. O <strong>Teatro Goi\u00e2nia<\/strong>, inaugurado em 1942, o <strong>Pal\u00e1cio das Esmeraldas<\/strong>, a <strong>Torre do Rel\u00f3gio<\/strong> da Avenida Goi\u00e1s e o Coreto da Pra\u00e7a C\u00edvica integram esse conjunto.<\/p>\n\n\n\n<p>A capital goiana abriga o maior acervo art d\u00e9co do Brasil e o segundo do mundo, atr\u00e1s apenas de <strong>Miami<\/strong>, nos <strong>Estados Unidos<\/strong>, conforme a <a href=\"https:\/\/portal.al.go.leg.br\/noticias\/156518\/fundacao-de-goiania\" target=\"_blank\" rel=\"noreferrer noopener\"><strong>Assembleia Legislativa de Goi\u00e1s<\/strong><\/a>. Um projeto de lei em an\u00e1lise na <strong>C\u00e2mara dos Deputados<\/strong> prop\u00f5e conceder a Goi\u00e2nia o t\u00edtulo oficial de Capital Nacional do Art D\u00e9co. A prefeitura tamb\u00e9m apresentou o acervo \u00e0 <strong>Unesco<\/strong> para pleitear o reconhecimento como <strong>Patrim\u00f4nio Mundial da Humanidade<\/strong>.<\/p>\n\n\n\n<p><strong>Leia tamb\u00e9m: <a href=\"https:\/\/www.em.com.br\/emfoco\/2026\/03\/08\/a-vila-onde-nao-ha-bancos-nao-ha-asfalto-e-nao-ha-postes-de-luz-so-o-brilho-da-lua-sobre-as-praias-mais-bonitas-do-planeta\/\" target=\"_blank\" rel=\"noreferrer noopener\">A vila onde n\u00e3o h\u00e1 bancos, n\u00e3o h\u00e1 asfalto e n\u00e3o h\u00e1 postes de luz: s\u00f3 o brilho da lua sobre as praias mais bonitas do planeta<\/a><\/strong><\/p>\n\n\n\n<h2 class=\"wp-block-heading\">Por que a ONU reconheceu Goi\u00e2nia como Cidade \u00c1rvore do Mundo<\/h2>\n\n\n\n<p>A capital goiana oferece cerca de 94 m\u00b2 de \u00e1rea verde por habitante, \u00edndice quase oito vezes superior ao m\u00ednimo de 12 m\u00b2 recomendado pela <strong>Organiza\u00e7\u00e3o das Na\u00e7\u00f5es Unidas (ONU)<\/strong>. No ranking mundial, fica atr\u00e1s apenas de <strong>Edmonton<\/strong>, no <strong>Canad\u00e1<\/strong>, segundo levantamento da <a href=\"https:\/\/www.goiania.go.gov.br\/sobre-goiania\/parques-e-bosques\/\" target=\"_blank\" rel=\"noreferrer noopener\"><strong>Ag\u00eancia Municipal do Meio Ambiente (Amma)<\/strong><\/a>. O programa <strong>Tree Cities of the World<\/strong>, coordenado pela ONU-Habitat e pela Funda\u00e7\u00e3o Arbor Day, concedeu a Goi\u00e2nia o selo de Cidade \u00c1rvore do Mundo, colocando-a ao lado de Paris, Nova York e Toronto.<\/p>\n\n\n\n<p>A cidade possui mais de 60 parques e bosques. O <strong>Parque Flamboyant<\/strong> concentra lago e pistas de caminhada no cora\u00e7\u00e3o do Setor Marista. O <strong>Bosque dos Buritis<\/strong> abriga o Museu de Arte de Goi\u00e2nia. O <strong>Lago das Rosas<\/strong>, inaugurado na d\u00e9cada de 1940, ainda conserva o trampolim original da \u00e9poca em que funcionava como piscina p\u00fablica.<\/p>\n\n\n<div class=\"wp-block-image\">\n<figure class=\"aligncenter size-large\"><img loading=\"lazy\" decoding=\"async\" width=\"1024\" height=\"576\" src=\"https:\/\/www.em.com.br\/emfoco\/wp-content\/uploads\/2025\/12\/Goiania_1761618584012-1024x576.jpg\" alt=\"\" class=\"wp-image-146287\" srcset=\"https:\/\/www.em.com.br\/emfoco\/wp-content\/uploads\/2025\/12\/Goiania_1761618584012-1024x576.jpg 1024w, https:\/\/www.em.com.br\/emfoco\/wp-content\/uploads\/2025\/12\/Goiania_1761618584012-300x169.jpg 300w, https:\/\/www.em.com.br\/emfoco\/wp-content\/uploads\/2025\/12\/Goiania_1761618584012-768x432.jpg 768w, https:\/\/www.em.com.br\/emfoco\/wp-content\/uploads\/2025\/12\/Goiania_1761618584012-750x422.jpg 750w, https:\/\/www.em.com.br\/emfoco\/wp-content\/uploads\/2025\/12\/Goiania_1761618584012-1140x641.jpg 1140w, https:\/\/www.em.com.br\/emfoco\/wp-content\/uploads\/2025\/12\/Goiania_1761618584012.jpg 1280w\" sizes=\"auto, (max-width: 1024px) 100vw, 1024px\" \/><figcaption class=\"wp-element-caption\">Goi\u00e2nia combina modernidade, natureza e excelente qualidade de vida \/\/ Cr\u00e9ditos: depositphotos.com \/ Cristian_Lourenco<\/figcaption><\/figure><\/div>\n\n\n<h2 class=\"wp-block-heading\">O planet\u00e1rio que chegou por engano<\/h2>\n\n\n\n<p>Nos anos 1970, o professor <strong>Jos\u00e9 Ubiratan de Moura<\/strong>, da <a href=\"https:\/\/planetario.ufg.br\/p\/30998-historia\" target=\"_blank\" rel=\"noreferrer noopener\"><strong>Universidade Federal de Goi\u00e1s (UFG)<\/strong><\/a>, pediu ao <strong>Minist\u00e9rio da Educa\u00e7\u00e3o (MEC)<\/strong> um tel\u00fario, equipamento did\u00e1tico pequeno o suficiente para caber em cima de uma mesa. Os t\u00e9cnicos do governo n\u00e3o entenderam o pedido. Como o MEC negociava na \u00e9poca com a <strong>Alemanha Oriental<\/strong>, Goi\u00e2nia recebeu um Planet\u00e1rio Zeiss Jena Spacemaster e um telesc\u00f3pio Zeiss Cassegrain. O equipamento definitivamente n\u00e3o cabia na mesa do professor.<\/p>\n\n\n\n<p>A prefeitura construiu uma sede dentro do <strong>Parque Mutirama<\/strong>, e o planet\u00e1rio foi inaugurado em 23 de outubro de 1970. Boa parte da popula\u00e7\u00e3o achou que se tratava de mais um brinquedo do parque de divers\u00f5es. Mais de cinco d\u00e9cadas depois, o <strong>Planet\u00e1rio Juan Bernardino Marques Barrio<\/strong> segue em funcionamento e \u00e9 um dos espa\u00e7os de divulga\u00e7\u00e3o cient\u00edfica mais importantes do Centro-Oeste.<\/p>\n\n\n\n<p>Quem planeja visitar <strong>Goi\u00e2nia<\/strong>, vai curtir esse v\u00eddeo especialmente selecionado do canal <strong>Viajando e Passeando<\/strong>, que conta com mais de <strong>111 mil<\/strong> visualiza\u00e7\u00f5es, onde <strong>Diego<\/strong> mostra um guia completo com os 10 melhores lugares da capital de <strong>Goi\u00e1s<\/strong>:<\/p>\n\n\n\n<figure class=\"wp-block-embed is-type-video is-provider-youtube wp-block-embed-youtube wp-embed-aspect-16-9 wp-has-aspect-ratio\"><div class=\"wp-block-embed__wrapper\">\n<div class=\"jeg_video_container jeg_video_content\"><iframe loading=\"lazy\" title=\"TOP 10 GOI\u00c2NIA | O Guia Mais COMPLETO da Capital de Goi\u00e1s!\" width=\"500\" height=\"281\" src=\"https:\/\/www.youtube.com\/embed\/EdjOvNGaIjc?feature=oembed\" frameborder=\"0\" allow=\"accelerometer; autoplay; clipboard-write; encrypted-media; gyroscope; picture-in-picture; web-share\" referrerpolicy=\"strict-origin-when-cross-origin\" allowfullscreen><\/iframe><\/div>\n<\/div><\/figure>\n\n\n\n<h2 class=\"wp-block-heading\">Sete mil bancas e a maior feira ao ar livre da Am\u00e9rica Latina<\/h2>\n\n\n\n<p>Tudo come\u00e7ou na d\u00e9cada de 1960, quando artes\u00e3os ligados ao movimento hippie expunham pe\u00e7as no Mutirama. A feira mudou de endere\u00e7o v\u00e1rias vezes at\u00e9 se fixar na <strong>Pra\u00e7a do Trabalhador<\/strong>, ao lado da antiga <strong>Esta\u00e7\u00e3o Ferrovi\u00e1ria<\/strong>. Hoje, a <strong>Feira Hippie de Goi\u00e2nia<\/strong> re\u00fane cerca de 7 mil bancas e funciona de sexta a domingo, segundo a <a href=\"https:\/\/www.goiania.go.gov.br\/sobre-goiania\/feiras\/\" target=\"_blank\" rel=\"noreferrer noopener\"><strong>Prefeitura de Goi\u00e2nia<\/strong><\/a>. \u00c9 considerada a maior feira ao ar livre do Brasil e da <strong>Am\u00e9rica Latina<\/strong>.<\/p>\n\n\n\n<p>Caravanas de compradores chegam toda semana, principalmente do Norte e do Nordeste, lotando em m\u00e9dia 40 \u00f4nibus. A <a href=\"https:\/\/goias.gov.br\/cultura\/feira-hippie-e-cavalhadas-podem-se-tornar-patrimonio-cultural-do-estado\/\" target=\"_blank\" rel=\"noreferrer noopener\"><strong>Secretaria de Estado da Cultura de Goi\u00e1s (Secult)<\/strong><\/a> conduz o processo para registrar a feira como Patrim\u00f4nio Cultural Imaterial do Estado. Moda no atacado, empad\u00e3o goiano, artesanato e garapa dividem espa\u00e7o em corredores que parecem n\u00e3o ter fim.<\/p>\n\n\n\n<p><strong>Leia tamb\u00e9m: <a href=\"https:\/\/www.em.com.br\/emfoco\/2026\/03\/04\/uma-montanha-1-385-metros-desapareceu-a-cidade-mineira-a-2-horas-de-belo-horizonte-onde-a-paisagem-valia-menos-que-os-lucros-e-o-maior-poeta-brasileiro-nasceu\/\" target=\"_blank\" rel=\"noreferrer noopener\">Uma montanha de 1.385 metros desapareceu, a cidade mineira a 2 horas de Belo Horizonte onde a paisagem valia menos que os lucros e o maior poeta brasileiro nasceu<\/a><\/strong><\/p>\n\n\n\n<h2 class=\"wp-block-heading\">Conhe\u00e7a a capital que nasceu no papel e virou refer\u00eancia de vida<\/h2>\n\n\n\n<p>Goi\u00e2nia \u00e9 uma cidade jovem que carrega, nas avenidas arborizadas e nas fachadas art d\u00e9co, o projeto ousado de quem desenhou uma metr\u00f3pole inteira no meio do Cerrado. A combina\u00e7\u00e3o de parques generosos, patrim\u00f4nio hist\u00f3rico tombado e feiras que pulsam aos finais de semana cria um ritmo pr\u00f3prio, dif\u00edcil de encontrar em outras capitais.<\/p>\n\n\n\n<p>Voc\u00ea precisa caminhar pela Avenida Goi\u00e1s, provar uma pamonha com caf\u00e9 e sentir de perto por que a cidade que quase se chamou Petr\u00f4nia se tornou uma das capitais com melhor qualidade de vida do pa\u00eds.<\/p>\n","protected":false},"excerpt":{"rendered":"<p>Avenidas largas, fachadas geom\u00e9tricas e cheiro de pequi no ar. Goi\u00e2nia nasceu no papel de um urbanista formado em Paris, cresceu oito vezes mais do que o previsto e hoje entrega uma combina\u00e7\u00e3o rara entre metr\u00f3pole e \u00e1rea verde que poucas capitais brasileiras conseguem oferecer. A capital que o povo queria chamar de Petr\u00f4nia Em [&hellip;]<\/p>\n","protected":false},"author":6,"featured_media":172884,"comment_status":"open","ping_status":"open","sticky":false,"template":"","format":"standard","meta":{"jnews-multi-image_gallery":[],"jnews_single_post":{"format":"standard"},"jnews_primary_category":[],"jnews_social_meta":[],"jnews_override_counter":[],"footnotes":""},"categories":[26],"tags":[183,1194,13657],"class_list":["post-180200","post","type-post","status-publish","format-standard","has-post-thumbnail","hentry","category-cidades","tag-cidades","tag-goiania","tag-goias-2"],"yoast_head":"<!-- This site is optimized with the Yoast SEO plugin v23.8 - https:\/\/yoast.com\/wordpress\/plugins\/seo\/ -->\n<title>94 m\u00b2 de verde por habitante: a capital planejada que quase se chamou Petr\u00f4nia e virou refer\u00eancia mundial em qualidade de vida - Estado de Minas - Em foco<\/title>\n<meta name=\"description\" content=\"Planejada para priorizar natureza e organiza\u00e7\u00e3o urbana, essa capital brasileira se tornou refer\u00eancia em qualidade de vida.\" \/>\n<meta name=\"robots\" content=\"index, follow, max-snippet:-1, max-image-preview:large, max-video-preview:-1\" \/>\n<link rel=\"canonical\" href=\"https:\/\/www.em.com.br\/emfoco\/2026\/03\/11\/94-m\u00b2-de-verde-por-habitante-a-capital-planejada-que-quase-se-chamou-petronia-e-virou-referencia-mundial-em-qualidade-de-vida\/\" \/>\n<meta property=\"og:locale\" content=\"pt_BR\" \/>\n<meta property=\"og:type\" content=\"article\" \/>\n<meta property=\"og:title\" content=\"94 m\u00b2 de verde por habitante: a capital planejada que quase se chamou Petr\u00f4nia e virou refer\u00eancia mundial em qualidade de vida - Estado de Minas - Em foco\" \/>\n<meta property=\"og:description\" content=\"Planejada para priorizar natureza e organiza\u00e7\u00e3o urbana, essa capital brasileira se tornou refer\u00eancia em qualidade de vida.\" \/>\n<meta property=\"og:url\" content=\"https:\/\/www.em.com.br\/emfoco\/2026\/03\/11\/94-m\u00b2-de-verde-por-habitante-a-capital-planejada-que-quase-se-chamou-petronia-e-virou-referencia-mundial-em-qualidade-de-vida\/\" \/>\n<meta property=\"og:site_name\" content=\"Estado de Minas - Em foco\" \/>\n<meta property=\"article:published_time\" content=\"2026-03-11T13:35:00+00:00\" \/>\n<meta property=\"article:modified_time\" content=\"2026-03-11T18:34:19+00:00\" \/>\n<meta property=\"og:image\" content=\"https:\/\/www.em.com.br\/emfoco\/wp-content\/uploads\/2026\/02\/ngz-Gemini_Generated_Image_y15abiy15abiy15a-41980.jpg\" \/>\n\t<meta property=\"og:image:width\" content=\"1280\" \/>\n\t<meta property=\"og:image:height\" content=\"720\" \/>\n\t<meta property=\"og:image:type\" content=\"image\/jpeg\" \/>\n<meta name=\"author\" content=\"Vitor Bruno\" \/>\n<meta name=\"twitter:card\" content=\"summary_large_image\" \/>\n<meta name=\"twitter:label1\" content=\"Escrito por\" \/>\n\t<meta name=\"twitter:data1\" content=\"Vitor Bruno\" \/>\n\t<meta name=\"twitter:label2\" content=\"Est. tempo de leitura\" \/>\n\t<meta name=\"twitter:data2\" content=\"7 minutos\" \/>\n<!-- \/ Yoast SEO plugin. -->","yoast_head_json":{"title":"94 m\u00b2 de verde por habitante: a capital planejada que quase se chamou Petr\u00f4nia e virou refer\u00eancia mundial em qualidade de vida - Estado de Minas - Em foco","description":"Planejada para priorizar natureza e organiza\u00e7\u00e3o urbana, essa capital brasileira se tornou refer\u00eancia em qualidade de vida.","robots":{"index":"index","follow":"follow","max-snippet":"max-snippet:-1","max-image-preview":"max-image-preview:large","max-video-preview":"max-video-preview:-1"},"canonical":"https:\/\/www.em.com.br\/emfoco\/2026\/03\/11\/94-m\u00b2-de-verde-por-habitante-a-capital-planejada-que-quase-se-chamou-petronia-e-virou-referencia-mundial-em-qualidade-de-vida\/","og_locale":"pt_BR","og_type":"article","og_title":"94 m\u00b2 de verde por habitante: a capital planejada que quase se chamou Petr\u00f4nia e virou refer\u00eancia mundial em qualidade de vida - Estado de Minas - Em foco","og_description":"Planejada para priorizar natureza e organiza\u00e7\u00e3o urbana, essa capital brasileira se tornou refer\u00eancia em qualidade de vida.","og_url":"https:\/\/www.em.com.br\/emfoco\/2026\/03\/11\/94-m\u00b2-de-verde-por-habitante-a-capital-planejada-que-quase-se-chamou-petronia-e-virou-referencia-mundial-em-qualidade-de-vida\/","og_site_name":"Estado de Minas - Em foco","article_published_time":"2026-03-11T13:35:00+00:00","article_modified_time":"2026-03-11T18:34:19+00:00","og_image":[{"width":1280,"height":720,"url":"https:\/\/www.em.com.br\/emfoco\/wp-content\/uploads\/2026\/02\/ngz-Gemini_Generated_Image_y15abiy15abiy15a-41980.jpg","type":"image\/jpeg"}],"author":"Vitor Bruno","twitter_card":"summary_large_image","twitter_misc":{"Escrito por":"Vitor Bruno","Est. tempo de leitura":"7 minutos"},"schema":{"@context":"https:\/\/schema.org","@graph":[{"@type":"WebPage","@id":"https:\/\/www.em.com.br\/emfoco\/2026\/03\/11\/94-m%c2%b2-de-verde-por-habitante-a-capital-planejada-que-quase-se-chamou-petronia-e-virou-referencia-mundial-em-qualidade-de-vida\/","url":"https:\/\/www.em.com.br\/emfoco\/2026\/03\/11\/94-m%c2%b2-de-verde-por-habitante-a-capital-planejada-que-quase-se-chamou-petronia-e-virou-referencia-mundial-em-qualidade-de-vida\/","name":"94 m\u00b2 de verde por habitante: a capital planejada que quase se chamou Petr\u00f4nia e virou refer\u00eancia mundial em qualidade de vida - Estado de Minas - Em foco","isPartOf":{"@id":"https:\/\/www.em.com.br\/emfoco\/#website"},"primaryImageOfPage":{"@id":"https:\/\/www.em.com.br\/emfoco\/2026\/03\/11\/94-m%c2%b2-de-verde-por-habitante-a-capital-planejada-que-quase-se-chamou-petronia-e-virou-referencia-mundial-em-qualidade-de-vida\/#primaryimage"},"image":{"@id":"https:\/\/www.em.com.br\/emfoco\/2026\/03\/11\/94-m%c2%b2-de-verde-por-habitante-a-capital-planejada-que-quase-se-chamou-petronia-e-virou-referencia-mundial-em-qualidade-de-vida\/#primaryimage"},"thumbnailUrl":"https:\/\/www.em.com.br\/emfoco\/wp-content\/uploads\/2026\/02\/ngz-Gemini_Generated_Image_y15abiy15abiy15a-41980.jpg","datePublished":"2026-03-11T13:35:00+00:00","dateModified":"2026-03-11T18:34:19+00:00","author":{"@id":"https:\/\/www.em.com.br\/emfoco\/#\/schema\/person\/364ac1852fafd00f1be20f0b8b237569"},"description":"Planejada para priorizar natureza e organiza\u00e7\u00e3o urbana, essa capital brasileira se tornou refer\u00eancia em qualidade de vida.","breadcrumb":{"@id":"https:\/\/www.em.com.br\/emfoco\/2026\/03\/11\/94-m%c2%b2-de-verde-por-habitante-a-capital-planejada-que-quase-se-chamou-petronia-e-virou-referencia-mundial-em-qualidade-de-vida\/#breadcrumb"},"inLanguage":"pt-BR","potentialAction":[{"@type":"ReadAction","target":["https:\/\/www.em.com.br\/emfoco\/2026\/03\/11\/94-m%c2%b2-de-verde-por-habitante-a-capital-planejada-que-quase-se-chamou-petronia-e-virou-referencia-mundial-em-qualidade-de-vida\/"]}]},{"@type":"ImageObject","inLanguage":"pt-BR","@id":"https:\/\/www.em.com.br\/emfoco\/2026\/03\/11\/94-m%c2%b2-de-verde-por-habitante-a-capital-planejada-que-quase-se-chamou-petronia-e-virou-referencia-mundial-em-qualidade-de-vida\/#primaryimage","url":"https:\/\/www.em.com.br\/emfoco\/wp-content\/uploads\/2026\/02\/ngz-Gemini_Generated_Image_y15abiy15abiy15a-41980.jpg","contentUrl":"https:\/\/www.em.com.br\/emfoco\/wp-content\/uploads\/2026\/02\/ngz-Gemini_Generated_Image_y15abiy15abiy15a-41980.jpg","width":1280,"height":720,"caption":"Goi\u00e2nia destaca-se como a Capital do Cerrado reconhecida mundialmente por sua arboriza\u00e7\u00e3o (imagem ilustrativa)"},{"@type":"BreadcrumbList","@id":"https:\/\/www.em.com.br\/emfoco\/2026\/03\/11\/94-m%c2%b2-de-verde-por-habitante-a-capital-planejada-que-quase-se-chamou-petronia-e-virou-referencia-mundial-em-qualidade-de-vida\/#breadcrumb","itemListElement":[{"@type":"ListItem","position":1,"name":"In\u00edcio","item":"https:\/\/www.em.com.br\/emfoco\/"},{"@type":"ListItem","position":2,"name":"94 m\u00b2 de verde por habitante: a capital planejada que quase se chamou Petr\u00f4nia e virou refer\u00eancia mundial em qualidade de vida"}]},{"@type":"WebSite","@id":"https:\/\/www.em.com.br\/emfoco\/#website","url":"https:\/\/www.em.com.br\/emfoco\/","name":"Estado de Minas - Em foco","description":"Acompanhe as \u00faltimas not\u00edcias e fique bem informado sobre tudo o que acontece em Minas Gerais, Brasil e no mundo.","potentialAction":[{"@type":"SearchAction","target":{"@type":"EntryPoint","urlTemplate":"https:\/\/www.em.com.br\/emfoco\/?s={search_term_string}"},"query-input":{"@type":"PropertyValueSpecification","valueRequired":true,"valueName":"search_term_string"}}],"inLanguage":"pt-BR"},{"@type":"Person","@id":"https:\/\/www.em.com.br\/emfoco\/#\/schema\/person\/364ac1852fafd00f1be20f0b8b237569","name":"Vitor Bruno","image":{"@type":"ImageObject","inLanguage":"pt-BR","@id":"https:\/\/www.em.com.br\/emfoco\/#\/schema\/person\/image\/","url":"https:\/\/secure.gravatar.com\/avatar\/b719e5cdede09f942064960883b5524d?s=96&d=mm&r=g","contentUrl":"https:\/\/secure.gravatar.com\/avatar\/b719e5cdede09f942064960883b5524d?s=96&d=mm&r=g","caption":"Vitor Bruno"},"sameAs":["https:\/\/www.em.com.br\/emfoco\/"],"url":"https:\/\/www.em.com.br\/emfoco\/author\/vitormyth\/"}]}},"_links":{"self":[{"href":"https:\/\/www.em.com.br\/emfoco\/wp-json\/wp\/v2\/posts\/180200","targetHints":{"allow":["GET"]}}],"collection":[{"href":"https:\/\/www.em.com.br\/emfoco\/wp-json\/wp\/v2\/posts"}],"about":[{"href":"https:\/\/www.em.com.br\/emfoco\/wp-json\/wp\/v2\/types\/post"}],"author":[{"embeddable":true,"href":"https:\/\/www.em.com.br\/emfoco\/wp-json\/wp\/v2\/users\/6"}],"replies":[{"embeddable":true,"href":"https:\/\/www.em.com.br\/emfoco\/wp-json\/wp\/v2\/comments?post=180200"}],"version-history":[{"count":3,"href":"https:\/\/www.em.com.br\/emfoco\/wp-json\/wp\/v2\/posts\/180200\/revisions"}],"predecessor-version":[{"id":180293,"href":"https:\/\/www.em.com.br\/emfoco\/wp-json\/wp\/v2\/posts\/180200\/revisions\/180293"}],"wp:featuredmedia":[{"embeddable":true,"href":"https:\/\/www.em.com.br\/emfoco\/wp-json\/wp\/v2\/media\/172884"}],"wp:attachment":[{"href":"https:\/\/www.em.com.br\/emfoco\/wp-json\/wp\/v2\/media?parent=180200"}],"wp:term":[{"taxonomy":"category","embeddable":true,"href":"https:\/\/www.em.com.br\/emfoco\/wp-json\/wp\/v2\/categories?post=180200"},{"taxonomy":"post_tag","embeddable":true,"href":"https:\/\/www.em.com.br\/emfoco\/wp-json\/wp\/v2\/tags?post=180200"}],"curies":[{"name":"wp","href":"https:\/\/api.w.org\/{rel}","templated":true}]}}