{"id":180199,"date":"2026-03-11T15:08:00","date_gmt":"2026-03-11T18:08:00","guid":{"rendered":"https:\/\/www.em.com.br\/emfoco\/?p=180199"},"modified":"2026-03-11T14:10:59","modified_gmt":"2026-03-11T17:10:59","slug":"mesa-de-jantar-grande-esta-perdendo-popularidade-a-nova-tendencia-para-2026-valoriza-espacos-mais-flexiveis","status":"publish","type":"post","link":"https:\/\/www.em.com.br\/emfoco\/2026\/03\/11\/mesa-de-jantar-grande-esta-perdendo-popularidade-a-nova-tendencia-para-2026-valoriza-espacos-mais-flexiveis\/","title":{"rendered":"Mesa de jantar grande est\u00e1 perdendo popularidade: a nova tend\u00eancia para 2026 valoriza espa\u00e7os mais flex\u00edveis"},"content":{"rendered":"\n<p>A <strong>mesa de jantar grande<\/strong>, pe\u00e7a que durante d\u00e9cadas ocupou o centro das salas brasileiras, est\u00e1 perdendo espa\u00e7o nos projetos de interiores mais atuais. Em 2026, a tend\u00eancia de decora\u00e7\u00e3o aponta para ambientes integrados, m\u00f3veis multifuncionais e solu\u00e7\u00f5es modulares que transformam a forma como organizamos a <a href=\"https:\/\/www.em.com.br\/emfoco\/2026\/03\/04\/a-ilha-de-cozinha-esta-fora-de-moda-a-nova-tendencia-para-2026-e-algo-mais-elegante-e-confortavel\/\" target=\"_blank\" rel=\"noreferrer noopener\">casa<\/a>, priorizando flexibilidade, circula\u00e7\u00e3o e aproveitamento inteligente de cada metro quadrado.<\/p>\n\n\n\n<h2 class=\"wp-block-heading\">Por que a mesa de jantar grande deixou de ser prioridade na decora\u00e7\u00e3o?<\/h2>\n\n\n\n<p>A mudan\u00e7a de comportamento dos moradores \u00e9 o principal motor dessa transforma\u00e7\u00e3o. Com apartamentos cada vez mais compactos e rotinas din\u00e2micas, a mesa de jantar grande passou a ocupar um espa\u00e7o consider\u00e1vel sem cumprir sua fun\u00e7\u00e3o original com a mesma frequ\u00eancia de antes. Muitas fam\u00edlias perceberam que o m\u00f3vel tradicional ficava ocioso na maior parte do tempo, servindo mais como apoio para objetos do que como ponto de encontro para refei\u00e7\u00f5es.<\/p>\n\n\n\n<p>Al\u00e9m do fator pr\u00e1tico, o <strong>design de interiores em 2026<\/strong> segue uma filosofia onde o mobili\u00e1rio deve se adaptar ao morador, e n\u00e3o o contr\u00e1rio. Arquitetos e decoradores recomendam substituir pe\u00e7as fixas e pesadas por alternativas vers\u00e1teis que acompanhem diferentes momentos do dia, desde o trabalho remoto at\u00e9 o recebimento de convidados.<\/p>\n\n\n\n<h2 class=\"wp-block-heading\">Quais solu\u00e7\u00f5es est\u00e3o substituindo a mesa de jantar grande nos lares modernos?<\/h2>\n\n\n\n<p>O mercado de decora\u00e7\u00e3o apresenta alternativas criativas que unem est\u00e9tica refinada e funcionalidade para quem est\u00e1 abrindo m\u00e3o da mesa de jantar grande. As op\u00e7\u00f5es v\u00eam principalmente de tend\u00eancias europeias e norte-americanas que j\u00e1 se consolidaram nos projetos brasileiros. Conhe\u00e7a as principais solu\u00e7\u00f5es:<\/p>\n\n\n<div class=\"wp-block-image\">\n<figure class=\"aligncenter size-large\"><img loading=\"lazy\" decoding=\"async\" width=\"1024\" height=\"740\" src=\"https:\/\/www.em.com.br\/emfoco\/wp-content\/uploads\/2026\/03\/convertido-16-1024x740.jpg\" alt=\"Muitos projetos de interiores est\u00e3o repensando a sala de jantar\" class=\"wp-image-180210\" srcset=\"https:\/\/www.em.com.br\/emfoco\/wp-content\/uploads\/2026\/03\/convertido-16-1024x740.jpg 1024w, https:\/\/www.em.com.br\/emfoco\/wp-content\/uploads\/2026\/03\/convertido-16-300x217.jpg 300w, https:\/\/www.em.com.br\/emfoco\/wp-content\/uploads\/2026\/03\/convertido-16-768x555.jpg 768w, https:\/\/www.em.com.br\/emfoco\/wp-content\/uploads\/2026\/03\/convertido-16-120x86.jpg 120w, https:\/\/www.em.com.br\/emfoco\/wp-content\/uploads\/2026\/03\/convertido-16-750x542.jpg 750w, https:\/\/www.em.com.br\/emfoco\/wp-content\/uploads\/2026\/03\/convertido-16-1140x824.jpg 1140w, https:\/\/www.em.com.br\/emfoco\/wp-content\/uploads\/2026\/03\/convertido-16.jpg 1280w\" sizes=\"auto, (max-width: 1024px) 100vw, 1024px\" \/><figcaption class=\"wp-element-caption\">Muitos projetos de interiores est\u00e3o repensando a sala de jantar<\/figcaption><\/figure><\/div>\n\n\n<h2 class=\"wp-block-heading\">Como os ambientes integrados influenciam essa mudan\u00e7a na decora\u00e7\u00e3o?<\/h2>\n\n\n\n<p>O conceito de planta aberta, onde cozinha, sala de jantar e estar formam um \u00fanico ambiente fluido, \u00e9 um dos pilares da decora\u00e7\u00e3o contempor\u00e2nea. Nesse contexto, a mesa de jantar grande se torna um obst\u00e1culo que fragmenta a percep\u00e7\u00e3o de amplitude e dificulta o tr\u00e2nsito entre os c\u00f4modos. A integra\u00e7\u00e3o dos espa\u00e7os pede mobili\u00e1rio que dialogue com o todo, sem criar pontos de bloqueio visual.<\/p>\n\n\n\n<p>Em 2026, o design de interiores refor\u00e7a que o verdadeiro conforto est\u00e1 na liberdade de movimento e na possibilidade de reconfigurar o layout conforme a necessidade. M\u00f3veis modulares, sof\u00e1s com m\u00faltiplas configura\u00e7\u00f5es e bancadas multifuncionais traduzem essa mentalidade, criando ambientes que se moldam \u00e0s rotinas, \u00e0s fases da vida e at\u00e9 ao n\u00famero de pessoas presentes na casa a cada momento.<\/p>\n\n\n<div class=\"wp-block-image\">\n<figure class=\"aligncenter size-large\"><img loading=\"lazy\" decoding=\"async\" width=\"1024\" height=\"572\" src=\"https:\/\/www.em.com.br\/emfoco\/wp-content\/uploads\/2026\/03\/freepik__mesa-dobrvel-compacta-fixada-na-parede-sendo-abert__18681-1024x572.jpeg\" alt=\"Mesa de jantar grande est\u00e1 perdendo popularidade: a nova tend\u00eancia para 2026 valoriza espa\u00e7os mais flex\u00edveis\" class=\"wp-image-180207\"\/><figcaption class=\"wp-element-caption\">Um m\u00f3vel tradicional da casa est\u00e1 perdendo espa\u00e7o na decora\u00e7\u00e3o<\/figcaption><\/figure><\/div>\n\n\n<h2 class=\"wp-block-heading\">\u00c9 poss\u00edvel manter a mesa de jantar grande e ainda assim seguir as tend\u00eancias?<\/h2>\n\n\n\n<p>Para quem valoriza o ritual das refei\u00e7\u00f5es em fam\u00edlia e n\u00e3o pretende abrir m\u00e3o do m\u00f3vel tradicional, a solu\u00e7\u00e3o est\u00e1 na combina\u00e7\u00e3o inteligente de propostas. Projetos de decora\u00e7\u00e3o bem resolvidos integram uma mesa de jantar grande em espa\u00e7os amplos, desde que o restante do mobili\u00e1rio siga princ\u00edpios de leveza e funcionalidade. Materiais como madeira reflorestada, pedra natural e acabamentos em tons neutros ajudam a manter o equil\u00edbrio visual.<\/p>\n\n\n\n<p>Tamb\u00e9m \u00e9 poss\u00edvel investir em modelos extens\u00edveis que funcionam como mesa compacta no cotidiano e se expandem para receber convidados em ocasi\u00f5es especiais. Essa adaptabilidade reflete o esp\u00edrito da decora\u00e7\u00e3o em 2026, onde cada pe\u00e7a precisa justificar seu espa\u00e7o com versatilidade e inten\u00e7\u00e3o. Especialistas recomendam considerar os seguintes crit\u00e9rios antes de decidir:<\/p>\n\n\n\n<ul class=\"wp-block-list\">\n<li>Avaliar a metragem dispon\u00edvel e a frequ\u00eancia real de uso da mesa de jantar grande no dia a dia<\/li>\n\n\n\n<li>Priorizar materiais sustent\u00e1veis e designs atemporais que valorizem o ambiente sem pesar visualmente<\/li>\n\n\n\n<li>Considerar modelos extens\u00edveis ou com compartimentos embutidos que ofere\u00e7am funcionalidade extra<\/li>\n\n\n\n<li>Harmonizar a pe\u00e7a com bancadas, banquetas e elementos que criem um espa\u00e7o de refei\u00e7\u00e3o integrado e acolhedor<\/li>\n<\/ul>\n\n\n\n<p>A tend\u00eancia de 2026 n\u00e3o decreta o fim da mesa de jantar grande, mas convida a repensar seu papel dentro de casa. O design de interiores atual prioriza ambientes que respiram, se transformam e acolhem, valorizando a experi\u00eancia de quem habita o espa\u00e7o acima de qualquer conven\u00e7\u00e3o decorativa. Flexibilidade, funcionalidade e personalidade s\u00e3o os pilares de uma casa que reflete a vida real dos seus moradores.<\/p>\n","protected":false},"excerpt":{"rendered":"<p>A mesa de jantar grande, pe\u00e7a que durante d\u00e9cadas ocupou o centro das salas brasileiras, est\u00e1 perdendo espa\u00e7o nos projetos de interiores mais atuais. Em 2026, a tend\u00eancia de decora\u00e7\u00e3o aponta para ambientes integrados, m\u00f3veis multifuncionais e solu\u00e7\u00f5es modulares que transformam a forma como organizamos a casa, priorizando flexibilidade, circula\u00e7\u00e3o e aproveitamento inteligente de cada [&hellip;]<\/p>\n","protected":false},"author":10,"featured_media":180208,"comment_status":"open","ping_status":"open","sticky":false,"template":"","format":"standard","meta":{"jnews-multi-image_gallery":[],"jnews_single_post":{"format":"standard"},"jnews_primary_category":[],"jnews_social_meta":[],"jnews_override_counter":[],"footnotes":""},"categories":[1],"tags":[2911,4687,26011],"class_list":["post-180199","post","type-post","status-publish","format-standard","has-post-thumbnail","hentry","category-noticias","tag-casa","tag-decoracao","tag-mesa-de-jantar-grande"],"yoast_head":"<!-- This site is optimized with the Yoast SEO plugin v23.8 - https:\/\/yoast.com\/wordpress\/plugins\/seo\/ -->\n<title>Mesa de jantar grande est\u00e1 perdendo popularidade: a nova tend\u00eancia para 2026 valoriza espa\u00e7os mais flex\u00edveis - Estado de Minas - Em foco<\/title>\n<meta name=\"description\" content=\"A mesa de jantar grande come\u00e7a a perder espa\u00e7o em projetos de interiores que priorizam ambientes integrados.\" \/>\n<meta name=\"robots\" content=\"index, follow, max-snippet:-1, max-image-preview:large, max-video-preview:-1\" \/>\n<link rel=\"canonical\" href=\"https:\/\/www.em.com.br\/emfoco\/2026\/03\/11\/mesa-de-jantar-grande-esta-perdendo-popularidade-a-nova-tendencia-para-2026-valoriza-espacos-mais-flexiveis\/\" \/>\n<meta property=\"og:locale\" content=\"pt_BR\" \/>\n<meta property=\"og:type\" content=\"article\" \/>\n<meta property=\"og:title\" content=\"Mesa de jantar grande est\u00e1 perdendo popularidade: a nova tend\u00eancia para 2026 valoriza espa\u00e7os mais flex\u00edveis - Estado de Minas - Em foco\" \/>\n<meta property=\"og:description\" content=\"A mesa de jantar grande come\u00e7a a perder espa\u00e7o em projetos de interiores que priorizam ambientes integrados.\" \/>\n<meta property=\"og:url\" content=\"https:\/\/www.em.com.br\/emfoco\/2026\/03\/11\/mesa-de-jantar-grande-esta-perdendo-popularidade-a-nova-tendencia-para-2026-valoriza-espacos-mais-flexiveis\/\" \/>\n<meta property=\"og:site_name\" content=\"Estado de Minas - Em foco\" \/>\n<meta property=\"article:published_time\" content=\"2026-03-11T18:08:00+00:00\" \/>\n<meta property=\"article:modified_time\" content=\"2026-03-11T17:10:59+00:00\" \/>\n<meta property=\"og:image\" content=\"https:\/\/www.em.com.br\/emfoco\/wp-content\/uploads\/2026\/03\/freepik__cozinha-moderna-integrada-com-bancada-estilo-ilha-__18680-e1773248812285.jpeg\" \/>\n\t<meta property=\"og:image:width\" content=\"1280\" \/>\n\t<meta property=\"og:image:height\" content=\"714\" \/>\n\t<meta property=\"og:image:type\" content=\"image\/jpeg\" \/>\n<meta name=\"author\" content=\"Patryck Reinehr\" \/>\n<meta name=\"twitter:card\" content=\"summary_large_image\" \/>\n<meta name=\"twitter:label1\" content=\"Escrito por\" \/>\n\t<meta name=\"twitter:data1\" content=\"Patryck Reinehr\" \/>\n\t<meta name=\"twitter:label2\" content=\"Est. tempo de leitura\" \/>\n\t<meta name=\"twitter:data2\" content=\"5 minutos\" \/>\n<!-- \/ Yoast SEO plugin. -->","yoast_head_json":{"title":"Mesa de jantar grande est\u00e1 perdendo popularidade: a nova tend\u00eancia para 2026 valoriza espa\u00e7os mais flex\u00edveis - Estado de Minas - Em foco","description":"A mesa de jantar grande come\u00e7a a perder espa\u00e7o em projetos de interiores que priorizam ambientes integrados.","robots":{"index":"index","follow":"follow","max-snippet":"max-snippet:-1","max-image-preview":"max-image-preview:large","max-video-preview":"max-video-preview:-1"},"canonical":"https:\/\/www.em.com.br\/emfoco\/2026\/03\/11\/mesa-de-jantar-grande-esta-perdendo-popularidade-a-nova-tendencia-para-2026-valoriza-espacos-mais-flexiveis\/","og_locale":"pt_BR","og_type":"article","og_title":"Mesa de jantar grande est\u00e1 perdendo popularidade: a nova tend\u00eancia para 2026 valoriza espa\u00e7os mais flex\u00edveis - Estado de Minas - Em foco","og_description":"A mesa de jantar grande come\u00e7a a perder espa\u00e7o em projetos de interiores que priorizam ambientes integrados.","og_url":"https:\/\/www.em.com.br\/emfoco\/2026\/03\/11\/mesa-de-jantar-grande-esta-perdendo-popularidade-a-nova-tendencia-para-2026-valoriza-espacos-mais-flexiveis\/","og_site_name":"Estado de Minas - Em foco","article_published_time":"2026-03-11T18:08:00+00:00","article_modified_time":"2026-03-11T17:10:59+00:00","og_image":[{"width":1280,"height":714,"url":"https:\/\/www.em.com.br\/emfoco\/wp-content\/uploads\/2026\/03\/freepik__cozinha-moderna-integrada-com-bancada-estilo-ilha-__18680-e1773248812285.jpeg","type":"image\/jpeg"}],"author":"Patryck Reinehr","twitter_card":"summary_large_image","twitter_misc":{"Escrito por":"Patryck Reinehr","Est. tempo de leitura":"5 minutos"},"schema":{"@context":"https:\/\/schema.org","@graph":[{"@type":"WebPage","@id":"https:\/\/www.em.com.br\/emfoco\/2026\/03\/11\/mesa-de-jantar-grande-esta-perdendo-popularidade-a-nova-tendencia-para-2026-valoriza-espacos-mais-flexiveis\/","url":"https:\/\/www.em.com.br\/emfoco\/2026\/03\/11\/mesa-de-jantar-grande-esta-perdendo-popularidade-a-nova-tendencia-para-2026-valoriza-espacos-mais-flexiveis\/","name":"Mesa de jantar grande est\u00e1 perdendo popularidade: a nova tend\u00eancia para 2026 valoriza espa\u00e7os mais flex\u00edveis - Estado de Minas - Em foco","isPartOf":{"@id":"https:\/\/www.em.com.br\/emfoco\/#website"},"primaryImageOfPage":{"@id":"https:\/\/www.em.com.br\/emfoco\/2026\/03\/11\/mesa-de-jantar-grande-esta-perdendo-popularidade-a-nova-tendencia-para-2026-valoriza-espacos-mais-flexiveis\/#primaryimage"},"image":{"@id":"https:\/\/www.em.com.br\/emfoco\/2026\/03\/11\/mesa-de-jantar-grande-esta-perdendo-popularidade-a-nova-tendencia-para-2026-valoriza-espacos-mais-flexiveis\/#primaryimage"},"thumbnailUrl":"https:\/\/www.em.com.br\/emfoco\/wp-content\/uploads\/2026\/03\/freepik__cozinha-moderna-integrada-com-bancada-estilo-ilha-__18680-e1773248812285.jpeg","datePublished":"2026-03-11T18:08:00+00:00","dateModified":"2026-03-11T17:10:59+00:00","author":{"@id":"https:\/\/www.em.com.br\/emfoco\/#\/schema\/person\/43407752bebcbbb4d0ec79deedc0d7ce"},"description":"A mesa de jantar grande come\u00e7a a perder espa\u00e7o em projetos de interiores que priorizam ambientes integrados.","breadcrumb":{"@id":"https:\/\/www.em.com.br\/emfoco\/2026\/03\/11\/mesa-de-jantar-grande-esta-perdendo-popularidade-a-nova-tendencia-para-2026-valoriza-espacos-mais-flexiveis\/#breadcrumb"},"inLanguage":"pt-BR","potentialAction":[{"@type":"ReadAction","target":["https:\/\/www.em.com.br\/emfoco\/2026\/03\/11\/mesa-de-jantar-grande-esta-perdendo-popularidade-a-nova-tendencia-para-2026-valoriza-espacos-mais-flexiveis\/"]}]},{"@type":"ImageObject","inLanguage":"pt-BR","@id":"https:\/\/www.em.com.br\/emfoco\/2026\/03\/11\/mesa-de-jantar-grande-esta-perdendo-popularidade-a-nova-tendencia-para-2026-valoriza-espacos-mais-flexiveis\/#primaryimage","url":"https:\/\/www.em.com.br\/emfoco\/wp-content\/uploads\/2026\/03\/freepik__cozinha-moderna-integrada-com-bancada-estilo-ilha-__18680-e1773248812285.jpeg","contentUrl":"https:\/\/www.em.com.br\/emfoco\/wp-content\/uploads\/2026\/03\/freepik__cozinha-moderna-integrada-com-bancada-estilo-ilha-__18680-e1773248812285.jpeg","width":1280,"height":714,"caption":"A mesa de jantar grande come\u00e7a a desaparecer de muitos lares"},{"@type":"BreadcrumbList","@id":"https:\/\/www.em.com.br\/emfoco\/2026\/03\/11\/mesa-de-jantar-grande-esta-perdendo-popularidade-a-nova-tendencia-para-2026-valoriza-espacos-mais-flexiveis\/#breadcrumb","itemListElement":[{"@type":"ListItem","position":1,"name":"In\u00edcio","item":"https:\/\/www.em.com.br\/emfoco\/"},{"@type":"ListItem","position":2,"name":"Mesa de jantar grande est\u00e1 perdendo popularidade: a nova tend\u00eancia para 2026 valoriza espa\u00e7os mais flex\u00edveis"}]},{"@type":"WebSite","@id":"https:\/\/www.em.com.br\/emfoco\/#website","url":"https:\/\/www.em.com.br\/emfoco\/","name":"Estado de Minas - Em foco","description":"Acompanhe as \u00faltimas not\u00edcias e fique bem informado sobre tudo o que acontece em Minas Gerais, Brasil e no mundo.","potentialAction":[{"@type":"SearchAction","target":{"@type":"EntryPoint","urlTemplate":"https:\/\/www.em.com.br\/emfoco\/?s={search_term_string}"},"query-input":{"@type":"PropertyValueSpecification","valueRequired":true,"valueName":"search_term_string"}}],"inLanguage":"pt-BR"},{"@type":"Person","@id":"https:\/\/www.em.com.br\/emfoco\/#\/schema\/person\/43407752bebcbbb4d0ec79deedc0d7ce","name":"Patryck Reinehr","image":{"@type":"ImageObject","inLanguage":"pt-BR","@id":"https:\/\/www.em.com.br\/emfoco\/#\/schema\/person\/image\/","url":"https:\/\/secure.gravatar.com\/avatar\/570c7fb2898c0e2df0823196891bea88?s=96&d=mm&r=g","contentUrl":"https:\/\/secure.gravatar.com\/avatar\/570c7fb2898c0e2df0823196891bea88?s=96&d=mm&r=g","caption":"Patryck Reinehr"},"url":"https:\/\/www.em.com.br\/emfoco\/author\/patryckmyth\/"}]}},"_links":{"self":[{"href":"https:\/\/www.em.com.br\/emfoco\/wp-json\/wp\/v2\/posts\/180199","targetHints":{"allow":["GET"]}}],"collection":[{"href":"https:\/\/www.em.com.br\/emfoco\/wp-json\/wp\/v2\/posts"}],"about":[{"href":"https:\/\/www.em.com.br\/emfoco\/wp-json\/wp\/v2\/types\/post"}],"author":[{"embeddable":true,"href":"https:\/\/www.em.com.br\/emfoco\/wp-json\/wp\/v2\/users\/10"}],"replies":[{"embeddable":true,"href":"https:\/\/www.em.com.br\/emfoco\/wp-json\/wp\/v2\/comments?post=180199"}],"version-history":[{"count":2,"href":"https:\/\/www.em.com.br\/emfoco\/wp-json\/wp\/v2\/posts\/180199\/revisions"}],"predecessor-version":[{"id":180212,"href":"https:\/\/www.em.com.br\/emfoco\/wp-json\/wp\/v2\/posts\/180199\/revisions\/180212"}],"wp:featuredmedia":[{"embeddable":true,"href":"https:\/\/www.em.com.br\/emfoco\/wp-json\/wp\/v2\/media\/180208"}],"wp:attachment":[{"href":"https:\/\/www.em.com.br\/emfoco\/wp-json\/wp\/v2\/media?parent=180199"}],"wp:term":[{"taxonomy":"category","embeddable":true,"href":"https:\/\/www.em.com.br\/emfoco\/wp-json\/wp\/v2\/categories?post=180199"},{"taxonomy":"post_tag","embeddable":true,"href":"https:\/\/www.em.com.br\/emfoco\/wp-json\/wp\/v2\/tags?post=180199"}],"curies":[{"name":"wp","href":"https:\/\/api.w.org\/{rel}","templated":true}]}}