{"id":180189,"date":"2026-03-15T13:35:00","date_gmt":"2026-03-15T16:35:00","guid":{"rendered":"https:\/\/www.em.com.br\/emfoco\/?p=180189"},"modified":"2026-03-11T16:25:26","modified_gmt":"2026-03-11T19:25:26","slug":"supermercados-comecam-a-testar-nova-escala-de-trabalho-e-mudanca-pode-alterar-rotina-de-milhares-de-funcionarios","status":"publish","type":"post","link":"https:\/\/www.em.com.br\/emfoco\/2026\/03\/15\/supermercados-comecam-a-testar-nova-escala-de-trabalho-e-mudanca-pode-alterar-rotina-de-milhares-de-funcionarios\/","title":{"rendered":"Supermercados come\u00e7am a testar nova escala de trabalho e mudan\u00e7a pode alterar rotina de milhares de funcion\u00e1rios"},"content":{"rendered":"\n<p>A discuss\u00e3o sobre a jornada de trabalho no varejo alimentar ganhou for\u00e7a em 2026, com o avan\u00e7o da PEC 148\/2015 no Senado e com o an\u00fancio de testes da escala 5&#215;2 em grandes redes de supermercados, reacendendo o debate sobre produtividade, custos e qualidade de vida no setor.<\/p>\n\n\n\n<h2 class=\"wp-block-heading\">O que \u00e9 a escala 5&#215;2 em supermercados e como ela funciona<\/h2>\n\n\n\n<p>A&nbsp;<strong>escala 5&#215;2 em supermercados<\/strong>&nbsp;\u00e9 um arranjo em que o trabalhador cumpre cinco dias de trabalho seguidos por dois dias de descanso, dentro da carga m\u00e1xima de 44 horas semanais prevista na legisla\u00e7\u00e3o brasileira. Na pr\u00e1tica, \u00e9 feita uma redistribui\u00e7\u00e3o das horas ao longo da semana, com jornadas di\u00e1rias um pouco mais longas.<\/p>\n\n\n\n<p>No modelo 6&#215;1, \u00e9 comum que o colaborador trabalhe seis dias por semana com jornadas di\u00e1rias menores. Na escala 5&#215;2, o funcion\u00e1rio vai \u00e0 empresa um dia a menos, mas permanece mais tempo em cada expediente, o que impacta deslocamento, organiza\u00e7\u00e3o da vida pessoal e forma como o cansa\u00e7o se acumula.<\/p>\n\n\n\n<figure class=\"wp-block-image size-large\"><img loading=\"lazy\" decoding=\"async\" width=\"1024\" height=\"576\" src=\"https:\/\/www.em.com.br\/emfoco\/wp-content\/uploads\/2026\/03\/5-44-1024x576.jpg\" alt=\"Supermercados come\u00e7am a testar nova escala de trabalho e mudan\u00e7a pode alterar rotina de milhares de funcion\u00e1rios\" class=\"wp-image-180364\" srcset=\"https:\/\/www.em.com.br\/emfoco\/wp-content\/uploads\/2026\/03\/5-44-1024x576.jpg 1024w, https:\/\/www.em.com.br\/emfoco\/wp-content\/uploads\/2026\/03\/5-44-300x169.jpg 300w, https:\/\/www.em.com.br\/emfoco\/wp-content\/uploads\/2026\/03\/5-44-768x432.jpg 768w, https:\/\/www.em.com.br\/emfoco\/wp-content\/uploads\/2026\/03\/5-44-750x422.jpg 750w, https:\/\/www.em.com.br\/emfoco\/wp-content\/uploads\/2026\/03\/5-44-1140x641.jpg 1140w, https:\/\/www.em.com.br\/emfoco\/wp-content\/uploads\/2026\/03\/5-44.jpg 1280w\" sizes=\"auto, (max-width: 1024px) 100vw, 1024px\" \/><figcaption class=\"wp-element-caption\">Novo arranjo redistribui as horas semanais sem reduzir o sal\u00e1rio mensal<\/figcaption><\/figure>\n\n\n\n<h2 class=\"wp-block-heading\">A escala 5&#215;2 j\u00e1 \u00e9 tend\u00eancia no varejo alimentar<\/h2>\n\n\n\n<p>A ado\u00e7\u00e3o da&nbsp;<strong>escala 5&#215;2 no varejo alimentar<\/strong>&nbsp;ainda \u00e9 majoritariamente experimental, com projetos-piloto em algumas unidades para medir efeitos sobre produtividade, absente\u00edsmo, rotatividade e satisfa\u00e7\u00e3o. Em geral, busca-se manter as 44 horas semanais, apenas ajustando a forma de distribui\u00e7\u00e3o, sem redu\u00e7\u00e3o salarial.<\/p>\n\n\n\n<p>Esse movimento acontece em paralelo \u00e0 discuss\u00e3o da\u00a0<strong><a href=\"https:\/\/www25.senado.leg.br\/web\/atividade\/materias\/-\/materia\/124067\" target=\"_blank\" rel=\"noreferrer noopener\">PEC 148\/2015<\/a><\/strong>, que prev\u00ea dois dias de descanso remunerado e redu\u00e7\u00e3o gradual da jornada m\u00e1xima no pa\u00eds. Mesmo com o texto ainda em tramita\u00e7\u00e3o, o debate estimula empresas a se antecipar, testando novas combina\u00e7\u00f5es de dias trabalhados e folgas.<\/p>\n\n\n\n<h2 class=\"wp-block-heading\">Quais s\u00e3o os principais impactos da escala 5&#215;2 para empresas e trabalhadores<\/h2>\n\n\n\n<p>Os efeitos da&nbsp;<strong>escala 5&#215;2 nos supermercados<\/strong>&nbsp;costumam ser avaliados na rotina do trabalhador, nos custos operacionais e na qualidade do atendimento. Dois dias de descanso bem distribu\u00eddos tendem a favorecer o planejamento de compromissos pessoais, estudo, cuidado com a fam\u00edlia e recupera\u00e7\u00e3o f\u00edsica e emocional.<\/p>\n\n\n\n<p>Por outro lado, jornadas di\u00e1rias mais longas exigem aten\u00e7\u00e3o a pausas, intervalos, transporte e organiza\u00e7\u00e3o de turnos, sobretudo em lojas que funcionam aos domingos e feriados. Pesquisas internas mostram que parte dos funcion\u00e1rios prefere trabalhar em alguns fins de semana, quando isso garante folga em dia \u00fatil para resolver pend\u00eancias.<\/p>\n\n\n\n<figure class=\"wp-block-image size-large\"><img loading=\"lazy\" decoding=\"async\" width=\"1024\" height=\"576\" src=\"https:\/\/www.em.com.br\/emfoco\/wp-content\/uploads\/2026\/03\/4-47-1024x576.jpg\" alt=\"Supermercados come\u00e7am a testar nova escala de trabalho e mudan\u00e7a pode alterar rotina de milhares de funcion\u00e1rios\" class=\"wp-image-180363\" srcset=\"https:\/\/www.em.com.br\/emfoco\/wp-content\/uploads\/2026\/03\/4-47-1024x576.jpg 1024w, https:\/\/www.em.com.br\/emfoco\/wp-content\/uploads\/2026\/03\/4-47-300x169.jpg 300w, https:\/\/www.em.com.br\/emfoco\/wp-content\/uploads\/2026\/03\/4-47-768x432.jpg 768w, https:\/\/www.em.com.br\/emfoco\/wp-content\/uploads\/2026\/03\/4-47-750x422.jpg 750w, https:\/\/www.em.com.br\/emfoco\/wp-content\/uploads\/2026\/03\/4-47-1140x641.jpg 1140w, https:\/\/www.em.com.br\/emfoco\/wp-content\/uploads\/2026\/03\/4-47.jpg 1280w\" sizes=\"auto, (max-width: 1024px) 100vw, 1024px\" \/><figcaption class=\"wp-element-caption\">Dois dias de descanso favorecem a recupera\u00e7\u00e3o f\u00edsica e emocional do colaborador<\/figcaption><\/figure>\n\n\n\n<h2 class=\"wp-block-heading\">Que desafios e oportunidades a escala 5&#215;2 traz para o emprego e o atendimento<\/h2>\n\n\n\n<p>Estudos t\u00e9cnicos apontam que uma migra\u00e7\u00e3o ampla da\u00a0<strong><a href=\"https:\/\/www.em.com.br\/emfoco\/2026\/03\/08\/fim-da-escala-6x1-pode-mudar-a-vida-de-milhoes-de-trabalhadores-no-brasil-proposta-preve-mais-dias-de-descanso\/\" target=\"_blank\" rel=\"noreferrer noopener\">escala 6&#215;1<\/a> para o modelo 5&#215;2<\/strong>\u00a0pode pressionar custos e afetar vagas formais em setores com forte presen\u00e7a de trabalho presencial. Em supermercados, com\u00e9rcio em geral, constru\u00e7\u00e3o e agro, mudan\u00e7as estruturais de escalas exigem reorganiza\u00e7\u00e3o de quadros, revis\u00e3o de turnos e, em alguns casos, contrata\u00e7\u00f5es adicionais.<\/p>\n\n\n\n<p>Ao mesmo tempo, empresas que apoiam a amplia\u00e7\u00e3o do descanso semanal defendem que maior previsibilidade de folgas e menos desgaste podem compensar parte dos custos. Para tornar essa transi\u00e7\u00e3o vi\u00e1vel, muitas redes analisam pontos como:<\/p>\n\n\n\n<ul class=\"wp-block-list\">\n<li>Ajustes de turnos para garantir atendimento cont\u00ednuo e evitar sobrecarga de equipes.<\/li>\n\n\n\n<li>Monitoramento de produtividade e qualidade do atendimento em jornadas mais longas.<\/li>\n\n\n\n<li>Estrat\u00e9gias de engajamento para reduzir faltas, afastamentos e rotatividade.<\/li>\n\n\n\n<li>Negocia\u00e7\u00e3o com trabalhadores sobre prefer\u00eancia de folgas em fins de semana ou dias \u00fateis.<\/li>\n<\/ul>\n\n\n\n<h2 class=\"wp-block-heading\">Como a escala 5&#215;2 pode transformar o futuro do trabalho em supermercados<\/h2>\n\n\n\n<p>Em 2026, o cen\u00e1rio combina testes pr\u00e1ticos no ch\u00e3o de loja com negocia\u00e7\u00f5es intensas no Congresso Nacional, e o resultado pode redefinir a forma de trabalhar no varejo alimentar. A incorpora\u00e7\u00e3o da&nbsp;<strong>escala 5&#215;2 em supermercados<\/strong>&nbsp;como padr\u00e3o, exce\u00e7\u00e3o ou alternativa negociada depender\u00e1 do texto final da PEC 148\/2015, da capacidade das redes de absorver custos e da resposta dos trabalhadores \u00e0s novas rotinas.<\/p>\n\n\n\n<p>Este \u00e9 o momento de empresas, sindicatos e trabalhadores se posicionarem, testarem modelos e levarem dados concretos para o debate p\u00fablico. Se a sua rede ainda n\u00e3o discute a jornada 5&#215;2, a hora de avaliar cen\u00e1rios, envolver as equipes e se preparar para mudan\u00e7as estruturais \u00e9 agora, antes que a decis\u00e3o venha apenas \u201cde cima\u201d e sem espa\u00e7o para adapta\u00e7\u00e3o.<\/p>\n","protected":false},"excerpt":{"rendered":"<p>A discuss\u00e3o sobre a jornada de trabalho no varejo alimentar ganhou for\u00e7a em 2026, com o avan\u00e7o da PEC 148\/2015 no Senado e com o an\u00fancio de testes da escala 5&#215;2 em grandes redes de supermercados, reacendendo o debate sobre produtividade, custos e qualidade de vida no setor. O que \u00e9 a escala 5&#215;2 em [&hellip;]<\/p>\n","protected":false},"author":13,"featured_media":180365,"comment_status":"open","ping_status":"open","sticky":false,"template":"","format":"standard","meta":{"jnews-multi-image_gallery":[],"jnews_single_post":{"format":"standard"},"jnews_primary_category":[],"jnews_social_meta":[],"jnews_override_counter":[],"footnotes":""},"categories":[28],"tags":[26022,409,8605],"class_list":["post-180189","post","type-post","status-publish","format-standard","has-post-thumbnail","hentry","category-economia","tag-jornada-5x2","tag-jornada-de-trabalho","tag-supermercados"],"yoast_head":"<!-- This site is optimized with the Yoast SEO plugin v23.8 - https:\/\/yoast.com\/wordpress\/plugins\/seo\/ -->\n<title>Supermercados come\u00e7am a testar nova escala de trabalho e mudan\u00e7a pode alterar rotina de milhares de funcion\u00e1rios - Estado de Minas - Em foco<\/title>\n<meta name=\"description\" content=\"Supermercados come\u00e7am a testar nova escala de trabalho com dois dias de descanso. Veja o que pode mudar para funcion\u00e1rios.\" \/>\n<meta name=\"robots\" content=\"index, follow, max-snippet:-1, max-image-preview:large, max-video-preview:-1\" \/>\n<link rel=\"canonical\" href=\"https:\/\/www.em.com.br\/emfoco\/2026\/03\/15\/supermercados-comecam-a-testar-nova-escala-de-trabalho-e-mudanca-pode-alterar-rotina-de-milhares-de-funcionarios\/\" \/>\n<meta property=\"og:locale\" content=\"pt_BR\" \/>\n<meta property=\"og:type\" content=\"article\" \/>\n<meta property=\"og:title\" content=\"Supermercados come\u00e7am a testar nova escala de trabalho e mudan\u00e7a pode alterar rotina de milhares de funcion\u00e1rios - Estado de Minas - Em foco\" \/>\n<meta property=\"og:description\" content=\"Supermercados come\u00e7am a testar nova escala de trabalho com dois dias de descanso. Veja o que pode mudar para funcion\u00e1rios.\" \/>\n<meta property=\"og:url\" content=\"https:\/\/www.em.com.br\/emfoco\/2026\/03\/15\/supermercados-comecam-a-testar-nova-escala-de-trabalho-e-mudanca-pode-alterar-rotina-de-milhares-de-funcionarios\/\" \/>\n<meta property=\"og:site_name\" content=\"Estado de Minas - Em foco\" \/>\n<meta property=\"article:published_time\" content=\"2026-03-15T16:35:00+00:00\" \/>\n<meta property=\"article:modified_time\" content=\"2026-03-11T19:25:26+00:00\" \/>\n<meta property=\"og:image\" content=\"https:\/\/www.em.com.br\/emfoco\/wp-content\/uploads\/2026\/03\/6-39.jpg\" \/>\n\t<meta property=\"og:image:width\" content=\"1280\" \/>\n\t<meta property=\"og:image:height\" content=\"720\" \/>\n\t<meta property=\"og:image:type\" content=\"image\/jpeg\" \/>\n<meta name=\"author\" content=\"Gabriel Martins\" \/>\n<meta name=\"twitter:card\" content=\"summary_large_image\" \/>\n<meta name=\"twitter:label1\" content=\"Escrito por\" \/>\n\t<meta name=\"twitter:data1\" content=\"Gabriel Martins\" \/>\n\t<meta name=\"twitter:label2\" content=\"Est. tempo de leitura\" \/>\n\t<meta name=\"twitter:data2\" content=\"5 minutos\" \/>\n<!-- \/ Yoast SEO plugin. -->","yoast_head_json":{"title":"Supermercados come\u00e7am a testar nova escala de trabalho e mudan\u00e7a pode alterar rotina de milhares de funcion\u00e1rios - Estado de Minas - Em foco","description":"Supermercados come\u00e7am a testar nova escala de trabalho com dois dias de descanso. Veja o que pode mudar para funcion\u00e1rios.","robots":{"index":"index","follow":"follow","max-snippet":"max-snippet:-1","max-image-preview":"max-image-preview:large","max-video-preview":"max-video-preview:-1"},"canonical":"https:\/\/www.em.com.br\/emfoco\/2026\/03\/15\/supermercados-comecam-a-testar-nova-escala-de-trabalho-e-mudanca-pode-alterar-rotina-de-milhares-de-funcionarios\/","og_locale":"pt_BR","og_type":"article","og_title":"Supermercados come\u00e7am a testar nova escala de trabalho e mudan\u00e7a pode alterar rotina de milhares de funcion\u00e1rios - Estado de Minas - Em foco","og_description":"Supermercados come\u00e7am a testar nova escala de trabalho com dois dias de descanso. Veja o que pode mudar para funcion\u00e1rios.","og_url":"https:\/\/www.em.com.br\/emfoco\/2026\/03\/15\/supermercados-comecam-a-testar-nova-escala-de-trabalho-e-mudanca-pode-alterar-rotina-de-milhares-de-funcionarios\/","og_site_name":"Estado de Minas - Em foco","article_published_time":"2026-03-15T16:35:00+00:00","article_modified_time":"2026-03-11T19:25:26+00:00","og_image":[{"width":1280,"height":720,"url":"https:\/\/www.em.com.br\/emfoco\/wp-content\/uploads\/2026\/03\/6-39.jpg","type":"image\/jpeg"}],"author":"Gabriel Martins","twitter_card":"summary_large_image","twitter_misc":{"Escrito por":"Gabriel Martins","Est. tempo de leitura":"5 minutos"},"schema":{"@context":"https:\/\/schema.org","@graph":[{"@type":"WebPage","@id":"https:\/\/www.em.com.br\/emfoco\/2026\/03\/15\/supermercados-comecam-a-testar-nova-escala-de-trabalho-e-mudanca-pode-alterar-rotina-de-milhares-de-funcionarios\/","url":"https:\/\/www.em.com.br\/emfoco\/2026\/03\/15\/supermercados-comecam-a-testar-nova-escala-de-trabalho-e-mudanca-pode-alterar-rotina-de-milhares-de-funcionarios\/","name":"Supermercados come\u00e7am a testar nova escala de trabalho e mudan\u00e7a pode alterar rotina de milhares de funcion\u00e1rios - Estado de Minas - Em foco","isPartOf":{"@id":"https:\/\/www.em.com.br\/emfoco\/#website"},"primaryImageOfPage":{"@id":"https:\/\/www.em.com.br\/emfoco\/2026\/03\/15\/supermercados-comecam-a-testar-nova-escala-de-trabalho-e-mudanca-pode-alterar-rotina-de-milhares-de-funcionarios\/#primaryimage"},"image":{"@id":"https:\/\/www.em.com.br\/emfoco\/2026\/03\/15\/supermercados-comecam-a-testar-nova-escala-de-trabalho-e-mudanca-pode-alterar-rotina-de-milhares-de-funcionarios\/#primaryimage"},"thumbnailUrl":"https:\/\/www.em.com.br\/emfoco\/wp-content\/uploads\/2026\/03\/6-39.jpg","datePublished":"2026-03-15T16:35:00+00:00","dateModified":"2026-03-11T19:25:26+00:00","author":{"@id":"https:\/\/www.em.com.br\/emfoco\/#\/schema\/person\/1c9ddeab18b98abeffef834667bcf08a"},"description":"Supermercados come\u00e7am a testar nova escala de trabalho com dois dias de descanso. Veja o que pode mudar para funcion\u00e1rios.","breadcrumb":{"@id":"https:\/\/www.em.com.br\/emfoco\/2026\/03\/15\/supermercados-comecam-a-testar-nova-escala-de-trabalho-e-mudanca-pode-alterar-rotina-de-milhares-de-funcionarios\/#breadcrumb"},"inLanguage":"pt-BR","potentialAction":[{"@type":"ReadAction","target":["https:\/\/www.em.com.br\/emfoco\/2026\/03\/15\/supermercados-comecam-a-testar-nova-escala-de-trabalho-e-mudanca-pode-alterar-rotina-de-milhares-de-funcionarios\/"]}]},{"@type":"ImageObject","inLanguage":"pt-BR","@id":"https:\/\/www.em.com.br\/emfoco\/2026\/03\/15\/supermercados-comecam-a-testar-nova-escala-de-trabalho-e-mudanca-pode-alterar-rotina-de-milhares-de-funcionarios\/#primaryimage","url":"https:\/\/www.em.com.br\/emfoco\/wp-content\/uploads\/2026\/03\/6-39.jpg","contentUrl":"https:\/\/www.em.com.br\/emfoco\/wp-content\/uploads\/2026\/03\/6-39.jpg","width":1280,"height":720,"caption":"Supermercados testam escala cinco por dois para melhorar a produtividade interna"},{"@type":"BreadcrumbList","@id":"https:\/\/www.em.com.br\/emfoco\/2026\/03\/15\/supermercados-comecam-a-testar-nova-escala-de-trabalho-e-mudanca-pode-alterar-rotina-de-milhares-de-funcionarios\/#breadcrumb","itemListElement":[{"@type":"ListItem","position":1,"name":"In\u00edcio","item":"https:\/\/www.em.com.br\/emfoco\/"},{"@type":"ListItem","position":2,"name":"Supermercados come\u00e7am a testar nova escala de trabalho e mudan\u00e7a pode alterar rotina de milhares de funcion\u00e1rios"}]},{"@type":"WebSite","@id":"https:\/\/www.em.com.br\/emfoco\/#website","url":"https:\/\/www.em.com.br\/emfoco\/","name":"Estado de Minas - Em foco","description":"Acompanhe as \u00faltimas not\u00edcias e fique bem informado sobre tudo o que acontece em Minas Gerais, Brasil e no mundo.","potentialAction":[{"@type":"SearchAction","target":{"@type":"EntryPoint","urlTemplate":"https:\/\/www.em.com.br\/emfoco\/?s={search_term_string}"},"query-input":{"@type":"PropertyValueSpecification","valueRequired":true,"valueName":"search_term_string"}}],"inLanguage":"pt-BR"},{"@type":"Person","@id":"https:\/\/www.em.com.br\/emfoco\/#\/schema\/person\/1c9ddeab18b98abeffef834667bcf08a","name":"Gabriel Martins","image":{"@type":"ImageObject","inLanguage":"pt-BR","@id":"https:\/\/www.em.com.br\/emfoco\/#\/schema\/person\/image\/","url":"https:\/\/secure.gravatar.com\/avatar\/f0f1e2efdfd88f1ad2cb08c5c2731e50?s=96&d=mm&r=g","contentUrl":"https:\/\/secure.gravatar.com\/avatar\/f0f1e2efdfd88f1ad2cb08c5c2731e50?s=96&d=mm&r=g","caption":"Gabriel Martins"},"sameAs":["https:\/\/www.em.com.br\/emfoco\/"],"url":"https:\/\/www.em.com.br\/emfoco\/author\/gabrielmartinsmyth\/"}]}},"_links":{"self":[{"href":"https:\/\/www.em.com.br\/emfoco\/wp-json\/wp\/v2\/posts\/180189","targetHints":{"allow":["GET"]}}],"collection":[{"href":"https:\/\/www.em.com.br\/emfoco\/wp-json\/wp\/v2\/posts"}],"about":[{"href":"https:\/\/www.em.com.br\/emfoco\/wp-json\/wp\/v2\/types\/post"}],"author":[{"embeddable":true,"href":"https:\/\/www.em.com.br\/emfoco\/wp-json\/wp\/v2\/users\/13"}],"replies":[{"embeddable":true,"href":"https:\/\/www.em.com.br\/emfoco\/wp-json\/wp\/v2\/comments?post=180189"}],"version-history":[{"count":1,"href":"https:\/\/www.em.com.br\/emfoco\/wp-json\/wp\/v2\/posts\/180189\/revisions"}],"predecessor-version":[{"id":180384,"href":"https:\/\/www.em.com.br\/emfoco\/wp-json\/wp\/v2\/posts\/180189\/revisions\/180384"}],"wp:featuredmedia":[{"embeddable":true,"href":"https:\/\/www.em.com.br\/emfoco\/wp-json\/wp\/v2\/media\/180365"}],"wp:attachment":[{"href":"https:\/\/www.em.com.br\/emfoco\/wp-json\/wp\/v2\/media?parent=180189"}],"wp:term":[{"taxonomy":"category","embeddable":true,"href":"https:\/\/www.em.com.br\/emfoco\/wp-json\/wp\/v2\/categories?post=180189"},{"taxonomy":"post_tag","embeddable":true,"href":"https:\/\/www.em.com.br\/emfoco\/wp-json\/wp\/v2\/tags?post=180189"}],"curies":[{"name":"wp","href":"https:\/\/api.w.org\/{rel}","templated":true}]}}