{"id":180187,"date":"2026-03-15T10:15:00","date_gmt":"2026-03-15T13:15:00","guid":{"rendered":"https:\/\/www.em.com.br\/emfoco\/?p=180187"},"modified":"2026-03-11T16:22:53","modified_gmt":"2026-03-11T19:22:53","slug":"donos-de-moto-podem-ficar-livres-do-ipva-em-2026-e-medida-comeca-a-chamar-atencao-de-trabalhadores","status":"publish","type":"post","link":"https:\/\/www.em.com.br\/emfoco\/2026\/03\/15\/donos-de-moto-podem-ficar-livres-do-ipva-em-2026-e-medida-comeca-a-chamar-atencao-de-trabalhadores\/","title":{"rendered":"Donos de moto podem ficar livres do IPVA em 2026 e medida come\u00e7a a chamar aten\u00e7\u00e3o de trabalhadores"},"content":{"rendered":"\n<p>O IPVA de motos isento no Paran\u00e1 em 2026 para motocicletas de at\u00e9 170 cilindradas tornou-se um dos principais pontos da pol\u00edtica tribut\u00e1ria estadual voltada \u00e0 mobilidade, impactando diretamente trabalhadores que usam a moto como ferramenta di\u00e1ria de deslocamento, especialmente em entregas, servi\u00e7os externos e transporte de curta dist\u00e2ncia, ao mesmo tempo em que altera de forma relevante a composi\u00e7\u00e3o dos gastos fixos de milhares de fam\u00edlias.<\/p>\n\n\n\n<h2 class=\"wp-block-heading\">Como a isen\u00e7\u00e3o de IPVA de motos at\u00e9 170cc impacta o dia a dia e o or\u00e7amento?<\/h2>\n\n\n\n<p>A retirada do IPVA de motos at\u00e9 170 cilindradas elimina um custo que, em muitos casos, pesava com for\u00e7a no in\u00edcio do ano, liberando espa\u00e7o no or\u00e7amento para despesas como alimenta\u00e7\u00e3o, aluguel, energia, sa\u00fade e educa\u00e7\u00e3o. Em um cen\u00e1rio de infla\u00e7\u00e3o e servi\u00e7os mais caros, essa economia recorrente ajuda fam\u00edlias a evitar endividamento e a organizar melhor as contas.<\/p>\n\n\n\n<p>Outra consequ\u00eancia pr\u00e1tica \u00e9 a possibilidade de investir mais na&nbsp;<strong>manuten\u00e7\u00e3o preventiva<\/strong>&nbsp;da motocicleta, mantendo o ve\u00edculo em condi\u00e7\u00f5es seguras de uso. Troca de \u00f3leo em dia, pneus em bom estado e revis\u00e3o do sistema de freios reduzem riscos de falhas mec\u00e2nicas e acidentes, o que \u00e9 essencial para quem depende da moto como ferramenta de trabalho.<\/p>\n\n\n\n<figure class=\"wp-block-image size-large\"><img loading=\"lazy\" decoding=\"async\" width=\"1024\" height=\"576\" src=\"https:\/\/www.em.com.br\/emfoco\/wp-content\/uploads\/2026\/03\/11-22-1024x576.jpg\" alt=\"Donos de moto podem ficar livres do IPVA em 2026 e medida come\u00e7a a chamar aten\u00e7\u00e3o de trabalhadores\" class=\"wp-image-180370\" srcset=\"https:\/\/www.em.com.br\/emfoco\/wp-content\/uploads\/2026\/03\/11-22-1024x576.jpg 1024w, https:\/\/www.em.com.br\/emfoco\/wp-content\/uploads\/2026\/03\/11-22-300x169.jpg 300w, https:\/\/www.em.com.br\/emfoco\/wp-content\/uploads\/2026\/03\/11-22-768x432.jpg 768w, https:\/\/www.em.com.br\/emfoco\/wp-content\/uploads\/2026\/03\/11-22-750x422.jpg 750w, https:\/\/www.em.com.br\/emfoco\/wp-content\/uploads\/2026\/03\/11-22-1140x641.jpg 1140w, https:\/\/www.em.com.br\/emfoco\/wp-content\/uploads\/2026\/03\/11-22.jpg 1280w\" sizes=\"auto, (max-width: 1024px) 100vw, 1024px\" \/><figcaption class=\"wp-element-caption\">Medida tribut\u00e1ria alivia o or\u00e7amento de trabalhadores que utilizam ve\u00edculos populares<\/figcaption><\/figure>\n\n\n\n<h2 class=\"wp-block-heading\">De que forma a isen\u00e7\u00e3o incentiva a regulariza\u00e7\u00e3o e a seguran\u00e7a no tr\u00e2nsito?<\/h2>\n\n\n\n<p>Com menos despesas no licenciamento anual, muitos propriet\u00e1rios que antes atrasavam pagamentos tendem a manter a moto regularizada junto ao Detran, evitando multas, apreens\u00f5es e perda tempor\u00e1ria do ve\u00edculo. Para aut\u00f4nomos e pequenos empreendedores, isso significa reduzir o risco de interromper totalmente a atividade por problemas documentais.<\/p>\n\n\n\n<p>Ao mesmo tempo, a maior previsibilidade de custos incentiva uma postura mais respons\u00e1vel no tr\u00e2nsito, pois o condutor consegue planejar seguro, manuten\u00e7\u00e3o e equipamentos de prote\u00e7\u00e3o. Em muitos casos, o valor que seria destinado ao IPVA cobre parte desses itens e contribui para uma circula\u00e7\u00e3o mais segura nas ruas e rodovias.<\/p>\n\n\n\n<h2 class=\"wp-block-heading\">Quais modelos populares se beneficiam com a isen\u00e7\u00e3o do IPVA de motos?<\/h2>\n\n\n\n<p>A faixa de at\u00e9 170 cilindradas contempla uma parte expressiva das motos mais vendidas no pa\u00eds, especialmente as chamadas \u201cmotos de entrada\u201d, voltadas ao trabalho e ao uso urbano. A maioria dos modelos de 125cc, 150cc e 160cc usados em aplicativos de entrega e deslocamentos di\u00e1rios entra automaticamente na isen\u00e7\u00e3o, desde que a cilindrada registrada esteja dentro do limite.<\/p>\n\n\n\n<p>Entre os exemplos de motocicletas populares contempladas, destacam-se:<\/p>\n\n\n\n<ul class=\"wp-block-list\">\n<li><strong>Honda CG 160<\/strong>\u00a0(Titan, Fan e Start), com 162,7 cc, amplamente usada por motofretistas e trabalhadores urbanos.<\/li>\n\n\n\n<li><strong>Yamaha Factor 150<\/strong>, com 149 cc, muito comum em servi\u00e7os de entrega e transporte de curta dist\u00e2ncia.<\/li>\n\n\n\n<li><strong>Honda Biz 125<\/strong>, com 123,9 cc, focada em uso urbano, praticidade e economia de combust\u00edvel.<\/li>\n\n\n\n<li><strong>Yamaha NMax 160<\/strong>, scooter com 155 cc, que oferece conforto, boa dirigibilidade e agilidade no tr\u00e2nsito.<\/li>\n<\/ul>\n\n\n\n<p>Confira o v\u00eddeo compartilhado pelo canal do YouTube <strong><a href=\"https:\/\/www.youtube.com\/@instantevolante\" target=\"_blank\" rel=\"noreferrer noopener\">Instante Volante com Rafa Filgueiras<\/a><\/strong> falando sobre a nova isen\u00e7\u00e3o no IPVA de motos e quais modelos se encaixam.<\/p>\n\n\n\n<figure class=\"wp-block-embed is-type-video is-provider-youtube wp-block-embed-youtube wp-embed-aspect-16-9 wp-has-aspect-ratio\"><div class=\"wp-block-embed__wrapper\">\n<div class=\"jeg_video_container jeg_video_content\"><iframe loading=\"lazy\" title=\"MOTOS N\u00c3O PAGAM MAIS IPVA A PARTIR DE 2026 em SP | VEJA OS MODELOS |  | \ud83d\udcfa341\" width=\"500\" height=\"281\" src=\"https:\/\/www.youtube.com\/embed\/N8YOAsnjEmE?feature=oembed\" frameborder=\"0\" allow=\"accelerometer; autoplay; clipboard-write; encrypted-media; gyroscope; picture-in-picture; web-share\" referrerpolicy=\"strict-origin-when-cross-origin\" allowfullscreen><\/iframe><\/div>\n<\/div><\/figure>\n\n\n\n<h2 class=\"wp-block-heading\">Quais outros incentivos tribut\u00e1rios complementam a isen\u00e7\u00e3o no Paran\u00e1?<\/h2>\n\n\n\n<p>Al\u00e9m da desonera\u00e7\u00e3o para motos at\u00e9 170cc, o estado mant\u00e9m incentivos para ve\u00edculos menos poluentes e para quem adota combust\u00edveis alternativos. Autom\u00f3veis convertidos para GNV contam com al\u00edquota reduzida de IPVA, o que estimula pr\u00e1ticas de mobilidade mais eficientes e com menor impacto ambiental, em paralelo \u00e0 prote\u00e7\u00e3o dos usu\u00e1rios de motos populares.<\/p>\n\n\n\n<p>Outras medidas, como a reformula\u00e7\u00e3o das faixas do ITCMD, que isenta im\u00f3veis residenciais de menor valor, e o Programa Nota Paran\u00e1, que devolve parte do <strong><a href=\"https:\/\/www.em.com.br\/emfoco\/2026\/01\/18\/reforma-tributaria-entra-em-vigor-e-comeca-a-desmontar-o-icms-e-iss-com-novo-imposto-e-regras-que-mudam-a-vida-de-todos-os-brasileiros\/\" target=\"_blank\" rel=\"noreferrer noopener\">ICMS <\/a><\/strong>ao consumidor cadastrado por meio de cr\u00e9ditos e sorteios, ajudam a aliviar o peso dos tributos sobre patrim\u00f4nio e consumo e ampliam o alcance das pol\u00edticas de renda.<\/p>\n\n\n\n<h2 class=\"wp-block-heading\">Como aproveitar a isen\u00e7\u00e3o de IPVA de motos para planejar melhor o futuro?<\/h2>\n\n\n\n<p>Ao combinar isen\u00e7\u00e3o de IPVA para motos at\u00e9 170cc com incentivos \u00e0 energia mais limpa e ajustes em tributos sobre heran\u00e7as e consumo, o Paran\u00e1 constr\u00f3i um conjunto de medidas que alcan\u00e7a diferentes perfis de contribuinte. Para quem depende da moto para trabalhar, o efeito mais vis\u00edvel \u00e9 circular com documenta\u00e7\u00e3o em dia, com menos press\u00e3o financeira e mais seguran\u00e7a para manter a atividade ao longo de 2026.<\/p>\n\n\n\n<p>Agora \u00e9 o momento de usar essa folga no or\u00e7amento com intelig\u00eancia: priorize manuten\u00e7\u00e3o, regulariza\u00e7\u00e3o, forma\u00e7\u00e3o profissional e uma reserva financeira m\u00ednima. N\u00e3o espere o pr\u00f3ximo aumento de custos bater \u00e0 porta; organize-se hoje, revise seus gastos e aproveite a isen\u00e7\u00e3o para dar um passo concreto rumo a mais estabilidade e independ\u00eancia financeira.<\/p>\n","protected":false},"excerpt":{"rendered":"<p>O IPVA de motos isento no Paran\u00e1 em 2026 para motocicletas de at\u00e9 170 cilindradas tornou-se um dos principais pontos da pol\u00edtica tribut\u00e1ria estadual voltada \u00e0 mobilidade, impactando diretamente trabalhadores que usam a moto como ferramenta di\u00e1ria de deslocamento, especialmente em entregas, servi\u00e7os externos e transporte de curta dist\u00e2ncia, ao mesmo tempo em que altera [&hellip;]<\/p>\n","protected":false},"author":13,"featured_media":180371,"comment_status":"open","ping_status":"open","sticky":false,"template":"","format":"standard","meta":{"jnews-multi-image_gallery":[],"jnews_single_post":{"format":"standard"},"jnews_primary_category":[],"jnews_social_meta":[],"jnews_override_counter":[],"footnotes":""},"categories":[28],"tags":[762,3445,1634],"class_list":["post-180187","post","type-post","status-publish","format-standard","has-post-thumbnail","hentry","category-economia","tag-ipva","tag-isencao-de-ipva","tag-motos"],"yoast_head":"<!-- This site is optimized with the Yoast SEO plugin v23.8 - https:\/\/yoast.com\/wordpress\/plugins\/seo\/ -->\n<title>Donos de moto podem ficar livres do IPVA em 2026 e medida come\u00e7a a chamar aten\u00e7\u00e3o de trabalhadores - Estado de Minas - Em foco<\/title>\n<meta name=\"description\" content=\"Donos de moto podem ter isen\u00e7\u00e3o de IPVA em 2026. Veja quem pode ser beneficiado e como funciona a nova regra.\" \/>\n<meta name=\"robots\" content=\"index, follow, max-snippet:-1, max-image-preview:large, max-video-preview:-1\" \/>\n<link rel=\"canonical\" href=\"https:\/\/www.em.com.br\/emfoco\/2026\/03\/15\/donos-de-moto-podem-ficar-livres-do-ipva-em-2026-e-medida-comeca-a-chamar-atencao-de-trabalhadores\/\" \/>\n<meta property=\"og:locale\" content=\"pt_BR\" \/>\n<meta property=\"og:type\" content=\"article\" \/>\n<meta property=\"og:title\" content=\"Donos de moto podem ficar livres do IPVA em 2026 e medida come\u00e7a a chamar aten\u00e7\u00e3o de trabalhadores - Estado de Minas - Em foco\" \/>\n<meta property=\"og:description\" content=\"Donos de moto podem ter isen\u00e7\u00e3o de IPVA em 2026. Veja quem pode ser beneficiado e como funciona a nova regra.\" \/>\n<meta property=\"og:url\" content=\"https:\/\/www.em.com.br\/emfoco\/2026\/03\/15\/donos-de-moto-podem-ficar-livres-do-ipva-em-2026-e-medida-comeca-a-chamar-atencao-de-trabalhadores\/\" \/>\n<meta property=\"og:site_name\" content=\"Estado de Minas - Em foco\" \/>\n<meta property=\"article:published_time\" content=\"2026-03-15T13:15:00+00:00\" \/>\n<meta property=\"article:modified_time\" content=\"2026-03-11T19:22:53+00:00\" \/>\n<meta property=\"og:image\" content=\"https:\/\/www.em.com.br\/emfoco\/wp-content\/uploads\/2026\/03\/12-15.jpg\" \/>\n\t<meta property=\"og:image:width\" content=\"1280\" \/>\n\t<meta property=\"og:image:height\" content=\"720\" \/>\n\t<meta property=\"og:image:type\" content=\"image\/jpeg\" \/>\n<meta name=\"author\" content=\"Gabriel Martins\" \/>\n<meta name=\"twitter:card\" content=\"summary_large_image\" \/>\n<meta name=\"twitter:label1\" content=\"Escrito por\" \/>\n\t<meta name=\"twitter:data1\" content=\"Gabriel Martins\" \/>\n\t<meta name=\"twitter:label2\" content=\"Est. tempo de leitura\" \/>\n\t<meta name=\"twitter:data2\" content=\"5 minutos\" \/>\n<!-- \/ Yoast SEO plugin. -->","yoast_head_json":{"title":"Donos de moto podem ficar livres do IPVA em 2026 e medida come\u00e7a a chamar aten\u00e7\u00e3o de trabalhadores - Estado de Minas - Em foco","description":"Donos de moto podem ter isen\u00e7\u00e3o de IPVA em 2026. Veja quem pode ser beneficiado e como funciona a nova regra.","robots":{"index":"index","follow":"follow","max-snippet":"max-snippet:-1","max-image-preview":"max-image-preview:large","max-video-preview":"max-video-preview:-1"},"canonical":"https:\/\/www.em.com.br\/emfoco\/2026\/03\/15\/donos-de-moto-podem-ficar-livres-do-ipva-em-2026-e-medida-comeca-a-chamar-atencao-de-trabalhadores\/","og_locale":"pt_BR","og_type":"article","og_title":"Donos de moto podem ficar livres do IPVA em 2026 e medida come\u00e7a a chamar aten\u00e7\u00e3o de trabalhadores - Estado de Minas - Em foco","og_description":"Donos de moto podem ter isen\u00e7\u00e3o de IPVA em 2026. Veja quem pode ser beneficiado e como funciona a nova regra.","og_url":"https:\/\/www.em.com.br\/emfoco\/2026\/03\/15\/donos-de-moto-podem-ficar-livres-do-ipva-em-2026-e-medida-comeca-a-chamar-atencao-de-trabalhadores\/","og_site_name":"Estado de Minas - Em foco","article_published_time":"2026-03-15T13:15:00+00:00","article_modified_time":"2026-03-11T19:22:53+00:00","og_image":[{"width":1280,"height":720,"url":"https:\/\/www.em.com.br\/emfoco\/wp-content\/uploads\/2026\/03\/12-15.jpg","type":"image\/jpeg"}],"author":"Gabriel Martins","twitter_card":"summary_large_image","twitter_misc":{"Escrito por":"Gabriel Martins","Est. tempo de leitura":"5 minutos"},"schema":{"@context":"https:\/\/schema.org","@graph":[{"@type":"WebPage","@id":"https:\/\/www.em.com.br\/emfoco\/2026\/03\/15\/donos-de-moto-podem-ficar-livres-do-ipva-em-2026-e-medida-comeca-a-chamar-atencao-de-trabalhadores\/","url":"https:\/\/www.em.com.br\/emfoco\/2026\/03\/15\/donos-de-moto-podem-ficar-livres-do-ipva-em-2026-e-medida-comeca-a-chamar-atencao-de-trabalhadores\/","name":"Donos de moto podem ficar livres do IPVA em 2026 e medida come\u00e7a a chamar aten\u00e7\u00e3o de trabalhadores - Estado de Minas - Em foco","isPartOf":{"@id":"https:\/\/www.em.com.br\/emfoco\/#website"},"primaryImageOfPage":{"@id":"https:\/\/www.em.com.br\/emfoco\/2026\/03\/15\/donos-de-moto-podem-ficar-livres-do-ipva-em-2026-e-medida-comeca-a-chamar-atencao-de-trabalhadores\/#primaryimage"},"image":{"@id":"https:\/\/www.em.com.br\/emfoco\/2026\/03\/15\/donos-de-moto-podem-ficar-livres-do-ipva-em-2026-e-medida-comeca-a-chamar-atencao-de-trabalhadores\/#primaryimage"},"thumbnailUrl":"https:\/\/www.em.com.br\/emfoco\/wp-content\/uploads\/2026\/03\/12-15.jpg","datePublished":"2026-03-15T13:15:00+00:00","dateModified":"2026-03-11T19:22:53+00:00","author":{"@id":"https:\/\/www.em.com.br\/emfoco\/#\/schema\/person\/1c9ddeab18b98abeffef834667bcf08a"},"description":"Donos de moto podem ter isen\u00e7\u00e3o de IPVA em 2026. Veja quem pode ser beneficiado e como funciona a nova regra.","breadcrumb":{"@id":"https:\/\/www.em.com.br\/emfoco\/2026\/03\/15\/donos-de-moto-podem-ficar-livres-do-ipva-em-2026-e-medida-comeca-a-chamar-atencao-de-trabalhadores\/#breadcrumb"},"inLanguage":"pt-BR","potentialAction":[{"@type":"ReadAction","target":["https:\/\/www.em.com.br\/emfoco\/2026\/03\/15\/donos-de-moto-podem-ficar-livres-do-ipva-em-2026-e-medida-comeca-a-chamar-atencao-de-trabalhadores\/"]}]},{"@type":"ImageObject","inLanguage":"pt-BR","@id":"https:\/\/www.em.com.br\/emfoco\/2026\/03\/15\/donos-de-moto-podem-ficar-livres-do-ipva-em-2026-e-medida-comeca-a-chamar-atencao-de-trabalhadores\/#primaryimage","url":"https:\/\/www.em.com.br\/emfoco\/wp-content\/uploads\/2026\/03\/12-15.jpg","contentUrl":"https:\/\/www.em.com.br\/emfoco\/wp-content\/uploads\/2026\/03\/12-15.jpg","width":1280,"height":720,"caption":"Paran\u00e1 isenta IPVA de motocicletas com at\u00e9 cento e setenta cilindradas"},{"@type":"BreadcrumbList","@id":"https:\/\/www.em.com.br\/emfoco\/2026\/03\/15\/donos-de-moto-podem-ficar-livres-do-ipva-em-2026-e-medida-comeca-a-chamar-atencao-de-trabalhadores\/#breadcrumb","itemListElement":[{"@type":"ListItem","position":1,"name":"In\u00edcio","item":"https:\/\/www.em.com.br\/emfoco\/"},{"@type":"ListItem","position":2,"name":"Donos de moto podem ficar livres do IPVA em 2026 e medida come\u00e7a a chamar aten\u00e7\u00e3o de trabalhadores"}]},{"@type":"WebSite","@id":"https:\/\/www.em.com.br\/emfoco\/#website","url":"https:\/\/www.em.com.br\/emfoco\/","name":"Estado de Minas - Em foco","description":"Acompanhe as \u00faltimas not\u00edcias e fique bem informado sobre tudo o que acontece em Minas Gerais, Brasil e no mundo.","potentialAction":[{"@type":"SearchAction","target":{"@type":"EntryPoint","urlTemplate":"https:\/\/www.em.com.br\/emfoco\/?s={search_term_string}"},"query-input":{"@type":"PropertyValueSpecification","valueRequired":true,"valueName":"search_term_string"}}],"inLanguage":"pt-BR"},{"@type":"Person","@id":"https:\/\/www.em.com.br\/emfoco\/#\/schema\/person\/1c9ddeab18b98abeffef834667bcf08a","name":"Gabriel Martins","image":{"@type":"ImageObject","inLanguage":"pt-BR","@id":"https:\/\/www.em.com.br\/emfoco\/#\/schema\/person\/image\/","url":"https:\/\/secure.gravatar.com\/avatar\/f0f1e2efdfd88f1ad2cb08c5c2731e50?s=96&d=mm&r=g","contentUrl":"https:\/\/secure.gravatar.com\/avatar\/f0f1e2efdfd88f1ad2cb08c5c2731e50?s=96&d=mm&r=g","caption":"Gabriel Martins"},"sameAs":["https:\/\/www.em.com.br\/emfoco\/"],"url":"https:\/\/www.em.com.br\/emfoco\/author\/gabrielmartinsmyth\/"}]}},"_links":{"self":[{"href":"https:\/\/www.em.com.br\/emfoco\/wp-json\/wp\/v2\/posts\/180187","targetHints":{"allow":["GET"]}}],"collection":[{"href":"https:\/\/www.em.com.br\/emfoco\/wp-json\/wp\/v2\/posts"}],"about":[{"href":"https:\/\/www.em.com.br\/emfoco\/wp-json\/wp\/v2\/types\/post"}],"author":[{"embeddable":true,"href":"https:\/\/www.em.com.br\/emfoco\/wp-json\/wp\/v2\/users\/13"}],"replies":[{"embeddable":true,"href":"https:\/\/www.em.com.br\/emfoco\/wp-json\/wp\/v2\/comments?post=180187"}],"version-history":[{"count":1,"href":"https:\/\/www.em.com.br\/emfoco\/wp-json\/wp\/v2\/posts\/180187\/revisions"}],"predecessor-version":[{"id":180377,"href":"https:\/\/www.em.com.br\/emfoco\/wp-json\/wp\/v2\/posts\/180187\/revisions\/180377"}],"wp:featuredmedia":[{"embeddable":true,"href":"https:\/\/www.em.com.br\/emfoco\/wp-json\/wp\/v2\/media\/180371"}],"wp:attachment":[{"href":"https:\/\/www.em.com.br\/emfoco\/wp-json\/wp\/v2\/media?parent=180187"}],"wp:term":[{"taxonomy":"category","embeddable":true,"href":"https:\/\/www.em.com.br\/emfoco\/wp-json\/wp\/v2\/categories?post=180187"},{"taxonomy":"post_tag","embeddable":true,"href":"https:\/\/www.em.com.br\/emfoco\/wp-json\/wp\/v2\/tags?post=180187"}],"curies":[{"name":"wp","href":"https:\/\/api.w.org\/{rel}","templated":true}]}}