{"id":180154,"date":"2026-03-11T13:48:00","date_gmt":"2026-03-11T16:48:00","guid":{"rendered":"https:\/\/www.em.com.br\/emfoco\/?p=180154"},"modified":"2026-03-11T13:16:30","modified_gmt":"2026-03-11T16:16:30","slug":"novo-corte-de-cabelo-europeu-virou-tendencia-em-2026-promete-afinar-o-rosto-e-dar-mais-brilho-e-volume-para-todas-as-mulheres-acima-dos-35-anos","status":"publish","type":"post","link":"https:\/\/www.em.com.br\/emfoco\/2026\/03\/11\/novo-corte-de-cabelo-europeu-virou-tendencia-em-2026-promete-afinar-o-rosto-e-dar-mais-brilho-e-volume-para-todas-as-mulheres-acima-dos-35-anos\/","title":{"rendered":"Novo corte de cabelo europeu virou tend\u00eancia em 2026 promete afinar o rosto e dar mais brilho e volume para todas as mulheres acima dos 35 anos"},"content":{"rendered":"\n<p>O <strong>corte de cabelo europeu<\/strong> que domina os sal\u00f5es em 2026 combina<strong> camadas estrat\u00e9gicas, leveza e movimento<\/strong> para <strong>afinar o rosto<\/strong> de forma natural, sem precisar de procedimentos invasivos. Mulheres acima dos 35 anos est\u00e3o adotando esse estilo porque ele entrega volume, brilho e um efeito rejuvenescedor imediato, valorizando os tra\u00e7os faciais com sofistica\u00e7\u00e3o e praticidade no dia a dia.<\/p>\n\n\n\n<h2 class=\"wp-block-heading\">Qual \u00e9 o corte de cabelo europeu que promete rejuvenescer em 2026?<\/h2>\n\n\n\n<p>O grande protagonista da temporada \u00e9 o <strong>bob graduado com camadas suaves<\/strong>, uma releitura europeia que chegou aos sal\u00f5es brasileiros com for\u00e7a total. Esse corte de cabelo apresenta a nuca mais curta e a frente levemente alongada, criando um \u00e2ngulo diagonal que ajuda a afinar o rosto e destacar a linha do maxilar. O resultado \u00e9 um visual elegante, moderno e com apar\u00eancia de fios mais saud\u00e1veis e volumosos.<\/p>\n\n\n\n<p>Hairstylists renomados apontam que a vers\u00e3o 2026 desse corte prioriza o acabamento com textura controlada e pontas desfiadas, garantindo movimento sem pesar. Diferente das temporadas anteriores, marcadas por camadas excessivas que exigiam finaliza\u00e7\u00f5es complexas, a proposta atual foca na beleza natural dos fios, com menos artif\u00edcio e mais presen\u00e7a, favorecendo especialmente mulheres na faixa dos 35 anos em diante.<\/p>\n\n\n\n<h2 class=\"wp-block-heading\">Como esse corte de cabelo consegue afinar o rosto?<\/h2>\n\n\n\n<p>O segredo para <strong>afinar o rosto<\/strong> est\u00e1 na constru\u00e7\u00e3o t\u00e9cnica do corte. As camadas s\u00e3o posicionadas de forma estrat\u00e9gica ao redor das ma\u00e7\u00e3s do rosto e do maxilar, criando uma moldura que suaviza linhas de express\u00e3o e direciona o olhar para os pontos mais harm\u00f4nicos da face. A franja cortina, levemente aberta ao meio, complementa o efeito ao disfar\u00e7ar a testa e emoldurar a parte superior do rosto com naturalidade.<\/p>\n\n\n\n<p>Especialistas em <strong>visagismo <\/strong>explicam que determinados elementos do corte de cabelo contribuem diretamente para o efeito de afinamento facial. Confira os principais recursos t\u00e9cnicos que fazem a diferen\u00e7a:<\/p>\n\n\n<div class=\"wp-block-image\">\n<figure class=\"aligncenter size-large\"><img loading=\"lazy\" decoding=\"async\" width=\"1024\" height=\"616\" src=\"https:\/\/www.em.com.br\/emfoco\/wp-content\/uploads\/2026\/03\/convertido-12-1024x616.jpg\" alt=\"Um novo corte de cabelo est\u00e1 chamando aten\u00e7\u00e3o entre mulheres\" class=\"wp-image-180160\" srcset=\"https:\/\/www.em.com.br\/emfoco\/wp-content\/uploads\/2026\/03\/convertido-12-1024x616.jpg 1024w, https:\/\/www.em.com.br\/emfoco\/wp-content\/uploads\/2026\/03\/convertido-12-300x180.jpg 300w, https:\/\/www.em.com.br\/emfoco\/wp-content\/uploads\/2026\/03\/convertido-12-768x462.jpg 768w, https:\/\/www.em.com.br\/emfoco\/wp-content\/uploads\/2026\/03\/convertido-12-750x451.jpg 750w, https:\/\/www.em.com.br\/emfoco\/wp-content\/uploads\/2026\/03\/convertido-12-1140x686.jpg 1140w, https:\/\/www.em.com.br\/emfoco\/wp-content\/uploads\/2026\/03\/convertido-12.jpg 1280w\" sizes=\"auto, (max-width: 1024px) 100vw, 1024px\" \/><figcaption class=\"wp-element-caption\">Um novo corte de cabelo est\u00e1 chamando aten\u00e7\u00e3o entre mulheres<\/figcaption><\/figure><\/div>\n\n\n<h2 class=\"wp-block-heading\">Por que mulheres acima dos 35 anos est\u00e3o preferindo esse estilo?<\/h2>\n\n\n\n<p>Ap\u00f3s os 35 anos, \u00e9 comum que os fios percam densidade e brilho naturalmente, tornando a escolha do corte de cabelo ainda mais decisiva para a autoestima e a imagem pessoal. O bob graduado europeu funciona como um verdadeiro lifting capilar, pois cria volume na regi\u00e3o da coroa e das laterais sem depender de ferramentas de calor ou produtos pesados para a finaliza\u00e7\u00e3o.<\/p>\n\n\n\n<p>Al\u00e9m do efeito est\u00e9tico de afinar o rosto, esse corte atende a uma demanda crescente por praticidade. Mulheres com rotinas intensas encontram nele um aliado que seca bem ao natural, exige menos tempo de arruma\u00e7\u00e3o e cresce de maneira harm\u00f4nica entre uma manuten\u00e7\u00e3o e outra. A textura controlada e o caimento fluido transmitem um ar de cuidado e sofistica\u00e7\u00e3o sem esfor\u00e7o, caracter\u00edsticas que definem a beleza contempor\u00e2nea.<\/p>\n\n\n<div class=\"wp-block-image\">\n<figure class=\"aligncenter size-large\"><img loading=\"lazy\" decoding=\"async\" width=\"1024\" height=\"572\" src=\"https:\/\/www.em.com.br\/emfoco\/wp-content\/uploads\/2026\/03\/freepik__cabea-de-manequim-de-salo-com-corte-bob-graduado-m__18679-1024x572.jpeg\" alt=\"Novo corte de cabelo europeu virou tend\u00eancia em 2026 promete afinar o rosto e dar mais brilho e volume para todas as mulheres acima dos 35 anos\" class=\"wp-image-180159\"\/><figcaption class=\"wp-element-caption\">Um estilo de cabelo vindo da Europa come\u00e7a a dominar os sal\u00f5es<\/figcaption><\/figure><\/div>\n\n\n<h2 class=\"wp-block-heading\">Quais cuidados potencializam o brilho e o volume desse corte?<\/h2>\n\n\n\n<p>O <a href=\"https:\/\/www.em.com.br\/emfoco\/2026\/03\/11\/novo-corte-de-cabelo-que-promete-valorizar-todos-os-rostos-esta-se-tornando-tendencia-entre-mulheres-no-mundo-todo\/\" target=\"_blank\" rel=\"noreferrer noopener\">corte de cabelo certo<\/a> perde seu impacto quando os fios est\u00e3o opacos ou ressecados. Para manter o brilho e o volume que esse estilo europeu proporciona, uma rotina de cuidados capilares consistente faz toda a diferen\u00e7a na apar\u00eancia e na sa\u00fade dos fios. Profissionais de beleza recomendam pr\u00e1ticas simples que prolongam o efeito sal\u00e3o:<\/p>\n\n\n<div class=\"wp-block-image\">\n<figure class=\"aligncenter size-large\"><img loading=\"lazy\" decoding=\"async\" width=\"1024\" height=\"500\" src=\"https:\/\/www.em.com.br\/emfoco\/wp-content\/uploads\/2026\/03\/convertido-15-1024x500.jpg\" alt=\"Esse corte de cabelo europeu tem conquistado mulheres ap\u00f3s os 35\" class=\"wp-image-180163\" srcset=\"https:\/\/www.em.com.br\/emfoco\/wp-content\/uploads\/2026\/03\/convertido-15-1024x500.jpg 1024w, https:\/\/www.em.com.br\/emfoco\/wp-content\/uploads\/2026\/03\/convertido-15-300x146.jpg 300w, https:\/\/www.em.com.br\/emfoco\/wp-content\/uploads\/2026\/03\/convertido-15-768x375.jpg 768w, https:\/\/www.em.com.br\/emfoco\/wp-content\/uploads\/2026\/03\/convertido-15-750x366.jpg 750w, https:\/\/www.em.com.br\/emfoco\/wp-content\/uploads\/2026\/03\/convertido-15-1140x557.jpg 1140w, https:\/\/www.em.com.br\/emfoco\/wp-content\/uploads\/2026\/03\/convertido-15.jpg 1280w\" sizes=\"auto, (max-width: 1024px) 100vw, 1024px\" \/><figcaption class=\"wp-element-caption\">Esse corte de cabelo europeu tem conquistado mulheres ap\u00f3s os 35<\/figcaption><\/figure><\/div>\n\n\n<h2 class=\"wp-block-heading\">Esse corte de cabelo europeu funciona em todos os tipos de fio?<\/h2>\n\n\n\n<p>Uma das grandes vantagens dessa tend\u00eancia \u00e9 sua versatilidade. Em fios lisos, o bob graduado entrega linhas definidas e um acabamento polido que ilumina o semblante. J\u00e1 em cabelos ondulados e cacheados, as camadas real\u00e7am o movimento natural e criam volume equilibrado, dispensando a escova di\u00e1ria. A adapta\u00e7\u00e3o tamb\u00e9m alcan\u00e7a fios finos, que ganham corpo e sensa\u00e7\u00e3o de maior densidade com as camadas internas estrat\u00e9gicas.<\/p>\n\n\n\n<p>O corte de cabelo europeu de 2026 prova que \u00e9 poss\u00edvel afinar o rosto, conquistar mais brilho e recuperar o volume sem abrir m\u00e3o da sa\u00fade capilar. Para mulheres acima dos 35 anos que buscam renova\u00e7\u00e3o com eleg\u00e2ncia, esse estilo \u00e9 a tradu\u00e7\u00e3o perfeita de uma beleza que valoriza a maturidade com frescor, autenticidade e autoestima elevada.<\/p>\n","protected":false},"excerpt":{"rendered":"<p>O corte de cabelo europeu que domina os sal\u00f5es em 2026 combina camadas estrat\u00e9gicas, leveza e movimento para afinar o rosto de forma natural, sem precisar de procedimentos invasivos. Mulheres acima dos 35 anos est\u00e3o adotando esse estilo porque ele entrega volume, brilho e um efeito rejuvenescedor imediato, valorizando os tra\u00e7os faciais com sofistica\u00e7\u00e3o e [&hellip;]<\/p>\n","protected":false},"author":10,"featured_media":180158,"comment_status":"open","ping_status":"open","sticky":false,"template":"","format":"standard","meta":{"jnews-multi-image_gallery":[],"jnews_single_post":{"format":"standard"},"jnews_primary_category":[],"jnews_social_meta":[],"jnews_override_counter":[],"footnotes":""},"categories":[1],"tags":[25674,4906,15335],"class_list":["post-180154","post","type-post","status-publish","format-standard","has-post-thumbnail","hentry","category-noticias","tag-afinar-o-rosto","tag-corte-de-cabelo","tag-cortes-femininos"],"yoast_head":"<!-- This site is optimized with the Yoast SEO plugin v23.8 - https:\/\/yoast.com\/wordpress\/plugins\/seo\/ -->\n<title>Novo corte de cabelo europeu virou tend\u00eancia em 2026 promete afinar o rosto e dar mais brilho e volume para todas as mulheres acima dos 35 anos - Estado de Minas - Em foco<\/title>\n<meta name=\"description\" content=\"Um corte de cabelo europeu come\u00e7ou a ganhar espa\u00e7o nos sal\u00f5es e chama aten\u00e7\u00e3o entre mulheres que buscam renova\u00e7\u00e3o.\" \/>\n<meta name=\"robots\" content=\"index, follow, max-snippet:-1, max-image-preview:large, max-video-preview:-1\" \/>\n<link rel=\"canonical\" href=\"https:\/\/www.em.com.br\/emfoco\/2026\/03\/11\/novo-corte-de-cabelo-europeu-virou-tendencia-em-2026-promete-afinar-o-rosto-e-dar-mais-brilho-e-volume-para-todas-as-mulheres-acima-dos-35-anos\/\" \/>\n<meta property=\"og:locale\" content=\"pt_BR\" \/>\n<meta property=\"og:type\" content=\"article\" \/>\n<meta property=\"og:title\" content=\"Novo corte de cabelo europeu virou tend\u00eancia em 2026 promete afinar o rosto e dar mais brilho e volume para todas as mulheres acima dos 35 anos - Estado de Minas - Em foco\" \/>\n<meta property=\"og:description\" content=\"Um corte de cabelo europeu come\u00e7ou a ganhar espa\u00e7o nos sal\u00f5es e chama aten\u00e7\u00e3o entre mulheres que buscam renova\u00e7\u00e3o.\" \/>\n<meta property=\"og:url\" content=\"https:\/\/www.em.com.br\/emfoco\/2026\/03\/11\/novo-corte-de-cabelo-europeu-virou-tendencia-em-2026-promete-afinar-o-rosto-e-dar-mais-brilho-e-volume-para-todas-as-mulheres-acima-dos-35-anos\/\" \/>\n<meta property=\"og:site_name\" content=\"Estado de Minas - Em foco\" \/>\n<meta property=\"article:published_time\" content=\"2026-03-11T16:48:00+00:00\" \/>\n<meta property=\"article:modified_time\" content=\"2026-03-11T16:16:30+00:00\" \/>\n<meta property=\"og:image\" content=\"https:\/\/www.em.com.br\/emfoco\/wp-content\/uploads\/2026\/03\/freepik__mecha-de-cabelo-sendo-ajustada-por-cabeleireiro-co__18678-e1773245430169.jpeg\" \/>\n\t<meta property=\"og:image:width\" content=\"1280\" \/>\n\t<meta property=\"og:image:height\" content=\"714\" \/>\n\t<meta property=\"og:image:type\" content=\"image\/jpeg\" \/>\n<meta name=\"author\" content=\"Patryck Reinehr\" \/>\n<meta name=\"twitter:card\" content=\"summary_large_image\" \/>\n<meta name=\"twitter:label1\" content=\"Escrito por\" \/>\n\t<meta name=\"twitter:data1\" content=\"Patryck Reinehr\" \/>\n\t<meta name=\"twitter:label2\" content=\"Est. tempo de leitura\" \/>\n\t<meta name=\"twitter:data2\" content=\"5 minutos\" \/>\n<!-- \/ Yoast SEO plugin. -->","yoast_head_json":{"title":"Novo corte de cabelo europeu virou tend\u00eancia em 2026 promete afinar o rosto e dar mais brilho e volume para todas as mulheres acima dos 35 anos - Estado de Minas - Em foco","description":"Um corte de cabelo europeu come\u00e7ou a ganhar espa\u00e7o nos sal\u00f5es e chama aten\u00e7\u00e3o entre mulheres que buscam renova\u00e7\u00e3o.","robots":{"index":"index","follow":"follow","max-snippet":"max-snippet:-1","max-image-preview":"max-image-preview:large","max-video-preview":"max-video-preview:-1"},"canonical":"https:\/\/www.em.com.br\/emfoco\/2026\/03\/11\/novo-corte-de-cabelo-europeu-virou-tendencia-em-2026-promete-afinar-o-rosto-e-dar-mais-brilho-e-volume-para-todas-as-mulheres-acima-dos-35-anos\/","og_locale":"pt_BR","og_type":"article","og_title":"Novo corte de cabelo europeu virou tend\u00eancia em 2026 promete afinar o rosto e dar mais brilho e volume para todas as mulheres acima dos 35 anos - Estado de Minas - Em foco","og_description":"Um corte de cabelo europeu come\u00e7ou a ganhar espa\u00e7o nos sal\u00f5es e chama aten\u00e7\u00e3o entre mulheres que buscam renova\u00e7\u00e3o.","og_url":"https:\/\/www.em.com.br\/emfoco\/2026\/03\/11\/novo-corte-de-cabelo-europeu-virou-tendencia-em-2026-promete-afinar-o-rosto-e-dar-mais-brilho-e-volume-para-todas-as-mulheres-acima-dos-35-anos\/","og_site_name":"Estado de Minas - Em foco","article_published_time":"2026-03-11T16:48:00+00:00","article_modified_time":"2026-03-11T16:16:30+00:00","og_image":[{"width":1280,"height":714,"url":"https:\/\/www.em.com.br\/emfoco\/wp-content\/uploads\/2026\/03\/freepik__mecha-de-cabelo-sendo-ajustada-por-cabeleireiro-co__18678-e1773245430169.jpeg","type":"image\/jpeg"}],"author":"Patryck Reinehr","twitter_card":"summary_large_image","twitter_misc":{"Escrito por":"Patryck Reinehr","Est. tempo de leitura":"5 minutos"},"schema":{"@context":"https:\/\/schema.org","@graph":[{"@type":"WebPage","@id":"https:\/\/www.em.com.br\/emfoco\/2026\/03\/11\/novo-corte-de-cabelo-europeu-virou-tendencia-em-2026-promete-afinar-o-rosto-e-dar-mais-brilho-e-volume-para-todas-as-mulheres-acima-dos-35-anos\/","url":"https:\/\/www.em.com.br\/emfoco\/2026\/03\/11\/novo-corte-de-cabelo-europeu-virou-tendencia-em-2026-promete-afinar-o-rosto-e-dar-mais-brilho-e-volume-para-todas-as-mulheres-acima-dos-35-anos\/","name":"Novo corte de cabelo europeu virou tend\u00eancia em 2026 promete afinar o rosto e dar mais brilho e volume para todas as mulheres acima dos 35 anos - Estado de Minas - Em foco","isPartOf":{"@id":"https:\/\/www.em.com.br\/emfoco\/#website"},"primaryImageOfPage":{"@id":"https:\/\/www.em.com.br\/emfoco\/2026\/03\/11\/novo-corte-de-cabelo-europeu-virou-tendencia-em-2026-promete-afinar-o-rosto-e-dar-mais-brilho-e-volume-para-todas-as-mulheres-acima-dos-35-anos\/#primaryimage"},"image":{"@id":"https:\/\/www.em.com.br\/emfoco\/2026\/03\/11\/novo-corte-de-cabelo-europeu-virou-tendencia-em-2026-promete-afinar-o-rosto-e-dar-mais-brilho-e-volume-para-todas-as-mulheres-acima-dos-35-anos\/#primaryimage"},"thumbnailUrl":"https:\/\/www.em.com.br\/emfoco\/wp-content\/uploads\/2026\/03\/freepik__mecha-de-cabelo-sendo-ajustada-por-cabeleireiro-co__18678-e1773245430169.jpeg","datePublished":"2026-03-11T16:48:00+00:00","dateModified":"2026-03-11T16:16:30+00:00","author":{"@id":"https:\/\/www.em.com.br\/emfoco\/#\/schema\/person\/43407752bebcbbb4d0ec79deedc0d7ce"},"description":"Um corte de cabelo europeu come\u00e7ou a ganhar espa\u00e7o nos sal\u00f5es e chama aten\u00e7\u00e3o entre mulheres que buscam renova\u00e7\u00e3o.","breadcrumb":{"@id":"https:\/\/www.em.com.br\/emfoco\/2026\/03\/11\/novo-corte-de-cabelo-europeu-virou-tendencia-em-2026-promete-afinar-o-rosto-e-dar-mais-brilho-e-volume-para-todas-as-mulheres-acima-dos-35-anos\/#breadcrumb"},"inLanguage":"pt-BR","potentialAction":[{"@type":"ReadAction","target":["https:\/\/www.em.com.br\/emfoco\/2026\/03\/11\/novo-corte-de-cabelo-europeu-virou-tendencia-em-2026-promete-afinar-o-rosto-e-dar-mais-brilho-e-volume-para-todas-as-mulheres-acima-dos-35-anos\/"]}]},{"@type":"ImageObject","inLanguage":"pt-BR","@id":"https:\/\/www.em.com.br\/emfoco\/2026\/03\/11\/novo-corte-de-cabelo-europeu-virou-tendencia-em-2026-promete-afinar-o-rosto-e-dar-mais-brilho-e-volume-para-todas-as-mulheres-acima-dos-35-anos\/#primaryimage","url":"https:\/\/www.em.com.br\/emfoco\/wp-content\/uploads\/2026\/03\/freepik__mecha-de-cabelo-sendo-ajustada-por-cabeleireiro-co__18678-e1773245430169.jpeg","contentUrl":"https:\/\/www.em.com.br\/emfoco\/wp-content\/uploads\/2026\/03\/freepik__mecha-de-cabelo-sendo-ajustada-por-cabeleireiro-co__18678-e1773245430169.jpeg","width":1280,"height":714,"caption":"Um corte europeu virou tend\u00eancia entre mulheres que buscam renova\u00e7\u00e3o"},{"@type":"BreadcrumbList","@id":"https:\/\/www.em.com.br\/emfoco\/2026\/03\/11\/novo-corte-de-cabelo-europeu-virou-tendencia-em-2026-promete-afinar-o-rosto-e-dar-mais-brilho-e-volume-para-todas-as-mulheres-acima-dos-35-anos\/#breadcrumb","itemListElement":[{"@type":"ListItem","position":1,"name":"In\u00edcio","item":"https:\/\/www.em.com.br\/emfoco\/"},{"@type":"ListItem","position":2,"name":"Novo corte de cabelo europeu virou tend\u00eancia em 2026 promete afinar o rosto e dar mais brilho e volume para todas as mulheres acima dos 35 anos"}]},{"@type":"WebSite","@id":"https:\/\/www.em.com.br\/emfoco\/#website","url":"https:\/\/www.em.com.br\/emfoco\/","name":"Estado de Minas - Em foco","description":"Acompanhe as \u00faltimas not\u00edcias e fique bem informado sobre tudo o que acontece em Minas Gerais, Brasil e no mundo.","potentialAction":[{"@type":"SearchAction","target":{"@type":"EntryPoint","urlTemplate":"https:\/\/www.em.com.br\/emfoco\/?s={search_term_string}"},"query-input":{"@type":"PropertyValueSpecification","valueRequired":true,"valueName":"search_term_string"}}],"inLanguage":"pt-BR"},{"@type":"Person","@id":"https:\/\/www.em.com.br\/emfoco\/#\/schema\/person\/43407752bebcbbb4d0ec79deedc0d7ce","name":"Patryck Reinehr","image":{"@type":"ImageObject","inLanguage":"pt-BR","@id":"https:\/\/www.em.com.br\/emfoco\/#\/schema\/person\/image\/","url":"https:\/\/secure.gravatar.com\/avatar\/570c7fb2898c0e2df0823196891bea88?s=96&d=mm&r=g","contentUrl":"https:\/\/secure.gravatar.com\/avatar\/570c7fb2898c0e2df0823196891bea88?s=96&d=mm&r=g","caption":"Patryck Reinehr"},"url":"https:\/\/www.em.com.br\/emfoco\/author\/patryckmyth\/"}]}},"_links":{"self":[{"href":"https:\/\/www.em.com.br\/emfoco\/wp-json\/wp\/v2\/posts\/180154","targetHints":{"allow":["GET"]}}],"collection":[{"href":"https:\/\/www.em.com.br\/emfoco\/wp-json\/wp\/v2\/posts"}],"about":[{"href":"https:\/\/www.em.com.br\/emfoco\/wp-json\/wp\/v2\/types\/post"}],"author":[{"embeddable":true,"href":"https:\/\/www.em.com.br\/emfoco\/wp-json\/wp\/v2\/users\/10"}],"replies":[{"embeddable":true,"href":"https:\/\/www.em.com.br\/emfoco\/wp-json\/wp\/v2\/comments?post=180154"}],"version-history":[{"count":1,"href":"https:\/\/www.em.com.br\/emfoco\/wp-json\/wp\/v2\/posts\/180154\/revisions"}],"predecessor-version":[{"id":180164,"href":"https:\/\/www.em.com.br\/emfoco\/wp-json\/wp\/v2\/posts\/180154\/revisions\/180164"}],"wp:featuredmedia":[{"embeddable":true,"href":"https:\/\/www.em.com.br\/emfoco\/wp-json\/wp\/v2\/media\/180158"}],"wp:attachment":[{"href":"https:\/\/www.em.com.br\/emfoco\/wp-json\/wp\/v2\/media?parent=180154"}],"wp:term":[{"taxonomy":"category","embeddable":true,"href":"https:\/\/www.em.com.br\/emfoco\/wp-json\/wp\/v2\/categories?post=180154"},{"taxonomy":"post_tag","embeddable":true,"href":"https:\/\/www.em.com.br\/emfoco\/wp-json\/wp\/v2\/tags?post=180154"}],"curies":[{"name":"wp","href":"https:\/\/api.w.org\/{rel}","templated":true}]}}