{"id":180137,"date":"2026-03-11T18:35:00","date_gmt":"2026-03-11T21:35:00","guid":{"rendered":"https:\/\/www.em.com.br\/emfoco\/?p=180137"},"modified":"2026-03-11T13:24:11","modified_gmt":"2026-03-11T16:24:11","slug":"inacreditavel-mas-verdade-as-pessoas-so-agora-estao-descobrindo-para-que-serve-o-furo-no-cabo-da-panela","status":"publish","type":"post","link":"https:\/\/www.em.com.br\/emfoco\/2026\/03\/11\/inacreditavel-mas-verdade-as-pessoas-so-agora-estao-descobrindo-para-que-serve-o-furo-no-cabo-da-panela\/","title":{"rendered":"Inacredit\u00e1vel, mas verdade: as pessoas s\u00f3 agora est\u00e3o descobrindo para que serve o furo no cabo da panela"},"content":{"rendered":"\n<p>Um detalhe simples presente em quase toda <strong>panela<\/strong> est\u00e1 surpreendendo muita gente nas redes sociais. O <strong>pequeno furo da panela<\/strong>, localizado geralmente no cabo, parecia apenas um detalhe de fabrica\u00e7\u00e3o, mas na verdade esconde um <strong>truque extremamente pr\u00e1tico<\/strong> que pode tornar a rotina na cozinha mais organizada, limpa e eficiente. O que muitas pessoas est\u00e3o descobrindo agora \u00e9 que esse pequeno recurso foi pensado justamente para <strong>facilitar o preparo de alimentos<\/strong> e evitar bagun\u00e7a durante o uso di\u00e1rio.<\/p>\n\n\n\n<h2 class=\"wp-block-heading\">Para que serve realmente o furo da panela?<\/h2>\n\n\n\n<p>O <strong>furo da panela<\/strong> n\u00e3o est\u00e1 ali apenas por est\u00e9tica ou para pendurar utens\u00edlios. Na verdade, ele foi projetado para oferecer <strong>mais praticidade durante o preparo das refei\u00e7\u00f5es<\/strong>, especialmente quando se utiliza colheres ou esp\u00e1tulas para mexer molhos, caldos ou <a href=\"https:\/\/sescmesabrasil.sescsp.org.br\/receitasposts\/refogado-de-cenoura-couveflor-e-sementes-de-abbora\/\" target=\"_blank\" rel=\"noreferrer noopener\"><strong>refogados<\/strong><\/a>.<\/p>\n\n\n\n<p>Esse pequeno detalhe permite <strong>apoiar o utens\u00edlio utilizado no preparo<\/strong> sem precisar sujar a bancada ou usar um prato extra. O resultado \u00e9 uma <strong>cozinha mais organizada<\/strong> e um preparo muito mais eficiente no dia a dia.<\/p>\n\n\n\n<p>Na pr\u00e1tica, o uso correto desse recurso oferece algumas vantagens importantes durante o preparo das refei\u00e7\u00f5es:<\/p>\n\n\n\n<ul class=\"wp-block-list\">\n<li><strong>Apoiar a colher diretamente no furo da panela<\/strong> enquanto cozinha<\/li>\n\n\n\n<li>Evitar <strong>respingos de molho ou gordura na bancada<\/strong><\/li>\n\n\n\n<li>Reduzir a necessidade de <strong>lavar utens\u00edlios extras<\/strong><\/li>\n\n\n\n<li>Manter o utens\u00edlio <strong>sempre \u00e0 m\u00e3o durante o preparo<\/strong><\/li>\n<\/ul>\n\n\n\n<h2 class=\"wp-block-heading\">Como usar esse truque para deixar a cozinha mais organizada?<\/h2>\n\n\n\n<p>Quem costuma cozinhar com frequ\u00eancia sabe que a bancada pode ficar rapidamente cheia de <strong><a href=\"https:\/\/www.em.com.br\/emfoco\/2025\/08\/13\/utensilios-de-plastico-que-podem-prejudicar-sua-saude\/\" target=\"_blank\" rel=\"noreferrer noopener\">utens\u00edlios <\/a>usados durante o preparo<\/strong>. Colheres de madeira, esp\u00e1tulas e conchas normalmente acabam sendo colocadas sobre pratos ou diretamente na pia.<\/p>\n\n\n\n<p>Utilizar o <strong>furo da panela como suporte para utens\u00edlios<\/strong> \u00e9 um truque simples que reduz a bagun\u00e7a e facilita a organiza\u00e7\u00e3o do espa\u00e7o enquanto os alimentos est\u00e3o sendo preparados.<\/p>\n\n\n\n<p>Algumas formas simples de aplicar essa ideia durante o preparo incluem:<\/p>\n\n\n\n<ul class=\"wp-block-list\">\n<li><strong>Inserir o cabo da colher no furo da panela<\/strong> enquanto o alimento cozinha<\/li>\n\n\n\n<li>Utilizar o suporte para <strong>colheres de madeira ou silicone<\/strong><\/li>\n\n\n\n<li>Evitar <strong>respingos de molho sobre a superf\u00edcie da cozinha<\/strong><\/li>\n\n\n\n<li>Manter os utens\u00edlios <strong>organizados durante toda a receita<\/strong><\/li>\n<\/ul>\n\n\n\n<figure class=\"wp-block-image size-large\"><img loading=\"lazy\" decoding=\"async\" width=\"1024\" height=\"576\" src=\"https:\/\/www.em.com.br\/emfoco\/wp-content\/uploads\/2026\/03\/X-2026-03-11T131937.527-1024x576.jpg\" alt=\"Inacredit\u00e1vel, mas verdade: as pessoas s\u00f3 agora est\u00e3o descobrindo para que serve o furo no cabo da panela\" class=\"wp-image-180182\" srcset=\"https:\/\/www.em.com.br\/emfoco\/wp-content\/uploads\/2026\/03\/X-2026-03-11T131937.527-1024x576.jpg 1024w, https:\/\/www.em.com.br\/emfoco\/wp-content\/uploads\/2026\/03\/X-2026-03-11T131937.527-300x169.jpg 300w, https:\/\/www.em.com.br\/emfoco\/wp-content\/uploads\/2026\/03\/X-2026-03-11T131937.527-768x432.jpg 768w, https:\/\/www.em.com.br\/emfoco\/wp-content\/uploads\/2026\/03\/X-2026-03-11T131937.527-1536x864.jpg 1536w, https:\/\/www.em.com.br\/emfoco\/wp-content\/uploads\/2026\/03\/X-2026-03-11T131937.527-2048x1152.jpg 2048w, https:\/\/www.em.com.br\/emfoco\/wp-content\/uploads\/2026\/03\/X-2026-03-11T131937.527-750x422.jpg 750w, https:\/\/www.em.com.br\/emfoco\/wp-content\/uploads\/2026\/03\/X-2026-03-11T131937.527-1140x641.jpg 1140w\" sizes=\"auto, (max-width: 1024px) 100vw, 1024px\" \/><figcaption class=\"wp-element-caption\">O furo no cabo da panela pode servir como suporte para colheres<\/figcaption><\/figure>\n\n\n\n<h2 class=\"wp-block-heading\">Por que muitas pessoas nunca perceberam essa fun\u00e7\u00e3o?<\/h2>\n\n\n\n<p>Embora o <strong>furo da panela<\/strong> esteja presente em muitos modelos h\u00e1 d\u00e9cadas, grande parte das pessoas sempre acreditou que ele servia apenas para <strong>pendurar o utens\u00edlio em suportes ou ganchos<\/strong> dentro da cozinha.<\/p>\n\n\n\n<p>Esse entendimento n\u00e3o est\u00e1 totalmente errado, mas ignora a utilidade mais pr\u00e1tica durante o preparo dos alimentos. Por isso, quando algu\u00e9m descobre essa fun\u00e7\u00e3o, geralmente se surpreende com a <strong>simplicidade e efici\u00eancia do design<\/strong>.<\/p>\n\n\n\n<p>Alguns fatores explicam por que esse recurso passou despercebido por tanto tempo:<\/p>\n\n\n\n<ul class=\"wp-block-list\">\n<li><strong>Falta de orienta\u00e7\u00e3o sobre o uso correto<\/strong> do utens\u00edlio<\/li>\n\n\n\n<li>Costume de <strong>apoiar colheres em pratos ou pires<\/strong><\/li>\n\n\n\n<li>Desconhecimento do <strong>design funcional das panelas<\/strong><\/li>\n\n\n\n<li>Uso autom\u00e1tico dos utens\u00edlios sem observar detalhes<\/li>\n<\/ul>\n\n\n\n<h2 class=\"wp-block-heading\">Quais outros detalhes das panelas ajudam no preparo das receitas?<\/h2>\n\n\n\n<p>Assim como o <strong>furo da panela<\/strong>, muitos utens\u00edlios de cozinha possuem pequenos recursos pensados para tornar o <strong>preparo mais eficiente<\/strong>. Esses detalhes muitas vezes passam despercebidos, mas fazem grande diferen\u00e7a na praticidade di\u00e1ria.<\/p>\n\n\n\n<p>Conhecer essas funcionalidades ajuda a <strong>cozinhar melhor<\/strong>, reduzir desperd\u00edcios e manter o ambiente mais limpo e organizado durante o preparo das refei\u00e7\u00f5es.<\/p>\n\n\n\n<p>Entre os recursos comuns presentes em muitas panelas modernas est\u00e3o:<\/p>\n\n\n\n<ul class=\"wp-block-list\">\n<li><strong>Tampas com sa\u00edda de vapor<\/strong> para controlar o cozimento<\/li>\n\n\n\n<li><strong>Bordas projetadas<\/strong> para facilitar o despejo de l\u00edquidos<\/li>\n\n\n\n<li><strong>Cabos ergon\u00f4micos<\/strong> que reduzem o calor nas m\u00e3os<\/li>\n\n\n\n<li><strong>Marcas internas<\/strong> que ajudam a medir l\u00edquidos<\/li>\n<\/ul>\n\n\n\n<h2 class=\"wp-block-heading\">Vale a pena aproveitar esses truques no dia a dia?<\/h2>\n\n\n\n<p>Pequenos ajustes na forma de usar os utens\u00edlios podem transformar completamente a rotina de quem cozinha. Aproveitar fun\u00e7\u00f5es simples como o <strong>furo da panela<\/strong> ajuda a ganhar tempo, manter a organiza\u00e7\u00e3o e tornar o <strong>preparo das receitas muito mais pr\u00e1tico<\/strong>.<\/p>\n\n\n\n<p>Al\u00e9m disso, quando esses recursos s\u00e3o utilizados corretamente, o ambiente fica mais limpo e o fluxo de trabalho na cozinha se torna mais eficiente, algo que faz diferen\u00e7a principalmente durante o preparo de refei\u00e7\u00f5es maiores.<\/p>\n\n\n\n<p>Alguns benef\u00edcios percebidos por quem come\u00e7a a usar esse truque incluem:<\/p>\n\n\n\n<ul class=\"wp-block-list\">\n<li><strong>Menos sujeira durante o preparo<\/strong> das refei\u00e7\u00f5es<\/li>\n\n\n\n<li>Mais <strong>praticidade ao mexer molhos e caldos<\/strong><\/li>\n\n\n\n<li><strong>Redu\u00e7\u00e3o no uso de pratos e utens\u00edlios extras<\/strong><\/li>\n\n\n\n<li><strong>Melhor organiza\u00e7\u00e3o na cozinha<\/strong> durante o preparo<\/li>\n<\/ul>\n\n\n\n<p>No fim das contas, detalhes simples como o <strong>furo da panela<\/strong> mostram como o design dos utens\u00edlios pode facilitar muito a rotina na cozinha. Ao aproveitar melhor esses recursos, \u00e9 poss\u00edvel preparar alimentos com mais <strong>organiza\u00e7\u00e3o, efici\u00eancia e praticidade<\/strong>, evitando sujeira desnecess\u00e1ria e tornando o momento de cozinhar muito mais agrad\u00e1vel. Pequenos truques como esse provam que, muitas vezes, a solu\u00e7\u00e3o para melhorar o dia a dia j\u00e1 est\u00e1 bem diante dos nossos olhos.<\/p>\n","protected":false},"excerpt":{"rendered":"<p>Um detalhe simples presente em quase toda panela est\u00e1 surpreendendo muita gente nas redes sociais. O pequeno furo da panela, localizado geralmente no cabo, parecia apenas um detalhe de fabrica\u00e7\u00e3o, mas na verdade esconde um truque extremamente pr\u00e1tico que pode tornar a rotina na cozinha mais organizada, limpa e eficiente. O que muitas pessoas est\u00e3o [&hellip;]<\/p>\n","protected":false},"author":28,"featured_media":180181,"comment_status":"open","ping_status":"open","sticky":false,"template":"","format":"standard","meta":{"jnews-multi-image_gallery":[],"jnews_single_post":{"format":"standard"},"jnews_primary_category":[],"jnews_social_meta":[],"jnews_override_counter":[],"footnotes":""},"categories":[8819],"tags":[5500,25998,17412,13621],"class_list":["post-180137","post","type-post","status-publish","format-standard","has-post-thumbnail","hentry","category-curiosidades","tag-dicas-domesticas","tag-furo-da-panela","tag-truques-de-cozinha","tag-utensilios-de-cozinha"],"yoast_head":"<!-- This site is optimized with the Yoast SEO plugin v23.8 - https:\/\/yoast.com\/wordpress\/plugins\/seo\/ -->\n<title>Inacredit\u00e1vel, mas verdade: as pessoas s\u00f3 agora est\u00e3o descobrindo para que serve o furo no cabo da panela - Estado de Minas - Em foco<\/title>\n<meta name=\"description\" content=\"Saiba para que serve o furo no cabo da panela e como esse detalhe pode deixar a cozinha mais organizada e eficiente.\" \/>\n<meta name=\"robots\" content=\"index, follow, max-snippet:-1, max-image-preview:large, max-video-preview:-1\" \/>\n<link rel=\"canonical\" href=\"https:\/\/www.em.com.br\/emfoco\/2026\/03\/11\/inacreditavel-mas-verdade-as-pessoas-so-agora-estao-descobrindo-para-que-serve-o-furo-no-cabo-da-panela\/\" \/>\n<meta property=\"og:locale\" content=\"pt_BR\" \/>\n<meta property=\"og:type\" content=\"article\" \/>\n<meta property=\"og:title\" content=\"Inacredit\u00e1vel, mas verdade: as pessoas s\u00f3 agora est\u00e3o descobrindo para que serve o furo no cabo da panela - Estado de Minas - Em foco\" \/>\n<meta property=\"og:description\" content=\"Saiba para que serve o furo no cabo da panela e como esse detalhe pode deixar a cozinha mais organizada e eficiente.\" \/>\n<meta property=\"og:url\" content=\"https:\/\/www.em.com.br\/emfoco\/2026\/03\/11\/inacreditavel-mas-verdade-as-pessoas-so-agora-estao-descobrindo-para-que-serve-o-furo-no-cabo-da-panela\/\" \/>\n<meta property=\"og:site_name\" content=\"Estado de Minas - Em foco\" \/>\n<meta property=\"article:published_time\" content=\"2026-03-11T21:35:00+00:00\" \/>\n<meta property=\"article:modified_time\" content=\"2026-03-11T16:24:11+00:00\" \/>\n<meta property=\"og:image\" content=\"https:\/\/www.em.com.br\/emfoco\/wp-content\/uploads\/2026\/03\/X-2026-03-11T132037.988.jpg\" \/>\n\t<meta property=\"og:image:width\" content=\"2560\" \/>\n\t<meta property=\"og:image:height\" content=\"1440\" \/>\n\t<meta property=\"og:image:type\" content=\"image\/jpeg\" \/>\n<meta name=\"author\" content=\"Elis Gabrielle Santos Souza\" \/>\n<meta name=\"twitter:card\" content=\"summary_large_image\" \/>\n<meta name=\"twitter:label1\" content=\"Escrito por\" \/>\n\t<meta name=\"twitter:data1\" content=\"Elis Gabrielle Santos Souza\" \/>\n\t<meta name=\"twitter:label2\" content=\"Est. tempo de leitura\" \/>\n\t<meta name=\"twitter:data2\" content=\"5 minutos\" \/>\n<!-- \/ Yoast SEO plugin. -->","yoast_head_json":{"title":"Inacredit\u00e1vel, mas verdade: as pessoas s\u00f3 agora est\u00e3o descobrindo para que serve o furo no cabo da panela - Estado de Minas - Em foco","description":"Saiba para que serve o furo no cabo da panela e como esse detalhe pode deixar a cozinha mais organizada e eficiente.","robots":{"index":"index","follow":"follow","max-snippet":"max-snippet:-1","max-image-preview":"max-image-preview:large","max-video-preview":"max-video-preview:-1"},"canonical":"https:\/\/www.em.com.br\/emfoco\/2026\/03\/11\/inacreditavel-mas-verdade-as-pessoas-so-agora-estao-descobrindo-para-que-serve-o-furo-no-cabo-da-panela\/","og_locale":"pt_BR","og_type":"article","og_title":"Inacredit\u00e1vel, mas verdade: as pessoas s\u00f3 agora est\u00e3o descobrindo para que serve o furo no cabo da panela - Estado de Minas - Em foco","og_description":"Saiba para que serve o furo no cabo da panela e como esse detalhe pode deixar a cozinha mais organizada e eficiente.","og_url":"https:\/\/www.em.com.br\/emfoco\/2026\/03\/11\/inacreditavel-mas-verdade-as-pessoas-so-agora-estao-descobrindo-para-que-serve-o-furo-no-cabo-da-panela\/","og_site_name":"Estado de Minas - Em foco","article_published_time":"2026-03-11T21:35:00+00:00","article_modified_time":"2026-03-11T16:24:11+00:00","og_image":[{"width":2560,"height":1440,"url":"https:\/\/www.em.com.br\/emfoco\/wp-content\/uploads\/2026\/03\/X-2026-03-11T132037.988.jpg","type":"image\/jpeg"}],"author":"Elis Gabrielle Santos Souza","twitter_card":"summary_large_image","twitter_misc":{"Escrito por":"Elis Gabrielle Santos Souza","Est. tempo de leitura":"5 minutos"},"schema":{"@context":"https:\/\/schema.org","@graph":[{"@type":"WebPage","@id":"https:\/\/www.em.com.br\/emfoco\/2026\/03\/11\/inacreditavel-mas-verdade-as-pessoas-so-agora-estao-descobrindo-para-que-serve-o-furo-no-cabo-da-panela\/","url":"https:\/\/www.em.com.br\/emfoco\/2026\/03\/11\/inacreditavel-mas-verdade-as-pessoas-so-agora-estao-descobrindo-para-que-serve-o-furo-no-cabo-da-panela\/","name":"Inacredit\u00e1vel, mas verdade: as pessoas s\u00f3 agora est\u00e3o descobrindo para que serve o furo no cabo da panela - Estado de Minas - Em foco","isPartOf":{"@id":"https:\/\/www.em.com.br\/emfoco\/#website"},"primaryImageOfPage":{"@id":"https:\/\/www.em.com.br\/emfoco\/2026\/03\/11\/inacreditavel-mas-verdade-as-pessoas-so-agora-estao-descobrindo-para-que-serve-o-furo-no-cabo-da-panela\/#primaryimage"},"image":{"@id":"https:\/\/www.em.com.br\/emfoco\/2026\/03\/11\/inacreditavel-mas-verdade-as-pessoas-so-agora-estao-descobrindo-para-que-serve-o-furo-no-cabo-da-panela\/#primaryimage"},"thumbnailUrl":"https:\/\/www.em.com.br\/emfoco\/wp-content\/uploads\/2026\/03\/X-2026-03-11T132037.988.jpg","datePublished":"2026-03-11T21:35:00+00:00","dateModified":"2026-03-11T16:24:11+00:00","author":{"@id":"https:\/\/www.em.com.br\/emfoco\/#\/schema\/person\/0c545bffa944f9caa147d776b5f6f1f5"},"description":"Saiba para que serve o furo no cabo da panela e como esse detalhe pode deixar a cozinha mais organizada e eficiente.","breadcrumb":{"@id":"https:\/\/www.em.com.br\/emfoco\/2026\/03\/11\/inacreditavel-mas-verdade-as-pessoas-so-agora-estao-descobrindo-para-que-serve-o-furo-no-cabo-da-panela\/#breadcrumb"},"inLanguage":"pt-BR","potentialAction":[{"@type":"ReadAction","target":["https:\/\/www.em.com.br\/emfoco\/2026\/03\/11\/inacreditavel-mas-verdade-as-pessoas-so-agora-estao-descobrindo-para-que-serve-o-furo-no-cabo-da-panela\/"]}]},{"@type":"ImageObject","inLanguage":"pt-BR","@id":"https:\/\/www.em.com.br\/emfoco\/2026\/03\/11\/inacreditavel-mas-verdade-as-pessoas-so-agora-estao-descobrindo-para-que-serve-o-furo-no-cabo-da-panela\/#primaryimage","url":"https:\/\/www.em.com.br\/emfoco\/wp-content\/uploads\/2026\/03\/X-2026-03-11T132037.988.jpg","contentUrl":"https:\/\/www.em.com.br\/emfoco\/wp-content\/uploads\/2026\/03\/X-2026-03-11T132037.988.jpg","width":2560,"height":1440,"caption":"Esse detalhe ajuda a manter a bancada da cozinha mais limpa"},{"@type":"BreadcrumbList","@id":"https:\/\/www.em.com.br\/emfoco\/2026\/03\/11\/inacreditavel-mas-verdade-as-pessoas-so-agora-estao-descobrindo-para-que-serve-o-furo-no-cabo-da-panela\/#breadcrumb","itemListElement":[{"@type":"ListItem","position":1,"name":"In\u00edcio","item":"https:\/\/www.em.com.br\/emfoco\/"},{"@type":"ListItem","position":2,"name":"Inacredit\u00e1vel, mas verdade: as pessoas s\u00f3 agora est\u00e3o descobrindo para que serve o furo no cabo da panela"}]},{"@type":"WebSite","@id":"https:\/\/www.em.com.br\/emfoco\/#website","url":"https:\/\/www.em.com.br\/emfoco\/","name":"Estado de Minas - Em foco","description":"Acompanhe as \u00faltimas not\u00edcias e fique bem informado sobre tudo o que acontece em Minas Gerais, Brasil e no mundo.","potentialAction":[{"@type":"SearchAction","target":{"@type":"EntryPoint","urlTemplate":"https:\/\/www.em.com.br\/emfoco\/?s={search_term_string}"},"query-input":{"@type":"PropertyValueSpecification","valueRequired":true,"valueName":"search_term_string"}}],"inLanguage":"pt-BR"},{"@type":"Person","@id":"https:\/\/www.em.com.br\/emfoco\/#\/schema\/person\/0c545bffa944f9caa147d776b5f6f1f5","name":"Elis Gabrielle Santos Souza","image":{"@type":"ImageObject","inLanguage":"pt-BR","@id":"https:\/\/www.em.com.br\/emfoco\/#\/schema\/person\/image\/","url":"https:\/\/secure.gravatar.com\/avatar\/1dc86c254cebb74d9c8a14da612c52db?s=96&d=mm&r=g","contentUrl":"https:\/\/secure.gravatar.com\/avatar\/1dc86c254cebb74d9c8a14da612c52db?s=96&d=mm&r=g","caption":"Elis Gabrielle Santos Souza"},"sameAs":["https:\/\/www.em.com.br\/emfoco"],"url":"https:\/\/www.em.com.br\/emfoco\/author\/elis-myth\/"}]}},"_links":{"self":[{"href":"https:\/\/www.em.com.br\/emfoco\/wp-json\/wp\/v2\/posts\/180137","targetHints":{"allow":["GET"]}}],"collection":[{"href":"https:\/\/www.em.com.br\/emfoco\/wp-json\/wp\/v2\/posts"}],"about":[{"href":"https:\/\/www.em.com.br\/emfoco\/wp-json\/wp\/v2\/types\/post"}],"author":[{"embeddable":true,"href":"https:\/\/www.em.com.br\/emfoco\/wp-json\/wp\/v2\/users\/28"}],"replies":[{"embeddable":true,"href":"https:\/\/www.em.com.br\/emfoco\/wp-json\/wp\/v2\/comments?post=180137"}],"version-history":[{"count":1,"href":"https:\/\/www.em.com.br\/emfoco\/wp-json\/wp\/v2\/posts\/180137\/revisions"}],"predecessor-version":[{"id":180185,"href":"https:\/\/www.em.com.br\/emfoco\/wp-json\/wp\/v2\/posts\/180137\/revisions\/180185"}],"wp:featuredmedia":[{"embeddable":true,"href":"https:\/\/www.em.com.br\/emfoco\/wp-json\/wp\/v2\/media\/180181"}],"wp:attachment":[{"href":"https:\/\/www.em.com.br\/emfoco\/wp-json\/wp\/v2\/media?parent=180137"}],"wp:term":[{"taxonomy":"category","embeddable":true,"href":"https:\/\/www.em.com.br\/emfoco\/wp-json\/wp\/v2\/categories?post=180137"},{"taxonomy":"post_tag","embeddable":true,"href":"https:\/\/www.em.com.br\/emfoco\/wp-json\/wp\/v2\/tags?post=180137"}],"curies":[{"name":"wp","href":"https:\/\/api.w.org\/{rel}","templated":true}]}}