{"id":180132,"date":"2026-03-11T18:05:00","date_gmt":"2026-03-11T21:05:00","guid":{"rendered":"https:\/\/www.em.com.br\/emfoco\/?p=180132"},"modified":"2026-03-11T11:43:54","modified_gmt":"2026-03-11T14:43:54","slug":"preto-e-marrom-estao-saindo-de-moda-uma-cor-esta-fazendo-sucesso-a-mais-recente-tendencia-para-o-outono-de-2026","status":"publish","type":"post","link":"https:\/\/www.em.com.br\/emfoco\/2026\/03\/11\/preto-e-marrom-estao-saindo-de-moda-uma-cor-esta-fazendo-sucesso-a-mais-recente-tendencia-para-o-outono-de-2026\/","title":{"rendered":"Preto e marrom est\u00e3o saindo de moda! Uma cor est\u00e1 fazendo sucesso, a mais recente tend\u00eancia para o outono de 2026"},"content":{"rendered":"\n<p>O <strong>outono brasileiro de 2026<\/strong> promete renovar o guarda-roupa com uma mudan\u00e7a surpreendente nas tend\u00eancias. Cores cl\u00e1ssicas como <strong>preto e marrom<\/strong> come\u00e7am a perder espa\u00e7o para um tom vibrante que domina vitrines, passarelas e redes sociais. A nova <strong>cor queridinha da temporada<\/strong> traz frescor, eleg\u00e2ncia e combina perfeitamente com as temperaturas amenas t\u00edpicas do outono no Brasil, tornando-se a escolha ideal para quem deseja <strong>atualizar o visual com estilo e personalidade<\/strong>.<\/p>\n\n\n\n<h2 class=\"wp-block-heading\">Qual \u00e9 a nova cor que est\u00e1 dominando a moda do outono brasileiro?<\/h2>\n\n\n\n<p>Nas \u00faltimas temporadas, o <strong>preto e o marrom<\/strong> foram considerados pilares da moda outonal. Por\u00e9m, em 2026, uma cor surge como protagonista e conquista <strong>fashionistas, estilistas e marcas<\/strong>. O <strong>verde oliva<\/strong> aparece como a tonalidade mais comentada da esta\u00e7\u00e3o, trazendo um equil\u00edbrio entre <strong>sofistica\u00e7\u00e3o e naturalidade<\/strong>.<\/p>\n\n\n\n<p>Esse tom elegante conversa diretamente com a <strong>est\u00e9tica do <a href=\"https:\/\/pt.wikipedia.org\/wiki\/Outono\" target=\"_blank\" rel=\"noreferrer noopener\">outono <\/a>brasileiro<\/strong>, que mistura clima ameno, paisagens mais secas e uma paleta terrosa. O <strong>verde oliva transmite modernidade<\/strong> sem perder a versatilidade, tornando-se uma escolha pr\u00e1tica para <strong>diferentes estilos e ocasi\u00f5es<\/strong>.<\/p>\n\n\n\n<h2 class=\"wp-block-heading\">Por que o verde oliva se tornou tend\u00eancia para o outono de 2026?<\/h2>\n\n\n\n<p>A ascens\u00e3o do <strong>verde oliva<\/strong> n\u00e3o aconteceu por acaso. A cor carrega caracter\u00edsticas que se alinham perfeitamente com as <strong>prefer\u00eancias atuais da moda<\/strong>, especialmente entre consumidores que buscam pe\u00e7as <strong>vers\u00e1teis, elegantes e f\u00e1ceis de combinar<\/strong>.<\/p>\n\n\n\n<p>Entre os fatores que explicam o sucesso dessa tonalidade no outono, alguns elementos se destacam e ajudam a consolidar o <strong>verde oliva como protagonista da esta\u00e7\u00e3o<\/strong>.<\/p>\n\n\n\n<ul class=\"wp-block-list\">\n<li><strong>Combina facilmente com cores neutras e tons terrosos<\/strong><\/li>\n\n\n\n<li><strong>Transmite eleg\u00e2ncia sem parecer formal demais<\/strong><\/li>\n\n\n\n<li><strong>Funciona bem em tecidos leves e tamb\u00e9m em pe\u00e7as mais estruturadas<\/strong><\/li>\n\n\n\n<li><strong>Valoriza diferentes tons de pele<\/strong>, o que amplia sua popularidade<\/li>\n\n\n\n<li><strong>Traz um ar moderno sem perder a sofistica\u00e7\u00e3o cl\u00e1ssica<\/strong><\/li>\n<\/ul>\n\n\n\n<figure class=\"wp-block-image size-large\"><img loading=\"lazy\" decoding=\"async\" width=\"1024\" height=\"576\" src=\"https:\/\/www.em.com.br\/emfoco\/wp-content\/uploads\/2026\/03\/X-2026-03-11T114149.492-1024x576.jpg\" alt=\"Preto e marrom est\u00e3o saindo de moda! Uma cor est\u00e1 fazendo sucesso, a mais recente tend\u00eancia da moda para o outono de 2026\" class=\"wp-image-180134\" srcset=\"https:\/\/www.em.com.br\/emfoco\/wp-content\/uploads\/2026\/03\/X-2026-03-11T114149.492-1024x576.jpg 1024w, https:\/\/www.em.com.br\/emfoco\/wp-content\/uploads\/2026\/03\/X-2026-03-11T114149.492-300x169.jpg 300w, https:\/\/www.em.com.br\/emfoco\/wp-content\/uploads\/2026\/03\/X-2026-03-11T114149.492-768x432.jpg 768w, https:\/\/www.em.com.br\/emfoco\/wp-content\/uploads\/2026\/03\/X-2026-03-11T114149.492-1536x864.jpg 1536w, https:\/\/www.em.com.br\/emfoco\/wp-content\/uploads\/2026\/03\/X-2026-03-11T114149.492-2048x1152.jpg 2048w, https:\/\/www.em.com.br\/emfoco\/wp-content\/uploads\/2026\/03\/X-2026-03-11T114149.492-750x422.jpg 750w, https:\/\/www.em.com.br\/emfoco\/wp-content\/uploads\/2026\/03\/X-2026-03-11T114149.492-1140x641.jpg 1140w\" sizes=\"auto, (max-width: 1024px) 100vw, 1024px\" \/><figcaption class=\"wp-element-caption\">O verde oliva se tornou destaque nas tend\u00eancias de moda do outono de 2026<\/figcaption><\/figure>\n\n\n\n<p><strong>Leia tamb\u00e9m: <a href=\"https:\/\/www.em.com.br\/emfoco\/2026\/03\/10\/adeus-as-leggings-tradicionais-a-tendencia-que-vai-dominar-a-nova-estacao-de-2026-e-mais-confortavel-e-elegante\/\" target=\"_blank\" rel=\"noreferrer noopener\">Adeus \u00e0s leggings\u00a0tradicionais: a tend\u00eancia que vai dominar a nova esta\u00e7\u00e3o de 2026 \u00e9 mais confort\u00e1vel e elegante<\/a><\/strong><\/p>\n\n\n\n<h2 class=\"wp-block-heading\">Como usar o verde oliva nos looks de outono?<\/h2>\n\n\n\n<p>Incorporar essa <strong>nova tend\u00eancia<\/strong> no guarda-roupa pode ser mais simples do que parece. O <strong>verde oliva \u00e9 extremamente vers\u00e1til<\/strong> e funciona tanto em pe\u00e7as principais quanto em detalhes que renovam o visual de forma sutil.<\/p>\n\n\n\n<p>Para quem deseja apostar na cor sem abrir m\u00e3o da <strong>eleg\u00e2ncia t\u00edpica do outono<\/strong>, algumas combina\u00e7\u00f5es se destacam e ajudam a criar <strong>produ\u00e7\u00f5es equilibradas e atuais<\/strong>.<\/p>\n\n\n\n<ul class=\"wp-block-list\">\n<li><strong>Casacos ou trench coats em verde oliva<\/strong> para looks sofisticados<\/li>\n\n\n\n<li><strong>Cal\u00e7as de alfaiataria<\/strong> que substituem o tradicional preto<\/li>\n\n\n\n<li><strong>Vestidos midi<\/strong> combinados com acess\u00f3rios neutros<\/li>\n\n\n\n<li><strong>Blusas leves<\/strong> que funcionam bem em dias amenos<\/li>\n\n\n\n<li><strong>Bolsas ou sapatos em verde oliva<\/strong> para quem prefere detalhes discretos<\/li>\n<\/ul>\n\n\n\n<h2 class=\"wp-block-heading\">O preto e o marrom realmente est\u00e3o perdendo espa\u00e7o?<\/h2>\n\n\n\n<p>Embora continuem presentes no guarda-roupa, <strong>preto e marrom j\u00e1 n\u00e3o ocupam o papel central<\/strong> que tiveram em temporadas anteriores. A moda atual valoriza <strong>variedade e novas combina\u00e7\u00f5es<\/strong>, abrindo espa\u00e7o para cores que tragam <strong>mais personalidade aos looks<\/strong>.<\/p>\n\n\n\n<p>Isso n\u00e3o significa abandonar completamente essas tonalidades cl\u00e1ssicas. Na verdade, elas passam a funcionar como <strong>base para composi\u00e7\u00f5es modernas<\/strong>, especialmente quando combinadas com o <strong>verde oliva<\/strong>, criando visuais <strong>elegantes e equilibrados<\/strong>.<\/p>\n\n\n\n<h2 class=\"wp-block-heading\">Como adaptar essa tend\u00eancia ao estilo do dia a dia?<\/h2>\n\n\n\n<p>Atualizar o guarda-roupa para o outono n\u00e3o exige mudan\u00e7as radicais. Pequenos ajustes nas cores escolhidas j\u00e1 s\u00e3o suficientes para <strong>alinhar o visual \u00e0s tend\u00eancias da esta\u00e7\u00e3o<\/strong>, mantendo <strong>conforto e autenticidade<\/strong>.<\/p>\n\n\n\n<p>Investir em algumas <strong>pe\u00e7as estrat\u00e9gicas<\/strong> pode transformar completamente as combina\u00e7\u00f5es do dia a dia. O <strong>verde oliva funciona tanto em looks casuais quanto em produ\u00e7\u00f5es elegantes<\/strong>, tornando-se um dos <strong>tons mais promissores do outono brasileiro em 2026<\/strong>.<\/p>\n","protected":false},"excerpt":{"rendered":"<p>O outono brasileiro de 2026 promete renovar o guarda-roupa com uma mudan\u00e7a surpreendente nas tend\u00eancias. Cores cl\u00e1ssicas como preto e marrom come\u00e7am a perder espa\u00e7o para um tom vibrante que domina vitrines, passarelas e redes sociais. A nova cor queridinha da temporada traz frescor, eleg\u00e2ncia e combina perfeitamente com as temperaturas amenas t\u00edpicas do outono [&hellip;]<\/p>\n","protected":false},"author":28,"featured_media":180133,"comment_status":"open","ping_status":"open","sticky":false,"template":"","format":"standard","meta":{"jnews-multi-image_gallery":[],"jnews_single_post":{"format":"standard"},"jnews_primary_category":[],"jnews_social_meta":[],"jnews_override_counter":[],"footnotes":""},"categories":[8819],"tags":[21992,25995,25996,25997],"class_list":["post-180132","post","type-post","status-publish","format-standard","has-post-thumbnail","hentry","category-curiosidades","tag-moda-brasileira","tag-moda-outono-2026","tag-tendencia-de-cores","tag-verde-oliva"],"yoast_head":"<!-- This site is optimized with the Yoast SEO plugin v23.8 - https:\/\/yoast.com\/wordpress\/plugins\/seo\/ -->\n<title>Preto e marrom est\u00e3o saindo de moda! Uma cor est\u00e1 fazendo sucesso, a mais recente tend\u00eancia para o outono de 2026 - Estado de Minas - Em foco<\/title>\n<meta name=\"description\" content=\"Verde oliva surge como a cor tend\u00eancia do outono brasileiro de 2026 e ganha espa\u00e7o no lugar do preto e marrom.\" \/>\n<meta name=\"robots\" content=\"index, follow, max-snippet:-1, max-image-preview:large, max-video-preview:-1\" \/>\n<link rel=\"canonical\" href=\"https:\/\/www.em.com.br\/emfoco\/2026\/03\/11\/preto-e-marrom-estao-saindo-de-moda-uma-cor-esta-fazendo-sucesso-a-mais-recente-tendencia-para-o-outono-de-2026\/\" \/>\n<meta property=\"og:locale\" content=\"pt_BR\" \/>\n<meta property=\"og:type\" content=\"article\" \/>\n<meta property=\"og:title\" content=\"Preto e marrom est\u00e3o saindo de moda! Uma cor est\u00e1 fazendo sucesso, a mais recente tend\u00eancia para o outono de 2026 - Estado de Minas - Em foco\" \/>\n<meta property=\"og:description\" content=\"Verde oliva surge como a cor tend\u00eancia do outono brasileiro de 2026 e ganha espa\u00e7o no lugar do preto e marrom.\" \/>\n<meta property=\"og:url\" content=\"https:\/\/www.em.com.br\/emfoco\/2026\/03\/11\/preto-e-marrom-estao-saindo-de-moda-uma-cor-esta-fazendo-sucesso-a-mais-recente-tendencia-para-o-outono-de-2026\/\" \/>\n<meta property=\"og:site_name\" content=\"Estado de Minas - Em foco\" \/>\n<meta property=\"article:published_time\" content=\"2026-03-11T21:05:00+00:00\" \/>\n<meta property=\"article:modified_time\" content=\"2026-03-11T14:43:54+00:00\" \/>\n<meta property=\"og:image\" content=\"https:\/\/www.em.com.br\/emfoco\/wp-content\/uploads\/2026\/03\/X-2026-03-11T114052.776.jpg\" \/>\n\t<meta property=\"og:image:width\" content=\"2560\" \/>\n\t<meta property=\"og:image:height\" content=\"1440\" \/>\n\t<meta property=\"og:image:type\" content=\"image\/jpeg\" \/>\n<meta name=\"author\" content=\"Elis Gabrielle Santos Souza\" \/>\n<meta name=\"twitter:card\" content=\"summary_large_image\" \/>\n<meta name=\"twitter:label1\" content=\"Escrito por\" \/>\n\t<meta name=\"twitter:data1\" content=\"Elis Gabrielle Santos Souza\" \/>\n\t<meta name=\"twitter:label2\" content=\"Est. tempo de leitura\" \/>\n\t<meta name=\"twitter:data2\" content=\"4 minutos\" \/>\n<!-- \/ Yoast SEO plugin. -->","yoast_head_json":{"title":"Preto e marrom est\u00e3o saindo de moda! Uma cor est\u00e1 fazendo sucesso, a mais recente tend\u00eancia para o outono de 2026 - Estado de Minas - Em foco","description":"Verde oliva surge como a cor tend\u00eancia do outono brasileiro de 2026 e ganha espa\u00e7o no lugar do preto e marrom.","robots":{"index":"index","follow":"follow","max-snippet":"max-snippet:-1","max-image-preview":"max-image-preview:large","max-video-preview":"max-video-preview:-1"},"canonical":"https:\/\/www.em.com.br\/emfoco\/2026\/03\/11\/preto-e-marrom-estao-saindo-de-moda-uma-cor-esta-fazendo-sucesso-a-mais-recente-tendencia-para-o-outono-de-2026\/","og_locale":"pt_BR","og_type":"article","og_title":"Preto e marrom est\u00e3o saindo de moda! Uma cor est\u00e1 fazendo sucesso, a mais recente tend\u00eancia para o outono de 2026 - Estado de Minas - Em foco","og_description":"Verde oliva surge como a cor tend\u00eancia do outono brasileiro de 2026 e ganha espa\u00e7o no lugar do preto e marrom.","og_url":"https:\/\/www.em.com.br\/emfoco\/2026\/03\/11\/preto-e-marrom-estao-saindo-de-moda-uma-cor-esta-fazendo-sucesso-a-mais-recente-tendencia-para-o-outono-de-2026\/","og_site_name":"Estado de Minas - Em foco","article_published_time":"2026-03-11T21:05:00+00:00","article_modified_time":"2026-03-11T14:43:54+00:00","og_image":[{"width":2560,"height":1440,"url":"https:\/\/www.em.com.br\/emfoco\/wp-content\/uploads\/2026\/03\/X-2026-03-11T114052.776.jpg","type":"image\/jpeg"}],"author":"Elis Gabrielle Santos Souza","twitter_card":"summary_large_image","twitter_misc":{"Escrito por":"Elis Gabrielle Santos Souza","Est. tempo de leitura":"4 minutos"},"schema":{"@context":"https:\/\/schema.org","@graph":[{"@type":"WebPage","@id":"https:\/\/www.em.com.br\/emfoco\/2026\/03\/11\/preto-e-marrom-estao-saindo-de-moda-uma-cor-esta-fazendo-sucesso-a-mais-recente-tendencia-para-o-outono-de-2026\/","url":"https:\/\/www.em.com.br\/emfoco\/2026\/03\/11\/preto-e-marrom-estao-saindo-de-moda-uma-cor-esta-fazendo-sucesso-a-mais-recente-tendencia-para-o-outono-de-2026\/","name":"Preto e marrom est\u00e3o saindo de moda! Uma cor est\u00e1 fazendo sucesso, a mais recente tend\u00eancia para o outono de 2026 - Estado de Minas - Em foco","isPartOf":{"@id":"https:\/\/www.em.com.br\/emfoco\/#website"},"primaryImageOfPage":{"@id":"https:\/\/www.em.com.br\/emfoco\/2026\/03\/11\/preto-e-marrom-estao-saindo-de-moda-uma-cor-esta-fazendo-sucesso-a-mais-recente-tendencia-para-o-outono-de-2026\/#primaryimage"},"image":{"@id":"https:\/\/www.em.com.br\/emfoco\/2026\/03\/11\/preto-e-marrom-estao-saindo-de-moda-uma-cor-esta-fazendo-sucesso-a-mais-recente-tendencia-para-o-outono-de-2026\/#primaryimage"},"thumbnailUrl":"https:\/\/www.em.com.br\/emfoco\/wp-content\/uploads\/2026\/03\/X-2026-03-11T114052.776.jpg","datePublished":"2026-03-11T21:05:00+00:00","dateModified":"2026-03-11T14:43:54+00:00","author":{"@id":"https:\/\/www.em.com.br\/emfoco\/#\/schema\/person\/0c545bffa944f9caa147d776b5f6f1f5"},"description":"Verde oliva surge como a cor tend\u00eancia do outono brasileiro de 2026 e ganha espa\u00e7o no lugar do preto e marrom.","breadcrumb":{"@id":"https:\/\/www.em.com.br\/emfoco\/2026\/03\/11\/preto-e-marrom-estao-saindo-de-moda-uma-cor-esta-fazendo-sucesso-a-mais-recente-tendencia-para-o-outono-de-2026\/#breadcrumb"},"inLanguage":"pt-BR","potentialAction":[{"@type":"ReadAction","target":["https:\/\/www.em.com.br\/emfoco\/2026\/03\/11\/preto-e-marrom-estao-saindo-de-moda-uma-cor-esta-fazendo-sucesso-a-mais-recente-tendencia-para-o-outono-de-2026\/"]}]},{"@type":"ImageObject","inLanguage":"pt-BR","@id":"https:\/\/www.em.com.br\/emfoco\/2026\/03\/11\/preto-e-marrom-estao-saindo-de-moda-uma-cor-esta-fazendo-sucesso-a-mais-recente-tendencia-para-o-outono-de-2026\/#primaryimage","url":"https:\/\/www.em.com.br\/emfoco\/wp-content\/uploads\/2026\/03\/X-2026-03-11T114052.776.jpg","contentUrl":"https:\/\/www.em.com.br\/emfoco\/wp-content\/uploads\/2026\/03\/X-2026-03-11T114052.776.jpg","width":2560,"height":1440,"caption":"Preto ficou para tr\u00e1s nas tend\u00eancias de moda para o outono 2026"},{"@type":"BreadcrumbList","@id":"https:\/\/www.em.com.br\/emfoco\/2026\/03\/11\/preto-e-marrom-estao-saindo-de-moda-uma-cor-esta-fazendo-sucesso-a-mais-recente-tendencia-para-o-outono-de-2026\/#breadcrumb","itemListElement":[{"@type":"ListItem","position":1,"name":"In\u00edcio","item":"https:\/\/www.em.com.br\/emfoco\/"},{"@type":"ListItem","position":2,"name":"Preto e marrom est\u00e3o saindo de moda! Uma cor est\u00e1 fazendo sucesso, a mais recente tend\u00eancia para o outono de 2026"}]},{"@type":"WebSite","@id":"https:\/\/www.em.com.br\/emfoco\/#website","url":"https:\/\/www.em.com.br\/emfoco\/","name":"Estado de Minas - Em foco","description":"Acompanhe as \u00faltimas not\u00edcias e fique bem informado sobre tudo o que acontece em Minas Gerais, Brasil e no mundo.","potentialAction":[{"@type":"SearchAction","target":{"@type":"EntryPoint","urlTemplate":"https:\/\/www.em.com.br\/emfoco\/?s={search_term_string}"},"query-input":{"@type":"PropertyValueSpecification","valueRequired":true,"valueName":"search_term_string"}}],"inLanguage":"pt-BR"},{"@type":"Person","@id":"https:\/\/www.em.com.br\/emfoco\/#\/schema\/person\/0c545bffa944f9caa147d776b5f6f1f5","name":"Elis Gabrielle Santos Souza","image":{"@type":"ImageObject","inLanguage":"pt-BR","@id":"https:\/\/www.em.com.br\/emfoco\/#\/schema\/person\/image\/","url":"https:\/\/secure.gravatar.com\/avatar\/1dc86c254cebb74d9c8a14da612c52db?s=96&d=mm&r=g","contentUrl":"https:\/\/secure.gravatar.com\/avatar\/1dc86c254cebb74d9c8a14da612c52db?s=96&d=mm&r=g","caption":"Elis Gabrielle Santos Souza"},"sameAs":["https:\/\/www.em.com.br\/emfoco"],"url":"https:\/\/www.em.com.br\/emfoco\/author\/elis-myth\/"}]}},"_links":{"self":[{"href":"https:\/\/www.em.com.br\/emfoco\/wp-json\/wp\/v2\/posts\/180132","targetHints":{"allow":["GET"]}}],"collection":[{"href":"https:\/\/www.em.com.br\/emfoco\/wp-json\/wp\/v2\/posts"}],"about":[{"href":"https:\/\/www.em.com.br\/emfoco\/wp-json\/wp\/v2\/types\/post"}],"author":[{"embeddable":true,"href":"https:\/\/www.em.com.br\/emfoco\/wp-json\/wp\/v2\/users\/28"}],"replies":[{"embeddable":true,"href":"https:\/\/www.em.com.br\/emfoco\/wp-json\/wp\/v2\/comments?post=180132"}],"version-history":[{"count":2,"href":"https:\/\/www.em.com.br\/emfoco\/wp-json\/wp\/v2\/posts\/180132\/revisions"}],"predecessor-version":[{"id":180136,"href":"https:\/\/www.em.com.br\/emfoco\/wp-json\/wp\/v2\/posts\/180132\/revisions\/180136"}],"wp:featuredmedia":[{"embeddable":true,"href":"https:\/\/www.em.com.br\/emfoco\/wp-json\/wp\/v2\/media\/180133"}],"wp:attachment":[{"href":"https:\/\/www.em.com.br\/emfoco\/wp-json\/wp\/v2\/media?parent=180132"}],"wp:term":[{"taxonomy":"category","embeddable":true,"href":"https:\/\/www.em.com.br\/emfoco\/wp-json\/wp\/v2\/categories?post=180132"},{"taxonomy":"post_tag","embeddable":true,"href":"https:\/\/www.em.com.br\/emfoco\/wp-json\/wp\/v2\/tags?post=180132"}],"curies":[{"name":"wp","href":"https:\/\/api.w.org\/{rel}","templated":true}]}}