{"id":180128,"date":"2026-03-14T07:45:00","date_gmt":"2026-03-14T10:45:00","guid":{"rendered":"https:\/\/www.em.com.br\/emfoco\/?p=180128"},"modified":"2026-03-11T12:58:14","modified_gmt":"2026-03-11T15:58:14","slug":"passagens-aereas-por-ate-r-200-comecam-a-chamar-atencao-de-aposentados-veja-quem-pode-aproveitar-essa-chance","status":"publish","type":"post","link":"https:\/\/www.em.com.br\/emfoco\/2026\/03\/14\/passagens-aereas-por-ate-r-200-comecam-a-chamar-atencao-de-aposentados-veja-quem-pode-aproveitar-essa-chance\/","title":{"rendered":"Passagens a\u00e9reas por at\u00e9 R$ 200 come\u00e7am a chamar aten\u00e7\u00e3o de aposentados! Veja quem pode aproveitar essa chance"},"content":{"rendered":"\n<p>O programa Voa Brasil, em vigor em 2026, oferece passagens a\u00e9reas de at\u00e9 R$ 200 por trecho para aposentados e pensionistas do INSS que n\u00e3o viajam de avi\u00e3o h\u00e1 pelo menos um ano, funcionando como pol\u00edtica p\u00fablica est\u00e1vel para aproveitar assentos ociosos e facilitar o acesso ao transporte a\u00e9reo e ao turismo interno.<\/p>\n\n\n\n<h2 class=\"wp-block-heading\">Como o programa Voa Brasil funciona na pr\u00e1tica<\/h2>\n\n\n\n<p>O Voa Brasil adota tarifas fixas com teto de R$ 200 por trecho em voos nacionais de companhias parceiras, sem incluir taxas de embarque. A maior parte dos bilhetes \u00e9 liberada em baixa temporada, entre mar\u00e7o e junho e entre agosto e novembro, quando h\u00e1 mais lugares vagos.<\/p>\n\n\n\n<p>O benefici\u00e1rio escolhe trechos e datas dispon\u00edveis no sistema do programa, respeitando o limite anual de bilhetes. As empresas informam ao governo os voos com assentos livres e o sistema organiza as op\u00e7\u00f5es, por isso planejar com anteced\u00eancia aumenta as chances de encontrar bons hor\u00e1rios e rotas.<\/p>\n\n\n\n<figure class=\"wp-block-image size-large\"><img loading=\"lazy\" decoding=\"async\" width=\"1024\" height=\"576\" src=\"https:\/\/www.em.com.br\/emfoco\/wp-content\/uploads\/2026\/03\/10-25-1024x576.jpg\" alt=\"Passagens a\u00e9reas por at\u00e9 R$ 200 come\u00e7am a chamar aten\u00e7\u00e3o de aposentados! Veja quem pode aproveitar essa chance\" class=\"wp-image-180148\" srcset=\"https:\/\/www.em.com.br\/emfoco\/wp-content\/uploads\/2026\/03\/10-25-1024x576.jpg 1024w, https:\/\/www.em.com.br\/emfoco\/wp-content\/uploads\/2026\/03\/10-25-300x169.jpg 300w, https:\/\/www.em.com.br\/emfoco\/wp-content\/uploads\/2026\/03\/10-25-768x432.jpg 768w, https:\/\/www.em.com.br\/emfoco\/wp-content\/uploads\/2026\/03\/10-25-750x422.jpg 750w, https:\/\/www.em.com.br\/emfoco\/wp-content\/uploads\/2026\/03\/10-25-1140x641.jpg 1140w, https:\/\/www.em.com.br\/emfoco\/wp-content\/uploads\/2026\/03\/10-25.jpg 1280w\" sizes=\"auto, (max-width: 1024px) 100vw, 1024px\" \/><figcaption class=\"wp-element-caption\">Tarifas fixas s\u00e3o oferecidas em per\u00edodos espec\u00edficos de baixa temporada nacional<\/figcaption><\/figure>\n\n\n\n<h2 class=\"wp-block-heading\">Quem pode comprar passagens pelo Voa Brasil<\/h2>\n\n\n\n<p>O p\u00fablico-alvo do Voa Brasil s\u00e3o aposentados e pensionistas do <strong><a href=\"https:\/\/www.em.com.br\/emfoco\/2026\/03\/11\/aposentados-do-inss-podem-receber-dinheiro-extra-antes-do-esperado-em-2026\/\" target=\"_blank\" rel=\"noreferrer noopener\">INSS <\/a><\/strong>que est\u00e3o h\u00e1 mais tempo afastados do transporte a\u00e9reo. A ideia \u00e9 permitir que pessoas com renda mais limitada voltem a voar, seja para lazer, sa\u00fade ou visitas a familiares.<\/p>\n\n\n\n<p>Para deixar claro quem pode participar, o programa definiu alguns requisitos objetivos, que servem como filtro de acesso e evitam uso indevido do benef\u00edcio:<\/p>\n\n\n\n<ul class=\"wp-block-list\">\n<li><strong>V\u00ednculo com o INSS:<\/strong>\u00a0ser aposentado ou pensionista da <strong><a href=\"https:\/\/www.gov.br\/previdencia\/pt-br\" target=\"_blank\" rel=\"noreferrer noopener\">Previd\u00eancia Social<\/a><\/strong>, com benef\u00edcio ativo.<\/li>\n\n\n\n<li><strong>Hist\u00f3rico de viagem:<\/strong>\u00a0n\u00e3o ter realizado nenhum voo nos 12 meses anteriores \u00e0 compra da passagem.<\/li>\n\n\n\n<li><strong>Conta Gov.br:<\/strong>\u00a0possuir cadastro ativo (n\u00edveis Bronze, Prata ou Ouro).<\/li>\n\n\n\n<li><strong>Limite anual:<\/strong>\u00a0cada benefici\u00e1rio pode adquirir at\u00e9 dois trechos por ano.<\/li>\n<\/ul>\n\n\n\n<h2 class=\"wp-block-heading\">Como criar e usar sua conta Gov.br com seguran\u00e7a<\/h2>\n\n\n\n<p>O Gov.br \u00e9 o portal de servi\u00e7os digitais do governo federal e funciona como identidade digital para acessar benef\u00edcios como o Voa Brasil. Com ele, \u00e9 poss\u00edvel confirmar dados pessoais e concluir a compra das passagens sem sair de casa.<\/p>\n\n\n\n<p>Para criar a conta, o aposentado ou pensionista deve acessar um endere\u00e7o oficial com final\u00a0<strong>.gov.br<\/strong>, informar o CPF e seguir as orienta\u00e7\u00f5es de cadastro, valida\u00e7\u00e3o por e-mail, SMS ou internet banking. Em caso de dificuldade, \u00e9 recomend\u00e1vel pedir apoio a familiares de confian\u00e7a ou a \u00f3rg\u00e3os p\u00fablicos, sem compartilhar senhas com terceiros.<\/p>\n\n\n\n<figure class=\"wp-block-image size-large\"><img loading=\"lazy\" decoding=\"async\" width=\"1024\" height=\"576\" src=\"https:\/\/www.em.com.br\/emfoco\/wp-content\/uploads\/2026\/03\/9-28-1024x576.jpg\" alt=\"Passagens a\u00e9reas por at\u00e9 R$ 200 come\u00e7am a chamar aten\u00e7\u00e3o de aposentados! Veja quem pode aproveitar essa chance\" class=\"wp-image-180147\" srcset=\"https:\/\/www.em.com.br\/emfoco\/wp-content\/uploads\/2026\/03\/9-28-1024x576.jpg 1024w, https:\/\/www.em.com.br\/emfoco\/wp-content\/uploads\/2026\/03\/9-28-300x169.jpg 300w, https:\/\/www.em.com.br\/emfoco\/wp-content\/uploads\/2026\/03\/9-28-768x432.jpg 768w, https:\/\/www.em.com.br\/emfoco\/wp-content\/uploads\/2026\/03\/9-28-750x422.jpg 750w, https:\/\/www.em.com.br\/emfoco\/wp-content\/uploads\/2026\/03\/9-28-1140x641.jpg 1140w, https:\/\/www.em.com.br\/emfoco\/wp-content\/uploads\/2026\/03\/9-28.jpg 1280w\" sizes=\"auto, (max-width: 1024px) 100vw, 1024px\" \/><figcaption class=\"wp-element-caption\">Identidade digital Gov.br garante a seguran\u00e7a no acesso aos bilhetes promocionais<\/figcaption><\/figure>\n\n\n\n<h2 class=\"wp-block-heading\">O que diferencia o Voa Brasil das passagens comuns<\/h2>\n\n\n\n<p>Embora tenha pre\u00e7o reduzido, o Voa Brasil segue regras pr\u00f3prias, definidas entre governo e companhias a\u00e9reas, com foco social e n\u00e3o em promo\u00e7\u00f5es comerciais. O objetivo \u00e9 garantir um valor previs\u00edvel e acess\u00edvel, especialmente em per\u00edodos de menor demanda.<\/p>\n\n\n\n<p>As principais diferen\u00e7as em rela\u00e7\u00e3o \u00e0s tarifas tradicionais incluem pre\u00e7o fixo de at\u00e9 R$ 200 por trecho, emiss\u00e3o concentrada na baixa temporada, aus\u00eancia de ac\u00famulo de milhas e regras mais restritivas para reembolso, muitas vezes limitadas \u00e0 devolu\u00e7\u00e3o das taxas de embarque.<\/p>\n\n\n\n<h2 class=\"wp-block-heading\">Qual \u00e9 o impacto do Voa Brasil e por que aproveitar agora<\/h2>\n\n\n\n<p>O Voa Brasil aumenta a ocupa\u00e7\u00e3o dos voos em baixa temporada e impulsiona o turismo nacional, beneficiando hot\u00e9is, pousadas, restaurantes e servi\u00e7os locais ao longo do ano. Ao mesmo tempo, permite que aposentados e pensionistas viajem com mais frequ\u00eancia, retomem projetos pessoais e se aproximem de familiares distantes.<\/p>\n\n\n\n<p>Como os assentos s\u00e3o limitados e concentrados em determinados per\u00edodos, quem se enquadra nas regras do programa deve se organizar desde j\u00e1: crie ou atualize sua conta Gov.br, acompanhe os canais oficiais e garanta suas passagens assim que as datas forem liberadas, antes que os lugares se esgotem.<\/p>\n","protected":false},"excerpt":{"rendered":"<p>O programa Voa Brasil, em vigor em 2026, oferece passagens a\u00e9reas de at\u00e9 R$ 200 por trecho para aposentados e pensionistas do INSS que n\u00e3o viajam de avi\u00e3o h\u00e1 pelo menos um ano, funcionando como pol\u00edtica p\u00fablica est\u00e1vel para aproveitar assentos ociosos e facilitar o acesso ao transporte a\u00e9reo e ao turismo interno. Como o [&hellip;]<\/p>\n","protected":false},"author":13,"featured_media":180149,"comment_status":"open","ping_status":"open","sticky":false,"template":"","format":"standard","meta":{"jnews-multi-image_gallery":[],"jnews_single_post":{"format":"standard"},"jnews_primary_category":[],"jnews_social_meta":[],"jnews_override_counter":[],"footnotes":""},"categories":[28],"tags":[8516,174,1544],"class_list":["post-180128","post","type-post","status-publish","format-standard","has-post-thumbnail","hentry","category-economia","tag-aposentados-e-pensionistas","tag-inss","tag-voa-brasil"],"yoast_head":"<!-- This site is optimized with the Yoast SEO plugin v23.8 - https:\/\/yoast.com\/wordpress\/plugins\/seo\/ -->\n<title>Passagens a\u00e9reas por at\u00e9 R$ 200 come\u00e7am a chamar aten\u00e7\u00e3o de aposentados! Veja quem pode aproveitar essa chance - Estado de Minas - Em foco<\/title>\n<meta name=\"description\" content=\"Aposentados podem comprar passagens a\u00e9reas por at\u00e9 R$ 200 por trecho. Veja quem pode participar e como funciona.\" \/>\n<meta name=\"robots\" content=\"index, follow, max-snippet:-1, max-image-preview:large, max-video-preview:-1\" \/>\n<link rel=\"canonical\" href=\"https:\/\/www.em.com.br\/emfoco\/2026\/03\/14\/passagens-aereas-por-ate-r-200-comecam-a-chamar-atencao-de-aposentados-veja-quem-pode-aproveitar-essa-chance\/\" \/>\n<meta property=\"og:locale\" content=\"pt_BR\" \/>\n<meta property=\"og:type\" content=\"article\" \/>\n<meta property=\"og:title\" content=\"Passagens a\u00e9reas por at\u00e9 R$ 200 come\u00e7am a chamar aten\u00e7\u00e3o de aposentados! Veja quem pode aproveitar essa chance - Estado de Minas - Em foco\" \/>\n<meta property=\"og:description\" content=\"Aposentados podem comprar passagens a\u00e9reas por at\u00e9 R$ 200 por trecho. Veja quem pode participar e como funciona.\" \/>\n<meta property=\"og:url\" content=\"https:\/\/www.em.com.br\/emfoco\/2026\/03\/14\/passagens-aereas-por-ate-r-200-comecam-a-chamar-atencao-de-aposentados-veja-quem-pode-aproveitar-essa-chance\/\" \/>\n<meta property=\"og:site_name\" content=\"Estado de Minas - Em foco\" \/>\n<meta property=\"article:published_time\" content=\"2026-03-14T10:45:00+00:00\" \/>\n<meta property=\"article:modified_time\" content=\"2026-03-11T15:58:14+00:00\" \/>\n<meta property=\"og:image\" content=\"https:\/\/www.em.com.br\/emfoco\/wp-content\/uploads\/2026\/03\/11-20.jpg\" \/>\n\t<meta property=\"og:image:width\" content=\"1280\" \/>\n\t<meta property=\"og:image:height\" content=\"720\" \/>\n\t<meta property=\"og:image:type\" content=\"image\/jpeg\" \/>\n<meta name=\"author\" content=\"Gabriel Martins\" \/>\n<meta name=\"twitter:card\" content=\"summary_large_image\" \/>\n<meta name=\"twitter:label1\" content=\"Escrito por\" \/>\n\t<meta name=\"twitter:data1\" content=\"Gabriel Martins\" \/>\n\t<meta name=\"twitter:label2\" content=\"Est. tempo de leitura\" \/>\n\t<meta name=\"twitter:data2\" content=\"4 minutos\" \/>\n<!-- \/ Yoast SEO plugin. -->","yoast_head_json":{"title":"Passagens a\u00e9reas por at\u00e9 R$ 200 come\u00e7am a chamar aten\u00e7\u00e3o de aposentados! Veja quem pode aproveitar essa chance - Estado de Minas - Em foco","description":"Aposentados podem comprar passagens a\u00e9reas por at\u00e9 R$ 200 por trecho. Veja quem pode participar e como funciona.","robots":{"index":"index","follow":"follow","max-snippet":"max-snippet:-1","max-image-preview":"max-image-preview:large","max-video-preview":"max-video-preview:-1"},"canonical":"https:\/\/www.em.com.br\/emfoco\/2026\/03\/14\/passagens-aereas-por-ate-r-200-comecam-a-chamar-atencao-de-aposentados-veja-quem-pode-aproveitar-essa-chance\/","og_locale":"pt_BR","og_type":"article","og_title":"Passagens a\u00e9reas por at\u00e9 R$ 200 come\u00e7am a chamar aten\u00e7\u00e3o de aposentados! Veja quem pode aproveitar essa chance - Estado de Minas - Em foco","og_description":"Aposentados podem comprar passagens a\u00e9reas por at\u00e9 R$ 200 por trecho. Veja quem pode participar e como funciona.","og_url":"https:\/\/www.em.com.br\/emfoco\/2026\/03\/14\/passagens-aereas-por-ate-r-200-comecam-a-chamar-atencao-de-aposentados-veja-quem-pode-aproveitar-essa-chance\/","og_site_name":"Estado de Minas - Em foco","article_published_time":"2026-03-14T10:45:00+00:00","article_modified_time":"2026-03-11T15:58:14+00:00","og_image":[{"width":1280,"height":720,"url":"https:\/\/www.em.com.br\/emfoco\/wp-content\/uploads\/2026\/03\/11-20.jpg","type":"image\/jpeg"}],"author":"Gabriel Martins","twitter_card":"summary_large_image","twitter_misc":{"Escrito por":"Gabriel Martins","Est. tempo de leitura":"4 minutos"},"schema":{"@context":"https:\/\/schema.org","@graph":[{"@type":"WebPage","@id":"https:\/\/www.em.com.br\/emfoco\/2026\/03\/14\/passagens-aereas-por-ate-r-200-comecam-a-chamar-atencao-de-aposentados-veja-quem-pode-aproveitar-essa-chance\/","url":"https:\/\/www.em.com.br\/emfoco\/2026\/03\/14\/passagens-aereas-por-ate-r-200-comecam-a-chamar-atencao-de-aposentados-veja-quem-pode-aproveitar-essa-chance\/","name":"Passagens a\u00e9reas por at\u00e9 R$ 200 come\u00e7am a chamar aten\u00e7\u00e3o de aposentados! Veja quem pode aproveitar essa chance - Estado de Minas - Em foco","isPartOf":{"@id":"https:\/\/www.em.com.br\/emfoco\/#website"},"primaryImageOfPage":{"@id":"https:\/\/www.em.com.br\/emfoco\/2026\/03\/14\/passagens-aereas-por-ate-r-200-comecam-a-chamar-atencao-de-aposentados-veja-quem-pode-aproveitar-essa-chance\/#primaryimage"},"image":{"@id":"https:\/\/www.em.com.br\/emfoco\/2026\/03\/14\/passagens-aereas-por-ate-r-200-comecam-a-chamar-atencao-de-aposentados-veja-quem-pode-aproveitar-essa-chance\/#primaryimage"},"thumbnailUrl":"https:\/\/www.em.com.br\/emfoco\/wp-content\/uploads\/2026\/03\/11-20.jpg","datePublished":"2026-03-14T10:45:00+00:00","dateModified":"2026-03-11T15:58:14+00:00","author":{"@id":"https:\/\/www.em.com.br\/emfoco\/#\/schema\/person\/1c9ddeab18b98abeffef834667bcf08a"},"description":"Aposentados podem comprar passagens a\u00e9reas por at\u00e9 R$ 200 por trecho. Veja quem pode participar e como funciona.","breadcrumb":{"@id":"https:\/\/www.em.com.br\/emfoco\/2026\/03\/14\/passagens-aereas-por-ate-r-200-comecam-a-chamar-atencao-de-aposentados-veja-quem-pode-aproveitar-essa-chance\/#breadcrumb"},"inLanguage":"pt-BR","potentialAction":[{"@type":"ReadAction","target":["https:\/\/www.em.com.br\/emfoco\/2026\/03\/14\/passagens-aereas-por-ate-r-200-comecam-a-chamar-atencao-de-aposentados-veja-quem-pode-aproveitar-essa-chance\/"]}]},{"@type":"ImageObject","inLanguage":"pt-BR","@id":"https:\/\/www.em.com.br\/emfoco\/2026\/03\/14\/passagens-aereas-por-ate-r-200-comecam-a-chamar-atencao-de-aposentados-veja-quem-pode-aproveitar-essa-chance\/#primaryimage","url":"https:\/\/www.em.com.br\/emfoco\/wp-content\/uploads\/2026\/03\/11-20.jpg","contentUrl":"https:\/\/www.em.com.br\/emfoco\/wp-content\/uploads\/2026\/03\/11-20.jpg","width":1280,"height":720,"caption":"Aposentados podem comprar passagens a\u00e9reas de at\u00e9 duzentos reais por trecho"},{"@type":"BreadcrumbList","@id":"https:\/\/www.em.com.br\/emfoco\/2026\/03\/14\/passagens-aereas-por-ate-r-200-comecam-a-chamar-atencao-de-aposentados-veja-quem-pode-aproveitar-essa-chance\/#breadcrumb","itemListElement":[{"@type":"ListItem","position":1,"name":"In\u00edcio","item":"https:\/\/www.em.com.br\/emfoco\/"},{"@type":"ListItem","position":2,"name":"Passagens a\u00e9reas por at\u00e9 R$ 200 come\u00e7am a chamar aten\u00e7\u00e3o de aposentados! Veja quem pode aproveitar essa chance"}]},{"@type":"WebSite","@id":"https:\/\/www.em.com.br\/emfoco\/#website","url":"https:\/\/www.em.com.br\/emfoco\/","name":"Estado de Minas - Em foco","description":"Acompanhe as \u00faltimas not\u00edcias e fique bem informado sobre tudo o que acontece em Minas Gerais, Brasil e no mundo.","potentialAction":[{"@type":"SearchAction","target":{"@type":"EntryPoint","urlTemplate":"https:\/\/www.em.com.br\/emfoco\/?s={search_term_string}"},"query-input":{"@type":"PropertyValueSpecification","valueRequired":true,"valueName":"search_term_string"}}],"inLanguage":"pt-BR"},{"@type":"Person","@id":"https:\/\/www.em.com.br\/emfoco\/#\/schema\/person\/1c9ddeab18b98abeffef834667bcf08a","name":"Gabriel Martins","image":{"@type":"ImageObject","inLanguage":"pt-BR","@id":"https:\/\/www.em.com.br\/emfoco\/#\/schema\/person\/image\/","url":"https:\/\/secure.gravatar.com\/avatar\/f0f1e2efdfd88f1ad2cb08c5c2731e50?s=96&d=mm&r=g","contentUrl":"https:\/\/secure.gravatar.com\/avatar\/f0f1e2efdfd88f1ad2cb08c5c2731e50?s=96&d=mm&r=g","caption":"Gabriel Martins"},"sameAs":["https:\/\/www.em.com.br\/emfoco\/"],"url":"https:\/\/www.em.com.br\/emfoco\/author\/gabrielmartinsmyth\/"}]}},"_links":{"self":[{"href":"https:\/\/www.em.com.br\/emfoco\/wp-json\/wp\/v2\/posts\/180128","targetHints":{"allow":["GET"]}}],"collection":[{"href":"https:\/\/www.em.com.br\/emfoco\/wp-json\/wp\/v2\/posts"}],"about":[{"href":"https:\/\/www.em.com.br\/emfoco\/wp-json\/wp\/v2\/types\/post"}],"author":[{"embeddable":true,"href":"https:\/\/www.em.com.br\/emfoco\/wp-json\/wp\/v2\/users\/13"}],"replies":[{"embeddable":true,"href":"https:\/\/www.em.com.br\/emfoco\/wp-json\/wp\/v2\/comments?post=180128"}],"version-history":[{"count":1,"href":"https:\/\/www.em.com.br\/emfoco\/wp-json\/wp\/v2\/posts\/180128\/revisions"}],"predecessor-version":[{"id":180150,"href":"https:\/\/www.em.com.br\/emfoco\/wp-json\/wp\/v2\/posts\/180128\/revisions\/180150"}],"wp:featuredmedia":[{"embeddable":true,"href":"https:\/\/www.em.com.br\/emfoco\/wp-json\/wp\/v2\/media\/180149"}],"wp:attachment":[{"href":"https:\/\/www.em.com.br\/emfoco\/wp-json\/wp\/v2\/media?parent=180128"}],"wp:term":[{"taxonomy":"category","embeddable":true,"href":"https:\/\/www.em.com.br\/emfoco\/wp-json\/wp\/v2\/categories?post=180128"},{"taxonomy":"post_tag","embeddable":true,"href":"https:\/\/www.em.com.br\/emfoco\/wp-json\/wp\/v2\/tags?post=180128"}],"curies":[{"name":"wp","href":"https:\/\/api.w.org\/{rel}","templated":true}]}}