{"id":180126,"date":"2026-03-14T20:25:00","date_gmt":"2026-03-14T23:25:00","guid":{"rendered":"https:\/\/www.em.com.br\/emfoco\/?p=180126"},"modified":"2026-03-11T13:21:13","modified_gmt":"2026-03-11T16:21:13","slug":"cesta-basica-dispara-em-capitais-brasileiras-e-comeca-a-consumir-grande-parte-do-salario-de-trabalhadores","status":"publish","type":"post","link":"https:\/\/www.em.com.br\/emfoco\/2026\/03\/14\/cesta-basica-dispara-em-capitais-brasileiras-e-comeca-a-consumir-grande-parte-do-salario-de-trabalhadores\/","title":{"rendered":"Cesta b\u00e1sica dispara em capitais brasileiras e come\u00e7a a consumir grande parte do sal\u00e1rio de trabalhadores"},"content":{"rendered":"\n<p>O custo da cesta b\u00e1sica vem chamando aten\u00e7\u00e3o em v\u00e1rias capitais brasileiras em 2026, pressionando o or\u00e7amento das fam\u00edlias e mudando a forma como o dinheiro \u00e9 distribu\u00eddo ao longo do m\u00eas, j\u00e1 que itens como carne bovina e feij\u00e3o voltaram a pesar nas despesas enquanto produtos como caf\u00e9 e \u00f3leo de soja aliviaram parte da alta.<\/p>\n\n\n\n<h2 class=\"wp-block-heading\">O que \u00e9 cesta b\u00e1sica e por que ela est\u00e1 mais cara<\/h2>\n\n\n\n<p>A cesta b\u00e1sica \u00e9 um conjunto de alimentos considerados indispens\u00e1veis para garantir a alimenta\u00e7\u00e3o de uma pessoa adulta ao longo do m\u00eas, incluindo itens como\u00a0<strong>arroz, feij\u00e3o, carne, leite, p\u00e3o, caf\u00e9, \u00f3leo e a\u00e7\u00facar<\/strong>. Seu valor \u00e9 acompanhado por institui\u00e7\u00f5es p\u00fablicas e entidades de pesquisa por servir como indicador do\u00a0<strong><a href=\"https:\/\/www.em.com.br\/emfoco\/2025\/12\/14\/a-cidade-mineira-onde-a-rotina-e-calma-o-custo-de-vida-e-justo-e-a-sensacao-de-hospitalidade-ainda-existe\/\" target=\"_blank\" rel=\"noreferrer noopener\">custo de vida<\/a><\/strong>\u00a0nas capitais brasileiras.<\/p>\n\n\n\n<p>Quando se fala em alta da cesta b\u00e1sica, significa que o valor necess\u00e1rio para garantir essa alimenta\u00e7\u00e3o m\u00ednima aumentou. Fatores como redu\u00e7\u00e3o da oferta, problemas clim\u00e1ticos, maior demanda externa, varia\u00e7\u00e3o cambial e custos de transporte ajudam a explicar por que a mesma cesta pode ter pre\u00e7os t\u00e3o diferentes entre regi\u00f5es.<\/p>\n\n\n\n<figure class=\"wp-block-image size-large\"><img loading=\"lazy\" decoding=\"async\" width=\"1024\" height=\"576\" src=\"https:\/\/www.em.com.br\/emfoco\/wp-content\/uploads\/2026\/03\/4-46-1024x576.jpg\" alt=\"Cesta b\u00e1sica dispara em capitais brasileiras e come\u00e7a a consumir grande parte do sal\u00e1rio de trabalhadores\" class=\"wp-image-180168\" srcset=\"https:\/\/www.em.com.br\/emfoco\/wp-content\/uploads\/2026\/03\/4-46-1024x576.jpg 1024w, https:\/\/www.em.com.br\/emfoco\/wp-content\/uploads\/2026\/03\/4-46-300x169.jpg 300w, https:\/\/www.em.com.br\/emfoco\/wp-content\/uploads\/2026\/03\/4-46-768x432.jpg 768w, https:\/\/www.em.com.br\/emfoco\/wp-content\/uploads\/2026\/03\/4-46-750x422.jpg 750w, https:\/\/www.em.com.br\/emfoco\/wp-content\/uploads\/2026\/03\/4-46-1140x641.jpg 1140w, https:\/\/www.em.com.br\/emfoco\/wp-content\/uploads\/2026\/03\/4-46.jpg 1280w\" sizes=\"auto, (max-width: 1024px) 100vw, 1024px\" \/><figcaption class=\"wp-element-caption\">Valores variam conforme a regi\u00e3o geogr\u00e1fica e custos log\u00edsticos de transporte<\/figcaption><\/figure>\n\n\n\n<h2 class=\"wp-block-heading\">Como variam os pre\u00e7os da cesta b\u00e1sica nas capitais do Brasil<\/h2>\n\n\n\n<p>O pre\u00e7o da\u00a0<strong><a href=\"https:\/\/agenciabrasil.ebc.com.br\/economia\/noticia\/2026-03\/cesta-basica-fica-mais-cara-em-14-capitais-no-mes-de-fevereiro\" target=\"_blank\" rel=\"noreferrer noopener\">cesta b\u00e1sica nas capitais do Brasil<\/a><\/strong>\u00a0apresenta diferen\u00e7as marcantes entre regi\u00f5es. Grandes centros urbanos, como S\u00e3o Paulo e Rio de Janeiro, costumam ter valores m\u00e9dios mais altos, influenciados por custos log\u00edsticos, aluguel de espa\u00e7os comerciais e maior demanda.<\/p>\n\n\n\n<p>Capitais do Norte e Nordeste exibem valores menores em reais, mas o impacto \u00e9 forte entre fam\u00edlias que recebem at\u00e9 um sal\u00e1rio m\u00ednimo. Em S\u00e3o Paulo, por exemplo, a cesta representa&nbsp;<strong>59,91% do sal\u00e1rio m\u00ednimo l\u00edquido<\/strong>&nbsp;e exige cerca de&nbsp;<strong>121 horas e 55 minutos<\/strong>&nbsp;de trabalho, enquanto em Aracaju consome&nbsp;<strong>38,32%<\/strong>&nbsp;e demanda&nbsp;<strong>77 horas e 59 minutos<\/strong>, revelando disparidades no peso da alimenta\u00e7\u00e3o b\u00e1sica sobre a renda.<\/p>\n\n\n\n<p>Tomando como refer\u00eancia levantamentos recentes do Dieese, os valores m\u00e9dios mensais da cesta b\u00e1sica em algumas das principais capitais brasileiras giram em torno de:<\/p>\n\n\n\n<ul class=\"wp-block-list\">\n<li><strong>S\u00e3o Paulo (SP)<\/strong>: aproximadamente R$ 780 a R$ 820.<\/li>\n\n\n\n<li><strong>Rio de Janeiro (RJ)<\/strong>: aproximadamente R$ 740 a R$ 780.<\/li>\n\n\n\n<li><strong>Belo Horizonte (MG)<\/strong>: aproximadamente R$ 710 a R$ 750.<\/li>\n\n\n\n<li><strong>Porto Alegre (RS)<\/strong>: aproximadamente R$ 770 a R$ 810.<\/li>\n\n\n\n<li><strong>Curitiba (PR)<\/strong>: aproximadamente R$ 700 a R$ 740.<\/li>\n\n\n\n<li><strong>Salvador (BA)<\/strong>: aproximadamente R$ 620 a R$ 660.<\/li>\n\n\n\n<li><strong>Fortaleza (CE)<\/strong>: aproximadamente R$ 600 a R$ 640.<\/li>\n\n\n\n<li><strong>Recife (PE)<\/strong>: aproximadamente R$ 610 a R$ 650.<\/li>\n\n\n\n<li><strong>Manaus (AM)<\/strong>: aproximadamente R$ 630 a R$ 670.<\/li>\n\n\n\n<li><strong>Bras\u00edlia (DF)<\/strong>: aproximadamente R$ 720 a R$ 760.<\/li>\n<\/ul>\n\n\n\n<p>Os valores podem variar m\u00eas a m\u00eas conforme oferta de alimentos, safra e custos de transporte, mas ilustram como, em estados mais ricos e urbanizados, o custo absoluto da cesta \u00e9 mais alto, enquanto nas regi\u00f5es Norte e Nordeste o pre\u00e7o em reais \u00e9 menor, por\u00e9m pesa proporcionalmente mais sobre a renda m\u00e9dia.<\/p>\n\n\n\n<h2 class=\"wp-block-heading\">Quais alimentos mais pressionam ou aliviam o custo da cesta<\/h2>\n\n\n\n<p>Alguns alimentos t\u00eam peso maior na forma\u00e7\u00e3o do pre\u00e7o final da cesta b\u00e1sica, como a&nbsp;<strong>carne bovina<\/strong>, cuja alta pode ser provocada por menor oferta de animais, aumento das exporta\u00e7\u00f5es ou encarecimento de insumos. O&nbsp;<strong>feij\u00e3o<\/strong>, base hist\u00f3rica da dieta brasileira, tamb\u00e9m costuma puxar o valor para cima quando h\u00e1 problemas de clima, redu\u00e7\u00e3o de \u00e1rea plantada ou dificuldades na colheita.<\/p>\n\n\n\n<p>Por outro lado, alguns produtos t\u00eam ajudado a conter o avan\u00e7o do custo total, especialmente em anos de boa safra ou de maior oferta no mercado interno, o que se refletiu nas quedas registradas em novembro em 24 capitais brasileiras, segundo Conab e Dieese.<\/p>\n\n\n\n<ul class=\"wp-block-list\">\n<li><strong>Caf\u00e9 em p\u00f3<\/strong>: redu\u00e7\u00f5es em 20 cidades, como S\u00e3o Lu\u00eds (-5,09%) e Belo Horizonte (-3,12%).<\/li>\n\n\n\n<li><strong>\u00d3leo de soja<\/strong>: influenciado pela oferta do gr\u00e3o e pela cota\u00e7\u00e3o do d\u00f3lar.<\/li>\n\n\n\n<li><strong>Arroz<\/strong>: queda expressiva, como em Bras\u00edlia (-10,27%) com maior oferta.<\/li>\n\n\n\n<li><strong>Leite e derivados<\/strong>: pre\u00e7os menores em 24 capitais, puxados por excesso de oferta e importa\u00e7\u00e3o.<\/li>\n\n\n\n<li><strong>Tomate e a\u00e7\u00facar<\/strong>: forte recuo em v\u00e1rias capitais, como o tomate em Porto Alegre (-27,39%).<\/li>\n<\/ul>\n\n\n\n<figure class=\"wp-block-image size-large\"><img loading=\"lazy\" decoding=\"async\" width=\"1024\" height=\"576\" src=\"https:\/\/www.em.com.br\/emfoco\/wp-content\/uploads\/2026\/03\/3-47-1024x576.jpg\" alt=\"Cesta b\u00e1sica dispara em capitais brasileiras e come\u00e7a a consumir grande parte do sal\u00e1rio de trabalhadores\" class=\"wp-image-180167\" srcset=\"https:\/\/www.em.com.br\/emfoco\/wp-content\/uploads\/2026\/03\/3-47-1024x576.jpg 1024w, https:\/\/www.em.com.br\/emfoco\/wp-content\/uploads\/2026\/03\/3-47-300x169.jpg 300w, https:\/\/www.em.com.br\/emfoco\/wp-content\/uploads\/2026\/03\/3-47-768x432.jpg 768w, https:\/\/www.em.com.br\/emfoco\/wp-content\/uploads\/2026\/03\/3-47-750x422.jpg 750w, https:\/\/www.em.com.br\/emfoco\/wp-content\/uploads\/2026\/03\/3-47-1140x641.jpg 1140w, https:\/\/www.em.com.br\/emfoco\/wp-content\/uploads\/2026\/03\/3-47.jpg 1280w\" sizes=\"auto, (max-width: 1024px) 100vw, 1024px\" \/><figcaption class=\"wp-element-caption\">Itens b\u00e1sicos consomem grande percentual do sal\u00e1rio m\u00ednimo l\u00edquido do trabalhador<\/figcaption><\/figure>\n\n\n\n<h2 class=\"wp-block-heading\">Como a alta da cesta b\u00e1sica impacta o sal\u00e1rio m\u00ednimo<\/h2>\n\n\n\n<p>A rela\u00e7\u00e3o entre&nbsp;<strong>cesta b\u00e1sica e sal\u00e1rio m\u00ednimo<\/strong>&nbsp;\u00e9 central no debate sobre custo de vida, pois entidades calculam mensalmente quanto deveria ser o rendimento ideal para cobrir alimenta\u00e7\u00e3o, moradia, transporte, sa\u00fade, educa\u00e7\u00e3o, vestu\u00e1rio, higiene e lazer. Em muitos casos, esse valor de refer\u00eancia \u00e9 v\u00e1rias vezes superior ao sal\u00e1rio m\u00ednimo oficial.<\/p>\n\n\n\n<p>Quando a cesta encarece, cresce o percentual da renda comprometido apenas com comida, deixando menos espa\u00e7o para outras despesas essenciais. Isso leva fam\u00edlias a renegociar h\u00e1bitos de consumo, trocar marcas, reduzir a compra de prote\u00ednas e priorizar itens mais baratos, muitas vezes com menor qualidade nutricional.<\/p>\n\n\n\n<h2 class=\"wp-block-heading\">Quais estrat\u00e9gias ajudam as fam\u00edlias a enfrentar a alta da cesta b\u00e1sica<\/h2>\n\n\n\n<p>Em meio \u00e0 oscila\u00e7\u00e3o de pre\u00e7os e \u00e0 disparidade regional, acompanhar o comportamento da cesta b\u00e1sica virou quest\u00e3o de sobreviv\u00eancia para milh\u00f5es de brasileiros. Planejamento e informa\u00e7\u00e3o fazem diferen\u00e7a direta na mesa das fam\u00edlias, permitindo escolhas mais inteligentes diante da renda limitada.<\/p>\n\n\n\n<p>N\u00e3o espere o pr\u00f3ximo aumento para rever sua rotina de compras: monitore pre\u00e7os em diferentes mercados e feiras, aproveite promo\u00e7\u00f5es sazonais, substitua cortes de carne caros por op\u00e7\u00f5es mais acess\u00edveis, d\u00ea prefer\u00eancia a produtos da esta\u00e7\u00e3o e acompanhe dados oficiais de Conab e Dieese. Comece hoje a organizar seu or\u00e7amento e suas compras; cada decis\u00e3o agora pode significar mais comida de qualidade no fim do m\u00eas e menos sufoco para fechar as contas.<\/p>\n","protected":false},"excerpt":{"rendered":"<p>O custo da cesta b\u00e1sica vem chamando aten\u00e7\u00e3o em v\u00e1rias capitais brasileiras em 2026, pressionando o or\u00e7amento das fam\u00edlias e mudando a forma como o dinheiro \u00e9 distribu\u00eddo ao longo do m\u00eas, j\u00e1 que itens como carne bovina e feij\u00e3o voltaram a pesar nas despesas enquanto produtos como caf\u00e9 e \u00f3leo de soja aliviaram parte [&hellip;]<\/p>\n","protected":false},"author":13,"featured_media":180169,"comment_status":"open","ping_status":"open","sticky":false,"template":"","format":"standard","meta":{"jnews-multi-image_gallery":[],"jnews_single_post":{"format":"standard"},"jnews_primary_category":[],"jnews_social_meta":[],"jnews_override_counter":[],"footnotes":""},"categories":[28],"tags":[26006,6169],"class_list":["post-180126","post","type-post","status-publish","format-standard","has-post-thumbnail","hentry","category-economia","tag-aumento-na-cesta-basica","tag-cesta-basica"],"yoast_head":"<!-- This site is optimized with the Yoast SEO plugin v23.8 - https:\/\/yoast.com\/wordpress\/plugins\/seo\/ -->\n<title>Cesta b\u00e1sica dispara em capitais brasileiras e come\u00e7a a consumir grande parte do sal\u00e1rio de trabalhadores - Estado de Minas - Em foco<\/title>\n<meta name=\"description\" content=\"Cesta b\u00e1sica ficou mais cara em v\u00e1rias capitais brasileiras e passou a consumir grande parte do sal\u00e1rio de trabalhadores.\" \/>\n<meta name=\"robots\" content=\"index, follow, max-snippet:-1, max-image-preview:large, max-video-preview:-1\" \/>\n<link rel=\"canonical\" href=\"https:\/\/www.em.com.br\/emfoco\/2026\/03\/14\/cesta-basica-dispara-em-capitais-brasileiras-e-comeca-a-consumir-grande-parte-do-salario-de-trabalhadores\/\" \/>\n<meta property=\"og:locale\" content=\"pt_BR\" \/>\n<meta property=\"og:type\" content=\"article\" \/>\n<meta property=\"og:title\" content=\"Cesta b\u00e1sica dispara em capitais brasileiras e come\u00e7a a consumir grande parte do sal\u00e1rio de trabalhadores - Estado de Minas - Em foco\" \/>\n<meta property=\"og:description\" content=\"Cesta b\u00e1sica ficou mais cara em v\u00e1rias capitais brasileiras e passou a consumir grande parte do sal\u00e1rio de trabalhadores.\" \/>\n<meta property=\"og:url\" content=\"https:\/\/www.em.com.br\/emfoco\/2026\/03\/14\/cesta-basica-dispara-em-capitais-brasileiras-e-comeca-a-consumir-grande-parte-do-salario-de-trabalhadores\/\" \/>\n<meta property=\"og:site_name\" content=\"Estado de Minas - Em foco\" \/>\n<meta property=\"article:published_time\" content=\"2026-03-14T23:25:00+00:00\" \/>\n<meta property=\"article:modified_time\" content=\"2026-03-11T16:21:13+00:00\" \/>\n<meta property=\"og:image\" content=\"https:\/\/www.em.com.br\/emfoco\/wp-content\/uploads\/2026\/03\/5-43.jpg\" \/>\n\t<meta property=\"og:image:width\" content=\"1280\" \/>\n\t<meta property=\"og:image:height\" content=\"720\" \/>\n\t<meta property=\"og:image:type\" content=\"image\/jpeg\" \/>\n<meta name=\"author\" content=\"Gabriel Martins\" \/>\n<meta name=\"twitter:card\" content=\"summary_large_image\" \/>\n<meta name=\"twitter:label1\" content=\"Escrito por\" \/>\n\t<meta name=\"twitter:data1\" content=\"Gabriel Martins\" \/>\n\t<meta name=\"twitter:label2\" content=\"Est. tempo de leitura\" \/>\n\t<meta name=\"twitter:data2\" content=\"6 minutos\" \/>\n<!-- \/ Yoast SEO plugin. -->","yoast_head_json":{"title":"Cesta b\u00e1sica dispara em capitais brasileiras e come\u00e7a a consumir grande parte do sal\u00e1rio de trabalhadores - Estado de Minas - Em foco","description":"Cesta b\u00e1sica ficou mais cara em v\u00e1rias capitais brasileiras e passou a consumir grande parte do sal\u00e1rio de trabalhadores.","robots":{"index":"index","follow":"follow","max-snippet":"max-snippet:-1","max-image-preview":"max-image-preview:large","max-video-preview":"max-video-preview:-1"},"canonical":"https:\/\/www.em.com.br\/emfoco\/2026\/03\/14\/cesta-basica-dispara-em-capitais-brasileiras-e-comeca-a-consumir-grande-parte-do-salario-de-trabalhadores\/","og_locale":"pt_BR","og_type":"article","og_title":"Cesta b\u00e1sica dispara em capitais brasileiras e come\u00e7a a consumir grande parte do sal\u00e1rio de trabalhadores - Estado de Minas - Em foco","og_description":"Cesta b\u00e1sica ficou mais cara em v\u00e1rias capitais brasileiras e passou a consumir grande parte do sal\u00e1rio de trabalhadores.","og_url":"https:\/\/www.em.com.br\/emfoco\/2026\/03\/14\/cesta-basica-dispara-em-capitais-brasileiras-e-comeca-a-consumir-grande-parte-do-salario-de-trabalhadores\/","og_site_name":"Estado de Minas - Em foco","article_published_time":"2026-03-14T23:25:00+00:00","article_modified_time":"2026-03-11T16:21:13+00:00","og_image":[{"width":1280,"height":720,"url":"https:\/\/www.em.com.br\/emfoco\/wp-content\/uploads\/2026\/03\/5-43.jpg","type":"image\/jpeg"}],"author":"Gabriel Martins","twitter_card":"summary_large_image","twitter_misc":{"Escrito por":"Gabriel Martins","Est. tempo de leitura":"6 minutos"},"schema":{"@context":"https:\/\/schema.org","@graph":[{"@type":"WebPage","@id":"https:\/\/www.em.com.br\/emfoco\/2026\/03\/14\/cesta-basica-dispara-em-capitais-brasileiras-e-comeca-a-consumir-grande-parte-do-salario-de-trabalhadores\/","url":"https:\/\/www.em.com.br\/emfoco\/2026\/03\/14\/cesta-basica-dispara-em-capitais-brasileiras-e-comeca-a-consumir-grande-parte-do-salario-de-trabalhadores\/","name":"Cesta b\u00e1sica dispara em capitais brasileiras e come\u00e7a a consumir grande parte do sal\u00e1rio de trabalhadores - Estado de Minas - Em foco","isPartOf":{"@id":"https:\/\/www.em.com.br\/emfoco\/#website"},"primaryImageOfPage":{"@id":"https:\/\/www.em.com.br\/emfoco\/2026\/03\/14\/cesta-basica-dispara-em-capitais-brasileiras-e-comeca-a-consumir-grande-parte-do-salario-de-trabalhadores\/#primaryimage"},"image":{"@id":"https:\/\/www.em.com.br\/emfoco\/2026\/03\/14\/cesta-basica-dispara-em-capitais-brasileiras-e-comeca-a-consumir-grande-parte-do-salario-de-trabalhadores\/#primaryimage"},"thumbnailUrl":"https:\/\/www.em.com.br\/emfoco\/wp-content\/uploads\/2026\/03\/5-43.jpg","datePublished":"2026-03-14T23:25:00+00:00","dateModified":"2026-03-11T16:21:13+00:00","author":{"@id":"https:\/\/www.em.com.br\/emfoco\/#\/schema\/person\/1c9ddeab18b98abeffef834667bcf08a"},"description":"Cesta b\u00e1sica ficou mais cara em v\u00e1rias capitais brasileiras e passou a consumir grande parte do sal\u00e1rio de trabalhadores.","breadcrumb":{"@id":"https:\/\/www.em.com.br\/emfoco\/2026\/03\/14\/cesta-basica-dispara-em-capitais-brasileiras-e-comeca-a-consumir-grande-parte-do-salario-de-trabalhadores\/#breadcrumb"},"inLanguage":"pt-BR","potentialAction":[{"@type":"ReadAction","target":["https:\/\/www.em.com.br\/emfoco\/2026\/03\/14\/cesta-basica-dispara-em-capitais-brasileiras-e-comeca-a-consumir-grande-parte-do-salario-de-trabalhadores\/"]}]},{"@type":"ImageObject","inLanguage":"pt-BR","@id":"https:\/\/www.em.com.br\/emfoco\/2026\/03\/14\/cesta-basica-dispara-em-capitais-brasileiras-e-comeca-a-consumir-grande-parte-do-salario-de-trabalhadores\/#primaryimage","url":"https:\/\/www.em.com.br\/emfoco\/wp-content\/uploads\/2026\/03\/5-43.jpg","contentUrl":"https:\/\/www.em.com.br\/emfoco\/wp-content\/uploads\/2026\/03\/5-43.jpg","width":1280,"height":720,"caption":"Alta no pre\u00e7o da cesta b\u00e1sica pressiona o or\u00e7amento das fam\u00edlias"},{"@type":"BreadcrumbList","@id":"https:\/\/www.em.com.br\/emfoco\/2026\/03\/14\/cesta-basica-dispara-em-capitais-brasileiras-e-comeca-a-consumir-grande-parte-do-salario-de-trabalhadores\/#breadcrumb","itemListElement":[{"@type":"ListItem","position":1,"name":"In\u00edcio","item":"https:\/\/www.em.com.br\/emfoco\/"},{"@type":"ListItem","position":2,"name":"Cesta b\u00e1sica dispara em capitais brasileiras e come\u00e7a a consumir grande parte do sal\u00e1rio de trabalhadores"}]},{"@type":"WebSite","@id":"https:\/\/www.em.com.br\/emfoco\/#website","url":"https:\/\/www.em.com.br\/emfoco\/","name":"Estado de Minas - Em foco","description":"Acompanhe as \u00faltimas not\u00edcias e fique bem informado sobre tudo o que acontece em Minas Gerais, Brasil e no mundo.","potentialAction":[{"@type":"SearchAction","target":{"@type":"EntryPoint","urlTemplate":"https:\/\/www.em.com.br\/emfoco\/?s={search_term_string}"},"query-input":{"@type":"PropertyValueSpecification","valueRequired":true,"valueName":"search_term_string"}}],"inLanguage":"pt-BR"},{"@type":"Person","@id":"https:\/\/www.em.com.br\/emfoco\/#\/schema\/person\/1c9ddeab18b98abeffef834667bcf08a","name":"Gabriel Martins","image":{"@type":"ImageObject","inLanguage":"pt-BR","@id":"https:\/\/www.em.com.br\/emfoco\/#\/schema\/person\/image\/","url":"https:\/\/secure.gravatar.com\/avatar\/f0f1e2efdfd88f1ad2cb08c5c2731e50?s=96&d=mm&r=g","contentUrl":"https:\/\/secure.gravatar.com\/avatar\/f0f1e2efdfd88f1ad2cb08c5c2731e50?s=96&d=mm&r=g","caption":"Gabriel Martins"},"sameAs":["https:\/\/www.em.com.br\/emfoco\/"],"url":"https:\/\/www.em.com.br\/emfoco\/author\/gabrielmartinsmyth\/"}]}},"_links":{"self":[{"href":"https:\/\/www.em.com.br\/emfoco\/wp-json\/wp\/v2\/posts\/180126","targetHints":{"allow":["GET"]}}],"collection":[{"href":"https:\/\/www.em.com.br\/emfoco\/wp-json\/wp\/v2\/posts"}],"about":[{"href":"https:\/\/www.em.com.br\/emfoco\/wp-json\/wp\/v2\/types\/post"}],"author":[{"embeddable":true,"href":"https:\/\/www.em.com.br\/emfoco\/wp-json\/wp\/v2\/users\/13"}],"replies":[{"embeddable":true,"href":"https:\/\/www.em.com.br\/emfoco\/wp-json\/wp\/v2\/comments?post=180126"}],"version-history":[{"count":1,"href":"https:\/\/www.em.com.br\/emfoco\/wp-json\/wp\/v2\/posts\/180126\/revisions"}],"predecessor-version":[{"id":180183,"href":"https:\/\/www.em.com.br\/emfoco\/wp-json\/wp\/v2\/posts\/180126\/revisions\/180183"}],"wp:featuredmedia":[{"embeddable":true,"href":"https:\/\/www.em.com.br\/emfoco\/wp-json\/wp\/v2\/media\/180169"}],"wp:attachment":[{"href":"https:\/\/www.em.com.br\/emfoco\/wp-json\/wp\/v2\/media?parent=180126"}],"wp:term":[{"taxonomy":"category","embeddable":true,"href":"https:\/\/www.em.com.br\/emfoco\/wp-json\/wp\/v2\/categories?post=180126"},{"taxonomy":"post_tag","embeddable":true,"href":"https:\/\/www.em.com.br\/emfoco\/wp-json\/wp\/v2\/tags?post=180126"}],"curies":[{"name":"wp","href":"https:\/\/api.w.org\/{rel}","templated":true}]}}