{"id":180124,"date":"2026-03-14T18:45:00","date_gmt":"2026-03-14T21:45:00","guid":{"rendered":"https:\/\/www.em.com.br\/emfoco\/?p=180124"},"modified":"2026-03-11T13:18:29","modified_gmt":"2026-03-11T16:18:29","slug":"abono-salarial-pode-ser-pago-antes-do-calendario-tradicional-para-milhares-de-trabalhadores-veja-quem-entra-na-lista","status":"publish","type":"post","link":"https:\/\/www.em.com.br\/emfoco\/2026\/03\/14\/abono-salarial-pode-ser-pago-antes-do-calendario-tradicional-para-milhares-de-trabalhadores-veja-quem-entra-na-lista\/","title":{"rendered":"Abono salarial pode ser pago antes do calend\u00e1rio tradicional para milhares de trabalhadores! Veja quem entra na lista"},"content":{"rendered":"\n<p>O abono salarial PIS\/PASEP continua sendo uma importante ajuda no or\u00e7amento de trabalhadores com carteira assinada no Brasil. Em 2026, uma decis\u00e3o do Governo Federal autorizou que parte desses trabalhadores receba o benef\u00edcio de forma antecipada em regi\u00f5es em estado de calamidade p\u00fablica, garantindo al\u00edvio financeiro mais r\u00e1pido em um momento delicado para essas popula\u00e7\u00f5es e para a economia local.<\/p>\n\n\n\n<h2 class=\"wp-block-heading\">O que \u00e9 o abono salarial PIS\/PASEP antecipado e como funciona em 2026<\/h2>\n\n\n\n<p>O abono salarial PIS\/PASEP antecipado \u00e9 a libera\u00e7\u00e3o, em data \u00fanica, de um benef\u00edcio que normalmente seria pago de forma escalonada ao longo do ano. Em 2026, o governo decidiu antecipar o repasse para cerca de 96 mil pessoas que vivem ou trabalham em \u00e1reas que enfrentaram situa\u00e7\u00f5es recentes de calamidade p\u00fablica.<\/p>\n\n\n\n<p>Essa antecipa\u00e7\u00e3o n\u00e3o cria um novo benef\u00edcio nem aumenta o valor, apenas adianta o recebimento do abono j\u00e1 previsto em lei. Assim, o dinheiro chega mais cedo \u00e0s fam\u00edlias e ao com\u00e9rcio local, atuando tamb\u00e9m como apoio emergencial em regi\u00f5es afetadas por enchentes e outros desastres reconhecidos oficialmente.<\/p>\n\n\n\n<figure class=\"wp-block-image size-large\"><img loading=\"lazy\" decoding=\"async\" width=\"1024\" height=\"576\" src=\"https:\/\/www.em.com.br\/emfoco\/wp-content\/uploads\/2026\/03\/9-29-1024x576.jpg\" alt=\"Abono salarial pode ser pago antes do calend\u00e1rio tradicional para milhares de trabalhadores! Veja quem entra na lista\" class=\"wp-image-180173\" srcset=\"https:\/\/www.em.com.br\/emfoco\/wp-content\/uploads\/2026\/03\/9-29-1024x576.jpg 1024w, https:\/\/www.em.com.br\/emfoco\/wp-content\/uploads\/2026\/03\/9-29-300x169.jpg 300w, https:\/\/www.em.com.br\/emfoco\/wp-content\/uploads\/2026\/03\/9-29-768x432.jpg 768w, https:\/\/www.em.com.br\/emfoco\/wp-content\/uploads\/2026\/03\/9-29-750x422.jpg 750w, https:\/\/www.em.com.br\/emfoco\/wp-content\/uploads\/2026\/03\/9-29-1140x641.jpg 1140w, https:\/\/www.em.com.br\/emfoco\/wp-content\/uploads\/2026\/03\/9-29.jpg 1280w\" sizes=\"auto, (max-width: 1024px) 100vw, 1024px\" \/><figcaption class=\"wp-element-caption\">Benefici\u00e1rios em \u00e1reas afetadas por desastres recebem o valor em mar\u00e7o<\/figcaption><\/figure>\n\n\n\n<h2 class=\"wp-block-heading\">Quem tem direito ao abono salarial antecipado PIS\/PASEP em 2026<\/h2>\n\n\n\n<p>Para receber o abono salarial antecipado em 2026, o trabalhador precisa cumprir as regras gerais do PIS\/PASEP e ainda se enquadrar na condi\u00e7\u00e3o extra ligada \u00e0 calamidade p\u00fablica. Na pr\u00e1tica, \u00e9 uma combina\u00e7\u00e3o de crit\u00e9rios trabalhistas e de localidade.<\/p>\n\n\n\n<p>Confira os requisitos que definem quem pode acessar o benef\u00edcio antecipado:<\/p>\n\n\n\n<ul class=\"wp-block-list\">\n<li><strong>Renda:<\/strong>\u00a0ter recebido, em m\u00e9dia, at\u00e9 dois sal\u00e1rios m\u00ednimos mensais no ano-base considerado;<\/li>\n\n\n\n<li><strong>Inscri\u00e7\u00e3o:<\/strong>\u00a0estar inscrito no PIS ou no PASEP h\u00e1 pelo menos cinco anos;<\/li>\n\n\n\n<li><strong>V\u00ednculo formal:<\/strong>\u00a0ter trabalhado com carteira assinada por, no m\u00ednimo, 30 dias no ano de refer\u00eancia;<\/li>\n\n\n\n<li><strong>Localidade:<\/strong>\u00a0residir ou trabalhar em munic\u00edpios com calamidade p\u00fablica reconhecida pelo <strong><a href=\"https:\/\/www.em.com.br\/emfoco\/2026\/03\/09\/governo-federal-faz-alerta-urgente-sobre-nova-fraude-contra-segurados-do-inss\/\" target=\"_blank\" rel=\"noreferrer noopener\">Governo Federal<\/a><\/strong>.<\/li>\n<\/ul>\n\n\n\n<h2 class=\"wp-block-heading\">Quando ser\u00e1 pago o abono salarial antecipado e quais cidades s\u00e3o atendidas<\/h2>\n\n\n\n<p>Segundo o Minist\u00e9rio do Trabalho e Emprego, o abono salarial antecipado PIS\/PASEP ser\u00e1 pago em&nbsp;<strong>data \u00fanica<\/strong>, em 16 de mar\u00e7o de 2026. Com isso, os contemplados n\u00e3o precisam aguardar o calend\u00e1rio escalonado por m\u00eas de nascimento ou n\u00famero de inscri\u00e7\u00e3o.<\/p>\n\n\n\n<p>Nesta etapa, a antecipa\u00e7\u00e3o alcan\u00e7a trabalhadores de cidades de Minas Gerais com calamidade p\u00fablica oficialmente reconhecida, como Juiz de Fora, Ub\u00e1 e Matias Barbosa. A inten\u00e7\u00e3o \u00e9 injetar recursos de forma r\u00e1pida nessas regi\u00f5es, ajudando no custeio de despesas b\u00e1sicas e na retomada econ\u00f4mica local.<\/p>\n\n\n\n<p>Confira o v\u00eddeo compartilhado pelo canal do YouTube <strong><a href=\"https:\/\/www.youtube.com\/@DicaTrabalhista\" target=\"_blank\" rel=\"noreferrer noopener\">Dica Trabalhista<\/a><\/strong> falando sobre o calend\u00e1rio do pagamento do PIS\/PASEP para 2026.<\/p>\n\n\n\n<figure class=\"wp-block-embed is-type-video is-provider-youtube wp-block-embed-youtube wp-embed-aspect-16-9 wp-has-aspect-ratio\"><div class=\"wp-block-embed__wrapper\">\n<div class=\"jeg_video_container jeg_video_content\"><iframe loading=\"lazy\" title=\"PIS\/PASEP 2026: PAGAMENTO EM POUCOS DIAS - VEJA QUEM RECEBE!\" width=\"500\" height=\"281\" src=\"https:\/\/www.youtube.com\/embed\/z5NI8VPsMAY?feature=oembed\" frameborder=\"0\" allow=\"accelerometer; autoplay; clipboard-write; encrypted-media; gyroscope; picture-in-picture; web-share\" referrerpolicy=\"strict-origin-when-cross-origin\" allowfullscreen><\/iframe><\/div>\n<\/div><\/figure>\n\n\n\n<h2 class=\"wp-block-heading\">Como \u00e9 calculado o valor do abono salarial PIS\/PASEP para cada trabalhador<\/h2>\n\n\n\n<p>O valor do <strong>abono salarial PIS\/PASEP<\/strong> \u00e9 proporcional ao tempo trabalhado com carteira assinada no ano-base. Quem atuou durante os 12 meses pode receber o valor m\u00e1ximo, equivalente ao sal\u00e1rio m\u00ednimo vigente em 2026, estimado em torno de R$ 1.621.<\/p>\n\n\n\n<p>Para chegar ao valor, considera-se o ano-base (por exemplo, 2024 para pagamento em 2026), conta-se o n\u00famero de meses trabalhados formalmente, divide-se o sal\u00e1rio m\u00ednimo por 12 e multiplica-se pelo total de meses de v\u00ednculo. Assim, o benef\u00edcio funciona como um \u201cextra\u201d anual alinhado ao per\u00edodo efetivo de trabalho.<\/p>\n\n\n\n<h2 class=\"wp-block-heading\">Como consultar o abono antecipado e por que voc\u00ea n\u00e3o pode deixar passar<\/h2>\n\n\n\n<p>O trabalhador pode consultar a libera\u00e7\u00e3o do abono antecipado pelos canais oficiais j\u00e1 conhecidos, como aplicativos da Caixa Econ\u00f4mica Federal para quem recebe PIS, Carteira de Trabalho Digital e atendimento do Banco do Brasil para quem \u00e9 vinculado ao PASEP. A verifica\u00e7\u00e3o mostra se h\u00e1 valor dispon\u00edvel, a forma de pagamento e a conta onde o dinheiro ser\u00e1 creditado.<\/p>\n\n\n\n<p>N\u00e3o deixe para depois: confirme o quanto antes se voc\u00ea tem direito ao abono antecipado e como sacar o valor. Em cen\u00e1rios de calamidade, cada dia faz diferen\u00e7a no or\u00e7amento da fam\u00edlia, e perder o prazo pode significar abrir m\u00e3o de um refor\u00e7o financeiro essencial em um momento de urg\u00eancia.<\/p>\n","protected":false},"excerpt":{"rendered":"<p>O abono salarial PIS\/PASEP continua sendo uma importante ajuda no or\u00e7amento de trabalhadores com carteira assinada no Brasil. Em 2026, uma decis\u00e3o do Governo Federal autorizou que parte desses trabalhadores receba o benef\u00edcio de forma antecipada em regi\u00f5es em estado de calamidade p\u00fablica, garantindo al\u00edvio financeiro mais r\u00e1pido em um momento delicado para essas popula\u00e7\u00f5es [&hellip;]<\/p>\n","protected":false},"author":13,"featured_media":180174,"comment_status":"open","ping_status":"open","sticky":false,"template":"","format":"standard","meta":{"jnews-multi-image_gallery":[],"jnews_single_post":{"format":"standard"},"jnews_primary_category":[],"jnews_social_meta":[],"jnews_override_counter":[],"footnotes":""},"categories":[28],"tags":[292,259,3380],"class_list":["post-180124","post","type-post","status-publish","format-standard","has-post-thumbnail","hentry","category-economia","tag-abono-salarial","tag-beneficio","tag-pis-pasep"],"yoast_head":"<!-- This site is optimized with the Yoast SEO plugin v23.8 - https:\/\/yoast.com\/wordpress\/plugins\/seo\/ -->\n<title>Abono salarial pode ser pago antes do calend\u00e1rio tradicional para milhares de trabalhadores! Veja quem entra na lista - Estado de Minas - Em foco<\/title>\n<meta name=\"description\" content=\"Parte dos trabalhadores pode receber o abono salarial antes do calend\u00e1rio oficial em 2026. Veja quem tem direito e quando o valor pode cair.\" \/>\n<meta name=\"robots\" content=\"index, follow, max-snippet:-1, max-image-preview:large, max-video-preview:-1\" \/>\n<link rel=\"canonical\" href=\"https:\/\/www.em.com.br\/emfoco\/2026\/03\/14\/abono-salarial-pode-ser-pago-antes-do-calendario-tradicional-para-milhares-de-trabalhadores-veja-quem-entra-na-lista\/\" \/>\n<meta property=\"og:locale\" content=\"pt_BR\" \/>\n<meta property=\"og:type\" content=\"article\" \/>\n<meta property=\"og:title\" content=\"Abono salarial pode ser pago antes do calend\u00e1rio tradicional para milhares de trabalhadores! Veja quem entra na lista - Estado de Minas - Em foco\" \/>\n<meta property=\"og:description\" content=\"Parte dos trabalhadores pode receber o abono salarial antes do calend\u00e1rio oficial em 2026. Veja quem tem direito e quando o valor pode cair.\" \/>\n<meta property=\"og:url\" content=\"https:\/\/www.em.com.br\/emfoco\/2026\/03\/14\/abono-salarial-pode-ser-pago-antes-do-calendario-tradicional-para-milhares-de-trabalhadores-veja-quem-entra-na-lista\/\" \/>\n<meta property=\"og:site_name\" content=\"Estado de Minas - Em foco\" \/>\n<meta property=\"article:published_time\" content=\"2026-03-14T21:45:00+00:00\" \/>\n<meta property=\"article:modified_time\" content=\"2026-03-11T16:18:29+00:00\" \/>\n<meta property=\"og:image\" content=\"https:\/\/www.em.com.br\/emfoco\/wp-content\/uploads\/2026\/03\/10-26.jpg\" \/>\n\t<meta property=\"og:image:width\" content=\"1280\" \/>\n\t<meta property=\"og:image:height\" content=\"720\" \/>\n\t<meta property=\"og:image:type\" content=\"image\/jpeg\" \/>\n<meta name=\"author\" content=\"Gabriel Martins\" \/>\n<meta name=\"twitter:card\" content=\"summary_large_image\" \/>\n<meta name=\"twitter:label1\" content=\"Escrito por\" \/>\n\t<meta name=\"twitter:data1\" content=\"Gabriel Martins\" \/>\n\t<meta name=\"twitter:label2\" content=\"Est. tempo de leitura\" \/>\n\t<meta name=\"twitter:data2\" content=\"4 minutos\" \/>\n<!-- \/ Yoast SEO plugin. -->","yoast_head_json":{"title":"Abono salarial pode ser pago antes do calend\u00e1rio tradicional para milhares de trabalhadores! Veja quem entra na lista - Estado de Minas - Em foco","description":"Parte dos trabalhadores pode receber o abono salarial antes do calend\u00e1rio oficial em 2026. Veja quem tem direito e quando o valor pode cair.","robots":{"index":"index","follow":"follow","max-snippet":"max-snippet:-1","max-image-preview":"max-image-preview:large","max-video-preview":"max-video-preview:-1"},"canonical":"https:\/\/www.em.com.br\/emfoco\/2026\/03\/14\/abono-salarial-pode-ser-pago-antes-do-calendario-tradicional-para-milhares-de-trabalhadores-veja-quem-entra-na-lista\/","og_locale":"pt_BR","og_type":"article","og_title":"Abono salarial pode ser pago antes do calend\u00e1rio tradicional para milhares de trabalhadores! Veja quem entra na lista - Estado de Minas - Em foco","og_description":"Parte dos trabalhadores pode receber o abono salarial antes do calend\u00e1rio oficial em 2026. Veja quem tem direito e quando o valor pode cair.","og_url":"https:\/\/www.em.com.br\/emfoco\/2026\/03\/14\/abono-salarial-pode-ser-pago-antes-do-calendario-tradicional-para-milhares-de-trabalhadores-veja-quem-entra-na-lista\/","og_site_name":"Estado de Minas - Em foco","article_published_time":"2026-03-14T21:45:00+00:00","article_modified_time":"2026-03-11T16:18:29+00:00","og_image":[{"width":1280,"height":720,"url":"https:\/\/www.em.com.br\/emfoco\/wp-content\/uploads\/2026\/03\/10-26.jpg","type":"image\/jpeg"}],"author":"Gabriel Martins","twitter_card":"summary_large_image","twitter_misc":{"Escrito por":"Gabriel Martins","Est. tempo de leitura":"4 minutos"},"schema":{"@context":"https:\/\/schema.org","@graph":[{"@type":"WebPage","@id":"https:\/\/www.em.com.br\/emfoco\/2026\/03\/14\/abono-salarial-pode-ser-pago-antes-do-calendario-tradicional-para-milhares-de-trabalhadores-veja-quem-entra-na-lista\/","url":"https:\/\/www.em.com.br\/emfoco\/2026\/03\/14\/abono-salarial-pode-ser-pago-antes-do-calendario-tradicional-para-milhares-de-trabalhadores-veja-quem-entra-na-lista\/","name":"Abono salarial pode ser pago antes do calend\u00e1rio tradicional para milhares de trabalhadores! Veja quem entra na lista - Estado de Minas - Em foco","isPartOf":{"@id":"https:\/\/www.em.com.br\/emfoco\/#website"},"primaryImageOfPage":{"@id":"https:\/\/www.em.com.br\/emfoco\/2026\/03\/14\/abono-salarial-pode-ser-pago-antes-do-calendario-tradicional-para-milhares-de-trabalhadores-veja-quem-entra-na-lista\/#primaryimage"},"image":{"@id":"https:\/\/www.em.com.br\/emfoco\/2026\/03\/14\/abono-salarial-pode-ser-pago-antes-do-calendario-tradicional-para-milhares-de-trabalhadores-veja-quem-entra-na-lista\/#primaryimage"},"thumbnailUrl":"https:\/\/www.em.com.br\/emfoco\/wp-content\/uploads\/2026\/03\/10-26.jpg","datePublished":"2026-03-14T21:45:00+00:00","dateModified":"2026-03-11T16:18:29+00:00","author":{"@id":"https:\/\/www.em.com.br\/emfoco\/#\/schema\/person\/1c9ddeab18b98abeffef834667bcf08a"},"description":"Parte dos trabalhadores pode receber o abono salarial antes do calend\u00e1rio oficial em 2026. Veja quem tem direito e quando o valor pode cair.","breadcrumb":{"@id":"https:\/\/www.em.com.br\/emfoco\/2026\/03\/14\/abono-salarial-pode-ser-pago-antes-do-calendario-tradicional-para-milhares-de-trabalhadores-veja-quem-entra-na-lista\/#breadcrumb"},"inLanguage":"pt-BR","potentialAction":[{"@type":"ReadAction","target":["https:\/\/www.em.com.br\/emfoco\/2026\/03\/14\/abono-salarial-pode-ser-pago-antes-do-calendario-tradicional-para-milhares-de-trabalhadores-veja-quem-entra-na-lista\/"]}]},{"@type":"ImageObject","inLanguage":"pt-BR","@id":"https:\/\/www.em.com.br\/emfoco\/2026\/03\/14\/abono-salarial-pode-ser-pago-antes-do-calendario-tradicional-para-milhares-de-trabalhadores-veja-quem-entra-na-lista\/#primaryimage","url":"https:\/\/www.em.com.br\/emfoco\/wp-content\/uploads\/2026\/03\/10-26.jpg","contentUrl":"https:\/\/www.em.com.br\/emfoco\/wp-content\/uploads\/2026\/03\/10-26.jpg","width":1280,"height":720,"caption":"Governo antecipa o pagamento do abono salarial em regi\u00f5es de calamidade"},{"@type":"BreadcrumbList","@id":"https:\/\/www.em.com.br\/emfoco\/2026\/03\/14\/abono-salarial-pode-ser-pago-antes-do-calendario-tradicional-para-milhares-de-trabalhadores-veja-quem-entra-na-lista\/#breadcrumb","itemListElement":[{"@type":"ListItem","position":1,"name":"In\u00edcio","item":"https:\/\/www.em.com.br\/emfoco\/"},{"@type":"ListItem","position":2,"name":"Abono salarial pode ser pago antes do calend\u00e1rio tradicional para milhares de trabalhadores! Veja quem entra na lista"}]},{"@type":"WebSite","@id":"https:\/\/www.em.com.br\/emfoco\/#website","url":"https:\/\/www.em.com.br\/emfoco\/","name":"Estado de Minas - Em foco","description":"Acompanhe as \u00faltimas not\u00edcias e fique bem informado sobre tudo o que acontece em Minas Gerais, Brasil e no mundo.","potentialAction":[{"@type":"SearchAction","target":{"@type":"EntryPoint","urlTemplate":"https:\/\/www.em.com.br\/emfoco\/?s={search_term_string}"},"query-input":{"@type":"PropertyValueSpecification","valueRequired":true,"valueName":"search_term_string"}}],"inLanguage":"pt-BR"},{"@type":"Person","@id":"https:\/\/www.em.com.br\/emfoco\/#\/schema\/person\/1c9ddeab18b98abeffef834667bcf08a","name":"Gabriel Martins","image":{"@type":"ImageObject","inLanguage":"pt-BR","@id":"https:\/\/www.em.com.br\/emfoco\/#\/schema\/person\/image\/","url":"https:\/\/secure.gravatar.com\/avatar\/f0f1e2efdfd88f1ad2cb08c5c2731e50?s=96&d=mm&r=g","contentUrl":"https:\/\/secure.gravatar.com\/avatar\/f0f1e2efdfd88f1ad2cb08c5c2731e50?s=96&d=mm&r=g","caption":"Gabriel Martins"},"sameAs":["https:\/\/www.em.com.br\/emfoco\/"],"url":"https:\/\/www.em.com.br\/emfoco\/author\/gabrielmartinsmyth\/"}]}},"_links":{"self":[{"href":"https:\/\/www.em.com.br\/emfoco\/wp-json\/wp\/v2\/posts\/180124","targetHints":{"allow":["GET"]}}],"collection":[{"href":"https:\/\/www.em.com.br\/emfoco\/wp-json\/wp\/v2\/posts"}],"about":[{"href":"https:\/\/www.em.com.br\/emfoco\/wp-json\/wp\/v2\/types\/post"}],"author":[{"embeddable":true,"href":"https:\/\/www.em.com.br\/emfoco\/wp-json\/wp\/v2\/users\/13"}],"replies":[{"embeddable":true,"href":"https:\/\/www.em.com.br\/emfoco\/wp-json\/wp\/v2\/comments?post=180124"}],"version-history":[{"count":1,"href":"https:\/\/www.em.com.br\/emfoco\/wp-json\/wp\/v2\/posts\/180124\/revisions"}],"predecessor-version":[{"id":180179,"href":"https:\/\/www.em.com.br\/emfoco\/wp-json\/wp\/v2\/posts\/180124\/revisions\/180179"}],"wp:featuredmedia":[{"embeddable":true,"href":"https:\/\/www.em.com.br\/emfoco\/wp-json\/wp\/v2\/media\/180174"}],"wp:attachment":[{"href":"https:\/\/www.em.com.br\/emfoco\/wp-json\/wp\/v2\/media?parent=180124"}],"wp:term":[{"taxonomy":"category","embeddable":true,"href":"https:\/\/www.em.com.br\/emfoco\/wp-json\/wp\/v2\/categories?post=180124"},{"taxonomy":"post_tag","embeddable":true,"href":"https:\/\/www.em.com.br\/emfoco\/wp-json\/wp\/v2\/tags?post=180124"}],"curies":[{"name":"wp","href":"https:\/\/api.w.org\/{rel}","templated":true}]}}