{"id":180120,"date":"2026-03-14T11:55:00","date_gmt":"2026-03-14T14:55:00","guid":{"rendered":"https:\/\/www.em.com.br\/emfoco\/?p=180120"},"modified":"2026-03-11T13:04:11","modified_gmt":"2026-03-11T16:04:11","slug":"dinheiro-extra-pode-chegar-mais-cedo-para-aposentados-e-pensionistas-veja-quando-o-pagamento-pode-cair-na-conta","status":"publish","type":"post","link":"https:\/\/www.em.com.br\/emfoco\/2026\/03\/14\/dinheiro-extra-pode-chegar-mais-cedo-para-aposentados-e-pensionistas-veja-quando-o-pagamento-pode-cair-na-conta\/","title":{"rendered":"Dinheiro extra pode chegar mais cedo para aposentados e pensionistas: veja quando o pagamento pode cair na conta"},"content":{"rendered":"\n<p>O pagamento do&nbsp;<strong>13\u00ba antecipado do INSS em 2026<\/strong>&nbsp;est\u00e1 em estudo pelo governo federal e deve seguir o padr\u00e3o dos \u00faltimos anos, liberando o abono entre abril e maio em vez do segundo semestre, o que d\u00e1 f\u00f4lego extra ao bolso de milh\u00f5es de aposentados, pensionistas e demais benefici\u00e1rios da Previd\u00eancia Social e ainda movimenta fortemente a economia em pouco tempo.<\/p>\n\n\n\n<h2 class=\"wp-block-heading\">O que \u00e9 o 13\u00ba antecipado do INSS em 2026<\/h2>\n\n\n\n<p>O&nbsp;<strong>13\u00ba antecipado do INSS<\/strong>&nbsp;\u00e9 a libera\u00e7\u00e3o do abono anual antes do calend\u00e1rio tradicional, que costuma ir de agosto a novembro. A ideia para 2026 \u00e9 repetir a pr\u00e1tica adotada desde 2020, quando a medida foi usada para amenizar os efeitos econ\u00f4micos da pandemia.<\/p>\n\n\n\n<p>Para que o pagamento adiantado aconte\u00e7a, o Minist\u00e9rio da Previd\u00eancia precisa elaborar uma nota t\u00e9cnica com impacto or\u00e7ament\u00e1rio e operacional. Depois disso, a antecipa\u00e7\u00e3o s\u00f3 se torna oficial com a publica\u00e7\u00e3o de um decreto presidencial, sem gerar gasto extra, apenas alterando a data do cr\u00e9dito.<\/p>\n\n\n\n<figure class=\"wp-block-image size-large\"><img loading=\"lazy\" decoding=\"async\" width=\"1024\" height=\"576\" src=\"https:\/\/www.em.com.br\/emfoco\/wp-content\/uploads\/2026\/03\/1-56-1024x576.jpg\" alt=\"Dinheiro extra pode chegar mais cedo para aposentados e pensionistas: veja quando o pagamento pode cair na conta\" class=\"wp-image-180155\" srcset=\"https:\/\/www.em.com.br\/emfoco\/wp-content\/uploads\/2026\/03\/1-56-1024x576.jpg 1024w, https:\/\/www.em.com.br\/emfoco\/wp-content\/uploads\/2026\/03\/1-56-300x169.jpg 300w, https:\/\/www.em.com.br\/emfoco\/wp-content\/uploads\/2026\/03\/1-56-768x432.jpg 768w, https:\/\/www.em.com.br\/emfoco\/wp-content\/uploads\/2026\/03\/1-56-750x422.jpg 750w, https:\/\/www.em.com.br\/emfoco\/wp-content\/uploads\/2026\/03\/1-56-1140x641.jpg 1140w, https:\/\/www.em.com.br\/emfoco\/wp-content\/uploads\/2026\/03\/1-56.jpg 1280w\" sizes=\"auto, (max-width: 1024px) 100vw, 1024px\" \/><figcaption class=\"wp-element-caption\">Libera\u00e7\u00e3o do abono em duas parcelas deve ocorrer entre abril e maio<\/figcaption><\/figure>\n\n\n\n<h2 class=\"wp-block-heading\">Quem deve receber primeiro o 13\u00ba antecipado do INSS<\/h2>\n\n\n\n<p>Se confirmada, a antecipa\u00e7\u00e3o do\u00a0<strong>13\u00ba sal\u00e1rio do <\/strong><a href=\"https:\/\/www.em.com.br\/emfoco\/2026\/03\/11\/aposentados-do-inss-podem-receber-dinheiro-extra-antes-do-esperado-em-2026\/\" target=\"_blank\" rel=\"noreferrer noopener\"><strong>INSS<\/strong>\u00a0<\/a>em 2026 deve seguir o modelo de anos anteriores, com duas parcelas pagas junto aos benef\u00edcios de abril e maio. A ordem respeita o n\u00famero final do benef\u00edcio, sem considerar o d\u00edgito verificador, o que organiza o fluxo ao longo dos dias \u00fateis.<\/p>\n\n\n\n<p>Normalmente, quem recebe at\u00e9 um sal\u00e1rio m\u00ednimo \u00e9 pago nas primeiras datas, enquanto benef\u00edcios acima do m\u00ednimo v\u00eam na sequ\u00eancia. Para facilitar o entendimento, o padr\u00e3o de organiza\u00e7\u00e3o costuma seguir esta l\u00f3gica:<\/p>\n\n\n\n<ul class=\"wp-block-list\">\n<li>Benef\u00edcios de at\u00e9 um sal\u00e1rio m\u00ednimo pagos em um conjunto de datas iniciais;<\/li>\n\n\n\n<li>Benef\u00edcios acima do sal\u00e1rio m\u00ednimo pagos em dias posteriores;<\/li>\n\n\n\n<li>Pagamentos sempre escalonados pelo n\u00famero final do benef\u00edcio (sem o d\u00edgito verificador).<\/li>\n<\/ul>\n\n\n\n<h2 class=\"wp-block-heading\">Quem tem direito ao 13\u00ba antecipado do INSS<\/h2>\n\n\n\n<p>O&nbsp;<strong>abono anual da Previd\u00eancia Social<\/strong>&nbsp;\u00e9 direcionado a segurados e dependentes que recebem tipos espec\u00edficos de benef\u00edcios. Em 2026, a tend\u00eancia \u00e9 manter as mesmas regras dos anos anteriores, contemplando quem \u00e9 vinculado ao regime previdenci\u00e1rio.<\/p>\n\n\n\n<ul class=\"wp-block-list\">\n<li>Quem recebe aposentadoria do INSS;<\/li>\n\n\n\n<li>Pensionistas por morte;<\/li>\n\n\n\n<li>Segurados em aux\u00edlio por incapacidade tempor\u00e1ria (antigo aux\u00edlio-doen\u00e7a);<\/li>\n\n\n\n<li>Benefici\u00e1rios de aux\u00edlio-acidente;<\/li>\n\n\n\n<li>Dependentes que recebem aux\u00edlio-reclus\u00e3o.<\/li>\n<\/ul>\n\n\n\n<p>J\u00e1 os benefici\u00e1rios do&nbsp;<strong>BPC (Benef\u00edcio de Presta\u00e7\u00e3o Continuada)<\/strong>&nbsp;n\u00e3o recebem d\u00e9cimo terceiro, pois esse benef\u00edcio \u00e9 assistencial, n\u00e3o previdenci\u00e1rio. O BPC garante um sal\u00e1rio m\u00ednimo mensal a idosos de baixa renda e pessoas com defici\u00eancia, mas n\u00e3o inclui abono anual.<\/p>\n\n\n\n<p>Confira o v\u00eddeo compartilhado pelo canal do YouTube <strong><a href=\"https:\/\/www.youtube.com\/@thiagoribeirolaw\" target=\"_blank\" rel=\"noreferrer noopener\">Dr. Thiago Ribeiro<\/a><\/strong> falando sobre os valores e as datas programas para o pagamento do 13\u00b0 do INSS.<\/p>\n\n\n\n<figure class=\"wp-block-embed is-type-video is-provider-youtube wp-block-embed-youtube wp-embed-aspect-16-9 wp-has-aspect-ratio\"><div class=\"wp-block-embed__wrapper\">\n<div class=\"jeg_video_container jeg_video_content\"><iframe loading=\"lazy\" title=\"D\u00e9cimo 13\u00ba Antecipado INSS: datas e valores\" width=\"500\" height=\"281\" src=\"https:\/\/www.youtube.com\/embed\/ZghUOuGuQNI?feature=oembed\" frameborder=\"0\" allow=\"accelerometer; autoplay; clipboard-write; encrypted-media; gyroscope; picture-in-picture; web-share\" referrerpolicy=\"strict-origin-when-cross-origin\" allowfullscreen><\/iframe><\/div>\n<\/div><\/figure>\n\n\n\n<h2 class=\"wp-block-heading\">Como consultar valores e datas do 13\u00ba antecipado do INSS<\/h2>\n\n\n\n<p>As informa\u00e7\u00f5es do&nbsp;<strong>13\u00ba antecipado do INSS em 2026<\/strong>&nbsp;podem ser consultadas totalmente online, sem ir a uma ag\u00eancia. Pelo&nbsp;<strong>Meu INSS<\/strong>, em site ou aplicativo, \u00e9 poss\u00edvel ver extratos, valores e o calend\u00e1rio de pagamento ap\u00f3s login com conta gov.br.<\/p>\n\n\n\n<ol class=\"wp-block-list\">\n<li>Acessar o site ou app Meu INSS (<em>gov.br\/meuinss<\/em>);<\/li>\n\n\n\n<li>Entrar com CPF e senha da conta gov.br;<\/li>\n\n\n\n<li>Selecionar \u201cExtrato de pagamento de benef\u00edcio\u201d ou \u201cCalend\u00e1rio de pagamentos\u201d;<\/li>\n\n\n\n<li>Confirmar datas previstas e valor do 13\u00ba sal\u00e1rio.<\/li>\n<\/ol>\n\n\n\n<p>Tamb\u00e9m \u00e9 poss\u00edvel ligar para o n\u00famero&nbsp;<strong>135<\/strong>, em dias \u00fateis, para tirar d\u00favidas sobre calend\u00e1rio, antecipa\u00e7\u00e3o, valor l\u00edquido e situa\u00e7\u00e3o do benef\u00edcio. Em per\u00edodos de defini\u00e7\u00e3o do governo, esses canais oficiais s\u00e3o atualizados com frequ\u00eancia.<\/p>\n\n\n\n<h2 class=\"wp-block-heading\">Quando o governo define o 13\u00ba antecipado do INSS em 2026<\/h2>\n\n\n\n<p>A confirma\u00e7\u00e3o da antecipa\u00e7\u00e3o do&nbsp;<strong>d\u00e9cimo terceiro do INSS em 2026<\/strong>&nbsp;depende dos pr\u00f3ximos atos do governo, especialmente da an\u00e1lise t\u00e9cnica e do decreto presidencial. A experi\u00eancia recente indica que, se houver autoriza\u00e7\u00e3o, os repasses devem ocorrer entre o fim de abril e o fim de maio, como o p\u00fablico j\u00e1 se acostumou.<\/p>\n\n\n\n<p>Enquanto a defini\u00e7\u00e3o n\u00e3o sai, \u00e9 essencial acompanhar as not\u00edcias oficiais, checar o Meu INSS com frequ\u00eancia e organizar o or\u00e7amento como se o pagamento ainda fosse no segundo semestre. N\u00e3o espere a decis\u00e3o de \u00faltima hora: antecipe-se, planeje cada real desse abono e use o 13\u00ba como uma chance concreta de sair do aperto, quitar d\u00edvidas e garantir mais tranquilidade financeira para voc\u00ea e sua fam\u00edlia.<\/p>\n","protected":false},"excerpt":{"rendered":"<p>O pagamento do&nbsp;13\u00ba antecipado do INSS em 2026&nbsp;est\u00e1 em estudo pelo governo federal e deve seguir o padr\u00e3o dos \u00faltimos anos, liberando o abono entre abril e maio em vez do segundo semestre, o que d\u00e1 f\u00f4lego extra ao bolso de milh\u00f5es de aposentados, pensionistas e demais benefici\u00e1rios da Previd\u00eancia Social e ainda movimenta fortemente [&hellip;]<\/p>\n","protected":false},"author":13,"featured_media":180156,"comment_status":"open","ping_status":"open","sticky":false,"template":"","format":"standard","meta":{"jnews-multi-image_gallery":[],"jnews_single_post":{"format":"standard"},"jnews_primary_category":[],"jnews_social_meta":[],"jnews_override_counter":[],"footnotes":""},"categories":[28],"tags":[26000,174,22094],"class_list":["post-180120","post","type-post","status-publish","format-standard","has-post-thumbnail","hentry","category-economia","tag-13-pagamento-do-inss","tag-inss","tag-pagamentos-do-inss"],"yoast_head":"<!-- This site is optimized with the Yoast SEO plugin v23.8 - https:\/\/yoast.com\/wordpress\/plugins\/seo\/ -->\n<title>Dinheiro extra pode chegar mais cedo para aposentados e pensionistas: veja quando o pagamento pode cair na conta - Estado de Minas - Em foco<\/title>\n<meta name=\"description\" content=\"Governo estuda antecipar o pagamento extra do INSS em 2026. Veja quem pode receber primeiro e quando o dinheiro pode cair.\" \/>\n<meta name=\"robots\" content=\"index, follow, max-snippet:-1, max-image-preview:large, max-video-preview:-1\" \/>\n<link rel=\"canonical\" href=\"https:\/\/www.em.com.br\/emfoco\/2026\/03\/14\/dinheiro-extra-pode-chegar-mais-cedo-para-aposentados-e-pensionistas-veja-quando-o-pagamento-pode-cair-na-conta\/\" \/>\n<meta property=\"og:locale\" content=\"pt_BR\" \/>\n<meta property=\"og:type\" content=\"article\" \/>\n<meta property=\"og:title\" content=\"Dinheiro extra pode chegar mais cedo para aposentados e pensionistas: veja quando o pagamento pode cair na conta - Estado de Minas - Em foco\" \/>\n<meta property=\"og:description\" content=\"Governo estuda antecipar o pagamento extra do INSS em 2026. Veja quem pode receber primeiro e quando o dinheiro pode cair.\" \/>\n<meta property=\"og:url\" content=\"https:\/\/www.em.com.br\/emfoco\/2026\/03\/14\/dinheiro-extra-pode-chegar-mais-cedo-para-aposentados-e-pensionistas-veja-quando-o-pagamento-pode-cair-na-conta\/\" \/>\n<meta property=\"og:site_name\" content=\"Estado de Minas - Em foco\" \/>\n<meta property=\"article:published_time\" content=\"2026-03-14T14:55:00+00:00\" \/>\n<meta property=\"article:modified_time\" content=\"2026-03-11T16:04:11+00:00\" \/>\n<meta property=\"og:image\" content=\"https:\/\/www.em.com.br\/emfoco\/wp-content\/uploads\/2026\/03\/2-50.jpg\" \/>\n\t<meta property=\"og:image:width\" content=\"1280\" \/>\n\t<meta property=\"og:image:height\" content=\"720\" \/>\n\t<meta property=\"og:image:type\" content=\"image\/jpeg\" \/>\n<meta name=\"author\" content=\"Gabriel Martins\" \/>\n<meta name=\"twitter:card\" content=\"summary_large_image\" \/>\n<meta name=\"twitter:label1\" content=\"Escrito por\" \/>\n\t<meta name=\"twitter:data1\" content=\"Gabriel Martins\" \/>\n\t<meta name=\"twitter:label2\" content=\"Est. tempo de leitura\" \/>\n\t<meta name=\"twitter:data2\" content=\"5 minutos\" \/>\n<!-- \/ Yoast SEO plugin. -->","yoast_head_json":{"title":"Dinheiro extra pode chegar mais cedo para aposentados e pensionistas: veja quando o pagamento pode cair na conta - Estado de Minas - Em foco","description":"Governo estuda antecipar o pagamento extra do INSS em 2026. Veja quem pode receber primeiro e quando o dinheiro pode cair.","robots":{"index":"index","follow":"follow","max-snippet":"max-snippet:-1","max-image-preview":"max-image-preview:large","max-video-preview":"max-video-preview:-1"},"canonical":"https:\/\/www.em.com.br\/emfoco\/2026\/03\/14\/dinheiro-extra-pode-chegar-mais-cedo-para-aposentados-e-pensionistas-veja-quando-o-pagamento-pode-cair-na-conta\/","og_locale":"pt_BR","og_type":"article","og_title":"Dinheiro extra pode chegar mais cedo para aposentados e pensionistas: veja quando o pagamento pode cair na conta - Estado de Minas - Em foco","og_description":"Governo estuda antecipar o pagamento extra do INSS em 2026. Veja quem pode receber primeiro e quando o dinheiro pode cair.","og_url":"https:\/\/www.em.com.br\/emfoco\/2026\/03\/14\/dinheiro-extra-pode-chegar-mais-cedo-para-aposentados-e-pensionistas-veja-quando-o-pagamento-pode-cair-na-conta\/","og_site_name":"Estado de Minas - Em foco","article_published_time":"2026-03-14T14:55:00+00:00","article_modified_time":"2026-03-11T16:04:11+00:00","og_image":[{"width":1280,"height":720,"url":"https:\/\/www.em.com.br\/emfoco\/wp-content\/uploads\/2026\/03\/2-50.jpg","type":"image\/jpeg"}],"author":"Gabriel Martins","twitter_card":"summary_large_image","twitter_misc":{"Escrito por":"Gabriel Martins","Est. tempo de leitura":"5 minutos"},"schema":{"@context":"https:\/\/schema.org","@graph":[{"@type":"WebPage","@id":"https:\/\/www.em.com.br\/emfoco\/2026\/03\/14\/dinheiro-extra-pode-chegar-mais-cedo-para-aposentados-e-pensionistas-veja-quando-o-pagamento-pode-cair-na-conta\/","url":"https:\/\/www.em.com.br\/emfoco\/2026\/03\/14\/dinheiro-extra-pode-chegar-mais-cedo-para-aposentados-e-pensionistas-veja-quando-o-pagamento-pode-cair-na-conta\/","name":"Dinheiro extra pode chegar mais cedo para aposentados e pensionistas: veja quando o pagamento pode cair na conta - Estado de Minas - Em foco","isPartOf":{"@id":"https:\/\/www.em.com.br\/emfoco\/#website"},"primaryImageOfPage":{"@id":"https:\/\/www.em.com.br\/emfoco\/2026\/03\/14\/dinheiro-extra-pode-chegar-mais-cedo-para-aposentados-e-pensionistas-veja-quando-o-pagamento-pode-cair-na-conta\/#primaryimage"},"image":{"@id":"https:\/\/www.em.com.br\/emfoco\/2026\/03\/14\/dinheiro-extra-pode-chegar-mais-cedo-para-aposentados-e-pensionistas-veja-quando-o-pagamento-pode-cair-na-conta\/#primaryimage"},"thumbnailUrl":"https:\/\/www.em.com.br\/emfoco\/wp-content\/uploads\/2026\/03\/2-50.jpg","datePublished":"2026-03-14T14:55:00+00:00","dateModified":"2026-03-11T16:04:11+00:00","author":{"@id":"https:\/\/www.em.com.br\/emfoco\/#\/schema\/person\/1c9ddeab18b98abeffef834667bcf08a"},"description":"Governo estuda antecipar o pagamento extra do INSS em 2026. Veja quem pode receber primeiro e quando o dinheiro pode cair.","breadcrumb":{"@id":"https:\/\/www.em.com.br\/emfoco\/2026\/03\/14\/dinheiro-extra-pode-chegar-mais-cedo-para-aposentados-e-pensionistas-veja-quando-o-pagamento-pode-cair-na-conta\/#breadcrumb"},"inLanguage":"pt-BR","potentialAction":[{"@type":"ReadAction","target":["https:\/\/www.em.com.br\/emfoco\/2026\/03\/14\/dinheiro-extra-pode-chegar-mais-cedo-para-aposentados-e-pensionistas-veja-quando-o-pagamento-pode-cair-na-conta\/"]}]},{"@type":"ImageObject","inLanguage":"pt-BR","@id":"https:\/\/www.em.com.br\/emfoco\/2026\/03\/14\/dinheiro-extra-pode-chegar-mais-cedo-para-aposentados-e-pensionistas-veja-quando-o-pagamento-pode-cair-na-conta\/#primaryimage","url":"https:\/\/www.em.com.br\/emfoco\/wp-content\/uploads\/2026\/03\/2-50.jpg","contentUrl":"https:\/\/www.em.com.br\/emfoco\/wp-content\/uploads\/2026\/03\/2-50.jpg","width":1280,"height":720,"caption":"Governo estuda antecipar o pagamento do d\u00e9cimo terceiro para segurados federais"},{"@type":"BreadcrumbList","@id":"https:\/\/www.em.com.br\/emfoco\/2026\/03\/14\/dinheiro-extra-pode-chegar-mais-cedo-para-aposentados-e-pensionistas-veja-quando-o-pagamento-pode-cair-na-conta\/#breadcrumb","itemListElement":[{"@type":"ListItem","position":1,"name":"In\u00edcio","item":"https:\/\/www.em.com.br\/emfoco\/"},{"@type":"ListItem","position":2,"name":"Dinheiro extra pode chegar mais cedo para aposentados e pensionistas: veja quando o pagamento pode cair na conta"}]},{"@type":"WebSite","@id":"https:\/\/www.em.com.br\/emfoco\/#website","url":"https:\/\/www.em.com.br\/emfoco\/","name":"Estado de Minas - Em foco","description":"Acompanhe as \u00faltimas not\u00edcias e fique bem informado sobre tudo o que acontece em Minas Gerais, Brasil e no mundo.","potentialAction":[{"@type":"SearchAction","target":{"@type":"EntryPoint","urlTemplate":"https:\/\/www.em.com.br\/emfoco\/?s={search_term_string}"},"query-input":{"@type":"PropertyValueSpecification","valueRequired":true,"valueName":"search_term_string"}}],"inLanguage":"pt-BR"},{"@type":"Person","@id":"https:\/\/www.em.com.br\/emfoco\/#\/schema\/person\/1c9ddeab18b98abeffef834667bcf08a","name":"Gabriel Martins","image":{"@type":"ImageObject","inLanguage":"pt-BR","@id":"https:\/\/www.em.com.br\/emfoco\/#\/schema\/person\/image\/","url":"https:\/\/secure.gravatar.com\/avatar\/f0f1e2efdfd88f1ad2cb08c5c2731e50?s=96&d=mm&r=g","contentUrl":"https:\/\/secure.gravatar.com\/avatar\/f0f1e2efdfd88f1ad2cb08c5c2731e50?s=96&d=mm&r=g","caption":"Gabriel Martins"},"sameAs":["https:\/\/www.em.com.br\/emfoco\/"],"url":"https:\/\/www.em.com.br\/emfoco\/author\/gabrielmartinsmyth\/"}]}},"_links":{"self":[{"href":"https:\/\/www.em.com.br\/emfoco\/wp-json\/wp\/v2\/posts\/180120","targetHints":{"allow":["GET"]}}],"collection":[{"href":"https:\/\/www.em.com.br\/emfoco\/wp-json\/wp\/v2\/posts"}],"about":[{"href":"https:\/\/www.em.com.br\/emfoco\/wp-json\/wp\/v2\/types\/post"}],"author":[{"embeddable":true,"href":"https:\/\/www.em.com.br\/emfoco\/wp-json\/wp\/v2\/users\/13"}],"replies":[{"embeddable":true,"href":"https:\/\/www.em.com.br\/emfoco\/wp-json\/wp\/v2\/comments?post=180120"}],"version-history":[{"count":1,"href":"https:\/\/www.em.com.br\/emfoco\/wp-json\/wp\/v2\/posts\/180120\/revisions"}],"predecessor-version":[{"id":180157,"href":"https:\/\/www.em.com.br\/emfoco\/wp-json\/wp\/v2\/posts\/180120\/revisions\/180157"}],"wp:featuredmedia":[{"embeddable":true,"href":"https:\/\/www.em.com.br\/emfoco\/wp-json\/wp\/v2\/media\/180156"}],"wp:attachment":[{"href":"https:\/\/www.em.com.br\/emfoco\/wp-json\/wp\/v2\/media?parent=180120"}],"wp:term":[{"taxonomy":"category","embeddable":true,"href":"https:\/\/www.em.com.br\/emfoco\/wp-json\/wp\/v2\/categories?post=180120"},{"taxonomy":"post_tag","embeddable":true,"href":"https:\/\/www.em.com.br\/emfoco\/wp-json\/wp\/v2\/tags?post=180120"}],"curies":[{"name":"wp","href":"https:\/\/api.w.org\/{rel}","templated":true}]}}