{"id":180100,"date":"2026-03-11T11:25:00","date_gmt":"2026-03-11T14:25:00","guid":{"rendered":"https:\/\/www.em.com.br\/emfoco\/?p=180100"},"modified":"2026-03-11T11:09:21","modified_gmt":"2026-03-11T14:09:21","slug":"adeus-as-tintas-nova-tendencia-cobre-cabelos-brancos-e-deixa-a-aparencia-mais-jovem","status":"publish","type":"post","link":"https:\/\/www.em.com.br\/emfoco\/2026\/03\/11\/adeus-as-tintas-nova-tendencia-cobre-cabelos-brancos-e-deixa-a-aparencia-mais-jovem\/","title":{"rendered":"Adeus \u00e0s tintas! Nova tend\u00eancia cobre cabelos brancos e deixa a apar\u00eancia mais jovem"},"content":{"rendered":"\n<p>Os <strong>cabelos brancos<\/strong> deixaram de ser vistos apenas como um sinal de envelhecimento e passaram a fazer parte de uma nova abordagem de <strong>beleza capilar<\/strong> que valoriza naturalidade e praticidade. Uma tend\u00eancia recente tem conquistado espa\u00e7o por oferecer uma alternativa \u00e0s <strong>tinturas tradicionais<\/strong>, ajudando a suavizar a apar\u00eancia dos fios brancos e proporcionando um visual mais jovem e harmonioso. Essa t\u00e9cnica moderna busca real\u00e7ar a <strong>beleza natural do cabelo<\/strong>, reduzindo o contraste dos fios grisalhos e criando um efeito elegante e sofisticado.<\/p>\n\n\n\n<h2 class=\"wp-block-heading\">Por que os cabelos brancos est\u00e3o se tornando tend\u00eancia de beleza?<\/h2>\n\n\n\n<p>Durante muitos anos, a busca por <strong>esconder os<\/strong><a href=\"https:\/\/www.sbd.org.br\/cabelos-brancos-descoberto-mecanismo-que-faz-cabelos-perderem-a-cor\/\" target=\"_blank\" rel=\"noreferrer noopener\"><strong> cabelos brancos<\/strong> <\/a>dominou o universo da beleza capilar. No entanto, novas abordagens valorizam cada vez mais a <strong>naturalidade dos fios<\/strong> e o cuidado com o cabelo, permitindo que o grisalho seja incorporado ao visual de forma elegante e moderna.<\/p>\n\n\n\n<p>Essa mudan\u00e7a acontece porque muitas pessoas passaram a priorizar <strong>t\u00e9cnicas menos agressivas<\/strong> e resultados mais naturais. Em vez de cobrir totalmente os fios brancos, o objetivo agora \u00e9 suavizar o contraste e criar uma apar\u00eancia equilibrada que valorize o cabelo.<\/p>\n\n\n\n<h2 class=\"wp-block-heading\">Como funciona a nova t\u00e9cnica que suaviza os cabelos brancos?<\/h2>\n\n\n\n<p>A proposta dessa tend\u00eancia \u00e9 trabalhar o cabelo de forma estrat\u00e9gica, criando uma mistura natural entre os <strong>fios brancos<\/strong> e a cor original. Dessa maneira, o resultado final \u00e9 um <strong>visual mais leve e moderno<\/strong>, que transmite juventude sem a necessidade de <a href=\"https:\/\/www.em.com.br\/emfoco\/2026\/03\/04\/adeus-loiro-uniforme-a-tendencia-de-coloracao-que-mistura-tons-e-cria-efeito-sofisticado\/\" target=\"_blank\" rel=\"noreferrer noopener\">colora\u00e7\u00f5es <\/a>frequentes.<\/p>\n\n\n\n<p>Antes de entender as vantagens da t\u00e9cnica, \u00e9 importante conhecer os principais elementos que fazem esse m\u00e9todo se destacar no cuidado com os cabelos:<\/p>\n\n\n\n<ul class=\"wp-block-list\">\n<li><strong>Cria\u00e7\u00e3o de reflexos suaves<\/strong> que misturam os fios brancos ao restante do cabelo<\/li>\n\n\n\n<li><strong>Efeito natural<\/strong> que reduz o contraste entre o grisalho e a cor original<\/li>\n\n\n\n<li><strong>Visual moderno e sofisticado<\/strong> sem a necessidade de colora\u00e7\u00e3o constante<\/li>\n\n\n\n<li><strong>Menor agress\u00e3o aos fios<\/strong> em compara\u00e7\u00e3o \u00e0s tinturas tradicionais<\/li>\n<\/ul>\n\n\n\n<figure class=\"wp-block-image size-large\"><img loading=\"lazy\" decoding=\"async\" width=\"1024\" height=\"576\" src=\"https:\/\/www.em.com.br\/emfoco\/wp-content\/uploads\/2026\/03\/X-2026-03-11T105941.564-1024x576.jpg\" alt=\"Adeus \u00e0s tintas! Nova tend\u00eancia cobre cabelos brancos e deixa a apar\u00eancia mais jovem\" class=\"wp-image-180105\" srcset=\"https:\/\/www.em.com.br\/emfoco\/wp-content\/uploads\/2026\/03\/X-2026-03-11T105941.564-1024x576.jpg 1024w, https:\/\/www.em.com.br\/emfoco\/wp-content\/uploads\/2026\/03\/X-2026-03-11T105941.564-300x169.jpg 300w, https:\/\/www.em.com.br\/emfoco\/wp-content\/uploads\/2026\/03\/X-2026-03-11T105941.564-768x432.jpg 768w, https:\/\/www.em.com.br\/emfoco\/wp-content\/uploads\/2026\/03\/X-2026-03-11T105941.564-1536x864.jpg 1536w, https:\/\/www.em.com.br\/emfoco\/wp-content\/uploads\/2026\/03\/X-2026-03-11T105941.564-2048x1152.jpg 2048w, https:\/\/www.em.com.br\/emfoco\/wp-content\/uploads\/2026\/03\/X-2026-03-11T105941.564-750x422.jpg 750w, https:\/\/www.em.com.br\/emfoco\/wp-content\/uploads\/2026\/03\/X-2026-03-11T105941.564-1140x641.jpg 1140w\" sizes=\"auto, (max-width: 1024px) 100vw, 1024px\" \/><figcaption class=\"wp-element-caption\">T\u00e9cnicas atuais buscam suavizar o contraste entre fios brancos e naturais<\/figcaption><\/figure>\n\n\n\n<h2 class=\"wp-block-heading\">Quais s\u00e3o os benef\u00edcios dessa tend\u00eancia para o visual?<\/h2>\n\n\n\n<p>Um dos principais atrativos dessa abordagem \u00e9 a forma como ela valoriza a <strong>beleza natural dos cabelos<\/strong>. Ao inv\u00e9s de esconder totalmente os fios brancos, a t\u00e9cnica trabalha a textura e a luminosidade dos fios para criar um efeito harmonioso.<\/p>\n\n\n\n<p>Al\u00e9m disso, essa tend\u00eancia oferece diversas vantagens que ajudam a transformar a rela\u00e7\u00e3o com os cabelos grisalhos:<\/p>\n\n\n\n<ul class=\"wp-block-list\">\n<li><strong>Redu\u00e7\u00e3o da manuten\u00e7\u00e3o frequente<\/strong> de tinturas<\/li>\n\n\n\n<li><strong>Apar\u00eancia mais natural e sofisticada<\/strong><\/li>\n\n\n\n<li><strong>Menor dano \u00e0 estrutura capilar<\/strong><\/li>\n\n\n\n<li><strong>Visual iluminado<\/strong> que pode ajudar a suavizar a apar\u00eancia do rosto<\/li>\n<\/ul>\n\n\n\n<h2 class=\"wp-block-heading\">Quem pode apostar nessa forma de lidar com os cabelos brancos?<\/h2>\n\n\n\n<p>A t\u00e9cnica pode ser aplicada em diferentes tipos de cabelo, desde <strong>fios lisos<\/strong> at\u00e9 ondulados e cacheados. O segredo est\u00e1 em adaptar o processo ao tom natural do cabelo e ao estilo de cada pessoa, garantindo um <strong>resultado personalizado<\/strong>.<\/p>\n\n\n\n<p>Profissionais especializados costumam avaliar fatores como <strong>cor natural do cabelo<\/strong>, quantidade de fios brancos e textura dos fios antes de definir a melhor abordagem. Dessa forma, o resultado fica mais equilibrado e valoriza ainda mais o visual.<\/p>\n\n\n\n<h2 class=\"wp-block-heading\">Como cuidar dos cabelos brancos para manter um visual jovem?<\/h2>\n\n\n\n<p>Independentemente da t\u00e9cnica escolhida, os cuidados com os fios s\u00e3o essenciais para manter o <strong>cabelo saud\u00e1vel e bonito<\/strong>. Os cabelos brancos costumam ser mais sens\u00edveis e podem apresentar ressecamento ou perda de brilho com mais facilidade.<\/p>\n\n\n\n<p>Para preservar a beleza dos fios e garantir um resultado elegante, alguns cuidados simples fazem toda a diferen\u00e7a no dia a dia:<\/p>\n\n\n\n<ul class=\"wp-block-list\">\n<li>Usar <strong>produtos espec\u00edficos para cabelos grisalhos<\/strong><\/li>\n\n\n\n<li>Investir em <strong>hidrata\u00e7\u00f5es regulares<\/strong> para manter o brilho<\/li>\n\n\n\n<li>Evitar <strong>excesso de calor<\/strong> de secadores e chapinhas<\/li>\n\n\n\n<li>Proteger os fios contra <strong>sol e polui\u00e7\u00e3o<\/strong><\/li>\n<\/ul>\n\n\n\n<p>Ao adotar essas estrat\u00e9gias, \u00e9 poss\u00edvel transformar os <strong>cabelos brancos<\/strong> em um elemento de estilo e personalidade. A tend\u00eancia mostra que \u00e9 poss\u00edvel valorizar os fios naturais com eleg\u00e2ncia, criando um <strong>visual moderno<\/strong> que transmite confian\u00e7a e autenticidade.<\/p>\n","protected":false},"excerpt":{"rendered":"<p>Os cabelos brancos deixaram de ser vistos apenas como um sinal de envelhecimento e passaram a fazer parte de uma nova abordagem de beleza capilar que valoriza naturalidade e praticidade. Uma tend\u00eancia recente tem conquistado espa\u00e7o por oferecer uma alternativa \u00e0s tinturas tradicionais, ajudando a suavizar a apar\u00eancia dos fios brancos e proporcionando um visual [&hellip;]<\/p>\n","protected":false},"author":28,"featured_media":180106,"comment_status":"open","ping_status":"open","sticky":false,"template":"","format":"standard","meta":{"jnews-multi-image_gallery":[],"jnews_single_post":{"format":"standard"},"jnews_primary_category":[],"jnews_social_meta":[],"jnews_override_counter":[],"footnotes":""},"categories":[8691],"tags":[8198,6333,5195,7719],"class_list":["post-180100","post","type-post","status-publish","format-standard","has-post-thumbnail","hentry","category-bem-estar","tag-cabelos-brancos","tag-cabelos-grisalhos","tag-cuidados-com-o-cabelo","tag-tendencia-capilar"],"yoast_head":"<!-- This site is optimized with the Yoast SEO plugin v23.8 - https:\/\/yoast.com\/wordpress\/plugins\/seo\/ -->\n<title>Adeus \u00e0s tintas! Nova tend\u00eancia cobre cabelos brancos e deixa a apar\u00eancia mais jovem - Estado de Minas - Em foco<\/title>\n<meta name=\"description\" content=\"T\u00e9cnica moderna suaviza cabelos brancos e valoriza o visual natural sem necessidade de tinturas frequentes.\" \/>\n<meta name=\"robots\" content=\"index, follow, max-snippet:-1, max-image-preview:large, max-video-preview:-1\" \/>\n<link rel=\"canonical\" href=\"https:\/\/www.em.com.br\/emfoco\/2026\/03\/11\/adeus-as-tintas-nova-tendencia-cobre-cabelos-brancos-e-deixa-a-aparencia-mais-jovem\/\" \/>\n<meta property=\"og:locale\" content=\"pt_BR\" \/>\n<meta property=\"og:type\" content=\"article\" \/>\n<meta property=\"og:title\" content=\"Adeus \u00e0s tintas! Nova tend\u00eancia cobre cabelos brancos e deixa a apar\u00eancia mais jovem - Estado de Minas - Em foco\" \/>\n<meta property=\"og:description\" content=\"T\u00e9cnica moderna suaviza cabelos brancos e valoriza o visual natural sem necessidade de tinturas frequentes.\" \/>\n<meta property=\"og:url\" content=\"https:\/\/www.em.com.br\/emfoco\/2026\/03\/11\/adeus-as-tintas-nova-tendencia-cobre-cabelos-brancos-e-deixa-a-aparencia-mais-jovem\/\" \/>\n<meta property=\"og:site_name\" content=\"Estado de Minas - Em foco\" \/>\n<meta property=\"article:published_time\" content=\"2026-03-11T14:25:00+00:00\" \/>\n<meta property=\"article:modified_time\" content=\"2026-03-11T14:09:21+00:00\" \/>\n<meta property=\"og:image\" content=\"https:\/\/www.em.com.br\/emfoco\/wp-content\/uploads\/2026\/03\/X-2026-03-11T105606.526.jpg\" \/>\n\t<meta property=\"og:image:width\" content=\"2560\" \/>\n\t<meta property=\"og:image:height\" content=\"1440\" \/>\n\t<meta property=\"og:image:type\" content=\"image\/jpeg\" \/>\n<meta name=\"author\" content=\"Elis Gabrielle Santos Souza\" \/>\n<meta name=\"twitter:card\" content=\"summary_large_image\" \/>\n<meta name=\"twitter:label1\" content=\"Escrito por\" \/>\n\t<meta name=\"twitter:data1\" content=\"Elis Gabrielle Santos Souza\" \/>\n\t<meta name=\"twitter:label2\" content=\"Est. tempo de leitura\" \/>\n\t<meta name=\"twitter:data2\" content=\"4 minutos\" \/>\n<!-- \/ Yoast SEO plugin. -->","yoast_head_json":{"title":"Adeus \u00e0s tintas! Nova tend\u00eancia cobre cabelos brancos e deixa a apar\u00eancia mais jovem - Estado de Minas - Em foco","description":"T\u00e9cnica moderna suaviza cabelos brancos e valoriza o visual natural sem necessidade de tinturas frequentes.","robots":{"index":"index","follow":"follow","max-snippet":"max-snippet:-1","max-image-preview":"max-image-preview:large","max-video-preview":"max-video-preview:-1"},"canonical":"https:\/\/www.em.com.br\/emfoco\/2026\/03\/11\/adeus-as-tintas-nova-tendencia-cobre-cabelos-brancos-e-deixa-a-aparencia-mais-jovem\/","og_locale":"pt_BR","og_type":"article","og_title":"Adeus \u00e0s tintas! Nova tend\u00eancia cobre cabelos brancos e deixa a apar\u00eancia mais jovem - Estado de Minas - Em foco","og_description":"T\u00e9cnica moderna suaviza cabelos brancos e valoriza o visual natural sem necessidade de tinturas frequentes.","og_url":"https:\/\/www.em.com.br\/emfoco\/2026\/03\/11\/adeus-as-tintas-nova-tendencia-cobre-cabelos-brancos-e-deixa-a-aparencia-mais-jovem\/","og_site_name":"Estado de Minas - Em foco","article_published_time":"2026-03-11T14:25:00+00:00","article_modified_time":"2026-03-11T14:09:21+00:00","og_image":[{"width":2560,"height":1440,"url":"https:\/\/www.em.com.br\/emfoco\/wp-content\/uploads\/2026\/03\/X-2026-03-11T105606.526.jpg","type":"image\/jpeg"}],"author":"Elis Gabrielle Santos Souza","twitter_card":"summary_large_image","twitter_misc":{"Escrito por":"Elis Gabrielle Santos Souza","Est. tempo de leitura":"4 minutos"},"schema":{"@context":"https:\/\/schema.org","@graph":[{"@type":"WebPage","@id":"https:\/\/www.em.com.br\/emfoco\/2026\/03\/11\/adeus-as-tintas-nova-tendencia-cobre-cabelos-brancos-e-deixa-a-aparencia-mais-jovem\/","url":"https:\/\/www.em.com.br\/emfoco\/2026\/03\/11\/adeus-as-tintas-nova-tendencia-cobre-cabelos-brancos-e-deixa-a-aparencia-mais-jovem\/","name":"Adeus \u00e0s tintas! Nova tend\u00eancia cobre cabelos brancos e deixa a apar\u00eancia mais jovem - Estado de Minas - Em foco","isPartOf":{"@id":"https:\/\/www.em.com.br\/emfoco\/#website"},"primaryImageOfPage":{"@id":"https:\/\/www.em.com.br\/emfoco\/2026\/03\/11\/adeus-as-tintas-nova-tendencia-cobre-cabelos-brancos-e-deixa-a-aparencia-mais-jovem\/#primaryimage"},"image":{"@id":"https:\/\/www.em.com.br\/emfoco\/2026\/03\/11\/adeus-as-tintas-nova-tendencia-cobre-cabelos-brancos-e-deixa-a-aparencia-mais-jovem\/#primaryimage"},"thumbnailUrl":"https:\/\/www.em.com.br\/emfoco\/wp-content\/uploads\/2026\/03\/X-2026-03-11T105606.526.jpg","datePublished":"2026-03-11T14:25:00+00:00","dateModified":"2026-03-11T14:09:21+00:00","author":{"@id":"https:\/\/www.em.com.br\/emfoco\/#\/schema\/person\/0c545bffa944f9caa147d776b5f6f1f5"},"description":"T\u00e9cnica moderna suaviza cabelos brancos e valoriza o visual natural sem necessidade de tinturas frequentes.","breadcrumb":{"@id":"https:\/\/www.em.com.br\/emfoco\/2026\/03\/11\/adeus-as-tintas-nova-tendencia-cobre-cabelos-brancos-e-deixa-a-aparencia-mais-jovem\/#breadcrumb"},"inLanguage":"pt-BR","potentialAction":[{"@type":"ReadAction","target":["https:\/\/www.em.com.br\/emfoco\/2026\/03\/11\/adeus-as-tintas-nova-tendencia-cobre-cabelos-brancos-e-deixa-a-aparencia-mais-jovem\/"]}]},{"@type":"ImageObject","inLanguage":"pt-BR","@id":"https:\/\/www.em.com.br\/emfoco\/2026\/03\/11\/adeus-as-tintas-nova-tendencia-cobre-cabelos-brancos-e-deixa-a-aparencia-mais-jovem\/#primaryimage","url":"https:\/\/www.em.com.br\/emfoco\/wp-content\/uploads\/2026\/03\/X-2026-03-11T105606.526.jpg","contentUrl":"https:\/\/www.em.com.br\/emfoco\/wp-content\/uploads\/2026\/03\/X-2026-03-11T105606.526.jpg","width":2560,"height":1440,"caption":"Cabelos brancos est\u00e3o sendo cada vez mais valorizados na beleza moderna"},{"@type":"BreadcrumbList","@id":"https:\/\/www.em.com.br\/emfoco\/2026\/03\/11\/adeus-as-tintas-nova-tendencia-cobre-cabelos-brancos-e-deixa-a-aparencia-mais-jovem\/#breadcrumb","itemListElement":[{"@type":"ListItem","position":1,"name":"In\u00edcio","item":"https:\/\/www.em.com.br\/emfoco\/"},{"@type":"ListItem","position":2,"name":"Adeus \u00e0s tintas! Nova tend\u00eancia cobre cabelos brancos e deixa a apar\u00eancia mais jovem"}]},{"@type":"WebSite","@id":"https:\/\/www.em.com.br\/emfoco\/#website","url":"https:\/\/www.em.com.br\/emfoco\/","name":"Estado de Minas - Em foco","description":"Acompanhe as \u00faltimas not\u00edcias e fique bem informado sobre tudo o que acontece em Minas Gerais, Brasil e no mundo.","potentialAction":[{"@type":"SearchAction","target":{"@type":"EntryPoint","urlTemplate":"https:\/\/www.em.com.br\/emfoco\/?s={search_term_string}"},"query-input":{"@type":"PropertyValueSpecification","valueRequired":true,"valueName":"search_term_string"}}],"inLanguage":"pt-BR"},{"@type":"Person","@id":"https:\/\/www.em.com.br\/emfoco\/#\/schema\/person\/0c545bffa944f9caa147d776b5f6f1f5","name":"Elis Gabrielle Santos Souza","image":{"@type":"ImageObject","inLanguage":"pt-BR","@id":"https:\/\/www.em.com.br\/emfoco\/#\/schema\/person\/image\/","url":"https:\/\/secure.gravatar.com\/avatar\/1dc86c254cebb74d9c8a14da612c52db?s=96&d=mm&r=g","contentUrl":"https:\/\/secure.gravatar.com\/avatar\/1dc86c254cebb74d9c8a14da612c52db?s=96&d=mm&r=g","caption":"Elis Gabrielle Santos Souza"},"sameAs":["https:\/\/www.em.com.br\/emfoco"],"url":"https:\/\/www.em.com.br\/emfoco\/author\/elis-myth\/"}]}},"_links":{"self":[{"href":"https:\/\/www.em.com.br\/emfoco\/wp-json\/wp\/v2\/posts\/180100","targetHints":{"allow":["GET"]}}],"collection":[{"href":"https:\/\/www.em.com.br\/emfoco\/wp-json\/wp\/v2\/posts"}],"about":[{"href":"https:\/\/www.em.com.br\/emfoco\/wp-json\/wp\/v2\/types\/post"}],"author":[{"embeddable":true,"href":"https:\/\/www.em.com.br\/emfoco\/wp-json\/wp\/v2\/users\/28"}],"replies":[{"embeddable":true,"href":"https:\/\/www.em.com.br\/emfoco\/wp-json\/wp\/v2\/comments?post=180100"}],"version-history":[{"count":1,"href":"https:\/\/www.em.com.br\/emfoco\/wp-json\/wp\/v2\/posts\/180100\/revisions"}],"predecessor-version":[{"id":180108,"href":"https:\/\/www.em.com.br\/emfoco\/wp-json\/wp\/v2\/posts\/180100\/revisions\/180108"}],"wp:featuredmedia":[{"embeddable":true,"href":"https:\/\/www.em.com.br\/emfoco\/wp-json\/wp\/v2\/media\/180106"}],"wp:attachment":[{"href":"https:\/\/www.em.com.br\/emfoco\/wp-json\/wp\/v2\/media?parent=180100"}],"wp:term":[{"taxonomy":"category","embeddable":true,"href":"https:\/\/www.em.com.br\/emfoco\/wp-json\/wp\/v2\/categories?post=180100"},{"taxonomy":"post_tag","embeddable":true,"href":"https:\/\/www.em.com.br\/emfoco\/wp-json\/wp\/v2\/tags?post=180100"}],"curies":[{"name":"wp","href":"https:\/\/api.w.org\/{rel}","templated":true}]}}