{"id":180090,"date":"2026-03-11T11:38:00","date_gmt":"2026-03-11T14:38:00","guid":{"rendered":"https:\/\/www.em.com.br\/emfoco\/?p=180090"},"modified":"2026-03-11T10:45:33","modified_gmt":"2026-03-11T13:45:33","slug":"adeus-as-sapatilhas-basicas-o-modelo-que-promete-dominar-a-moda-de-2026-e-mais-elegante-e-confortavel","status":"publish","type":"post","link":"https:\/\/www.em.com.br\/emfoco\/2026\/03\/11\/adeus-as-sapatilhas-basicas-o-modelo-que-promete-dominar-a-moda-de-2026-e-mais-elegante-e-confortavel\/","title":{"rendered":"Adeus \u00e0s sapatilhas b\u00e1sicas: o modelo que promete dominar a moda de 2026 \u00e9 mais elegante e confort\u00e1vel"},"content":{"rendered":"\n<p>As<strong> sapatilhas b\u00e1sicas <\/strong>est\u00e3o perdendo espa\u00e7o no <a href=\"https:\/\/www.em.com.br\/emfoco\/2026\/03\/10\/adeus-as-leggings-tradicionais-a-tendencia-que-vai-dominar-a-nova-estacao-de-2026-e-mais-confortavel-e-elegante\/\" target=\"_blank\" rel=\"noreferrer noopener\">guarda-roupa<\/a> das mulheres que buscam unir bem-estar, eleg\u00e2ncia e cuidado pessoal em um \u00fanico cal\u00e7ado. Em 2026, novos modelos com design sofisticado, palmilhas ergon\u00f4micas e materiais respir\u00e1veis prometem transformar a rotina de quem valoriza beleza e conforto no dia a dia, oferecendo muito mais do que as vers\u00f5es tradicionais jamais entregaram.<\/p>\n\n\n\n<h2 class=\"wp-block-heading\">Por que as sapatilhas b\u00e1sicas n\u00e3o atendem mais quem cuida da sa\u00fade dos p\u00e9s?<\/h2>\n\n\n\n<p>Durante anos, as <strong>sapatilhas b\u00e1sicas<\/strong> foram a escolha pr\u00e1tica para o cotidiano. No entanto, a falta de suporte plantar e amortecimento adequado tornou esses modelos um problema para quem caminha longos per\u00edodos ou mant\u00e9m uma rotina ativa. A aus\u00eancia de tecnologia nos cal\u00e7ados tradicionais pode causar desconforto, dores articulares e at\u00e9 afetar a postura ao longo do tempo.<\/p>\n\n\n\n<p>A nova gera\u00e7\u00e3o de sapatilhas foi desenvolvida com foco em ergonomia e bem-estar, integrando palmilhas que distribuem a press\u00e3o de forma uniforme e solados flex\u00edveis que acompanham o movimento natural dos p\u00e9s. Essa evolu\u00e7\u00e3o representa um avan\u00e7o para mulheres que encaram o autocuidado como prioridade e n\u00e3o abrem m\u00e3o de se sentir bonitas.<\/p>\n\n\n\n<h2 class=\"wp-block-heading\">Quais modelos de sapatilhas est\u00e3o em alta para quem valoriza beleza e conforto?<\/h2>\n\n\n\n<p>O cen\u00e1rio de 2026 traz op\u00e7\u00f5es que v\u00e3o muito al\u00e9m das sapatilhas b\u00e1sicas de antigamente. Cada modelo combina est\u00e9tica refinada com funcionalidades pensadas para o corpo e a sa\u00fade dos p\u00e9s. Confira os destaques da temporada:<\/p>\n\n\n<div class=\"wp-block-image\">\n<figure class=\"aligncenter size-large\"><img loading=\"lazy\" decoding=\"async\" width=\"1024\" height=\"567\" src=\"https:\/\/www.em.com.br\/emfoco\/wp-content\/uploads\/2026\/03\/convertido-6-1024x567.jpg\" alt=\"As sapatilhas b\u00e1sicas come\u00e7am a perder espa\u00e7o no guarda-roupa feminino\" class=\"wp-image-180094\" srcset=\"https:\/\/www.em.com.br\/emfoco\/wp-content\/uploads\/2026\/03\/convertido-6-1024x567.jpg 1024w, https:\/\/www.em.com.br\/emfoco\/wp-content\/uploads\/2026\/03\/convertido-6-300x166.jpg 300w, https:\/\/www.em.com.br\/emfoco\/wp-content\/uploads\/2026\/03\/convertido-6-768x425.jpg 768w, https:\/\/www.em.com.br\/emfoco\/wp-content\/uploads\/2026\/03\/convertido-6-750x415.jpg 750w, https:\/\/www.em.com.br\/emfoco\/wp-content\/uploads\/2026\/03\/convertido-6-1140x631.jpg 1140w, https:\/\/www.em.com.br\/emfoco\/wp-content\/uploads\/2026\/03\/convertido-6.jpg 1280w\" sizes=\"auto, (max-width: 1024px) 100vw, 1024px\" \/><figcaption class=\"wp-element-caption\">As sapatilhas b\u00e1sicas come\u00e7am a perder espa\u00e7o no guarda-roupa feminino<\/figcaption><\/figure><\/div>\n\n\n<h2 class=\"wp-block-heading\">Como escolher a sapatilha ideal para a sua rotina de autocuidado?<\/h2>\n\n\n\n<p>Trocar as sapatilhas b\u00e1sicas por modelos mais completos exige aten\u00e7\u00e3o a alguns detalhes que fazem diferen\u00e7a na sa\u00fade e na apar\u00eancia. O cal\u00e7ado certo pode melhorar a disposi\u00e7\u00e3o f\u00edsica, reduzir o cansa\u00e7o e elevar a autoestima, funcionando como aliado da sua rotina de beleza e fitness.<\/p>\n\n\n\n<p>Na hora de escolher, leve em considera\u00e7\u00e3o os seguintes crit\u00e9rios:<\/p>\n\n\n<div class=\"wp-block-image\">\n<figure class=\"aligncenter size-large\"><img loading=\"lazy\" decoding=\"async\" width=\"1024\" height=\"538\" src=\"https:\/\/www.em.com.br\/emfoco\/wp-content\/uploads\/2026\/03\/convertido-7-1024x538.jpg\" alt=\"Novos modelos de sapatilha come\u00e7am a aparecer nas rotinas\" class=\"wp-image-180096\" srcset=\"https:\/\/www.em.com.br\/emfoco\/wp-content\/uploads\/2026\/03\/convertido-7-1024x538.jpg 1024w, https:\/\/www.em.com.br\/emfoco\/wp-content\/uploads\/2026\/03\/convertido-7-300x158.jpg 300w, https:\/\/www.em.com.br\/emfoco\/wp-content\/uploads\/2026\/03\/convertido-7-768x403.jpg 768w, https:\/\/www.em.com.br\/emfoco\/wp-content\/uploads\/2026\/03\/convertido-7-750x394.jpg 750w, https:\/\/www.em.com.br\/emfoco\/wp-content\/uploads\/2026\/03\/convertido-7-1140x599.jpg 1140w, https:\/\/www.em.com.br\/emfoco\/wp-content\/uploads\/2026\/03\/convertido-7.jpg 1280w\" sizes=\"auto, (max-width: 1024px) 100vw, 1024px\" \/><figcaption class=\"wp-element-caption\">Novos modelos de sapatilha come\u00e7am a aparecer nas rotinas<\/figcaption><\/figure><\/div>\n\n\n<h2 class=\"wp-block-heading\">Qual \u00e9 a rela\u00e7\u00e3o entre o cal\u00e7ado certo e o desempenho na rotina fitness?<\/h2>\n\n\n\n<p>Um detalhe que muitas mulheres ignoram \u00e9 o impacto do cal\u00e7ado na performance durante atividades f\u00edsicas leves e no p\u00f3s-treino. As sapatilhas b\u00e1sicas, sem qualquer tecnologia de absor\u00e7\u00e3o, podem comprometer a recupera\u00e7\u00e3o muscular e gerar fadiga nos p\u00e9s. Modelos com solado flex\u00edvel e suporte adequado ajudam a manter a energia ao longo do dia.<\/p>\n\n\n\n<p>Especialistas em sa\u00fade e bem-estar recomendam investir em cal\u00e7ados que ofere\u00e7am sustenta\u00e7\u00e3o sem rigidez. Para quem alterna entre academia, escrit\u00f3rio e momentos de lazer, uma sapatilha moderna com design ergon\u00f4mico se torna pe\u00e7a-chave no equil\u00edbrio entre estilo de vida ativo, cuidado corporal e apar\u00eancia impec\u00e1vel.<\/p>\n\n\n\n<h2 class=\"wp-block-heading\">Vale a pena abandonar as sapatilhas b\u00e1sicas em 2026?<\/h2>\n\n\n\n<p>A resposta \u00e9 clara para quem prioriza beleza, conforto e sa\u00fade. As sapatilhas b\u00e1sicas cumpriram seu papel, mas os novos modelos entregam muito mais: tecnologia t\u00eaxtil, materiais sustent\u00e1veis, cores que acompanham as tend\u00eancias e, principalmente, um cuidado real com o corpo de quem as cal\u00e7a.<\/p>\n\n\n\n<p>Investir em um par que alia design sofisticado, funcionalidade e bem-estar \u00e9 um gesto de autocuidado que reflete diretamente na autoestima, na disposi\u00e7\u00e3o e na confian\u00e7a para encarar qualquer atividade do dia a dia. Em 2026, escolher o cal\u00e7ado certo faz parte de uma rotina completa de beleza e fitness.<\/p>\n","protected":false},"excerpt":{"rendered":"<p>As sapatilhas b\u00e1sicas est\u00e3o perdendo espa\u00e7o no guarda-roupa das mulheres que buscam unir bem-estar, eleg\u00e2ncia e cuidado pessoal em um \u00fanico cal\u00e7ado. Em 2026, novos modelos com design sofisticado, palmilhas ergon\u00f4micas e materiais respir\u00e1veis prometem transformar a rotina de quem valoriza beleza e conforto no dia a dia, oferecendo muito mais do que as vers\u00f5es [&hellip;]<\/p>\n","protected":false},"author":10,"featured_media":180095,"comment_status":"open","ping_status":"open","sticky":false,"template":"","format":"standard","meta":{"jnews-multi-image_gallery":[],"jnews_single_post":{"format":"standard"},"jnews_primary_category":[],"jnews_social_meta":[],"jnews_override_counter":[],"footnotes":""},"categories":[8691],"tags":[14660,7062,12227],"class_list":["post-180090","post","type-post","status-publish","format-standard","has-post-thumbnail","hentry","category-bem-estar","tag-guarda-roupas","tag-moda-feminina","tag-sapatilhas"],"yoast_head":"<!-- This site is optimized with the Yoast SEO plugin v23.8 - https:\/\/yoast.com\/wordpress\/plugins\/seo\/ -->\n<title>Adeus \u00e0s sapatilhas b\u00e1sicas: o modelo que promete dominar a moda de 2026 \u00e9 mais elegante e confort\u00e1vel - Estado de Minas - Em foco<\/title>\n<meta name=\"description\" content=\"As sapatilhas b\u00e1sicas come\u00e7am a perder espa\u00e7o para novos modelos que unem conforto, design moderno e cuidado com os p\u00e9s.\" \/>\n<meta name=\"robots\" content=\"index, follow, max-snippet:-1, max-image-preview:large, max-video-preview:-1\" \/>\n<link rel=\"canonical\" href=\"https:\/\/www.em.com.br\/emfoco\/2026\/03\/11\/adeus-as-sapatilhas-basicas-o-modelo-que-promete-dominar-a-moda-de-2026-e-mais-elegante-e-confortavel\/\" \/>\n<meta property=\"og:locale\" content=\"pt_BR\" \/>\n<meta property=\"og:type\" content=\"article\" \/>\n<meta property=\"og:title\" content=\"Adeus \u00e0s sapatilhas b\u00e1sicas: o modelo que promete dominar a moda de 2026 \u00e9 mais elegante e confort\u00e1vel - Estado de Minas - Em foco\" \/>\n<meta property=\"og:description\" content=\"As sapatilhas b\u00e1sicas come\u00e7am a perder espa\u00e7o para novos modelos que unem conforto, design moderno e cuidado com os p\u00e9s.\" \/>\n<meta property=\"og:url\" content=\"https:\/\/www.em.com.br\/emfoco\/2026\/03\/11\/adeus-as-sapatilhas-basicas-o-modelo-que-promete-dominar-a-moda-de-2026-e-mais-elegante-e-confortavel\/\" \/>\n<meta property=\"og:site_name\" content=\"Estado de Minas - Em foco\" \/>\n<meta property=\"article:published_time\" content=\"2026-03-11T14:38:00+00:00\" \/>\n<meta property=\"article:modified_time\" content=\"2026-03-11T13:45:33+00:00\" \/>\n<meta property=\"og:image\" content=\"https:\/\/www.em.com.br\/emfoco\/wp-content\/uploads\/2026\/03\/freepik__par-de-sapatilhas-modernas-femininas-com-design-so__54201-e1773236491349.jpeg\" \/>\n\t<meta property=\"og:image:width\" content=\"1280\" \/>\n\t<meta property=\"og:image:height\" content=\"714\" \/>\n\t<meta property=\"og:image:type\" content=\"image\/jpeg\" \/>\n<meta name=\"author\" content=\"Patryck Reinehr\" \/>\n<meta name=\"twitter:card\" content=\"summary_large_image\" \/>\n<meta name=\"twitter:label1\" content=\"Escrito por\" \/>\n\t<meta name=\"twitter:data1\" content=\"Patryck Reinehr\" \/>\n\t<meta name=\"twitter:label2\" content=\"Est. tempo de leitura\" \/>\n\t<meta name=\"twitter:data2\" content=\"4 minutos\" \/>\n<!-- \/ Yoast SEO plugin. -->","yoast_head_json":{"title":"Adeus \u00e0s sapatilhas b\u00e1sicas: o modelo que promete dominar a moda de 2026 \u00e9 mais elegante e confort\u00e1vel - Estado de Minas - Em foco","description":"As sapatilhas b\u00e1sicas come\u00e7am a perder espa\u00e7o para novos modelos que unem conforto, design moderno e cuidado com os p\u00e9s.","robots":{"index":"index","follow":"follow","max-snippet":"max-snippet:-1","max-image-preview":"max-image-preview:large","max-video-preview":"max-video-preview:-1"},"canonical":"https:\/\/www.em.com.br\/emfoco\/2026\/03\/11\/adeus-as-sapatilhas-basicas-o-modelo-que-promete-dominar-a-moda-de-2026-e-mais-elegante-e-confortavel\/","og_locale":"pt_BR","og_type":"article","og_title":"Adeus \u00e0s sapatilhas b\u00e1sicas: o modelo que promete dominar a moda de 2026 \u00e9 mais elegante e confort\u00e1vel - Estado de Minas - Em foco","og_description":"As sapatilhas b\u00e1sicas come\u00e7am a perder espa\u00e7o para novos modelos que unem conforto, design moderno e cuidado com os p\u00e9s.","og_url":"https:\/\/www.em.com.br\/emfoco\/2026\/03\/11\/adeus-as-sapatilhas-basicas-o-modelo-que-promete-dominar-a-moda-de-2026-e-mais-elegante-e-confortavel\/","og_site_name":"Estado de Minas - Em foco","article_published_time":"2026-03-11T14:38:00+00:00","article_modified_time":"2026-03-11T13:45:33+00:00","og_image":[{"width":1280,"height":714,"url":"https:\/\/www.em.com.br\/emfoco\/wp-content\/uploads\/2026\/03\/freepik__par-de-sapatilhas-modernas-femininas-com-design-so__54201-e1773236491349.jpeg","type":"image\/jpeg"}],"author":"Patryck Reinehr","twitter_card":"summary_large_image","twitter_misc":{"Escrito por":"Patryck Reinehr","Est. tempo de leitura":"4 minutos"},"schema":{"@context":"https:\/\/schema.org","@graph":[{"@type":"WebPage","@id":"https:\/\/www.em.com.br\/emfoco\/2026\/03\/11\/adeus-as-sapatilhas-basicas-o-modelo-que-promete-dominar-a-moda-de-2026-e-mais-elegante-e-confortavel\/","url":"https:\/\/www.em.com.br\/emfoco\/2026\/03\/11\/adeus-as-sapatilhas-basicas-o-modelo-que-promete-dominar-a-moda-de-2026-e-mais-elegante-e-confortavel\/","name":"Adeus \u00e0s sapatilhas b\u00e1sicas: o modelo que promete dominar a moda de 2026 \u00e9 mais elegante e confort\u00e1vel - Estado de Minas - Em foco","isPartOf":{"@id":"https:\/\/www.em.com.br\/emfoco\/#website"},"primaryImageOfPage":{"@id":"https:\/\/www.em.com.br\/emfoco\/2026\/03\/11\/adeus-as-sapatilhas-basicas-o-modelo-que-promete-dominar-a-moda-de-2026-e-mais-elegante-e-confortavel\/#primaryimage"},"image":{"@id":"https:\/\/www.em.com.br\/emfoco\/2026\/03\/11\/adeus-as-sapatilhas-basicas-o-modelo-que-promete-dominar-a-moda-de-2026-e-mais-elegante-e-confortavel\/#primaryimage"},"thumbnailUrl":"https:\/\/www.em.com.br\/emfoco\/wp-content\/uploads\/2026\/03\/freepik__par-de-sapatilhas-modernas-femininas-com-design-so__54201-e1773236491349.jpeg","datePublished":"2026-03-11T14:38:00+00:00","dateModified":"2026-03-11T13:45:33+00:00","author":{"@id":"https:\/\/www.em.com.br\/emfoco\/#\/schema\/person\/43407752bebcbbb4d0ec79deedc0d7ce"},"description":"As sapatilhas b\u00e1sicas come\u00e7am a perder espa\u00e7o para novos modelos que unem conforto, design moderno e cuidado com os p\u00e9s.","breadcrumb":{"@id":"https:\/\/www.em.com.br\/emfoco\/2026\/03\/11\/adeus-as-sapatilhas-basicas-o-modelo-que-promete-dominar-a-moda-de-2026-e-mais-elegante-e-confortavel\/#breadcrumb"},"inLanguage":"pt-BR","potentialAction":[{"@type":"ReadAction","target":["https:\/\/www.em.com.br\/emfoco\/2026\/03\/11\/adeus-as-sapatilhas-basicas-o-modelo-que-promete-dominar-a-moda-de-2026-e-mais-elegante-e-confortavel\/"]}]},{"@type":"ImageObject","inLanguage":"pt-BR","@id":"https:\/\/www.em.com.br\/emfoco\/2026\/03\/11\/adeus-as-sapatilhas-basicas-o-modelo-que-promete-dominar-a-moda-de-2026-e-mais-elegante-e-confortavel\/#primaryimage","url":"https:\/\/www.em.com.br\/emfoco\/wp-content\/uploads\/2026\/03\/freepik__par-de-sapatilhas-modernas-femininas-com-design-so__54201-e1773236491349.jpeg","contentUrl":"https:\/\/www.em.com.br\/emfoco\/wp-content\/uploads\/2026\/03\/freepik__par-de-sapatilhas-modernas-femininas-com-design-so__54201-e1773236491349.jpeg","width":1280,"height":714,"caption":"Esses novos modelos est\u00e3o chamando aten\u00e7\u00e3o entre as sapatilhas"},{"@type":"BreadcrumbList","@id":"https:\/\/www.em.com.br\/emfoco\/2026\/03\/11\/adeus-as-sapatilhas-basicas-o-modelo-que-promete-dominar-a-moda-de-2026-e-mais-elegante-e-confortavel\/#breadcrumb","itemListElement":[{"@type":"ListItem","position":1,"name":"In\u00edcio","item":"https:\/\/www.em.com.br\/emfoco\/"},{"@type":"ListItem","position":2,"name":"Adeus \u00e0s sapatilhas b\u00e1sicas: o modelo que promete dominar a moda de 2026 \u00e9 mais elegante e confort\u00e1vel"}]},{"@type":"WebSite","@id":"https:\/\/www.em.com.br\/emfoco\/#website","url":"https:\/\/www.em.com.br\/emfoco\/","name":"Estado de Minas - Em foco","description":"Acompanhe as \u00faltimas not\u00edcias e fique bem informado sobre tudo o que acontece em Minas Gerais, Brasil e no mundo.","potentialAction":[{"@type":"SearchAction","target":{"@type":"EntryPoint","urlTemplate":"https:\/\/www.em.com.br\/emfoco\/?s={search_term_string}"},"query-input":{"@type":"PropertyValueSpecification","valueRequired":true,"valueName":"search_term_string"}}],"inLanguage":"pt-BR"},{"@type":"Person","@id":"https:\/\/www.em.com.br\/emfoco\/#\/schema\/person\/43407752bebcbbb4d0ec79deedc0d7ce","name":"Patryck Reinehr","image":{"@type":"ImageObject","inLanguage":"pt-BR","@id":"https:\/\/www.em.com.br\/emfoco\/#\/schema\/person\/image\/","url":"https:\/\/secure.gravatar.com\/avatar\/570c7fb2898c0e2df0823196891bea88?s=96&d=mm&r=g","contentUrl":"https:\/\/secure.gravatar.com\/avatar\/570c7fb2898c0e2df0823196891bea88?s=96&d=mm&r=g","caption":"Patryck Reinehr"},"url":"https:\/\/www.em.com.br\/emfoco\/author\/patryckmyth\/"}]}},"_links":{"self":[{"href":"https:\/\/www.em.com.br\/emfoco\/wp-json\/wp\/v2\/posts\/180090","targetHints":{"allow":["GET"]}}],"collection":[{"href":"https:\/\/www.em.com.br\/emfoco\/wp-json\/wp\/v2\/posts"}],"about":[{"href":"https:\/\/www.em.com.br\/emfoco\/wp-json\/wp\/v2\/types\/post"}],"author":[{"embeddable":true,"href":"https:\/\/www.em.com.br\/emfoco\/wp-json\/wp\/v2\/users\/10"}],"replies":[{"embeddable":true,"href":"https:\/\/www.em.com.br\/emfoco\/wp-json\/wp\/v2\/comments?post=180090"}],"version-history":[{"count":1,"href":"https:\/\/www.em.com.br\/emfoco\/wp-json\/wp\/v2\/posts\/180090\/revisions"}],"predecessor-version":[{"id":180097,"href":"https:\/\/www.em.com.br\/emfoco\/wp-json\/wp\/v2\/posts\/180090\/revisions\/180097"}],"wp:featuredmedia":[{"embeddable":true,"href":"https:\/\/www.em.com.br\/emfoco\/wp-json\/wp\/v2\/media\/180095"}],"wp:attachment":[{"href":"https:\/\/www.em.com.br\/emfoco\/wp-json\/wp\/v2\/media?parent=180090"}],"wp:term":[{"taxonomy":"category","embeddable":true,"href":"https:\/\/www.em.com.br\/emfoco\/wp-json\/wp\/v2\/categories?post=180090"},{"taxonomy":"post_tag","embeddable":true,"href":"https:\/\/www.em.com.br\/emfoco\/wp-json\/wp\/v2\/tags?post=180090"}],"curies":[{"name":"wp","href":"https:\/\/api.w.org\/{rel}","templated":true}]}}