{"id":180083,"date":"2026-03-11T10:35:00","date_gmt":"2026-03-11T13:35:00","guid":{"rendered":"https:\/\/www.em.com.br\/emfoco\/?p=180083"},"modified":"2026-03-11T10:35:08","modified_gmt":"2026-03-11T13:35:08","slug":"uma-vitamina-que-reverte-o-aparecimento-de-cabelos-brancos-eis-o-que-os-cientistas-descobriram","status":"publish","type":"post","link":"https:\/\/www.em.com.br\/emfoco\/2026\/03\/11\/uma-vitamina-que-reverte-o-aparecimento-de-cabelos-brancos-eis-o-que-os-cientistas-descobriram\/","title":{"rendered":"Uma vitamina que reverte o aparecimento de cabelos brancos? Eis o que os cientistas descobriram"},"content":{"rendered":"\n<p>Quando os <strong>cabelos brancos<\/strong> come\u00e7am a aparecer antes do esperado, \u00e9 natural buscar solu\u00e7\u00f5es que realmente fa\u00e7am sentido na rotina de cuidados. Entre os ativos que v\u00eam chamando aten\u00e7\u00e3o, a <strong>vitamina B5<\/strong> entrou no radar ap\u00f3s observa\u00e7\u00f5es cient\u00edficas iniciais apontarem uma poss\u00edvel rela\u00e7\u00e3o com o <strong>escurecimento parcial de fios<\/strong> em processo de embranquecimento, o que transformou o tema em um dos mais comentados entre quem deseja preservar a <strong>cor e a vitalidade dos cabelos<\/strong>.<\/p>\n\n\n\n<h2 class=\"wp-block-heading\">A vitamina B5 pode mesmo ajudar a reverter cabelos brancos?<\/h2>\n\n\n\n<p>A resposta mais honesta \u00e9 que ainda n\u00e3o existe milagre comprovado, mas h\u00e1 um ponto interessante. Pesquisadores observaram que a suplementa\u00e7\u00e3o com <strong>pantotenato de c\u00e1lcio<\/strong>, uma forma da <strong><a href=\"https:\/\/restorativemedicine.org\/library\/monographs\/vitamin-b5-pantothenic-acid\/\" target=\"_blank\" rel=\"noreferrer noopener\">vitamina B5<\/a><\/strong>, esteve associada ao <strong>escurecimento parcial de fios<\/strong> em alguns participantes, o que despertou grande interesse no universo dos <strong>cuidados capilares<\/strong>.<\/p>\n\n\n\n<p>Ao mesmo tempo, \u00e9 importante manter os p\u00e9s no ch\u00e3o. O achado ainda \u00e9 <strong>preliminar<\/strong> e n\u00e3o permite afirmar que a vitamina reverta os <strong>cabelos brancos<\/strong> em todos os casos, mas refor\u00e7a que a <strong>sa\u00fade do fio come\u00e7a de dentro para fora<\/strong>, com aten\u00e7\u00e3o \u00e0 nutri\u00e7\u00e3o, ao equil\u00edbrio do organismo e \u00e0 qualidade da <strong>rotina de beleza<\/strong>.<\/p>\n\n\n\n<h2 class=\"wp-block-heading\">Por que os cabelos ficam brancos com o passar do tempo?<\/h2>\n\n\n\n<p>Os fios perdem cor principalmente por causa da <strong>redu\u00e7\u00e3o gradual da melanina<\/strong>, pigmento respons\u00e1vel pelo <strong>tom natural do cabelo<\/strong>. Com o avan\u00e7o da idade, as c\u00e9lulas envolvidas nesse processo passam a trabalhar com menos efici\u00eancia, fazendo com que o cabelo fique <a href=\"https:\/\/www.em.com.br\/emfoco\/2026\/03\/05\/cabelos-grisalhos-sao-o-novo-chique-5-cortes-que-te-fazem-parecer-mais-jovem-sem-precisar-tingir\/\" target=\"_blank\" rel=\"noreferrer noopener\"><strong>grisalho<\/strong> <\/a>e, depois, totalmente branco.<\/p>\n\n\n\n<p>Mas esse processo n\u00e3o depende apenas do tempo. <strong>Fatores gen\u00e9ticos<\/strong>, estresse, alimenta\u00e7\u00e3o desequilibrada e <strong>defici\u00eancias nutricionais<\/strong> podem influenciar a apar\u00eancia dos fios, especialmente quando o embranquecimento surge cedo e vem acompanhado de <strong>queda, ressecamento ou perda de brilho<\/strong>.<\/p>\n\n\n\n<figure class=\"wp-block-image size-large\"><img loading=\"lazy\" decoding=\"async\" width=\"1024\" height=\"576\" src=\"https:\/\/www.em.com.br\/emfoco\/wp-content\/uploads\/2026\/03\/X-2026-03-11T102928.059-1024x576.jpg\" alt=\"Uma vitamina que reverte o aparecimento de cabelos brancos? Eis o que os cientistas descobriram\" class=\"wp-image-180091\" srcset=\"https:\/\/www.em.com.br\/emfoco\/wp-content\/uploads\/2026\/03\/X-2026-03-11T102928.059-1024x576.jpg 1024w, https:\/\/www.em.com.br\/emfoco\/wp-content\/uploads\/2026\/03\/X-2026-03-11T102928.059-300x169.jpg 300w, https:\/\/www.em.com.br\/emfoco\/wp-content\/uploads\/2026\/03\/X-2026-03-11T102928.059-768x432.jpg 768w, https:\/\/www.em.com.br\/emfoco\/wp-content\/uploads\/2026\/03\/X-2026-03-11T102928.059-1536x864.jpg 1536w, https:\/\/www.em.com.br\/emfoco\/wp-content\/uploads\/2026\/03\/X-2026-03-11T102928.059-2048x1152.jpg 2048w, https:\/\/www.em.com.br\/emfoco\/wp-content\/uploads\/2026\/03\/X-2026-03-11T102928.059-750x422.jpg 750w, https:\/\/www.em.com.br\/emfoco\/wp-content\/uploads\/2026\/03\/X-2026-03-11T102928.059-1140x641.jpg 1140w\" sizes=\"auto, (max-width: 1024px) 100vw, 1024px\" \/><figcaption class=\"wp-element-caption\">A vitamina B5 participa de diversos processos metab\u00f3licos do organismo<\/figcaption><\/figure>\n\n\n\n<h2 class=\"wp-block-heading\">Quais h\u00e1bitos favorecem fios mais bonitos e com apar\u00eancia jovem?<\/h2>\n\n\n\n<p>Antes de pensar em c\u00e1psulas ou f\u00f3rmulas prontas, vale olhar para os h\u00e1bitos que sustentam a <strong>beleza dos cabelos no dia a dia<\/strong>. Pequenas escolhas consistentes podem colaborar para um visual mais <strong>saud\u00e1vel, encorpado e luminoso<\/strong>, al\u00e9m de ajudar a preservar melhor a apar\u00eancia natural da fibra capilar.<\/p>\n\n\n\n<ul class=\"wp-block-list\">\n<li><strong>Manter uma alimenta\u00e7\u00e3o variada e rica em nutrientes<\/strong><\/li>\n\n\n\n<li><strong>Evitar excesso de qu\u00edmica e calor sem prote\u00e7\u00e3o t\u00e9rmica<\/strong><\/li>\n\n\n\n<li><strong>Priorizar produtos que respeitem o couro cabeludo<\/strong><\/li>\n\n\n\n<li><strong>Reduzir agress\u00f5es como sol intenso e lavagem inadequada<\/strong><\/li>\n\n\n\n<li><strong>Investir em hidrata\u00e7\u00e3o e nutri\u00e7\u00e3o com frequ\u00eancia<\/strong><\/li>\n<\/ul>\n\n\n\n<p>Esse conjunto de cuidados n\u00e3o interrompe sozinho o surgimento dos <strong>cabelos brancos<\/strong>, mas melhora bastante a <strong>qualidade est\u00e9tica dos fios<\/strong>. Na pr\u00e1tica, cabelo bem tratado reflete mais luz, tem <strong>toque sedoso<\/strong> e ganha um aspecto visual muito mais <strong>refinado e saud\u00e1vel<\/strong>.<\/p>\n\n\n\n<h2 class=\"wp-block-heading\">Onde encontrar vitamina B5 na rotina alimentar?<\/h2>\n\n\n\n<p>Como a <strong>vitamina B5<\/strong> participa de diversos processos do organismo, garantir sua presen\u00e7a no card\u00e1pio \u00e9 uma estrat\u00e9gia inteligente para quem valoriza cuidados de beleza com base em <strong>const\u00e2ncia e equil\u00edbrio nutricional<\/strong>. Em vez de come\u00e7ar pela suplementa\u00e7\u00e3o por conta pr\u00f3pria, faz mais sentido observar primeiro a <strong>alimenta\u00e7\u00e3o di\u00e1ria<\/strong>.<\/p>\n\n\n\n<ul class=\"wp-block-list\">\n<li><strong>Carnes e peixes<\/strong><\/li>\n\n\n\n<li><strong>Ovos<\/strong><\/li>\n\n\n\n<li><strong>Nozes, castanhas e sementes<\/strong><\/li>\n\n\n\n<li><strong>Vegetais folhosos<\/strong><\/li>\n\n\n\n<li><strong>Alimentos integrais<\/strong><\/li>\n<\/ul>\n\n\n\n<p>Quando o consumo desses alimentos \u00e9 regular, a rotina fica mais favor\u00e1vel ao <strong>equil\u00edbrio nutricional<\/strong> que tamb\u00e9m impacta <strong>cabelo, pele e unhas<\/strong>. Se houver suspeita de car\u00eancia, o ideal \u00e9 avaliar com <strong>orienta\u00e7\u00e3o profissional<\/strong>, principalmente quando os fios mudam rapidamente de textura, densidade e colora\u00e7\u00e3o.<\/p>\n\n\n\n<h2 class=\"wp-block-heading\">Quando vale investigar os cabelos brancos com mais aten\u00e7\u00e3o?<\/h2>\n\n\n\n<p>Se os <strong>fios brancos surgem muito cedo<\/strong> ou aparecem junto com <strong>queda intensa<\/strong>, enfraquecimento e cansa\u00e7o frequente, conv\u00e9m investigar. Em muitos casos, o cabelo funciona como um <strong>espelho do organismo<\/strong> e pode sinalizar que algo precisa de mais cuidado, inclusive no campo das <strong>vitaminas e minerais<\/strong>.<\/p>\n\n\n\n<p>Nesse cen\u00e1rio, <strong>exames b\u00e1sicos<\/strong> ajudam a entender melhor o que est\u00e1 acontecendo e evitam tentativas aleat\u00f3rias que s\u00f3 geram frustra\u00e7\u00e3o. Mais do que promessas r\u00e1pidas, o melhor caminho \u00e9 unir <strong>informa\u00e7\u00e3o confi\u00e1vel<\/strong>, acompanhamento adequado e uma <strong>rotina capilar bem pensada<\/strong> para manter os fios bonitos em todas as fases.<\/p>\n","protected":false},"excerpt":{"rendered":"<p>Quando os cabelos brancos come\u00e7am a aparecer antes do esperado, \u00e9 natural buscar solu\u00e7\u00f5es que realmente fa\u00e7am sentido na rotina de cuidados. Entre os ativos que v\u00eam chamando aten\u00e7\u00e3o, a vitamina B5 entrou no radar ap\u00f3s observa\u00e7\u00f5es cient\u00edficas iniciais apontarem uma poss\u00edvel rela\u00e7\u00e3o com o escurecimento parcial de fios em processo de embranquecimento, o que [&hellip;]<\/p>\n","protected":false},"author":28,"featured_media":180092,"comment_status":"open","ping_status":"open","sticky":false,"template":"","format":"standard","meta":{"jnews-multi-image_gallery":[],"jnews_single_post":{"format":"standard"},"jnews_primary_category":[],"jnews_social_meta":[],"jnews_override_counter":[],"footnotes":""},"categories":[8691],"tags":[8198,25992,25993,25991],"class_list":["post-180083","post","type-post","status-publish","format-standard","has-post-thumbnail","hentry","category-bem-estar","tag-cabelos-brancos","tag-pantotenato-de-calcio","tag-pigmentacao-capilar","tag-vitamina-b5"],"yoast_head":"<!-- This site is optimized with the Yoast SEO plugin v23.8 - https:\/\/yoast.com\/wordpress\/plugins\/seo\/ -->\n<title>Uma vitamina que reverte o aparecimento de cabelos brancos? Eis o que os cientistas descobriram - Estado de Minas - Em foco<\/title>\n<meta name=\"description\" content=\"Vitamina B5 pode estar ligada ao escurecimento parcial de cabelos brancos, segundo observa\u00e7\u00f5es cient\u00edficas iniciais.\" \/>\n<meta name=\"robots\" content=\"index, follow, max-snippet:-1, max-image-preview:large, max-video-preview:-1\" \/>\n<link rel=\"canonical\" href=\"https:\/\/www.em.com.br\/emfoco\/2026\/03\/11\/uma-vitamina-que-reverte-o-aparecimento-de-cabelos-brancos-eis-o-que-os-cientistas-descobriram\/\" \/>\n<meta property=\"og:locale\" content=\"pt_BR\" \/>\n<meta property=\"og:type\" content=\"article\" \/>\n<meta property=\"og:title\" content=\"Uma vitamina que reverte o aparecimento de cabelos brancos? Eis o que os cientistas descobriram - Estado de Minas - Em foco\" \/>\n<meta property=\"og:description\" content=\"Vitamina B5 pode estar ligada ao escurecimento parcial de cabelos brancos, segundo observa\u00e7\u00f5es cient\u00edficas iniciais.\" \/>\n<meta property=\"og:url\" content=\"https:\/\/www.em.com.br\/emfoco\/2026\/03\/11\/uma-vitamina-que-reverte-o-aparecimento-de-cabelos-brancos-eis-o-que-os-cientistas-descobriram\/\" \/>\n<meta property=\"og:site_name\" content=\"Estado de Minas - Em foco\" \/>\n<meta property=\"article:published_time\" content=\"2026-03-11T13:35:00+00:00\" \/>\n<meta property=\"article:modified_time\" content=\"2026-03-11T13:35:08+00:00\" \/>\n<meta property=\"og:image\" content=\"https:\/\/www.em.com.br\/emfoco\/wp-content\/uploads\/2026\/03\/X-2026-03-11T102549.080.jpg\" \/>\n\t<meta property=\"og:image:width\" content=\"2560\" \/>\n\t<meta property=\"og:image:height\" content=\"1440\" \/>\n\t<meta property=\"og:image:type\" content=\"image\/jpeg\" \/>\n<meta name=\"author\" content=\"Elis Gabrielle Santos Souza\" \/>\n<meta name=\"twitter:card\" content=\"summary_large_image\" \/>\n<meta name=\"twitter:label1\" content=\"Escrito por\" \/>\n\t<meta name=\"twitter:data1\" content=\"Elis Gabrielle Santos Souza\" \/>\n\t<meta name=\"twitter:label2\" content=\"Est. tempo de leitura\" \/>\n\t<meta name=\"twitter:data2\" content=\"4 minutos\" \/>\n<!-- \/ Yoast SEO plugin. -->","yoast_head_json":{"title":"Uma vitamina que reverte o aparecimento de cabelos brancos? Eis o que os cientistas descobriram - Estado de Minas - Em foco","description":"Vitamina B5 pode estar ligada ao escurecimento parcial de cabelos brancos, segundo observa\u00e7\u00f5es cient\u00edficas iniciais.","robots":{"index":"index","follow":"follow","max-snippet":"max-snippet:-1","max-image-preview":"max-image-preview:large","max-video-preview":"max-video-preview:-1"},"canonical":"https:\/\/www.em.com.br\/emfoco\/2026\/03\/11\/uma-vitamina-que-reverte-o-aparecimento-de-cabelos-brancos-eis-o-que-os-cientistas-descobriram\/","og_locale":"pt_BR","og_type":"article","og_title":"Uma vitamina que reverte o aparecimento de cabelos brancos? Eis o que os cientistas descobriram - Estado de Minas - Em foco","og_description":"Vitamina B5 pode estar ligada ao escurecimento parcial de cabelos brancos, segundo observa\u00e7\u00f5es cient\u00edficas iniciais.","og_url":"https:\/\/www.em.com.br\/emfoco\/2026\/03\/11\/uma-vitamina-que-reverte-o-aparecimento-de-cabelos-brancos-eis-o-que-os-cientistas-descobriram\/","og_site_name":"Estado de Minas - Em foco","article_published_time":"2026-03-11T13:35:00+00:00","article_modified_time":"2026-03-11T13:35:08+00:00","og_image":[{"width":2560,"height":1440,"url":"https:\/\/www.em.com.br\/emfoco\/wp-content\/uploads\/2026\/03\/X-2026-03-11T102549.080.jpg","type":"image\/jpeg"}],"author":"Elis Gabrielle Santos Souza","twitter_card":"summary_large_image","twitter_misc":{"Escrito por":"Elis Gabrielle Santos Souza","Est. tempo de leitura":"4 minutos"},"schema":{"@context":"https:\/\/schema.org","@graph":[{"@type":"WebPage","@id":"https:\/\/www.em.com.br\/emfoco\/2026\/03\/11\/uma-vitamina-que-reverte-o-aparecimento-de-cabelos-brancos-eis-o-que-os-cientistas-descobriram\/","url":"https:\/\/www.em.com.br\/emfoco\/2026\/03\/11\/uma-vitamina-que-reverte-o-aparecimento-de-cabelos-brancos-eis-o-que-os-cientistas-descobriram\/","name":"Uma vitamina que reverte o aparecimento de cabelos brancos? Eis o que os cientistas descobriram - Estado de Minas - Em foco","isPartOf":{"@id":"https:\/\/www.em.com.br\/emfoco\/#website"},"primaryImageOfPage":{"@id":"https:\/\/www.em.com.br\/emfoco\/2026\/03\/11\/uma-vitamina-que-reverte-o-aparecimento-de-cabelos-brancos-eis-o-que-os-cientistas-descobriram\/#primaryimage"},"image":{"@id":"https:\/\/www.em.com.br\/emfoco\/2026\/03\/11\/uma-vitamina-que-reverte-o-aparecimento-de-cabelos-brancos-eis-o-que-os-cientistas-descobriram\/#primaryimage"},"thumbnailUrl":"https:\/\/www.em.com.br\/emfoco\/wp-content\/uploads\/2026\/03\/X-2026-03-11T102549.080.jpg","datePublished":"2026-03-11T13:35:00+00:00","dateModified":"2026-03-11T13:35:08+00:00","author":{"@id":"https:\/\/www.em.com.br\/emfoco\/#\/schema\/person\/0c545bffa944f9caa147d776b5f6f1f5"},"description":"Vitamina B5 pode estar ligada ao escurecimento parcial de cabelos brancos, segundo observa\u00e7\u00f5es cient\u00edficas iniciais.","breadcrumb":{"@id":"https:\/\/www.em.com.br\/emfoco\/2026\/03\/11\/uma-vitamina-que-reverte-o-aparecimento-de-cabelos-brancos-eis-o-que-os-cientistas-descobriram\/#breadcrumb"},"inLanguage":"pt-BR","potentialAction":[{"@type":"ReadAction","target":["https:\/\/www.em.com.br\/emfoco\/2026\/03\/11\/uma-vitamina-que-reverte-o-aparecimento-de-cabelos-brancos-eis-o-que-os-cientistas-descobriram\/"]}]},{"@type":"ImageObject","inLanguage":"pt-BR","@id":"https:\/\/www.em.com.br\/emfoco\/2026\/03\/11\/uma-vitamina-que-reverte-o-aparecimento-de-cabelos-brancos-eis-o-que-os-cientistas-descobriram\/#primaryimage","url":"https:\/\/www.em.com.br\/emfoco\/wp-content\/uploads\/2026\/03\/X-2026-03-11T102549.080.jpg","contentUrl":"https:\/\/www.em.com.br\/emfoco\/wp-content\/uploads\/2026\/03\/X-2026-03-11T102549.080.jpg","width":2560,"height":1440,"caption":"A redu\u00e7\u00e3o da melanina faz com que os fios fiquem grisalhos"},{"@type":"BreadcrumbList","@id":"https:\/\/www.em.com.br\/emfoco\/2026\/03\/11\/uma-vitamina-que-reverte-o-aparecimento-de-cabelos-brancos-eis-o-que-os-cientistas-descobriram\/#breadcrumb","itemListElement":[{"@type":"ListItem","position":1,"name":"In\u00edcio","item":"https:\/\/www.em.com.br\/emfoco\/"},{"@type":"ListItem","position":2,"name":"Uma vitamina que reverte o aparecimento de cabelos brancos? Eis o que os cientistas descobriram"}]},{"@type":"WebSite","@id":"https:\/\/www.em.com.br\/emfoco\/#website","url":"https:\/\/www.em.com.br\/emfoco\/","name":"Estado de Minas - Em foco","description":"Acompanhe as \u00faltimas not\u00edcias e fique bem informado sobre tudo o que acontece em Minas Gerais, Brasil e no mundo.","potentialAction":[{"@type":"SearchAction","target":{"@type":"EntryPoint","urlTemplate":"https:\/\/www.em.com.br\/emfoco\/?s={search_term_string}"},"query-input":{"@type":"PropertyValueSpecification","valueRequired":true,"valueName":"search_term_string"}}],"inLanguage":"pt-BR"},{"@type":"Person","@id":"https:\/\/www.em.com.br\/emfoco\/#\/schema\/person\/0c545bffa944f9caa147d776b5f6f1f5","name":"Elis Gabrielle Santos Souza","image":{"@type":"ImageObject","inLanguage":"pt-BR","@id":"https:\/\/www.em.com.br\/emfoco\/#\/schema\/person\/image\/","url":"https:\/\/secure.gravatar.com\/avatar\/1dc86c254cebb74d9c8a14da612c52db?s=96&d=mm&r=g","contentUrl":"https:\/\/secure.gravatar.com\/avatar\/1dc86c254cebb74d9c8a14da612c52db?s=96&d=mm&r=g","caption":"Elis Gabrielle Santos Souza"},"sameAs":["https:\/\/www.em.com.br\/emfoco"],"url":"https:\/\/www.em.com.br\/emfoco\/author\/elis-myth\/"}]}},"_links":{"self":[{"href":"https:\/\/www.em.com.br\/emfoco\/wp-json\/wp\/v2\/posts\/180083","targetHints":{"allow":["GET"]}}],"collection":[{"href":"https:\/\/www.em.com.br\/emfoco\/wp-json\/wp\/v2\/posts"}],"about":[{"href":"https:\/\/www.em.com.br\/emfoco\/wp-json\/wp\/v2\/types\/post"}],"author":[{"embeddable":true,"href":"https:\/\/www.em.com.br\/emfoco\/wp-json\/wp\/v2\/users\/28"}],"replies":[{"embeddable":true,"href":"https:\/\/www.em.com.br\/emfoco\/wp-json\/wp\/v2\/comments?post=180083"}],"version-history":[{"count":1,"href":"https:\/\/www.em.com.br\/emfoco\/wp-json\/wp\/v2\/posts\/180083\/revisions"}],"predecessor-version":[{"id":180093,"href":"https:\/\/www.em.com.br\/emfoco\/wp-json\/wp\/v2\/posts\/180083\/revisions\/180093"}],"wp:featuredmedia":[{"embeddable":true,"href":"https:\/\/www.em.com.br\/emfoco\/wp-json\/wp\/v2\/media\/180092"}],"wp:attachment":[{"href":"https:\/\/www.em.com.br\/emfoco\/wp-json\/wp\/v2\/media?parent=180083"}],"wp:term":[{"taxonomy":"category","embeddable":true,"href":"https:\/\/www.em.com.br\/emfoco\/wp-json\/wp\/v2\/categories?post=180083"},{"taxonomy":"post_tag","embeddable":true,"href":"https:\/\/www.em.com.br\/emfoco\/wp-json\/wp\/v2\/tags?post=180083"}],"curies":[{"name":"wp","href":"https:\/\/api.w.org\/{rel}","templated":true}]}}