{"id":180080,"date":"2026-03-11T10:38:00","date_gmt":"2026-03-11T13:38:00","guid":{"rendered":"https:\/\/www.em.com.br\/emfoco\/?p=180080"},"modified":"2026-03-11T10:26:37","modified_gmt":"2026-03-11T13:26:37","slug":"esse-mau-habito-acelera-o-aparecimento-de-cabelos-brancos-e-grisalhos-em-mulheres-40","status":"publish","type":"post","link":"https:\/\/www.em.com.br\/emfoco\/2026\/03\/11\/esse-mau-habito-acelera-o-aparecimento-de-cabelos-brancos-e-grisalhos-em-mulheres-40\/","title":{"rendered":"Esse mau h\u00e1bito acelera o aparecimento de cabelos brancos e grisalhos em mulheres 40+"},"content":{"rendered":"\n<p>Os <strong>cabelos brancos<\/strong> fazem parte da jornada natural de envelhecimento, mas certos h\u00e1bitos do dia a dia podem antecipar esse processo de forma significativa em mulheres acima dos 40 anos. O que muitas n\u00e3o sabem \u00e9 que uma rotina aparentemente inofensiva est\u00e1 agindo diretamente contra os fol\u00edculos capilares e acelerando a perda de pigmenta\u00e7\u00e3o. Entender o que est\u00e1 por tr\u00e1s desse fen\u00f4meno \u00e9 o primeiro passo para cuidar melhor da sa\u00fade e da beleza dos fios.<\/p>\n\n\n\n<h2 class=\"wp-block-heading\">Por que os cabelos brancos aparecem mais cedo em algumas mulheres?<\/h2>\n\n\n\n<p>A cor dos fios \u00e9 determinada pela <strong>melanina<\/strong>, pigmento produzido pelos melan\u00f3citos presentes nos fol\u00edculos capilares. Com o passar dos anos, especialmente ap\u00f3s os 40, a produ\u00e7\u00e3o desse pigmento vai diminuindo naturalmente. No entanto, fatores externos e internos podem acelerar esse processo muito antes do esperado.<\/p>\n\n\n\n<p>Gen\u00e9tica, alimenta\u00e7\u00e3o deficiente e estresse cr\u00f4nico est\u00e3o entre os principais gatilhos para o surgimento precoce dos cabelos brancos. Quando esses fatores se combinam com maus h\u00e1bitos di\u00e1rios, o resultado \u00e9 uma queda ainda mais r\u00e1pida na produ\u00e7\u00e3o de melanina, comprometendo a vitalidade e o tom natural dos fios.<\/p>\n\n\n\n<h2 class=\"wp-block-heading\">Qual \u00e9 o mau h\u00e1bito que mais acelera os cabelos brancos?<\/h2>\n\n\n\n<p>O estresse cr\u00f4nico \u00e9, sem d\u00favida, o principal vil\u00e3o do envelhecimento capilar precoce. Quando o organismo entra em estado de estresse prolongado, libera uma quantidade excessiva de noradrenalina, subst\u00e2ncia que danifica diretamente as c\u00e9lulas respons\u00e1veis pela produ\u00e7\u00e3o de melanina nos fol\u00edculos. O resultado aparece nos fios em poucos meses.<\/p>\n\n\n\n<p>Estudos na \u00e1rea de dermatologia e tricologia confirmam que mulheres submetidas a altos n\u00edveis de press\u00e3o emocional apresentam surgimento mais acelerado de cabelos brancos. Isso acontece porque o estresse n\u00e3o apenas esgota os melan\u00f3citos, mas tamb\u00e9m compromete a renova\u00e7\u00e3o celular dos fios, deixando o cabelo mais fr\u00e1gil, opaco e sem brilho.<\/p>\n\n\n\n<h2 class=\"wp-block-heading\">Quais outros h\u00e1bitos contribuem para o aparecimento precoce dos fios brancos?<\/h2>\n\n\n\n<p>Al\u00e9m do estresse, outros comportamentos cotidianos impactam diretamente a sa\u00fade dos cabelos e aceleram a despigmenta\u00e7\u00e3o. Identificar esses h\u00e1bitos \u00e9 essencial para quem quer preservar a cor natural dos fios por mais tempo. Veja os mais comuns:<\/p>\n\n\n<div class=\"wp-block-image\">\n<figure class=\"aligncenter size-large\"><img loading=\"lazy\" decoding=\"async\" width=\"1024\" height=\"842\" src=\"https:\/\/www.em.com.br\/emfoco\/wp-content\/uploads\/2026\/03\/convertido-5-1024x842.jpg\" alt=\"Algumas mulheres notam fios brancos mais cedo por causa de um h\u00e1bito\" class=\"wp-image-180084\" srcset=\"https:\/\/www.em.com.br\/emfoco\/wp-content\/uploads\/2026\/03\/convertido-5-1024x842.jpg 1024w, https:\/\/www.em.com.br\/emfoco\/wp-content\/uploads\/2026\/03\/convertido-5-300x247.jpg 300w, https:\/\/www.em.com.br\/emfoco\/wp-content\/uploads\/2026\/03\/convertido-5-768x632.jpg 768w, https:\/\/www.em.com.br\/emfoco\/wp-content\/uploads\/2026\/03\/convertido-5-750x617.jpg 750w, https:\/\/www.em.com.br\/emfoco\/wp-content\/uploads\/2026\/03\/convertido-5-1140x938.jpg 1140w, https:\/\/www.em.com.br\/emfoco\/wp-content\/uploads\/2026\/03\/convertido-5.jpg 1280w\" sizes=\"auto, (max-width: 1024px) 100vw, 1024px\" \/><figcaption class=\"wp-element-caption\">Algumas mulheres notam fios brancos mais cedo por causa de um h\u00e1bito<\/figcaption><\/figure><\/div>\n\n\n<p>Cada um desses h\u00e1bitos, isoladamente, j\u00e1 representa um risco para a sa\u00fade capilar. Combinados, eles criam um ambiente muito desfavor\u00e1vel para a manuten\u00e7\u00e3o da cor e da vitalidade dos fios ap\u00f3s os 40 anos.<\/p>\n\n\n\n<h2 class=\"wp-block-heading\">Como cuidar dos cabelos brancos e retardar o processo com a rotina certa?<\/h2>\n\n\n\n<p>Adotar uma rotina de beleza e bem-estar voltada para a sa\u00fade capilar faz toda a <a href=\"https:\/\/www.em.com.br\/emfoco\/2026\/03\/09\/adeus-as-tintas-nova-tendencia-para-cabelos-brancos-promete-visual-mais-natural-e-aparencia-mais-jovem\/\" target=\"_blank\" rel=\"noreferrer noopener\">diferen\u00e7a na velocidade com que os cabelos brancos avan\u00e7am<\/a>. A boa not\u00edcia \u00e9 que pequenas mudan\u00e7as de h\u00e1bito j\u00e1 produzem resultados vis\u00edveis em poucas semanas. Algumas pr\u00e1ticas que ajudam a proteger os fios s\u00e3o:<\/p>\n\n\n\n<ul class=\"wp-block-list\">\n<li>Investir em uma alimenta\u00e7\u00e3o rica em antioxidantes, cobre, zinco e vitaminas do complexo B para nutrir os fol\u00edculos<\/li>\n\n\n\n<li>Praticar atividade f\u00edsica regularmente para reduzir o estresse e melhorar a circula\u00e7\u00e3o no couro cabeludo<\/li>\n\n\n\n<li>Incluir t\u00e9cnicas de relaxamento na rotina, como medita\u00e7\u00e3o, respira\u00e7\u00e3o consciente ou yoga<\/li>\n\n\n\n<li>Usar produtos capilares com ativos que fortalecem o fio e estimulam a produ\u00e7\u00e3o de queratina<\/li>\n\n\n\n<li>Consultar um dermatologista ou tricologista para avaliar defici\u00eancias nutricionais que possam estar acelerando o processo<\/li>\n<\/ul>\n\n\n<div class=\"wp-block-image\">\n<figure class=\"aligncenter size-large\"><img loading=\"lazy\" decoding=\"async\" width=\"1024\" height=\"572\" src=\"https:\/\/www.em.com.br\/emfoco\/wp-content\/uploads\/2026\/03\/freepik__close-de-mecha-de-cabelo-com-mistura-de-fios-escur__54200-1024x572.jpeg\" alt=\"Esse mau h\u00e1bito acelera o aparecimento de cabelos brancos e grisalhos em mulheres 40+\" class=\"wp-image-180086\"\/><figcaption class=\"wp-element-caption\">Algumas rotinas do dia a dia podem acelerar os fios brancos<\/figcaption><\/figure><\/div>\n\n\n<p>Cuidar dos cabelos brancos, quando eles j\u00e1 aparecem, tamb\u00e9m faz parte da rotina de beleza. Hidrata\u00e7\u00e3o intensa, shampoos violeta para neutralizar o amarelado e finalizadores com prote\u00e7\u00e3o UV s\u00e3o aliados indispens\u00e1veis para manter os fios bonitos, brilhantes e com apar\u00eancia saud\u00e1vel.<\/p>\n\n\n\n<h2 class=\"wp-block-heading\">Vale a pena abra\u00e7ar os cabelos brancos ou investir em colora\u00e7\u00e3o?<\/h2>\n\n\n\n<p>Essa \u00e9 uma escolha completamente pessoal, e as duas op\u00e7\u00f5es s\u00e3o v\u00e1lidas para mulheres acima dos 40. O movimento de transi\u00e7\u00e3o capilar, que consiste em abandonar a tintura e deixar os cabelos brancos crescerem naturalmente, ganhou for\u00e7a nos \u00faltimos anos e trouxe uma nova perspectiva sobre beleza, autoestima e envelhecimento com eleg\u00e2ncia.<\/p>\n\n\n\n<p>Por outro lado, quem prefere manter a colora\u00e7\u00e3o pode fazer isso com sa\u00fade, escolhendo tinturas de baixa agressividade e priorizando o cuidado com a hidrata\u00e7\u00e3o e a nutri\u00e7\u00e3o dos fios. O mais importante \u00e9 que a decis\u00e3o esteja alinhada com o bem-estar emocional e a autoconfian\u00e7a, porque cabelo saud\u00e1vel e bonito come\u00e7a, sempre, de dentro para fora.<\/p>\n","protected":false},"excerpt":{"rendered":"<p>Os cabelos brancos fazem parte da jornada natural de envelhecimento, mas certos h\u00e1bitos do dia a dia podem antecipar esse processo de forma significativa em mulheres acima dos 40 anos. O que muitas n\u00e3o sabem \u00e9 que uma rotina aparentemente inofensiva est\u00e1 agindo diretamente contra os fol\u00edculos capilares e acelerando a perda de pigmenta\u00e7\u00e3o. Entender [&hellip;]<\/p>\n","protected":false},"author":10,"featured_media":180085,"comment_status":"open","ping_status":"open","sticky":false,"template":"","format":"standard","meta":{"jnews-multi-image_gallery":[],"jnews_single_post":{"format":"standard"},"jnews_primary_category":[],"jnews_social_meta":[],"jnews_override_counter":[],"footnotes":""},"categories":[1],"tags":[15796,8198,25990],"class_list":["post-180080","post","type-post","status-publish","format-standard","has-post-thumbnail","hentry","category-noticias","tag-cabelo-grisalho","tag-cabelos-brancos","tag-mau-habito"],"yoast_head":"<!-- This site is optimized with the Yoast SEO plugin v23.8 - https:\/\/yoast.com\/wordpress\/plugins\/seo\/ -->\n<title>Esse mau h\u00e1bito acelera o aparecimento de cabelos brancos e grisalhos em mulheres 40+ - Estado de Minas - Em foco<\/title>\n<meta name=\"description\" content=\"Alguns h\u00e1bitos comuns podem acelerar o surgimento de cabelos brancos depois dos 40 e muitas mulheres nem percebem.\" \/>\n<meta name=\"robots\" content=\"index, follow, max-snippet:-1, max-image-preview:large, max-video-preview:-1\" \/>\n<link rel=\"canonical\" href=\"https:\/\/www.em.com.br\/emfoco\/2026\/03\/11\/esse-mau-habito-acelera-o-aparecimento-de-cabelos-brancos-e-grisalhos-em-mulheres-40\/\" \/>\n<meta property=\"og:locale\" content=\"pt_BR\" \/>\n<meta property=\"og:type\" content=\"article\" \/>\n<meta property=\"og:title\" content=\"Esse mau h\u00e1bito acelera o aparecimento de cabelos brancos e grisalhos em mulheres 40+ - Estado de Minas - Em foco\" \/>\n<meta property=\"og:description\" content=\"Alguns h\u00e1bitos comuns podem acelerar o surgimento de cabelos brancos depois dos 40 e muitas mulheres nem percebem.\" \/>\n<meta property=\"og:url\" content=\"https:\/\/www.em.com.br\/emfoco\/2026\/03\/11\/esse-mau-habito-acelera-o-aparecimento-de-cabelos-brancos-e-grisalhos-em-mulheres-40\/\" \/>\n<meta property=\"og:site_name\" content=\"Estado de Minas - Em foco\" \/>\n<meta property=\"article:published_time\" content=\"2026-03-11T13:38:00+00:00\" \/>\n<meta property=\"article:modified_time\" content=\"2026-03-11T13:26:37+00:00\" \/>\n<meta property=\"og:image\" content=\"https:\/\/www.em.com.br\/emfoco\/wp-content\/uploads\/2026\/03\/freepik__escova-de-cabelo-sobre-bancada-de-banheiro-com-vri__54199-e1773235495806.jpeg\" \/>\n\t<meta property=\"og:image:width\" content=\"1280\" \/>\n\t<meta property=\"og:image:height\" content=\"714\" \/>\n\t<meta property=\"og:image:type\" content=\"image\/jpeg\" \/>\n<meta name=\"author\" content=\"Patryck Reinehr\" \/>\n<meta name=\"twitter:card\" content=\"summary_large_image\" \/>\n<meta name=\"twitter:label1\" content=\"Escrito por\" \/>\n\t<meta name=\"twitter:data1\" content=\"Patryck Reinehr\" \/>\n\t<meta name=\"twitter:label2\" content=\"Est. tempo de leitura\" \/>\n\t<meta name=\"twitter:data2\" content=\"5 minutos\" \/>\n<!-- \/ Yoast SEO plugin. -->","yoast_head_json":{"title":"Esse mau h\u00e1bito acelera o aparecimento de cabelos brancos e grisalhos em mulheres 40+ - Estado de Minas - Em foco","description":"Alguns h\u00e1bitos comuns podem acelerar o surgimento de cabelos brancos depois dos 40 e muitas mulheres nem percebem.","robots":{"index":"index","follow":"follow","max-snippet":"max-snippet:-1","max-image-preview":"max-image-preview:large","max-video-preview":"max-video-preview:-1"},"canonical":"https:\/\/www.em.com.br\/emfoco\/2026\/03\/11\/esse-mau-habito-acelera-o-aparecimento-de-cabelos-brancos-e-grisalhos-em-mulheres-40\/","og_locale":"pt_BR","og_type":"article","og_title":"Esse mau h\u00e1bito acelera o aparecimento de cabelos brancos e grisalhos em mulheres 40+ - Estado de Minas - Em foco","og_description":"Alguns h\u00e1bitos comuns podem acelerar o surgimento de cabelos brancos depois dos 40 e muitas mulheres nem percebem.","og_url":"https:\/\/www.em.com.br\/emfoco\/2026\/03\/11\/esse-mau-habito-acelera-o-aparecimento-de-cabelos-brancos-e-grisalhos-em-mulheres-40\/","og_site_name":"Estado de Minas - Em foco","article_published_time":"2026-03-11T13:38:00+00:00","article_modified_time":"2026-03-11T13:26:37+00:00","og_image":[{"width":1280,"height":714,"url":"https:\/\/www.em.com.br\/emfoco\/wp-content\/uploads\/2026\/03\/freepik__escova-de-cabelo-sobre-bancada-de-banheiro-com-vri__54199-e1773235495806.jpeg","type":"image\/jpeg"}],"author":"Patryck Reinehr","twitter_card":"summary_large_image","twitter_misc":{"Escrito por":"Patryck Reinehr","Est. tempo de leitura":"5 minutos"},"schema":{"@context":"https:\/\/schema.org","@graph":[{"@type":"WebPage","@id":"https:\/\/www.em.com.br\/emfoco\/2026\/03\/11\/esse-mau-habito-acelera-o-aparecimento-de-cabelos-brancos-e-grisalhos-em-mulheres-40\/","url":"https:\/\/www.em.com.br\/emfoco\/2026\/03\/11\/esse-mau-habito-acelera-o-aparecimento-de-cabelos-brancos-e-grisalhos-em-mulheres-40\/","name":"Esse mau h\u00e1bito acelera o aparecimento de cabelos brancos e grisalhos em mulheres 40+ - Estado de Minas - Em foco","isPartOf":{"@id":"https:\/\/www.em.com.br\/emfoco\/#website"},"primaryImageOfPage":{"@id":"https:\/\/www.em.com.br\/emfoco\/2026\/03\/11\/esse-mau-habito-acelera-o-aparecimento-de-cabelos-brancos-e-grisalhos-em-mulheres-40\/#primaryimage"},"image":{"@id":"https:\/\/www.em.com.br\/emfoco\/2026\/03\/11\/esse-mau-habito-acelera-o-aparecimento-de-cabelos-brancos-e-grisalhos-em-mulheres-40\/#primaryimage"},"thumbnailUrl":"https:\/\/www.em.com.br\/emfoco\/wp-content\/uploads\/2026\/03\/freepik__escova-de-cabelo-sobre-bancada-de-banheiro-com-vri__54199-e1773235495806.jpeg","datePublished":"2026-03-11T13:38:00+00:00","dateModified":"2026-03-11T13:26:37+00:00","author":{"@id":"https:\/\/www.em.com.br\/emfoco\/#\/schema\/person\/43407752bebcbbb4d0ec79deedc0d7ce"},"description":"Alguns h\u00e1bitos comuns podem acelerar o surgimento de cabelos brancos depois dos 40 e muitas mulheres nem percebem.","breadcrumb":{"@id":"https:\/\/www.em.com.br\/emfoco\/2026\/03\/11\/esse-mau-habito-acelera-o-aparecimento-de-cabelos-brancos-e-grisalhos-em-mulheres-40\/#breadcrumb"},"inLanguage":"pt-BR","potentialAction":[{"@type":"ReadAction","target":["https:\/\/www.em.com.br\/emfoco\/2026\/03\/11\/esse-mau-habito-acelera-o-aparecimento-de-cabelos-brancos-e-grisalhos-em-mulheres-40\/"]}]},{"@type":"ImageObject","inLanguage":"pt-BR","@id":"https:\/\/www.em.com.br\/emfoco\/2026\/03\/11\/esse-mau-habito-acelera-o-aparecimento-de-cabelos-brancos-e-grisalhos-em-mulheres-40\/#primaryimage","url":"https:\/\/www.em.com.br\/emfoco\/wp-content\/uploads\/2026\/03\/freepik__escova-de-cabelo-sobre-bancada-de-banheiro-com-vri__54199-e1773235495806.jpeg","contentUrl":"https:\/\/www.em.com.br\/emfoco\/wp-content\/uploads\/2026\/03\/freepik__escova-de-cabelo-sobre-bancada-de-banheiro-com-vri__54199-e1773235495806.jpeg","width":1280,"height":714,"caption":"Um detalhe da rotina pode influenciar o aparecimento de fios brancos"},{"@type":"BreadcrumbList","@id":"https:\/\/www.em.com.br\/emfoco\/2026\/03\/11\/esse-mau-habito-acelera-o-aparecimento-de-cabelos-brancos-e-grisalhos-em-mulheres-40\/#breadcrumb","itemListElement":[{"@type":"ListItem","position":1,"name":"In\u00edcio","item":"https:\/\/www.em.com.br\/emfoco\/"},{"@type":"ListItem","position":2,"name":"Esse mau h\u00e1bito acelera o aparecimento de cabelos brancos e grisalhos em mulheres 40+"}]},{"@type":"WebSite","@id":"https:\/\/www.em.com.br\/emfoco\/#website","url":"https:\/\/www.em.com.br\/emfoco\/","name":"Estado de Minas - Em foco","description":"Acompanhe as \u00faltimas not\u00edcias e fique bem informado sobre tudo o que acontece em Minas Gerais, Brasil e no mundo.","potentialAction":[{"@type":"SearchAction","target":{"@type":"EntryPoint","urlTemplate":"https:\/\/www.em.com.br\/emfoco\/?s={search_term_string}"},"query-input":{"@type":"PropertyValueSpecification","valueRequired":true,"valueName":"search_term_string"}}],"inLanguage":"pt-BR"},{"@type":"Person","@id":"https:\/\/www.em.com.br\/emfoco\/#\/schema\/person\/43407752bebcbbb4d0ec79deedc0d7ce","name":"Patryck Reinehr","image":{"@type":"ImageObject","inLanguage":"pt-BR","@id":"https:\/\/www.em.com.br\/emfoco\/#\/schema\/person\/image\/","url":"https:\/\/secure.gravatar.com\/avatar\/570c7fb2898c0e2df0823196891bea88?s=96&d=mm&r=g","contentUrl":"https:\/\/secure.gravatar.com\/avatar\/570c7fb2898c0e2df0823196891bea88?s=96&d=mm&r=g","caption":"Patryck Reinehr"},"url":"https:\/\/www.em.com.br\/emfoco\/author\/patryckmyth\/"}]}},"_links":{"self":[{"href":"https:\/\/www.em.com.br\/emfoco\/wp-json\/wp\/v2\/posts\/180080","targetHints":{"allow":["GET"]}}],"collection":[{"href":"https:\/\/www.em.com.br\/emfoco\/wp-json\/wp\/v2\/posts"}],"about":[{"href":"https:\/\/www.em.com.br\/emfoco\/wp-json\/wp\/v2\/types\/post"}],"author":[{"embeddable":true,"href":"https:\/\/www.em.com.br\/emfoco\/wp-json\/wp\/v2\/users\/10"}],"replies":[{"embeddable":true,"href":"https:\/\/www.em.com.br\/emfoco\/wp-json\/wp\/v2\/comments?post=180080"}],"version-history":[{"count":2,"href":"https:\/\/www.em.com.br\/emfoco\/wp-json\/wp\/v2\/posts\/180080\/revisions"}],"predecessor-version":[{"id":180089,"href":"https:\/\/www.em.com.br\/emfoco\/wp-json\/wp\/v2\/posts\/180080\/revisions\/180089"}],"wp:featuredmedia":[{"embeddable":true,"href":"https:\/\/www.em.com.br\/emfoco\/wp-json\/wp\/v2\/media\/180085"}],"wp:attachment":[{"href":"https:\/\/www.em.com.br\/emfoco\/wp-json\/wp\/v2\/media?parent=180080"}],"wp:term":[{"taxonomy":"category","embeddable":true,"href":"https:\/\/www.em.com.br\/emfoco\/wp-json\/wp\/v2\/categories?post=180080"},{"taxonomy":"post_tag","embeddable":true,"href":"https:\/\/www.em.com.br\/emfoco\/wp-json\/wp\/v2\/tags?post=180080"}],"curies":[{"name":"wp","href":"https:\/\/api.w.org\/{rel}","templated":true}]}}