{"id":180078,"date":"2026-03-11T12:28:00","date_gmt":"2026-03-11T15:28:00","guid":{"rendered":"https:\/\/www.em.com.br\/emfoco\/?p=180078"},"modified":"2026-03-11T10:52:21","modified_gmt":"2026-03-11T13:52:21","slug":"antes-de-jogar-fora-as-caixas-de-leite-vazias-veja-a-ideia-simples-que-transforma-o-material-em-uma-linda-decoracao-para-a-mesa","status":"publish","type":"post","link":"https:\/\/www.em.com.br\/emfoco\/2026\/03\/11\/antes-de-jogar-fora-as-caixas-de-leite-vazias-veja-a-ideia-simples-que-transforma-o-material-em-uma-linda-decoracao-para-a-mesa\/","title":{"rendered":"Antes de jogar fora as caixas de leite vazias, veja a ideia simples que transforma o material em uma linda decora\u00e7\u00e3o para a mesa"},"content":{"rendered":"\n<p>As <strong>caixas de leite<\/strong> guardam um potencial criativo que a maioria das pessoas descarta sem perceber. Com um pouco de tesoura, cola e imagina\u00e7\u00e3o, esse material t\u00e3o comum vira um <strong>porta-talheres <\/strong>charmoso, funcional e completamente personalizado para a decora\u00e7\u00e3o da sua casa. Se voc\u00ea quer renovar a organiza\u00e7\u00e3o da mesa sem gastar nada, essa ideia \u00e9 exatamente o que voc\u00ea precisa.<\/p>\n\n\n\n<h2 class=\"wp-block-heading\">Por que as caixas de leite s\u00e3o um material t\u00e3o vers\u00e1til para artesanato?<\/h2>\n\n\n\n<p>As caixas de leite s\u00e3o feitas de papel\u00e3o laminado resistente, o que as torna ideais para<strong> <a href=\"https:\/\/www.em.com.br\/emfoco\/2026\/03\/08\/nao-jogue-fora-os-tubos-de-papel-higienico-veja-como-transforma-los-em-uma-linda-decoracao-para-a-mesa\/\" target=\"_blank\" rel=\"noreferrer noopener\">projetos de artesanato<\/a> <\/strong>que exigem estrutura firme. Diferente de outros materiais descart\u00e1veis, elas aguentam peso, mant\u00eam a forma e aceitam bem tinta, tecido e papel para decora\u00e7\u00e3o.<\/p>\n\n\n\n<p>Al\u00e9m disso, o tamanho padr\u00e3o das embalagens \u00e9 perfeito para acomodar garfos, facas e colheres de forma organizada. Cada compartimento pode ser ajustado conforme a necessidade, tornando o porta-talheres totalmente adapt\u00e1vel ao espa\u00e7o da sua mesa ou bancada.<\/p>\n\n\n\n<h2 class=\"wp-block-heading\">Quais materiais voc\u00ea vai precisar para fazer o porta-talheres?<\/h2>\n\n\n\n<p>A beleza desse projeto est\u00e1 na simplicidade. A lista de materiais \u00e9 pequena e tudo que voc\u00ea precisa provavelmente j\u00e1 est\u00e1 em casa. Confira o que separar antes de come\u00e7ar:<\/p>\n\n\n<div class=\"wp-block-image\">\n<figure class=\"aligncenter size-large\"><img loading=\"lazy\" decoding=\"async\" width=\"1024\" height=\"725\" src=\"https:\/\/www.em.com.br\/emfoco\/wp-content\/uploads\/2026\/03\/convertido-8-1024x725.jpg\" alt=\"Caixas de leite vazias est\u00e3o virando objetos \u00fateis na cozinha\" class=\"wp-image-180099\" srcset=\"https:\/\/www.em.com.br\/emfoco\/wp-content\/uploads\/2026\/03\/convertido-8-1024x725.jpg 1024w, https:\/\/www.em.com.br\/emfoco\/wp-content\/uploads\/2026\/03\/convertido-8-300x212.jpg 300w, https:\/\/www.em.com.br\/emfoco\/wp-content\/uploads\/2026\/03\/convertido-8-768x544.jpg 768w, https:\/\/www.em.com.br\/emfoco\/wp-content\/uploads\/2026\/03\/convertido-8-120x86.jpg 120w, https:\/\/www.em.com.br\/emfoco\/wp-content\/uploads\/2026\/03\/convertido-8-750x531.jpg 750w, https:\/\/www.em.com.br\/emfoco\/wp-content\/uploads\/2026\/03\/convertido-8-1140x807.jpg 1140w, https:\/\/www.em.com.br\/emfoco\/wp-content\/uploads\/2026\/03\/convertido-8.jpg 1280w\" sizes=\"auto, (max-width: 1024px) 100vw, 1024px\" \/><figcaption class=\"wp-element-caption\">Caixas de leite vazias est\u00e3o virando objetos \u00fateis na cozinha<\/figcaption><\/figure><\/div>\n\n\n<p>Com esses itens em m\u00e3os, o projeto fica pronto em menos de uma hora, sem necessidade de ferramentas especiais ou habilidades avan\u00e7adas de artesanato.<\/p>\n\n\n\n<h2 class=\"wp-block-heading\">Como montar o porta-talheres passo a passo?<\/h2>\n\n\n\n<p>O processo de montagem \u00e9 direto e intuitivo. Comece lavando bem as caixas de leite e deixando secar completamente para evitar umidade e odor. Em seguida, corte a parte superior de cada embalagem, deixando a altura ideal para os talheres, geralmente entre 10 e 12 cent\u00edmetros.<\/p>\n\n\n\n<p>Agrupe as caixas de leite lado a lado e una com cola quente, formando um bloco compacto e est\u00e1vel. Depois de fixadas, aplique a decora\u00e7\u00e3o escolhida por fora, seja papel contact com estampas florais, tecido de chita ou simplesmente tinta spray em uma cor que combine com a sua cozinha.<\/p>\n\n\n<div class=\"wp-block-image\">\n<figure class=\"aligncenter size-large\"><img loading=\"lazy\" decoding=\"async\" width=\"1024\" height=\"572\" src=\"https:\/\/www.em.com.br\/emfoco\/wp-content\/uploads\/2026\/03\/freepik__quatro-caixas-de-leite-cortadas-na-mesma-altura-e-__95014-1024x572.jpeg\" alt=\"Antes de jogar fora as caixas de leite vazias, veja a ideia simples que transforma o material em uma linda decora\u00e7\u00e3o para a mesa\" class=\"wp-image-180098\"\/><figcaption class=\"wp-element-caption\">Algumas pessoas est\u00e3o reaproveitando caixas de leite de um jeito criativo<\/figcaption><\/figure><\/div>\n\n\n<h2 class=\"wp-block-heading\">Como decorar o porta-talheres para combinar com a decora\u00e7\u00e3o da casa?<\/h2>\n\n\n\n<p>A personaliza\u00e7\u00e3o \u00e9 o que transforma o projeto em uma pe\u00e7a realmente bonita para a mesa. As possibilidades de acabamento s\u00e3o muitas e cada uma gera um resultado diferente para o ambiente. Veja algumas ideias de decora\u00e7\u00e3o que funcionam muito bem:<\/p>\n\n\n<div class=\"wp-block-image\">\n<figure class=\"aligncenter size-large\"><img loading=\"lazy\" decoding=\"async\" width=\"1024\" height=\"526\" src=\"https:\/\/www.em.com.br\/emfoco\/wp-content\/uploads\/2026\/03\/convertido-9-1024x526.jpg\" alt=\"Um truque simples com caixas de leite tem chamado aten\u00e7\u00e3o de quem gosta de artesanato e decora\u00e7\u00e3o de casa.\" class=\"wp-image-180102\" srcset=\"https:\/\/www.em.com.br\/emfoco\/wp-content\/uploads\/2026\/03\/convertido-9-1024x526.jpg 1024w, https:\/\/www.em.com.br\/emfoco\/wp-content\/uploads\/2026\/03\/convertido-9-300x154.jpg 300w, https:\/\/www.em.com.br\/emfoco\/wp-content\/uploads\/2026\/03\/convertido-9-768x395.jpg 768w, https:\/\/www.em.com.br\/emfoco\/wp-content\/uploads\/2026\/03\/convertido-9-750x386.jpg 750w, https:\/\/www.em.com.br\/emfoco\/wp-content\/uploads\/2026\/03\/convertido-9-1140x586.jpg 1140w, https:\/\/www.em.com.br\/emfoco\/wp-content\/uploads\/2026\/03\/convertido-9.jpg 1280w\" sizes=\"auto, (max-width: 1024px) 100vw, 1024px\" \/><figcaption class=\"wp-element-caption\">Um truque simples com caixas de leite tem chamado aten\u00e7\u00e3o de quem gosta de artesanato e decora\u00e7\u00e3o de casa.<\/figcaption><\/figure><\/div>\n\n\n<p>Independentemente do estilo escolhido, o resultado \u00e9 sempre um objeto decorativo exclusivo que valoriza a organiza\u00e7\u00e3o da mesa e ainda contribui com o reaproveitamento consciente de materiais.<\/p>\n\n\n\n<h2 class=\"wp-block-heading\">Vale a pena reaproveitar caixas de leite em projetos de casa?<\/h2>\n\n\n\n<p>Reaproveitamento de embalagens \u00e9 uma pr\u00e1tica que une economia, criatividade e sustentabilidade, valores cada vez mais presentes na decora\u00e7\u00e3o de casa. As caixas de leite, por serem descartadas em grande quantidade no dia a dia, se tornam mat\u00e9ria-prima acess\u00edvel para quem gosta de personalizar os ambientes sem investir muito.<\/p>\n\n\n\n<p>O porta-talheres feito com caixas de leite \u00e9 s\u00f3 o come\u00e7o. Com o mesmo material, \u00e9 poss\u00edvel criar organizadores de gaveta, vasinhos para plantas pequenas e at\u00e9 porta-retratos r\u00fasticos. Cada projeto refor\u00e7a que a melhor decora\u00e7\u00e3o muitas vezes nasce do que j\u00e1 est\u00e1 dentro de casa, esperando uma segunda chance.<\/p>\n","protected":false},"excerpt":{"rendered":"<p>As caixas de leite guardam um potencial criativo que a maioria das pessoas descarta sem perceber. Com um pouco de tesoura, cola e imagina\u00e7\u00e3o, esse material t\u00e3o comum vira um porta-talheres charmoso, funcional e completamente personalizado para a decora\u00e7\u00e3o da sua casa. Se voc\u00ea quer renovar a organiza\u00e7\u00e3o da mesa sem gastar nada, essa ideia [&hellip;]<\/p>\n","protected":false},"author":10,"featured_media":180101,"comment_status":"open","ping_status":"open","sticky":false,"template":"","format":"standard","meta":{"jnews-multi-image_gallery":[],"jnews_single_post":{"format":"standard"},"jnews_primary_category":[],"jnews_social_meta":[],"jnews_override_counter":[],"footnotes":""},"categories":[29,1],"tags":[770,5013,4687,13257],"class_list":["post-180078","post","type-post","status-publish","format-standard","has-post-thumbnail","hentry","category-entretenimento","category-noticias","tag-artesanato","tag-caixas-de-leite","tag-decoracao","tag-mesa"],"yoast_head":"<!-- This site is optimized with the Yoast SEO plugin v23.8 - https:\/\/yoast.com\/wordpress\/plugins\/seo\/ -->\n<title>Antes de jogar fora as caixas de leite vazias, veja a ideia simples que transforma o material em uma linda decora\u00e7\u00e3o para a mesa - Estado de Minas - Em foco<\/title>\n<meta name=\"description\" content=\"Caixas de leite que normalmente v\u00e3o para o lixo podem ganhar um novo uso criativo na organiza\u00e7\u00e3o da cozinha.\" \/>\n<meta name=\"robots\" content=\"index, follow, max-snippet:-1, max-image-preview:large, max-video-preview:-1\" \/>\n<link rel=\"canonical\" href=\"https:\/\/www.em.com.br\/emfoco\/2026\/03\/11\/antes-de-jogar-fora-as-caixas-de-leite-vazias-veja-a-ideia-simples-que-transforma-o-material-em-uma-linda-decoracao-para-a-mesa\/\" \/>\n<meta property=\"og:locale\" content=\"pt_BR\" \/>\n<meta property=\"og:type\" content=\"article\" \/>\n<meta property=\"og:title\" content=\"Antes de jogar fora as caixas de leite vazias, veja a ideia simples que transforma o material em uma linda decora\u00e7\u00e3o para a mesa - Estado de Minas - Em foco\" \/>\n<meta property=\"og:description\" content=\"Caixas de leite que normalmente v\u00e3o para o lixo podem ganhar um novo uso criativo na organiza\u00e7\u00e3o da cozinha.\" \/>\n<meta property=\"og:url\" content=\"https:\/\/www.em.com.br\/emfoco\/2026\/03\/11\/antes-de-jogar-fora-as-caixas-de-leite-vazias-veja-a-ideia-simples-que-transforma-o-material-em-uma-linda-decoracao-para-a-mesa\/\" \/>\n<meta property=\"og:site_name\" content=\"Estado de Minas - Em foco\" \/>\n<meta property=\"article:published_time\" content=\"2026-03-11T15:28:00+00:00\" \/>\n<meta property=\"article:modified_time\" content=\"2026-03-11T13:52:21+00:00\" \/>\n<meta property=\"og:image\" content=\"https:\/\/www.em.com.br\/emfoco\/wp-content\/uploads\/2026\/03\/freepik__caixa-de-leite-sendo-cortada-com-tesoura-sobre-mes__95015-e1773237060495.jpeg\" \/>\n\t<meta property=\"og:image:width\" content=\"1280\" \/>\n\t<meta property=\"og:image:height\" content=\"714\" \/>\n\t<meta property=\"og:image:type\" content=\"image\/jpeg\" \/>\n<meta name=\"author\" content=\"Patryck Reinehr\" \/>\n<meta name=\"twitter:card\" content=\"summary_large_image\" \/>\n<meta name=\"twitter:label1\" content=\"Escrito por\" \/>\n\t<meta name=\"twitter:data1\" content=\"Patryck Reinehr\" \/>\n\t<meta name=\"twitter:label2\" content=\"Est. tempo de leitura\" \/>\n\t<meta name=\"twitter:data2\" content=\"4 minutos\" \/>\n<!-- \/ Yoast SEO plugin. -->","yoast_head_json":{"title":"Antes de jogar fora as caixas de leite vazias, veja a ideia simples que transforma o material em uma linda decora\u00e7\u00e3o para a mesa - Estado de Minas - Em foco","description":"Caixas de leite que normalmente v\u00e3o para o lixo podem ganhar um novo uso criativo na organiza\u00e7\u00e3o da cozinha.","robots":{"index":"index","follow":"follow","max-snippet":"max-snippet:-1","max-image-preview":"max-image-preview:large","max-video-preview":"max-video-preview:-1"},"canonical":"https:\/\/www.em.com.br\/emfoco\/2026\/03\/11\/antes-de-jogar-fora-as-caixas-de-leite-vazias-veja-a-ideia-simples-que-transforma-o-material-em-uma-linda-decoracao-para-a-mesa\/","og_locale":"pt_BR","og_type":"article","og_title":"Antes de jogar fora as caixas de leite vazias, veja a ideia simples que transforma o material em uma linda decora\u00e7\u00e3o para a mesa - Estado de Minas - Em foco","og_description":"Caixas de leite que normalmente v\u00e3o para o lixo podem ganhar um novo uso criativo na organiza\u00e7\u00e3o da cozinha.","og_url":"https:\/\/www.em.com.br\/emfoco\/2026\/03\/11\/antes-de-jogar-fora-as-caixas-de-leite-vazias-veja-a-ideia-simples-que-transforma-o-material-em-uma-linda-decoracao-para-a-mesa\/","og_site_name":"Estado de Minas - Em foco","article_published_time":"2026-03-11T15:28:00+00:00","article_modified_time":"2026-03-11T13:52:21+00:00","og_image":[{"width":1280,"height":714,"url":"https:\/\/www.em.com.br\/emfoco\/wp-content\/uploads\/2026\/03\/freepik__caixa-de-leite-sendo-cortada-com-tesoura-sobre-mes__95015-e1773237060495.jpeg","type":"image\/jpeg"}],"author":"Patryck Reinehr","twitter_card":"summary_large_image","twitter_misc":{"Escrito por":"Patryck Reinehr","Est. tempo de leitura":"4 minutos"},"schema":{"@context":"https:\/\/schema.org","@graph":[{"@type":"WebPage","@id":"https:\/\/www.em.com.br\/emfoco\/2026\/03\/11\/antes-de-jogar-fora-as-caixas-de-leite-vazias-veja-a-ideia-simples-que-transforma-o-material-em-uma-linda-decoracao-para-a-mesa\/","url":"https:\/\/www.em.com.br\/emfoco\/2026\/03\/11\/antes-de-jogar-fora-as-caixas-de-leite-vazias-veja-a-ideia-simples-que-transforma-o-material-em-uma-linda-decoracao-para-a-mesa\/","name":"Antes de jogar fora as caixas de leite vazias, veja a ideia simples que transforma o material em uma linda decora\u00e7\u00e3o para a mesa - Estado de Minas - Em foco","isPartOf":{"@id":"https:\/\/www.em.com.br\/emfoco\/#website"},"primaryImageOfPage":{"@id":"https:\/\/www.em.com.br\/emfoco\/2026\/03\/11\/antes-de-jogar-fora-as-caixas-de-leite-vazias-veja-a-ideia-simples-que-transforma-o-material-em-uma-linda-decoracao-para-a-mesa\/#primaryimage"},"image":{"@id":"https:\/\/www.em.com.br\/emfoco\/2026\/03\/11\/antes-de-jogar-fora-as-caixas-de-leite-vazias-veja-a-ideia-simples-que-transforma-o-material-em-uma-linda-decoracao-para-a-mesa\/#primaryimage"},"thumbnailUrl":"https:\/\/www.em.com.br\/emfoco\/wp-content\/uploads\/2026\/03\/freepik__caixa-de-leite-sendo-cortada-com-tesoura-sobre-mes__95015-e1773237060495.jpeg","datePublished":"2026-03-11T15:28:00+00:00","dateModified":"2026-03-11T13:52:21+00:00","author":{"@id":"https:\/\/www.em.com.br\/emfoco\/#\/schema\/person\/43407752bebcbbb4d0ec79deedc0d7ce"},"description":"Caixas de leite que normalmente v\u00e3o para o lixo podem ganhar um novo uso criativo na organiza\u00e7\u00e3o da cozinha.","breadcrumb":{"@id":"https:\/\/www.em.com.br\/emfoco\/2026\/03\/11\/antes-de-jogar-fora-as-caixas-de-leite-vazias-veja-a-ideia-simples-que-transforma-o-material-em-uma-linda-decoracao-para-a-mesa\/#breadcrumb"},"inLanguage":"pt-BR","potentialAction":[{"@type":"ReadAction","target":["https:\/\/www.em.com.br\/emfoco\/2026\/03\/11\/antes-de-jogar-fora-as-caixas-de-leite-vazias-veja-a-ideia-simples-que-transforma-o-material-em-uma-linda-decoracao-para-a-mesa\/"]}]},{"@type":"ImageObject","inLanguage":"pt-BR","@id":"https:\/\/www.em.com.br\/emfoco\/2026\/03\/11\/antes-de-jogar-fora-as-caixas-de-leite-vazias-veja-a-ideia-simples-que-transforma-o-material-em-uma-linda-decoracao-para-a-mesa\/#primaryimage","url":"https:\/\/www.em.com.br\/emfoco\/wp-content\/uploads\/2026\/03\/freepik__caixa-de-leite-sendo-cortada-com-tesoura-sobre-mes__95015-e1773237060495.jpeg","contentUrl":"https:\/\/www.em.com.br\/emfoco\/wp-content\/uploads\/2026\/03\/freepik__caixa-de-leite-sendo-cortada-com-tesoura-sobre-mes__95015-e1773237060495.jpeg","width":1280,"height":714,"caption":"Caixas de leite que iriam para o lixo ganham novo uso na cozinha"},{"@type":"BreadcrumbList","@id":"https:\/\/www.em.com.br\/emfoco\/2026\/03\/11\/antes-de-jogar-fora-as-caixas-de-leite-vazias-veja-a-ideia-simples-que-transforma-o-material-em-uma-linda-decoracao-para-a-mesa\/#breadcrumb","itemListElement":[{"@type":"ListItem","position":1,"name":"In\u00edcio","item":"https:\/\/www.em.com.br\/emfoco\/"},{"@type":"ListItem","position":2,"name":"Antes de jogar fora as caixas de leite vazias, veja a ideia simples que transforma o material em uma linda decora\u00e7\u00e3o para a mesa"}]},{"@type":"WebSite","@id":"https:\/\/www.em.com.br\/emfoco\/#website","url":"https:\/\/www.em.com.br\/emfoco\/","name":"Estado de Minas - Em foco","description":"Acompanhe as \u00faltimas not\u00edcias e fique bem informado sobre tudo o que acontece em Minas Gerais, Brasil e no mundo.","potentialAction":[{"@type":"SearchAction","target":{"@type":"EntryPoint","urlTemplate":"https:\/\/www.em.com.br\/emfoco\/?s={search_term_string}"},"query-input":{"@type":"PropertyValueSpecification","valueRequired":true,"valueName":"search_term_string"}}],"inLanguage":"pt-BR"},{"@type":"Person","@id":"https:\/\/www.em.com.br\/emfoco\/#\/schema\/person\/43407752bebcbbb4d0ec79deedc0d7ce","name":"Patryck Reinehr","image":{"@type":"ImageObject","inLanguage":"pt-BR","@id":"https:\/\/www.em.com.br\/emfoco\/#\/schema\/person\/image\/","url":"https:\/\/secure.gravatar.com\/avatar\/570c7fb2898c0e2df0823196891bea88?s=96&d=mm&r=g","contentUrl":"https:\/\/secure.gravatar.com\/avatar\/570c7fb2898c0e2df0823196891bea88?s=96&d=mm&r=g","caption":"Patryck Reinehr"},"url":"https:\/\/www.em.com.br\/emfoco\/author\/patryckmyth\/"}]}},"_links":{"self":[{"href":"https:\/\/www.em.com.br\/emfoco\/wp-json\/wp\/v2\/posts\/180078","targetHints":{"allow":["GET"]}}],"collection":[{"href":"https:\/\/www.em.com.br\/emfoco\/wp-json\/wp\/v2\/posts"}],"about":[{"href":"https:\/\/www.em.com.br\/emfoco\/wp-json\/wp\/v2\/types\/post"}],"author":[{"embeddable":true,"href":"https:\/\/www.em.com.br\/emfoco\/wp-json\/wp\/v2\/users\/10"}],"replies":[{"embeddable":true,"href":"https:\/\/www.em.com.br\/emfoco\/wp-json\/wp\/v2\/comments?post=180078"}],"version-history":[{"count":2,"href":"https:\/\/www.em.com.br\/emfoco\/wp-json\/wp\/v2\/posts\/180078\/revisions"}],"predecessor-version":[{"id":180103,"href":"https:\/\/www.em.com.br\/emfoco\/wp-json\/wp\/v2\/posts\/180078\/revisions\/180103"}],"wp:featuredmedia":[{"embeddable":true,"href":"https:\/\/www.em.com.br\/emfoco\/wp-json\/wp\/v2\/media\/180101"}],"wp:attachment":[{"href":"https:\/\/www.em.com.br\/emfoco\/wp-json\/wp\/v2\/media?parent=180078"}],"wp:term":[{"taxonomy":"category","embeddable":true,"href":"https:\/\/www.em.com.br\/emfoco\/wp-json\/wp\/v2\/categories?post=180078"},{"taxonomy":"post_tag","embeddable":true,"href":"https:\/\/www.em.com.br\/emfoco\/wp-json\/wp\/v2\/tags?post=180078"}],"curies":[{"name":"wp","href":"https:\/\/api.w.org\/{rel}","templated":true}]}}