{"id":180074,"date":"2026-03-11T11:00:00","date_gmt":"2026-03-11T14:00:00","guid":{"rendered":"https:\/\/www.em.com.br\/emfoco\/?p=180074"},"modified":"2026-03-11T10:15:13","modified_gmt":"2026-03-11T13:15:13","slug":"novo-corte-de-cabelo-que-promete-valorizar-todos-os-rostos-esta-se-tornando-tendencia-entre-mulheres-no-mundo-todo","status":"publish","type":"post","link":"https:\/\/www.em.com.br\/emfoco\/2026\/03\/11\/novo-corte-de-cabelo-que-promete-valorizar-todos-os-rostos-esta-se-tornando-tendencia-entre-mulheres-no-mundo-todo\/","title":{"rendered":"Novo corte de cabelo que promete valorizar todos os rostos est\u00e1 se tornando tend\u00eancia entre mulheres no mundo todo"},"content":{"rendered":"\n<p>O interesse por cortes de cabelo vers\u00e1teis cresce cada vez mais entre quem busca praticidade sem deixar de lado um visual atual e estiloso. O corte\u00a0<strong>Soft Bob<\/strong>\u00a0\u00e9 um chanel mais vers\u00e1til, caracterizado por fios na altura do queixo ou at\u00e9 um pouco abaixo, com base reta e pontas desconectadas ou repicadas. Diferente do bob tradicional, o soft bob foca em movimento e camadas suaves, ideal para dar volume e um visual &#8220;bagun\u00e7adinho&#8221; e sofisticado.<\/p>\n\n\n\n<h2 class=\"wp-block-heading\">O que \u00e9 o soft bob e por que esse corte de cabelo feminino se tornou t\u00e3o popular<\/h2>\n\n\n\n<p>O soft bob \u00e9 um corte de comprimento curto a m\u00e9dio, que vai do queixo at\u00e9 a altura dos ombros, com linhas suaves e camadas discretas. Diferente do bob cl\u00e1ssico com pontas muito marcadas, ele prioriza um contorno macio e um efeito de movimento, dando aquele visual de cabelo naturalmente alinhado.<\/p>\n\n\n\n<p>O equil\u00edbrio entre estrutura e liberdade \u00e9 o grande diferencial desse&nbsp;<strong>corte de cabelo feminino<\/strong>. Ele possui uma base bem definida, mas sem acabamento totalmente reto, o que valoriza o rosto, traz leveza e evita o aspecto pesado, sendo ideal para quem n\u00e3o quer nem fios muito longos nem um curtinho radical.<\/p>\n\n\n\n<p>Selecionamos o v\u00eddeo do <a href=\"https:\/\/www.instagram.com\/fernandonantes\/reels\/\" target=\"_blank\" rel=\"noreferrer noopener\">FERNANDO NANTES<\/a> que faz sucesso no Instagram com seus mais de 12 mil seguidores e mostra esse corte sofisticado e atual:<\/p>\n\n\n\n<blockquote class=\"instagram-media\" data-instgrm-captioned data-instgrm-permalink=\"https:\/\/www.instagram.com\/reel\/DKQh8NvtZUi\/?utm_source=ig_embed&amp;utm_campaign=loading\" data-instgrm-version=\"14\" style=\" background:#FFF; border:0; border-radius:3px; box-shadow:0 0 1px 0 rgba(0,0,0,0.5),0 1px 10px 0 rgba(0,0,0,0.15); margin: 1px; max-width:540px; min-width:326px; padding:0; width:99.375%; width:-webkit-calc(100% - 2px); width:calc(100% - 2px);\"><div style=\"padding:16px;\"> <a href=\"https:\/\/www.instagram.com\/reel\/DKQh8NvtZUi\/?utm_source=ig_embed&amp;utm_campaign=loading\" style=\" background:#FFFFFF; line-height:0; padding:0 0; text-align:center; text-decoration:none; width:100%;\" target=\"_blank\"> <div style=\" display: flex; flex-direction: row; align-items: center;\"> <div style=\"background-color: #F4F4F4; border-radius: 50%; flex-grow: 0; height: 40px; margin-right: 14px; width: 40px;\"><\/div> <div style=\"display: flex; flex-direction: column; flex-grow: 1; justify-content: center;\"> <div style=\" background-color: #F4F4F4; border-radius: 4px; flex-grow: 0; height: 14px; margin-bottom: 6px; width: 100px;\"><\/div> <div style=\" background-color: #F4F4F4; border-radius: 4px; flex-grow: 0; height: 14px; width: 60px;\"><\/div><\/div><\/div><div style=\"padding: 19% 0;\"><\/div> <div style=\"display:block; height:50px; margin:0 auto 12px; width:50px;\"><svg width=\"50px\" height=\"50px\" viewBox=\"0 0 60 60\" version=\"1.1\" xmlns=\"https:\/\/www.w3.org\/2000\/svg\" xmlns:xlink=\"https:\/\/www.w3.org\/1999\/xlink\"><g stroke=\"none\" stroke-width=\"1\" fill=\"none\" fill-rule=\"evenodd\"><g transform=\"translate(-511.000000, -20.000000)\" fill=\"#000000\"><g><path d=\"M556.869,30.41 C554.814,30.41 553.148,32.076 553.148,34.131 C553.148,36.186 554.814,37.852 556.869,37.852 C558.924,37.852 560.59,36.186 560.59,34.131 C560.59,32.076 558.924,30.41 556.869,30.41 M541,60.657 C535.114,60.657 530.342,55.887 530.342,50 C530.342,44.114 535.114,39.342 541,39.342 C546.887,39.342 551.658,44.114 551.658,50 C551.658,55.887 546.887,60.657 541,60.657 M541,33.886 C532.1,33.886 524.886,41.1 524.886,50 C524.886,58.899 532.1,66.113 541,66.113 C549.9,66.113 557.115,58.899 557.115,50 C557.115,41.1 549.9,33.886 541,33.886 M565.378,62.101 C565.244,65.022 564.756,66.606 564.346,67.663 C563.803,69.06 563.154,70.057 562.106,71.106 C561.058,72.155 560.06,72.803 558.662,73.347 C557.607,73.757 556.021,74.244 553.102,74.378 C549.944,74.521 548.997,74.552 541,74.552 C533.003,74.552 532.056,74.521 528.898,74.378 C525.979,74.244 524.393,73.757 523.338,73.347 C521.94,72.803 520.942,72.155 519.894,71.106 C518.846,70.057 518.197,69.06 517.654,67.663 C517.244,66.606 516.755,65.022 516.623,62.101 C516.479,58.943 516.448,57.996 516.448,50 C516.448,42.003 516.479,41.056 516.623,37.899 C516.755,34.978 517.244,33.391 517.654,32.338 C518.197,30.938 518.846,29.942 519.894,28.894 C520.942,27.846 521.94,27.196 523.338,26.654 C524.393,26.244 525.979,25.756 528.898,25.623 C532.057,25.479 533.004,25.448 541,25.448 C548.997,25.448 549.943,25.479 553.102,25.623 C556.021,25.756 557.607,26.244 558.662,26.654 C560.06,27.196 561.058,27.846 562.106,28.894 C563.154,29.942 563.803,30.938 564.346,32.338 C564.756,33.391 565.244,34.978 565.378,37.899 C565.522,41.056 565.552,42.003 565.552,50 C565.552,57.996 565.522,58.943 565.378,62.101 M570.82,37.631 C570.674,34.438 570.167,32.258 569.425,30.349 C568.659,28.377 567.633,26.702 565.965,25.035 C564.297,23.368 562.623,22.342 560.652,21.575 C558.743,20.834 556.562,20.326 553.369,20.18 C550.169,20.033 549.148,20 541,20 C532.853,20 531.831,20.033 528.631,20.18 C525.438,20.326 523.257,20.834 521.349,21.575 C519.376,22.342 517.703,23.368 516.035,25.035 C514.368,26.702 513.342,28.377 512.574,30.349 C511.834,32.258 511.326,34.438 511.181,37.631 C511.035,40.831 511,41.851 511,50 C511,58.147 511.035,59.17 511.181,62.369 C511.326,65.562 511.834,67.743 512.574,69.651 C513.342,71.625 514.368,73.296 516.035,74.965 C517.703,76.634 519.376,77.658 521.349,78.425 C523.257,79.167 525.438,79.673 528.631,79.82 C531.831,79.965 532.853,80.001 541,80.001 C549.148,80.001 550.169,79.965 553.369,79.82 C556.562,79.673 558.743,79.167 560.652,78.425 C562.623,77.658 564.297,76.634 565.965,74.965 C567.633,73.296 568.659,71.625 569.425,69.651 C570.167,67.743 570.674,65.562 570.82,62.369 C570.966,59.17 571,58.147 571,50 C571,41.851 570.966,40.831 570.82,37.631\"><\/path><\/g><\/g><\/g><\/svg><\/div><div style=\"padding-top: 8px;\"> <div style=\" color:#3897f0; font-family:Arial,sans-serif; font-size:14px; font-style:normal; font-weight:550; line-height:18px;\">Ver essa foto no Instagram<\/div><\/div><div style=\"padding: 12.5% 0;\"><\/div> <div style=\"display: flex; flex-direction: row; margin-bottom: 14px; align-items: center;\"><div> <div style=\"background-color: #F4F4F4; border-radius: 50%; height: 12.5px; width: 12.5px; transform: translateX(0px) translateY(7px);\"><\/div> <div style=\"background-color: #F4F4F4; height: 12.5px; transform: rotate(-45deg) translateX(3px) translateY(1px); width: 12.5px; flex-grow: 0; margin-right: 14px; margin-left: 2px;\"><\/div> <div style=\"background-color: #F4F4F4; border-radius: 50%; height: 12.5px; width: 12.5px; transform: translateX(9px) translateY(-18px);\"><\/div><\/div><div style=\"margin-left: 8px;\"> <div style=\" background-color: #F4F4F4; border-radius: 50%; flex-grow: 0; height: 20px; width: 20px;\"><\/div> <div style=\" width: 0; height: 0; border-top: 2px solid transparent; border-left: 6px solid #f4f4f4; border-bottom: 2px solid transparent; transform: translateX(16px) translateY(-4px) rotate(30deg)\"><\/div><\/div><div style=\"margin-left: auto;\"> <div style=\" width: 0px; border-top: 8px solid #F4F4F4; border-right: 8px solid transparent; transform: translateY(16px);\"><\/div> <div style=\" background-color: #F4F4F4; flex-grow: 0; height: 12px; width: 16px; transform: translateY(-4px);\"><\/div> <div style=\" width: 0; height: 0; border-top: 8px solid #F4F4F4; border-left: 8px solid transparent; transform: translateY(-4px) translateX(8px);\"><\/div><\/div><\/div> <div style=\"display: flex; flex-direction: column; flex-grow: 1; justify-content: center; margin-bottom: 24px;\"> <div style=\" background-color: #F4F4F4; border-radius: 4px; flex-grow: 0; height: 14px; margin-bottom: 6px; width: 224px;\"><\/div> <div style=\" background-color: #F4F4F4; border-radius: 4px; flex-grow: 0; height: 14px; width: 144px;\"><\/div><\/div><\/a><p style=\" color:#c9c8cd; font-family:Arial,sans-serif; font-size:14px; line-height:17px; margin-bottom:0; margin-top:8px; overflow:hidden; padding:8px 0 7px; text-align:center; text-overflow:ellipsis; white-space:nowrap;\"><a href=\"https:\/\/www.instagram.com\/reel\/DKQh8NvtZUi\/?utm_source=ig_embed&amp;utm_campaign=loading\" style=\" color:#c9c8cd; font-family:Arial,sans-serif; font-size:14px; font-style:normal; font-weight:normal; line-height:17px; text-decoration:none;\" target=\"_blank\">Um post compartilhado por FERNANDO NANTES (@fernandonantes)<\/a><\/p><\/div><\/blockquote>\n<script async src=\"\/\/www.instagram.com\/embed.js\"><\/script>\n\n\n\n<h2 class=\"wp-block-heading\">Como o soft bob valoriza diferentes formatos de rosto<\/h2>\n\n\n\n<p>Muitos profissionais descrevem o&nbsp;<strong>soft bob<\/strong>&nbsp;como um corte \u201cdemocr\u00e1tico\u201d por se adaptar facilmente aos tra\u00e7os de cada pessoa. Pequenos ajustes no comprimento frontal, no desfiado e no acabamento fazem o corte se encaixar em rostos diversos sem perder a ess\u00eancia moderna.<\/p>\n\n\n\n<p>Na hora de adaptar o soft bob, o formato de rosto serve como guia para definir detalhes importantes do visual:<\/p>\n\n\n\n<ul class=\"wp-block-list\">\n<li><strong>Rosto redondo:<\/strong>\u00a0pontas frontais um pouco mais compridas ajudam a alongar;<\/li>\n\n\n\n<li><strong>Rosto quadrado:<\/strong>\u00a0ondas leves e camadas discretas suavizam o maxilar;<\/li>\n\n\n\n<li><strong>Rosto oval:<\/strong>\u00a0volume na raiz ou laterais equilibra as propor\u00e7\u00f5es;<\/li>\n\n\n\n<li><strong>Rosto alongado:<\/strong>\u00a0comprimento na altura dos ombros com movimento lateral reduz a sensa\u00e7\u00e3o de alongamento.<\/li>\n<\/ul>\n\n\n\n<figure class=\"wp-block-image size-large\"><img loading=\"lazy\" decoding=\"async\" width=\"1024\" height=\"576\" src=\"https:\/\/www.em.com.br\/emfoco\/wp-content\/uploads\/2026\/03\/Gemini_Generated_Image_r4f5v0r4f5v0r4f5-1-1024x576.png\" alt=\"Soft bob \u00e9 o corte mais vers\u00e1til do momento\" class=\"wp-image-180077\" srcset=\"https:\/\/www.em.com.br\/emfoco\/wp-content\/uploads\/2026\/03\/Gemini_Generated_Image_r4f5v0r4f5v0r4f5-1-1024x576.png 1024w, https:\/\/www.em.com.br\/emfoco\/wp-content\/uploads\/2026\/03\/Gemini_Generated_Image_r4f5v0r4f5v0r4f5-1-300x169.png 300w, https:\/\/www.em.com.br\/emfoco\/wp-content\/uploads\/2026\/03\/Gemini_Generated_Image_r4f5v0r4f5v0r4f5-1-768x432.png 768w, https:\/\/www.em.com.br\/emfoco\/wp-content\/uploads\/2026\/03\/Gemini_Generated_Image_r4f5v0r4f5v0r4f5-1-750x422.png 750w, https:\/\/www.em.com.br\/emfoco\/wp-content\/uploads\/2026\/03\/Gemini_Generated_Image_r4f5v0r4f5v0r4f5-1-1140x641.png 1140w, https:\/\/www.em.com.br\/emfoco\/wp-content\/uploads\/2026\/03\/Gemini_Generated_Image_r4f5v0r4f5v0r4f5-1.png 1280w\" sizes=\"auto, (max-width: 1024px) 100vw, 1024px\" \/><figcaption class=\"wp-element-caption\">Soft bob \u00e9 o corte mais vers\u00e1til do momento<\/figcaption><\/figure>\n\n\n\n<h2 class=\"wp-block-heading\">Como o soft bob se adapta a diferentes tipos de fio<\/h2>\n\n\n\n<p>Outro motivo para a fama do&nbsp;<strong>soft bob<\/strong>&nbsp;\u00e9 a capacidade de se ajustar a cabelos lisos, ondulados e cacheados. Em fios lisos, as camadas leves evitam o efeito chapado e podem ser real\u00e7adas com sprays de volume ou mousses suaves, mantendo o balan\u00e7o sem pesar.<\/p>\n\n\n\n<p>Em cabelos ondulados, o corte acompanha a curvatura natural, deixando o contorno mais leve e com textura. J\u00e1 nos cacheados, o profissional avalia encolhimento, densidade e abertura dos cachos para definir camadas e comprimento, garantindo que o resultado final seja harm\u00f4nico e sem surpresas no tamanho.<\/p>\n\n\n\n<h2 class=\"wp-block-heading\">Quais cuidados di\u00e1rios ajudam a manter o soft bob bonito por mais tempo<\/h2>\n\n\n\n<p>Embora seja um corte de manuten\u00e7\u00e3o simples, alguns cuidados di\u00e1rios ajudam a preservar o formato, o movimento e a sa\u00fade dos fios. A ideia \u00e9 ter uma rotina pr\u00e1tica, mas consistente, que mantenha o visual sempre fresco e alinhado ao estilo do corte.<\/p>\n\n\n\n<ol class=\"wp-block-list\">\n<li><strong>Corte de manuten\u00e7\u00e3o:<\/strong>\u00a0aparar as pontas a cada 6 a 10 semanas mant\u00e9m o desenho do bob e evita pontas ressecadas;<\/li>\n\n\n\n<li><strong>Produtos adequados:<\/strong>\u00a0leave-ins leves em creme ou spray controlam o frizz e real\u00e7am a textura natural;<\/li>\n\n\n\n<li><strong>Secagem estrat\u00e9gica:<\/strong>\u00a0em cabelos ondulados e cacheados, amassar os fios durante a secagem refor\u00e7a o movimento;<\/li>\n\n\n\n<li><strong>Prote\u00e7\u00e3o t\u00e9rmica:<\/strong>\u00a0usar protetor t\u00e9rmico antes de secador, chapinha ou modelador reduz danos;<\/li>\n\n\n\n<li><strong>Cuidados noturnos:<\/strong>\u00a0fronhas de cetim ou seda diminuem o atrito e preservam o alinhamento do cabelo.<\/li>\n<\/ol>\n\n\n\n<figure class=\"wp-block-image size-large\"><img loading=\"lazy\" decoding=\"async\" width=\"1024\" height=\"576\" src=\"https:\/\/www.em.com.br\/emfoco\/wp-content\/uploads\/2026\/03\/Gemini_Generated_Image_122gpw122gpw122g-1-1024x576.png\" alt=\"\" class=\"wp-image-180075\" srcset=\"https:\/\/www.em.com.br\/emfoco\/wp-content\/uploads\/2026\/03\/Gemini_Generated_Image_122gpw122gpw122g-1-1024x576.png 1024w, https:\/\/www.em.com.br\/emfoco\/wp-content\/uploads\/2026\/03\/Gemini_Generated_Image_122gpw122gpw122g-1-300x169.png 300w, https:\/\/www.em.com.br\/emfoco\/wp-content\/uploads\/2026\/03\/Gemini_Generated_Image_122gpw122gpw122g-1-768x432.png 768w, https:\/\/www.em.com.br\/emfoco\/wp-content\/uploads\/2026\/03\/Gemini_Generated_Image_122gpw122gpw122g-1-750x422.png 750w, https:\/\/www.em.com.br\/emfoco\/wp-content\/uploads\/2026\/03\/Gemini_Generated_Image_122gpw122gpw122g-1-1140x641.png 1140w, https:\/\/www.em.com.br\/emfoco\/wp-content\/uploads\/2026\/03\/Gemini_Generated_Image_122gpw122gpw122g-1.png 1280w\" sizes=\"auto, (max-width: 1024px) 100vw, 1024px\" \/><figcaption class=\"wp-element-caption\">Principais caracter\u00edsticas e benef\u00edcios<\/figcaption><\/figure>\n\n\n\n<h2 class=\"wp-block-heading\">Por que apostar no soft bob agora mesmo<\/h2>\n\n\n\n<p>No contexto atual, em que praticidade e estilo caminham juntos, o&nbsp;<strong>soft bob<\/strong>&nbsp;se consolida como um&nbsp;<strong>corte de cabelo feminino<\/strong>&nbsp;vers\u00e1til, moderno e f\u00e1cil de manter. Ele se adapta a diferentes rotinas, idades e personalidades, permitindo personaliza\u00e7\u00f5es sutis que fazem o visual refletir exatamente quem voc\u00ea \u00e9.<\/p>\n\n\n\n<p>Se voc\u00ea quer mudar o visual sem um corte radical, ganhar leveza e ainda facilitar o dia a dia, esse \u00e9 o momento ideal para experimentar o soft bob. Converse com seu cabeleireiro, leve refer\u00eancias e agende o corte o quanto antes: uma simples ida ao sal\u00e3o pode ser o impulso que faltava para renovar sua autoestima hoje, n\u00e3o depois.<\/p>\n","protected":false},"excerpt":{"rendered":"<p>O interesse por cortes de cabelo vers\u00e1teis cresce cada vez mais entre quem busca praticidade sem deixar de lado um visual atual e estiloso. O corte\u00a0Soft Bob\u00a0\u00e9 um chanel mais vers\u00e1til, caracterizado por fios na altura do queixo ou at\u00e9 um pouco abaixo, com base reta e pontas desconectadas ou repicadas. Diferente do bob tradicional, [&hellip;]<\/p>\n","protected":false},"author":11,"featured_media":180081,"comment_status":"open","ping_status":"open","sticky":false,"template":"","format":"standard","meta":{"jnews-multi-image_gallery":[],"jnews_single_post":{"format":"standard"},"jnews_primary_category":[],"jnews_social_meta":[],"jnews_override_counter":[],"footnotes":""},"categories":[8819,1],"tags":[2616,4905,25347,5257,13340,7309,5213,25989,1920],"class_list":["post-180074","post","type-post","status-publish","format-standard","has-post-thumbnail","hentry","category-curiosidades","category-noticias","tag-beleza","tag-cabelo","tag-chanel","tag-corte","tag-corte-bob","tag-corte-feminino","tag-mulher","tag-soft-bob","tag-tendencia"],"yoast_head":"<!-- This site is optimized with the Yoast SEO plugin v23.8 - https:\/\/yoast.com\/wordpress\/plugins\/seo\/ -->\n<title>Novo corte de cabelo que promete valorizar todos os rostos est\u00e1 se tornando tend\u00eancia entre mulheres no mundo todo - Estado de Minas - Em foco<\/title>\n<meta name=\"description\" content=\"O corte soft bob combina leveza, movimento e praticidade. Veja por que ele virou tend\u00eancia entre cortes femininos.\" \/>\n<meta name=\"robots\" content=\"index, follow, max-snippet:-1, max-image-preview:large, max-video-preview:-1\" \/>\n<link rel=\"canonical\" href=\"https:\/\/www.em.com.br\/emfoco\/2026\/03\/11\/novo-corte-de-cabelo-que-promete-valorizar-todos-os-rostos-esta-se-tornando-tendencia-entre-mulheres-no-mundo-todo\/\" \/>\n<meta property=\"og:locale\" content=\"pt_BR\" \/>\n<meta property=\"og:type\" content=\"article\" \/>\n<meta property=\"og:title\" content=\"Novo corte de cabelo que promete valorizar todos os rostos est\u00e1 se tornando tend\u00eancia entre mulheres no mundo todo - Estado de Minas - Em foco\" \/>\n<meta property=\"og:description\" content=\"O corte soft bob combina leveza, movimento e praticidade. Veja por que ele virou tend\u00eancia entre cortes femininos.\" \/>\n<meta property=\"og:url\" content=\"https:\/\/www.em.com.br\/emfoco\/2026\/03\/11\/novo-corte-de-cabelo-que-promete-valorizar-todos-os-rostos-esta-se-tornando-tendencia-entre-mulheres-no-mundo-todo\/\" \/>\n<meta property=\"og:site_name\" content=\"Estado de Minas - Em foco\" \/>\n<meta property=\"article:published_time\" content=\"2026-03-11T14:00:00+00:00\" \/>\n<meta property=\"article:modified_time\" content=\"2026-03-11T13:15:13+00:00\" \/>\n<meta property=\"og:image\" content=\"https:\/\/www.em.com.br\/emfoco\/wp-content\/uploads\/2026\/03\/Gemini_Generated_Image_5ajdz15ajdz15ajd-1.png\" \/>\n\t<meta property=\"og:image:width\" content=\"1280\" \/>\n\t<meta property=\"og:image:height\" content=\"720\" \/>\n\t<meta property=\"og:image:type\" content=\"image\/png\" \/>\n<meta name=\"author\" content=\"Andre\u0301 Rangel\u00a0\" \/>\n<meta name=\"twitter:card\" content=\"summary_large_image\" \/>\n<meta name=\"twitter:label1\" content=\"Escrito por\" \/>\n\t<meta name=\"twitter:data1\" content=\"Andre\u0301 Rangel\u00a0\" \/>\n\t<meta name=\"twitter:label2\" content=\"Est. tempo de leitura\" \/>\n\t<meta name=\"twitter:data2\" content=\"5 minutos\" \/>\n<!-- \/ Yoast SEO plugin. -->","yoast_head_json":{"title":"Novo corte de cabelo que promete valorizar todos os rostos est\u00e1 se tornando tend\u00eancia entre mulheres no mundo todo - Estado de Minas - Em foco","description":"O corte soft bob combina leveza, movimento e praticidade. Veja por que ele virou tend\u00eancia entre cortes femininos.","robots":{"index":"index","follow":"follow","max-snippet":"max-snippet:-1","max-image-preview":"max-image-preview:large","max-video-preview":"max-video-preview:-1"},"canonical":"https:\/\/www.em.com.br\/emfoco\/2026\/03\/11\/novo-corte-de-cabelo-que-promete-valorizar-todos-os-rostos-esta-se-tornando-tendencia-entre-mulheres-no-mundo-todo\/","og_locale":"pt_BR","og_type":"article","og_title":"Novo corte de cabelo que promete valorizar todos os rostos est\u00e1 se tornando tend\u00eancia entre mulheres no mundo todo - Estado de Minas - Em foco","og_description":"O corte soft bob combina leveza, movimento e praticidade. Veja por que ele virou tend\u00eancia entre cortes femininos.","og_url":"https:\/\/www.em.com.br\/emfoco\/2026\/03\/11\/novo-corte-de-cabelo-que-promete-valorizar-todos-os-rostos-esta-se-tornando-tendencia-entre-mulheres-no-mundo-todo\/","og_site_name":"Estado de Minas - Em foco","article_published_time":"2026-03-11T14:00:00+00:00","article_modified_time":"2026-03-11T13:15:13+00:00","og_image":[{"width":1280,"height":720,"url":"https:\/\/www.em.com.br\/emfoco\/wp-content\/uploads\/2026\/03\/Gemini_Generated_Image_5ajdz15ajdz15ajd-1.png","type":"image\/png"}],"author":"Andre\u0301 Rangel\u00a0","twitter_card":"summary_large_image","twitter_misc":{"Escrito por":"Andre\u0301 Rangel\u00a0","Est. tempo de leitura":"5 minutos"},"schema":{"@context":"https:\/\/schema.org","@graph":[{"@type":"WebPage","@id":"https:\/\/www.em.com.br\/emfoco\/2026\/03\/11\/novo-corte-de-cabelo-que-promete-valorizar-todos-os-rostos-esta-se-tornando-tendencia-entre-mulheres-no-mundo-todo\/","url":"https:\/\/www.em.com.br\/emfoco\/2026\/03\/11\/novo-corte-de-cabelo-que-promete-valorizar-todos-os-rostos-esta-se-tornando-tendencia-entre-mulheres-no-mundo-todo\/","name":"Novo corte de cabelo que promete valorizar todos os rostos est\u00e1 se tornando tend\u00eancia entre mulheres no mundo todo - Estado de Minas - Em foco","isPartOf":{"@id":"https:\/\/www.em.com.br\/emfoco\/#website"},"primaryImageOfPage":{"@id":"https:\/\/www.em.com.br\/emfoco\/2026\/03\/11\/novo-corte-de-cabelo-que-promete-valorizar-todos-os-rostos-esta-se-tornando-tendencia-entre-mulheres-no-mundo-todo\/#primaryimage"},"image":{"@id":"https:\/\/www.em.com.br\/emfoco\/2026\/03\/11\/novo-corte-de-cabelo-que-promete-valorizar-todos-os-rostos-esta-se-tornando-tendencia-entre-mulheres-no-mundo-todo\/#primaryimage"},"thumbnailUrl":"https:\/\/www.em.com.br\/emfoco\/wp-content\/uploads\/2026\/03\/Gemini_Generated_Image_5ajdz15ajdz15ajd-1.png","datePublished":"2026-03-11T14:00:00+00:00","dateModified":"2026-03-11T13:15:13+00:00","author":{"@id":"https:\/\/www.em.com.br\/emfoco\/#\/schema\/person\/60eda09c1fedf0d6891f4cef4b60b8b8"},"description":"O corte soft bob combina leveza, movimento e praticidade. Veja por que ele virou tend\u00eancia entre cortes femininos.","breadcrumb":{"@id":"https:\/\/www.em.com.br\/emfoco\/2026\/03\/11\/novo-corte-de-cabelo-que-promete-valorizar-todos-os-rostos-esta-se-tornando-tendencia-entre-mulheres-no-mundo-todo\/#breadcrumb"},"inLanguage":"pt-BR","potentialAction":[{"@type":"ReadAction","target":["https:\/\/www.em.com.br\/emfoco\/2026\/03\/11\/novo-corte-de-cabelo-que-promete-valorizar-todos-os-rostos-esta-se-tornando-tendencia-entre-mulheres-no-mundo-todo\/"]}]},{"@type":"ImageObject","inLanguage":"pt-BR","@id":"https:\/\/www.em.com.br\/emfoco\/2026\/03\/11\/novo-corte-de-cabelo-que-promete-valorizar-todos-os-rostos-esta-se-tornando-tendencia-entre-mulheres-no-mundo-todo\/#primaryimage","url":"https:\/\/www.em.com.br\/emfoco\/wp-content\/uploads\/2026\/03\/Gemini_Generated_Image_5ajdz15ajdz15ajd-1.png","contentUrl":"https:\/\/www.em.com.br\/emfoco\/wp-content\/uploads\/2026\/03\/Gemini_Generated_Image_5ajdz15ajdz15ajd-1.png","width":1280,"height":720,"caption":"O corte que est\u00e1 conquistando quem quer praticidade"},{"@type":"BreadcrumbList","@id":"https:\/\/www.em.com.br\/emfoco\/2026\/03\/11\/novo-corte-de-cabelo-que-promete-valorizar-todos-os-rostos-esta-se-tornando-tendencia-entre-mulheres-no-mundo-todo\/#breadcrumb","itemListElement":[{"@type":"ListItem","position":1,"name":"In\u00edcio","item":"https:\/\/www.em.com.br\/emfoco\/"},{"@type":"ListItem","position":2,"name":"Novo corte de cabelo que promete valorizar todos os rostos est\u00e1 se tornando tend\u00eancia entre mulheres no mundo todo"}]},{"@type":"WebSite","@id":"https:\/\/www.em.com.br\/emfoco\/#website","url":"https:\/\/www.em.com.br\/emfoco\/","name":"Estado de Minas - Em foco","description":"Acompanhe as \u00faltimas not\u00edcias e fique bem informado sobre tudo o que acontece em Minas Gerais, Brasil e no mundo.","potentialAction":[{"@type":"SearchAction","target":{"@type":"EntryPoint","urlTemplate":"https:\/\/www.em.com.br\/emfoco\/?s={search_term_string}"},"query-input":{"@type":"PropertyValueSpecification","valueRequired":true,"valueName":"search_term_string"}}],"inLanguage":"pt-BR"},{"@type":"Person","@id":"https:\/\/www.em.com.br\/emfoco\/#\/schema\/person\/60eda09c1fedf0d6891f4cef4b60b8b8","name":"Andre\u0301 Rangel\u00a0","image":{"@type":"ImageObject","inLanguage":"pt-BR","@id":"https:\/\/www.em.com.br\/emfoco\/#\/schema\/person\/image\/","url":"https:\/\/secure.gravatar.com\/avatar\/6234dc814c77c8ef6d8bba622c787efc?s=96&d=mm&r=g","contentUrl":"https:\/\/secure.gravatar.com\/avatar\/6234dc814c77c8ef6d8bba622c787efc?s=96&d=mm&r=g","caption":"Andre\u0301 Rangel\u00a0"},"url":"https:\/\/www.em.com.br\/emfoco\/author\/luizmyth\/"}]}},"_links":{"self":[{"href":"https:\/\/www.em.com.br\/emfoco\/wp-json\/wp\/v2\/posts\/180074","targetHints":{"allow":["GET"]}}],"collection":[{"href":"https:\/\/www.em.com.br\/emfoco\/wp-json\/wp\/v2\/posts"}],"about":[{"href":"https:\/\/www.em.com.br\/emfoco\/wp-json\/wp\/v2\/types\/post"}],"author":[{"embeddable":true,"href":"https:\/\/www.em.com.br\/emfoco\/wp-json\/wp\/v2\/users\/11"}],"replies":[{"embeddable":true,"href":"https:\/\/www.em.com.br\/emfoco\/wp-json\/wp\/v2\/comments?post=180074"}],"version-history":[{"count":1,"href":"https:\/\/www.em.com.br\/emfoco\/wp-json\/wp\/v2\/posts\/180074\/revisions"}],"predecessor-version":[{"id":180082,"href":"https:\/\/www.em.com.br\/emfoco\/wp-json\/wp\/v2\/posts\/180074\/revisions\/180082"}],"wp:featuredmedia":[{"embeddable":true,"href":"https:\/\/www.em.com.br\/emfoco\/wp-json\/wp\/v2\/media\/180081"}],"wp:attachment":[{"href":"https:\/\/www.em.com.br\/emfoco\/wp-json\/wp\/v2\/media?parent=180074"}],"wp:term":[{"taxonomy":"category","embeddable":true,"href":"https:\/\/www.em.com.br\/emfoco\/wp-json\/wp\/v2\/categories?post=180074"},{"taxonomy":"post_tag","embeddable":true,"href":"https:\/\/www.em.com.br\/emfoco\/wp-json\/wp\/v2\/tags?post=180074"}],"curies":[{"name":"wp","href":"https:\/\/api.w.org\/{rel}","templated":true}]}}