{"id":180064,"date":"2026-03-12T19:25:00","date_gmt":"2026-03-12T22:25:00","guid":{"rendered":"https:\/\/www.em.com.br\/emfoco\/?p=180064"},"modified":"2026-03-11T22:29:20","modified_gmt":"2026-03-12T01:29:20","slug":"do-interior-de-sao-paulo-para-o-grupo-restrito-das-cidades-que-detem-maior-nivel-de-qualidade-de-vida-do-mundo","status":"publish","type":"post","link":"https:\/\/www.em.com.br\/emfoco\/2026\/03\/12\/do-interior-de-sao-paulo-para-o-grupo-restrito-das-cidades-que-detem-maior-nivel-de-qualidade-de-vida-do-mundo\/","title":{"rendered":"Do interior de S\u00e3o Paulo para o grupo restrito das cidades que detem maior nivel de qualidade de vida do mundo"},"content":{"rendered":"\n<p><strong>S\u00e3o Jos\u00e9 dos Campos<\/strong>, no interior de<strong> S\u00e3o Paulo<\/strong>, vem se consolidando como um dos principais exemplos globais de cidade inteligente e sustent\u00e1vel. Em 2025, o munic\u00edpio tornou-se a primeira cidade do mundo a conquistar o n\u00edvel platina da certifica\u00e7\u00e3o\u00a0<strong>ABNT NBR ISO 37125<\/strong>, padr\u00e3o que mede o desempenho urbano em qualidade de vida, inova\u00e7\u00e3o, meio ambiente e gest\u00e3o p\u00fablica, projetando o munic\u00edpio como refer\u00eancia em planejamento avan\u00e7ado e governan\u00e7a baseada em dados.<\/p>\n\n\n\n<h2 class=\"wp-block-heading\">O que \u00e9 a certifica\u00e7\u00e3o ISO 37125 para cidades inteligentes<\/h2>\n\n\n\n<p>A<a href=\"https:\/\/www.iso.org\/standard\/85198.html\" target=\"_blank\" rel=\"noreferrer noopener\">\u00a0<strong>ISO 37125<\/strong><\/a>\u00a0\u00e9 uma norma internacional voltada \u00e0 medi\u00e7\u00e3o do desempenho urbano, criando par\u00e2metros padronizados para comparar cidades em temas como meio ambiente, sociedade e governo. Para obter o selo, os munic\u00edpios precisam apresentar dados consistentes, audit\u00e1veis e atualizados, demonstrando resultados concretos em diversos setores urbanos.<\/p>\n\n\n\n<p>No caso de S\u00e3o Jos\u00e9 dos Campos, a avalia\u00e7\u00e3o considerou&nbsp;<strong>133 indicadores<\/strong>, indo de emiss\u00f5es de gases de efeito estufa ao acesso a servi\u00e7os essenciais. A norma tamb\u00e9m analisa tend\u00eancias e capacidade de manter ou melhorar os resultados ao longo do tempo, certificando n\u00e3o apenas o presente da cidade, mas a forma como ela planeja o pr\u00f3prio futuro.<\/p>\n\n\n\n<figure class=\"wp-block-image size-large\"><img loading=\"lazy\" decoding=\"async\" width=\"1024\" height=\"576\" src=\"https:\/\/www.em.com.br\/emfoco\/wp-content\/uploads\/2026\/03\/ChatGPT-Image-10-de-mar.-de-2026-23_29_58-1-1024x576.png\" alt=\"S\u00e3o Jos\u00e9 dos Campos conquista selo mundial de cidade inteligente\" class=\"wp-image-180066\" srcset=\"https:\/\/www.em.com.br\/emfoco\/wp-content\/uploads\/2026\/03\/ChatGPT-Image-10-de-mar.-de-2026-23_29_58-1-1024x576.png 1024w, https:\/\/www.em.com.br\/emfoco\/wp-content\/uploads\/2026\/03\/ChatGPT-Image-10-de-mar.-de-2026-23_29_58-1-300x169.png 300w, https:\/\/www.em.com.br\/emfoco\/wp-content\/uploads\/2026\/03\/ChatGPT-Image-10-de-mar.-de-2026-23_29_58-1-768x432.png 768w, https:\/\/www.em.com.br\/emfoco\/wp-content\/uploads\/2026\/03\/ChatGPT-Image-10-de-mar.-de-2026-23_29_58-1-750x422.png 750w, https:\/\/www.em.com.br\/emfoco\/wp-content\/uploads\/2026\/03\/ChatGPT-Image-10-de-mar.-de-2026-23_29_58-1-1140x641.png 1140w, https:\/\/www.em.com.br\/emfoco\/wp-content\/uploads\/2026\/03\/ChatGPT-Image-10-de-mar.-de-2026-23_29_58-1.png 1280w\" sizes=\"auto, (max-width: 1024px) 100vw, 1024px\" \/><figcaption class=\"wp-element-caption\">S\u00e3o Jos\u00e9 dos Campos conquista selo mundial de cidade inteligente (Imagem gerada por intelig\u00eancia artificial-Gemini)<\/figcaption><\/figure>\n\n\n\n<h2 class=\"wp-block-heading\">Por que S\u00e3o Jos\u00e9 dos Campos \u00e9 refer\u00eancia em qualidade de vida e inova\u00e7\u00e3o<\/h2>\n\n\n\n<p>A&nbsp;<strong>qualidade de vida em S\u00e3o Jos\u00e9 dos Campos<\/strong>&nbsp;\u00e9 um dos pontos centrais avaliados, com destaque para \u00e1reas verdes, mobilidade, sa\u00fade, educa\u00e7\u00e3o, seguran\u00e7a e inclus\u00e3o social. Reconhecida h\u00e1 d\u00e9cadas pelo setor aeroespacial e tecnol\u00f3gico, a cidade consolidou um modelo de gest\u00e3o que integra inova\u00e7\u00e3o, meio ambiente e pol\u00edticas sociais voltadas \u00e0 redu\u00e7\u00e3o de desigualdades.<\/p>\n\n\n\n<p>O selo em n\u00edvel platina indica que o munic\u00edpio atingiu resultados de destaque em tr\u00eas pilares principais, que se conectam em uma vis\u00e3o integrada de cidade inteligente e sustent\u00e1vel:<\/p>\n\n\n\n<ul class=\"wp-block-list\">\n<li><strong>Ambiente:<\/strong>\u00a0monitoramento de emiss\u00f5es, expans\u00e3o de \u00e1reas verdes, gest\u00e3o de res\u00edduos e incentivo a fontes de energia mais limpas;<\/li>\n\n\n\n<li><strong>Sociedade:<\/strong>\u00a0ampla cobertura de sa\u00fade, educa\u00e7\u00e3o b\u00e1sica de qualidade, pol\u00edticas de seguran\u00e7a cidad\u00e3 e programas de inclus\u00e3o;<\/li>\n\n\n\n<li><strong>Governo:<\/strong>\u00a0transpar\u00eancia administrativa, efici\u00eancia na gest\u00e3o de recursos e uso intensivo de dados nas decis\u00f5es.<\/li>\n<\/ul>\n\n\n\n<h2 class=\"wp-block-heading\">Como S\u00e3o Jos\u00e9 dos Campos alcan\u00e7ou o n\u00edvel platina da ISO 37125<\/h2>\n\n\n\n<p>O caminho at\u00e9 o n\u00edvel platina envolveu planejamento de longo prazo, governan\u00e7a articulada e forte participa\u00e7\u00e3o de institui\u00e7\u00f5es locais, como o Parque de Inova\u00e7\u00e3o Tecnol\u00f3gica. A cidade estruturou um sistema robusto de coleta, organiza\u00e7\u00e3o e an\u00e1lise de dados para alimentar os 133 indicadores exigidos, permitindo auditorias externas e compara\u00e7\u00f5es consistentes com outros centros urbanos.<\/p>\n\n\n\n<p>De forma simplificada, o percurso at\u00e9 a certifica\u00e7\u00e3o foi organizado em etapas que ajudaram a transformar dados em uma ferramenta central de gest\u00e3o, apoiando decis\u00f5es de investimento, pol\u00edticas sociais e estrat\u00e9gias ambientais.<\/p>\n\n\n\n<p>Selecionamos o v\u00eddeo do<a href=\"https:\/\/www.instagram.com\/sjcampos_\/reels\/\" target=\"_blank\" rel=\"noreferrer noopener\"> SJCampos_ | Let\u00edcia &amp; Tiago Oliveira<\/a> que faz sucesso no Instagram com seus mais de 106 mil seguidores e fala sobre essa conquista da cidade:<\/p>\n\n\n\n<blockquote class=\"instagram-media\" data-instgrm-captioned data-instgrm-permalink=\"https:\/\/www.instagram.com\/reel\/DQ63yjEEZ3X\/?utm_source=ig_embed&amp;utm_campaign=loading\" data-instgrm-version=\"14\" style=\" background:#FFF; border:0; border-radius:3px; box-shadow:0 0 1px 0 rgba(0,0,0,0.5),0 1px 10px 0 rgba(0,0,0,0.15); margin: 1px; max-width:540px; min-width:326px; padding:0; width:99.375%; width:-webkit-calc(100% - 2px); width:calc(100% - 2px);\"><div style=\"padding:16px;\"> <a href=\"https:\/\/www.instagram.com\/reel\/DQ63yjEEZ3X\/?utm_source=ig_embed&amp;utm_campaign=loading\" style=\" background:#FFFFFF; line-height:0; padding:0 0; text-align:center; text-decoration:none; width:100%;\" target=\"_blank\"> <div style=\" display: flex; flex-direction: row; align-items: center;\"> <div style=\"background-color: #F4F4F4; border-radius: 50%; flex-grow: 0; height: 40px; margin-right: 14px; width: 40px;\"><\/div> <div style=\"display: flex; flex-direction: column; flex-grow: 1; justify-content: center;\"> <div style=\" background-color: #F4F4F4; border-radius: 4px; flex-grow: 0; height: 14px; margin-bottom: 6px; width: 100px;\"><\/div> <div style=\" background-color: #F4F4F4; border-radius: 4px; flex-grow: 0; height: 14px; width: 60px;\"><\/div><\/div><\/div><div style=\"padding: 19% 0;\"><\/div> <div style=\"display:block; height:50px; margin:0 auto 12px; width:50px;\"><svg width=\"50px\" height=\"50px\" viewBox=\"0 0 60 60\" version=\"1.1\" xmlns=\"https:\/\/www.w3.org\/2000\/svg\" xmlns:xlink=\"https:\/\/www.w3.org\/1999\/xlink\"><g stroke=\"none\" stroke-width=\"1\" fill=\"none\" fill-rule=\"evenodd\"><g transform=\"translate(-511.000000, -20.000000)\" fill=\"#000000\"><g><path d=\"M556.869,30.41 C554.814,30.41 553.148,32.076 553.148,34.131 C553.148,36.186 554.814,37.852 556.869,37.852 C558.924,37.852 560.59,36.186 560.59,34.131 C560.59,32.076 558.924,30.41 556.869,30.41 M541,60.657 C535.114,60.657 530.342,55.887 530.342,50 C530.342,44.114 535.114,39.342 541,39.342 C546.887,39.342 551.658,44.114 551.658,50 C551.658,55.887 546.887,60.657 541,60.657 M541,33.886 C532.1,33.886 524.886,41.1 524.886,50 C524.886,58.899 532.1,66.113 541,66.113 C549.9,66.113 557.115,58.899 557.115,50 C557.115,41.1 549.9,33.886 541,33.886 M565.378,62.101 C565.244,65.022 564.756,66.606 564.346,67.663 C563.803,69.06 563.154,70.057 562.106,71.106 C561.058,72.155 560.06,72.803 558.662,73.347 C557.607,73.757 556.021,74.244 553.102,74.378 C549.944,74.521 548.997,74.552 541,74.552 C533.003,74.552 532.056,74.521 528.898,74.378 C525.979,74.244 524.393,73.757 523.338,73.347 C521.94,72.803 520.942,72.155 519.894,71.106 C518.846,70.057 518.197,69.06 517.654,67.663 C517.244,66.606 516.755,65.022 516.623,62.101 C516.479,58.943 516.448,57.996 516.448,50 C516.448,42.003 516.479,41.056 516.623,37.899 C516.755,34.978 517.244,33.391 517.654,32.338 C518.197,30.938 518.846,29.942 519.894,28.894 C520.942,27.846 521.94,27.196 523.338,26.654 C524.393,26.244 525.979,25.756 528.898,25.623 C532.057,25.479 533.004,25.448 541,25.448 C548.997,25.448 549.943,25.479 553.102,25.623 C556.021,25.756 557.607,26.244 558.662,26.654 C560.06,27.196 561.058,27.846 562.106,28.894 C563.154,29.942 563.803,30.938 564.346,32.338 C564.756,33.391 565.244,34.978 565.378,37.899 C565.522,41.056 565.552,42.003 565.552,50 C565.552,57.996 565.522,58.943 565.378,62.101 M570.82,37.631 C570.674,34.438 570.167,32.258 569.425,30.349 C568.659,28.377 567.633,26.702 565.965,25.035 C564.297,23.368 562.623,22.342 560.652,21.575 C558.743,20.834 556.562,20.326 553.369,20.18 C550.169,20.033 549.148,20 541,20 C532.853,20 531.831,20.033 528.631,20.18 C525.438,20.326 523.257,20.834 521.349,21.575 C519.376,22.342 517.703,23.368 516.035,25.035 C514.368,26.702 513.342,28.377 512.574,30.349 C511.834,32.258 511.326,34.438 511.181,37.631 C511.035,40.831 511,41.851 511,50 C511,58.147 511.035,59.17 511.181,62.369 C511.326,65.562 511.834,67.743 512.574,69.651 C513.342,71.625 514.368,73.296 516.035,74.965 C517.703,76.634 519.376,77.658 521.349,78.425 C523.257,79.167 525.438,79.673 528.631,79.82 C531.831,79.965 532.853,80.001 541,80.001 C549.148,80.001 550.169,79.965 553.369,79.82 C556.562,79.673 558.743,79.167 560.652,78.425 C562.623,77.658 564.297,76.634 565.965,74.965 C567.633,73.296 568.659,71.625 569.425,69.651 C570.167,67.743 570.674,65.562 570.82,62.369 C570.966,59.17 571,58.147 571,50 C571,41.851 570.966,40.831 570.82,37.631\"><\/path><\/g><\/g><\/g><\/svg><\/div><div style=\"padding-top: 8px;\"> <div style=\" color:#3897f0; font-family:Arial,sans-serif; font-size:14px; font-style:normal; font-weight:550; line-height:18px;\">Ver essa foto no Instagram<\/div><\/div><div style=\"padding: 12.5% 0;\"><\/div> <div style=\"display: flex; flex-direction: row; margin-bottom: 14px; align-items: center;\"><div> <div style=\"background-color: #F4F4F4; border-radius: 50%; height: 12.5px; width: 12.5px; transform: translateX(0px) translateY(7px);\"><\/div> <div style=\"background-color: #F4F4F4; height: 12.5px; transform: rotate(-45deg) translateX(3px) translateY(1px); width: 12.5px; flex-grow: 0; margin-right: 14px; margin-left: 2px;\"><\/div> <div style=\"background-color: #F4F4F4; border-radius: 50%; height: 12.5px; width: 12.5px; transform: translateX(9px) translateY(-18px);\"><\/div><\/div><div style=\"margin-left: 8px;\"> <div style=\" background-color: #F4F4F4; border-radius: 50%; flex-grow: 0; height: 20px; width: 20px;\"><\/div> <div style=\" width: 0; height: 0; border-top: 2px solid transparent; border-left: 6px solid #f4f4f4; border-bottom: 2px solid transparent; transform: translateX(16px) translateY(-4px) rotate(30deg)\"><\/div><\/div><div style=\"margin-left: auto;\"> <div style=\" width: 0px; border-top: 8px solid #F4F4F4; border-right: 8px solid transparent; transform: translateY(16px);\"><\/div> <div style=\" background-color: #F4F4F4; flex-grow: 0; height: 12px; width: 16px; transform: translateY(-4px);\"><\/div> <div style=\" width: 0; height: 0; border-top: 8px solid #F4F4F4; border-left: 8px solid transparent; transform: translateY(-4px) translateX(8px);\"><\/div><\/div><\/div> <div style=\"display: flex; flex-direction: column; flex-grow: 1; justify-content: center; margin-bottom: 24px;\"> <div style=\" background-color: #F4F4F4; border-radius: 4px; flex-grow: 0; height: 14px; margin-bottom: 6px; width: 224px;\"><\/div> <div style=\" background-color: #F4F4F4; border-radius: 4px; flex-grow: 0; height: 14px; width: 144px;\"><\/div><\/div><\/a><p style=\" color:#c9c8cd; font-family:Arial,sans-serif; font-size:14px; line-height:17px; margin-bottom:0; margin-top:8px; overflow:hidden; padding:8px 0 7px; text-align:center; text-overflow:ellipsis; white-space:nowrap;\"><a href=\"https:\/\/www.instagram.com\/reel\/DQ63yjEEZ3X\/?utm_source=ig_embed&amp;utm_campaign=loading\" style=\" color:#c9c8cd; font-family:Arial,sans-serif; font-size:14px; font-style:normal; font-weight:normal; line-height:17px; text-decoration:none;\" target=\"_blank\">Um post compartilhado por SJCampos_ | Let\u00edcia &amp; Tiago Oliveira (@sjcampos_)<\/a><\/p><\/div><\/blockquote>\n<script async src=\"\/\/www.instagram.com\/embed.js\"><\/script>\n\n\n\n<h2 class=\"wp-block-heading\">Quais s\u00e3o os impactos da certifica\u00e7\u00e3o ISO 37125 na vida dos moradores<\/h2>\n\n\n\n<p>Os efeitos pr\u00e1ticos da certifica\u00e7\u00e3o aparecem no dia a dia da popula\u00e7\u00e3o, mesmo quando o termo \u201cISO 37125\u201d n\u00e3o \u00e9 citado. Melhorias no transporte p\u00fablico, amplia\u00e7\u00e3o de servi\u00e7os digitais, fortalecimento da aten\u00e7\u00e3o b\u00e1sica em sa\u00fade e maior transpar\u00eancia sobre o or\u00e7amento municipal impactam diretamente tempo de deslocamento, sensa\u00e7\u00e3o de seguran\u00e7a e acesso a trabalho e estudo.<\/p>\n\n\n\n<p>A m\u00e9dio e longo prazo, o reconhecimento em n\u00edvel platina tende a atrair investimentos, universidades e centros de pesquisa interessados em testar solu\u00e7\u00f5es de&nbsp;<strong>cidades inteligentes<\/strong>. Isso amplia oportunidades econ\u00f4micas, estimula inova\u00e7\u00e3o local e fortalece S\u00e3o Jos\u00e9 dos Campos como polo de&nbsp;<strong>gest\u00e3o urbana sustent\u00e1vel<\/strong>&nbsp;conectado a redes internacionais.<\/p>\n\n\n\n<h2 class=\"wp-block-heading\">O que o futuro reserva para S\u00e3o Jos\u00e9 dos Campos como cidade inteligente<\/h2>\n\n\n\n<p>Com a certifica\u00e7\u00e3o no n\u00edvel m\u00e1ximo, S\u00e3o Jos\u00e9 dos Campos assume um papel de laborat\u00f3rio urbano observado por gestores p\u00fablicos, empresas e pesquisadores em busca de solu\u00e7\u00f5es replic\u00e1veis. O desafio agora \u00e9 manter e elevar esses resultados, garantindo que a tecnologia esteja sempre a servi\u00e7o das pessoas, da inclus\u00e3o social e da preserva\u00e7\u00e3o ambiental.<\/p>\n\n\n\n<p>Se voc\u00ea \u00e9 gestor, pesquisador ou empreendedor, este \u00e9 o momento de se aproximar de cidades que j\u00e1 est\u00e3o na vanguarda da transforma\u00e7\u00e3o urbana. Aproveite a refer\u00eancia de S\u00e3o Jos\u00e9 dos Campos para agir agora: estude seus indicadores, busque parcerias e comece hoje a desenhar a pr\u00f3xima gera\u00e7\u00e3o de cidades inteligentes e sustent\u00e1veis no Brasil.<\/p>\n","protected":false},"excerpt":{"rendered":"<p>S\u00e3o Jos\u00e9 dos Campos, no interior de S\u00e3o Paulo, vem se consolidando como um dos principais exemplos globais de cidade inteligente e sustent\u00e1vel. Em 2025, o munic\u00edpio tornou-se a primeira cidade do mundo a conquistar o n\u00edvel platina da certifica\u00e7\u00e3o\u00a0ABNT NBR ISO 37125, padr\u00e3o que mede o desempenho urbano em qualidade de vida, inova\u00e7\u00e3o, meio [&hellip;]<\/p>\n","protected":false},"author":11,"featured_media":180067,"comment_status":"open","ping_status":"open","sticky":false,"template":"","format":"standard","meta":{"jnews-multi-image_gallery":[],"jnews_single_post":{"format":"standard"},"jnews_primary_category":[],"jnews_social_meta":[],"jnews_override_counter":[],"footnotes":""},"categories":[26,1],"tags":[183,8426,25988,327,3163,553],"class_list":["post-180064","post","type-post","status-publish","format-standard","has-post-thumbnail","hentry","category-cidades","category-noticias","tag-cidades","tag-cidades-inteligentes","tag-iso-37125","tag-qualidade-de-vida","tag-sao-jose-dos-campos","tag-sao-paulo"],"yoast_head":"<!-- This site is optimized with the Yoast SEO plugin v23.8 - https:\/\/yoast.com\/wordpress\/plugins\/seo\/ -->\n<title>Do interior de S\u00e3o Paulo para o grupo restrito das cidades que detem maior nivel de qualidade de vida do mundo - Estado de Minas - Em foco<\/title>\n<meta name=\"description\" content=\"A cidade paulista conquistou certifica\u00e7\u00e3o internacional por qualidade de vida, inova\u00e7\u00e3o e gest\u00e3o baseada em dados.\" \/>\n<meta name=\"robots\" content=\"index, follow, max-snippet:-1, max-image-preview:large, max-video-preview:-1\" \/>\n<link rel=\"canonical\" href=\"https:\/\/www.em.com.br\/emfoco\/2026\/03\/12\/do-interior-de-sao-paulo-para-o-grupo-restrito-das-cidades-que-detem-maior-nivel-de-qualidade-de-vida-do-mundo\/\" \/>\n<meta property=\"og:locale\" content=\"pt_BR\" \/>\n<meta property=\"og:type\" content=\"article\" \/>\n<meta property=\"og:title\" content=\"Do interior de S\u00e3o Paulo para o grupo restrito das cidades que detem maior nivel de qualidade de vida do mundo - Estado de Minas - Em foco\" \/>\n<meta property=\"og:description\" content=\"A cidade paulista conquistou certifica\u00e7\u00e3o internacional por qualidade de vida, inova\u00e7\u00e3o e gest\u00e3o baseada em dados.\" \/>\n<meta property=\"og:url\" content=\"https:\/\/www.em.com.br\/emfoco\/2026\/03\/12\/do-interior-de-sao-paulo-para-o-grupo-restrito-das-cidades-que-detem-maior-nivel-de-qualidade-de-vida-do-mundo\/\" \/>\n<meta property=\"og:site_name\" content=\"Estado de Minas - Em foco\" \/>\n<meta property=\"article:published_time\" content=\"2026-03-12T22:25:00+00:00\" \/>\n<meta property=\"article:modified_time\" content=\"2026-03-12T01:29:20+00:00\" \/>\n<meta property=\"og:image\" content=\"https:\/\/www.em.com.br\/emfoco\/wp-content\/uploads\/2026\/03\/Gemini_Generated_Image_z5ccwvz5ccwvz5cc-1.png\" \/>\n\t<meta property=\"og:image:width\" content=\"1280\" \/>\n\t<meta property=\"og:image:height\" content=\"720\" \/>\n\t<meta property=\"og:image:type\" content=\"image\/png\" \/>\n<meta name=\"author\" content=\"Andre\u0301 Rangel\u00a0\" \/>\n<meta name=\"twitter:card\" content=\"summary_large_image\" \/>\n<meta name=\"twitter:label1\" content=\"Escrito por\" \/>\n\t<meta name=\"twitter:data1\" content=\"Andre\u0301 Rangel\u00a0\" \/>\n\t<meta name=\"twitter:label2\" content=\"Est. tempo de leitura\" \/>\n\t<meta name=\"twitter:data2\" content=\"5 minutos\" \/>\n<!-- \/ Yoast SEO plugin. -->","yoast_head_json":{"title":"Do interior de S\u00e3o Paulo para o grupo restrito das cidades que detem maior nivel de qualidade de vida do mundo - Estado de Minas - Em foco","description":"A cidade paulista conquistou certifica\u00e7\u00e3o internacional por qualidade de vida, inova\u00e7\u00e3o e gest\u00e3o baseada em dados.","robots":{"index":"index","follow":"follow","max-snippet":"max-snippet:-1","max-image-preview":"max-image-preview:large","max-video-preview":"max-video-preview:-1"},"canonical":"https:\/\/www.em.com.br\/emfoco\/2026\/03\/12\/do-interior-de-sao-paulo-para-o-grupo-restrito-das-cidades-que-detem-maior-nivel-de-qualidade-de-vida-do-mundo\/","og_locale":"pt_BR","og_type":"article","og_title":"Do interior de S\u00e3o Paulo para o grupo restrito das cidades que detem maior nivel de qualidade de vida do mundo - Estado de Minas - Em foco","og_description":"A cidade paulista conquistou certifica\u00e7\u00e3o internacional por qualidade de vida, inova\u00e7\u00e3o e gest\u00e3o baseada em dados.","og_url":"https:\/\/www.em.com.br\/emfoco\/2026\/03\/12\/do-interior-de-sao-paulo-para-o-grupo-restrito-das-cidades-que-detem-maior-nivel-de-qualidade-de-vida-do-mundo\/","og_site_name":"Estado de Minas - Em foco","article_published_time":"2026-03-12T22:25:00+00:00","article_modified_time":"2026-03-12T01:29:20+00:00","og_image":[{"width":1280,"height":720,"url":"https:\/\/www.em.com.br\/emfoco\/wp-content\/uploads\/2026\/03\/Gemini_Generated_Image_z5ccwvz5ccwvz5cc-1.png","type":"image\/png"}],"author":"Andre\u0301 Rangel\u00a0","twitter_card":"summary_large_image","twitter_misc":{"Escrito por":"Andre\u0301 Rangel\u00a0","Est. tempo de leitura":"5 minutos"},"schema":{"@context":"https:\/\/schema.org","@graph":[{"@type":"WebPage","@id":"https:\/\/www.em.com.br\/emfoco\/2026\/03\/12\/do-interior-de-sao-paulo-para-o-grupo-restrito-das-cidades-que-detem-maior-nivel-de-qualidade-de-vida-do-mundo\/","url":"https:\/\/www.em.com.br\/emfoco\/2026\/03\/12\/do-interior-de-sao-paulo-para-o-grupo-restrito-das-cidades-que-detem-maior-nivel-de-qualidade-de-vida-do-mundo\/","name":"Do interior de S\u00e3o Paulo para o grupo restrito das cidades que detem maior nivel de qualidade de vida do mundo - Estado de Minas - Em foco","isPartOf":{"@id":"https:\/\/www.em.com.br\/emfoco\/#website"},"primaryImageOfPage":{"@id":"https:\/\/www.em.com.br\/emfoco\/2026\/03\/12\/do-interior-de-sao-paulo-para-o-grupo-restrito-das-cidades-que-detem-maior-nivel-de-qualidade-de-vida-do-mundo\/#primaryimage"},"image":{"@id":"https:\/\/www.em.com.br\/emfoco\/2026\/03\/12\/do-interior-de-sao-paulo-para-o-grupo-restrito-das-cidades-que-detem-maior-nivel-de-qualidade-de-vida-do-mundo\/#primaryimage"},"thumbnailUrl":"https:\/\/www.em.com.br\/emfoco\/wp-content\/uploads\/2026\/03\/Gemini_Generated_Image_z5ccwvz5ccwvz5cc-1.png","datePublished":"2026-03-12T22:25:00+00:00","dateModified":"2026-03-12T01:29:20+00:00","author":{"@id":"https:\/\/www.em.com.br\/emfoco\/#\/schema\/person\/60eda09c1fedf0d6891f4cef4b60b8b8"},"description":"A cidade paulista conquistou certifica\u00e7\u00e3o internacional por qualidade de vida, inova\u00e7\u00e3o e gest\u00e3o baseada em dados.","breadcrumb":{"@id":"https:\/\/www.em.com.br\/emfoco\/2026\/03\/12\/do-interior-de-sao-paulo-para-o-grupo-restrito-das-cidades-que-detem-maior-nivel-de-qualidade-de-vida-do-mundo\/#breadcrumb"},"inLanguage":"pt-BR","potentialAction":[{"@type":"ReadAction","target":["https:\/\/www.em.com.br\/emfoco\/2026\/03\/12\/do-interior-de-sao-paulo-para-o-grupo-restrito-das-cidades-que-detem-maior-nivel-de-qualidade-de-vida-do-mundo\/"]}]},{"@type":"ImageObject","inLanguage":"pt-BR","@id":"https:\/\/www.em.com.br\/emfoco\/2026\/03\/12\/do-interior-de-sao-paulo-para-o-grupo-restrito-das-cidades-que-detem-maior-nivel-de-qualidade-de-vida-do-mundo\/#primaryimage","url":"https:\/\/www.em.com.br\/emfoco\/wp-content\/uploads\/2026\/03\/Gemini_Generated_Image_z5ccwvz5ccwvz5cc-1.png","contentUrl":"https:\/\/www.em.com.br\/emfoco\/wp-content\/uploads\/2026\/03\/Gemini_Generated_Image_z5ccwvz5ccwvz5cc-1.png","width":1280,"height":720,"caption":"S\u00e3o Jos\u00e9 dos Campos conquista selo mundial de cidade inteligente (Imagem gerada por intelig\u00eancia artificial-Gemini)"},{"@type":"BreadcrumbList","@id":"https:\/\/www.em.com.br\/emfoco\/2026\/03\/12\/do-interior-de-sao-paulo-para-o-grupo-restrito-das-cidades-que-detem-maior-nivel-de-qualidade-de-vida-do-mundo\/#breadcrumb","itemListElement":[{"@type":"ListItem","position":1,"name":"In\u00edcio","item":"https:\/\/www.em.com.br\/emfoco\/"},{"@type":"ListItem","position":2,"name":"Do interior de S\u00e3o Paulo para o grupo restrito das cidades que detem maior nivel de qualidade de vida do mundo"}]},{"@type":"WebSite","@id":"https:\/\/www.em.com.br\/emfoco\/#website","url":"https:\/\/www.em.com.br\/emfoco\/","name":"Estado de Minas - Em foco","description":"Acompanhe as \u00faltimas not\u00edcias e fique bem informado sobre tudo o que acontece em Minas Gerais, Brasil e no mundo.","potentialAction":[{"@type":"SearchAction","target":{"@type":"EntryPoint","urlTemplate":"https:\/\/www.em.com.br\/emfoco\/?s={search_term_string}"},"query-input":{"@type":"PropertyValueSpecification","valueRequired":true,"valueName":"search_term_string"}}],"inLanguage":"pt-BR"},{"@type":"Person","@id":"https:\/\/www.em.com.br\/emfoco\/#\/schema\/person\/60eda09c1fedf0d6891f4cef4b60b8b8","name":"Andre\u0301 Rangel\u00a0","image":{"@type":"ImageObject","inLanguage":"pt-BR","@id":"https:\/\/www.em.com.br\/emfoco\/#\/schema\/person\/image\/","url":"https:\/\/secure.gravatar.com\/avatar\/6234dc814c77c8ef6d8bba622c787efc?s=96&d=mm&r=g","contentUrl":"https:\/\/secure.gravatar.com\/avatar\/6234dc814c77c8ef6d8bba622c787efc?s=96&d=mm&r=g","caption":"Andre\u0301 Rangel\u00a0"},"url":"https:\/\/www.em.com.br\/emfoco\/author\/luizmyth\/"}]}},"_links":{"self":[{"href":"https:\/\/www.em.com.br\/emfoco\/wp-json\/wp\/v2\/posts\/180064","targetHints":{"allow":["GET"]}}],"collection":[{"href":"https:\/\/www.em.com.br\/emfoco\/wp-json\/wp\/v2\/posts"}],"about":[{"href":"https:\/\/www.em.com.br\/emfoco\/wp-json\/wp\/v2\/types\/post"}],"author":[{"embeddable":true,"href":"https:\/\/www.em.com.br\/emfoco\/wp-json\/wp\/v2\/users\/11"}],"replies":[{"embeddable":true,"href":"https:\/\/www.em.com.br\/emfoco\/wp-json\/wp\/v2\/comments?post=180064"}],"version-history":[{"count":2,"href":"https:\/\/www.em.com.br\/emfoco\/wp-json\/wp\/v2\/posts\/180064\/revisions"}],"predecessor-version":[{"id":180068,"href":"https:\/\/www.em.com.br\/emfoco\/wp-json\/wp\/v2\/posts\/180064\/revisions\/180068"}],"wp:featuredmedia":[{"embeddable":true,"href":"https:\/\/www.em.com.br\/emfoco\/wp-json\/wp\/v2\/media\/180067"}],"wp:attachment":[{"href":"https:\/\/www.em.com.br\/emfoco\/wp-json\/wp\/v2\/media?parent=180064"}],"wp:term":[{"taxonomy":"category","embeddable":true,"href":"https:\/\/www.em.com.br\/emfoco\/wp-json\/wp\/v2\/categories?post=180064"},{"taxonomy":"post_tag","embeddable":true,"href":"https:\/\/www.em.com.br\/emfoco\/wp-json\/wp\/v2\/tags?post=180064"}],"curies":[{"name":"wp","href":"https:\/\/api.w.org\/{rel}","templated":true}]}}