{"id":180048,"date":"2026-03-12T17:45:00","date_gmt":"2026-03-12T20:45:00","guid":{"rendered":"https:\/\/www.em.com.br\/emfoco\/?p=180048"},"modified":"2026-03-11T22:28:39","modified_gmt":"2026-03-12T01:28:39","slug":"consumo-de-banana-tem-riscos-para-a-saude-especialmente-para-um-grupo-de-pessoas","status":"publish","type":"post","link":"https:\/\/www.em.com.br\/emfoco\/2026\/03\/12\/consumo-de-banana-tem-riscos-para-a-saude-especialmente-para-um-grupo-de-pessoas\/","title":{"rendered":"Consumo de banana tem riscos para a sa\u00fade, especialmente para um grupo de pessoas"},"content":{"rendered":"\n<p>A <strong>banana <\/strong>faz parte da rotina alimentar de muita gente, seja no caf\u00e9 da manh\u00e3, no pr\u00e9-treino ou em lanches r\u00e1pidos, por ser pr\u00e1tica, nutritiva e rica em carboidratos, fibras, vitaminas e minerais, especialmente pot\u00e1ssio, que est\u00e1 diretamente ligado \u00e0 sa\u00fade do cora\u00e7\u00e3o e ao controle da press\u00e3o arterial.<\/p>\n\n\n\n<h2 class=\"wp-block-heading\">Quais s\u00e3o os principais benef\u00edcios da banana?<\/h2>\n\n\n\n<p>O&nbsp;<strong>consumo de banana<\/strong>&nbsp;\u00e9 associado \u00e0 oferta r\u00e1pida de energia, sendo comum em lanches pr\u00e9-treino ou em momentos de maior demanda f\u00edsica. A fruta fornece carboidratos de digest\u00e3o relativamente simples, al\u00e9m de fibras que favorecem o funcionamento intestinal e contribuem para a sensa\u00e7\u00e3o de saciedade.<\/p>\n\n\n\n<p>A <a href=\"https:\/\/www.em.com.br\/emfoco\/2026\/02\/16\/jogar-casca-de-banana-no-lixo-pode-ser-um-erro-que-esta-impedindo-suas-plantas-de-crescerem-mais-fortes-e-floridas\/\" target=\"_blank\" rel=\"noreferrer noopener\">banana <\/a>tamb\u00e9m \u00e9 fonte de pot\u00e1ssio e magn\u00e9sio, que participam da contra\u00e7\u00e3o muscular, do equil\u00edbrio de l\u00edquidos e da manuten\u00e7\u00e3o da press\u00e3o arterial. Vitaminas do complexo B e vitamina C aparecem na composi\u00e7\u00e3o, variando conforme o tipo e o grau de matura\u00e7\u00e3o, o que a torna aliada em planos voltados \u00e0 sa\u00fade cardiovascular e ao bem-estar geral.<\/p>\n\n\n\n<figure class=\"wp-block-image size-large\"><img loading=\"lazy\" decoding=\"async\" width=\"1024\" height=\"576\" src=\"https:\/\/www.em.com.br\/emfoco\/wp-content\/uploads\/2026\/03\/ChatGPT-Image-10-de-mar.-de-2026-23_02_08-1-1024x576.png\" alt=\"\" class=\"wp-image-180053\" srcset=\"https:\/\/www.em.com.br\/emfoco\/wp-content\/uploads\/2026\/03\/ChatGPT-Image-10-de-mar.-de-2026-23_02_08-1-1024x576.png 1024w, https:\/\/www.em.com.br\/emfoco\/wp-content\/uploads\/2026\/03\/ChatGPT-Image-10-de-mar.-de-2026-23_02_08-1-300x169.png 300w, https:\/\/www.em.com.br\/emfoco\/wp-content\/uploads\/2026\/03\/ChatGPT-Image-10-de-mar.-de-2026-23_02_08-1-768x432.png 768w, https:\/\/www.em.com.br\/emfoco\/wp-content\/uploads\/2026\/03\/ChatGPT-Image-10-de-mar.-de-2026-23_02_08-1-750x422.png 750w, https:\/\/www.em.com.br\/emfoco\/wp-content\/uploads\/2026\/03\/ChatGPT-Image-10-de-mar.-de-2026-23_02_08-1-1140x641.png 1140w, https:\/\/www.em.com.br\/emfoco\/wp-content\/uploads\/2026\/03\/ChatGPT-Image-10-de-mar.-de-2026-23_02_08-1.png 1280w\" sizes=\"auto, (max-width: 1024px) 100vw, 1024px\" \/><\/figure>\n\n\n\n<h2 class=\"wp-block-heading\">Por que variar o consumo de frutas \u00e9 importante?<\/h2>\n\n\n\n<p>Mesmo com tantos aspectos positivos, nutricionistas refor\u00e7am que uma alimenta\u00e7\u00e3o saud\u00e1vel depende da variedade de frutas e vegetais. Focar quase exclusivamente na banana limita o acesso a antioxidantes e fitoqu\u00edmicos presentes em alimentos como ma\u00e7\u00e3, laranja, uva e frutas vermelhas.<\/p>\n\n\n\n<p>Ao diversificar as op\u00e7\u00f5es, amplia-se o espectro de nutrientes e reduz-se o risco de exageros em um \u00fanico componente da dieta. Isso ajuda a equilibrar calorias, tipos de carboidratos e diferentes vitaminas e minerais, favorecendo uma sa\u00fade mais completa a longo prazo.<\/p>\n\n\n\n<h2 class=\"wp-block-heading\">Para quem o consumo excessivo de banana pode fazer mal?<\/h2>\n\n\n\n<p>Em indiv\u00edduos saud\u00e1veis, a banana consumida com modera\u00e7\u00e3o, dentro de um plano equilibrado, costuma ser bem tolerada. Por\u00e9m, o excesso di\u00e1rio pode gerar desconfortos, sobretudo em pessoas com maior sensibilidade intestinal ou condi\u00e7\u00f5es cl\u00ednicas espec\u00edficas.<\/p>\n\n\n\n<p>A banana \u00e9 rica em <strong>FODMAPs<\/strong>, que podem causar gases, distens\u00e3o abdominal e c\u00f3licas em pessoas predispostas, como quem tem s\u00edndrome do intestino irrit\u00e1vel. A matura\u00e7\u00e3o tamb\u00e9m interfere: muito verde, aumenta o amido resistente e o risco de obstipa\u00e7\u00e3o; muito madura, eleva os a\u00e7\u00facares simples, exigindo aten\u00e7\u00e3o em dietas de controle glic\u00eamico.<\/p>\n\n\n\n<h2 class=\"wp-block-heading\">Por que pessoas com doen\u00e7a renal cr\u00f4nica devem ter cautela com a banana?<\/h2>\n\n\n\n<p>Entre todos os grupos, portadores de\u00a0<a href=\"https:\/\/www.gov.br\/saude\/pt-br\/assuntos\/saude-de-a-a-z\/d\/drc\" target=\"_blank\" rel=\"noreferrer noopener\"><strong>doen\u00e7a renal cr\u00f4nica<\/strong>\u00a0<\/a>precisam de cuidado especial com o consumo de banana devido ao teor de pot\u00e1ssio. Em rins saud\u00e1veis, o excesso desse mineral \u00e9 filtrado e eliminado pela urina; j\u00e1 em fun\u00e7\u00e3o renal comprometida, ocorre ac\u00famulo no sangue.<\/p>\n\n\n\n<p>Esse aumento gera&nbsp;<strong>hipercalemia<\/strong>, condi\u00e7\u00e3o que pode provocar fraqueza muscular, formigamentos, sensa\u00e7\u00e3o de peso nas pernas e altera\u00e7\u00f5es no ritmo card\u00edaco, inclusive arritmias graves. Por isso, muitos pacientes renais recebem orienta\u00e7\u00f5es espec\u00edficas para limitar alimentos ricos em pot\u00e1ssio, como a banana, com base em exames e est\u00e1gio da doen\u00e7a.<\/p>\n\n\n\n<figure class=\"wp-block-image size-large\"><img loading=\"lazy\" decoding=\"async\" width=\"1024\" height=\"576\" src=\"https:\/\/www.em.com.br\/emfoco\/wp-content\/uploads\/2025\/05\/banana_1748186378848-1024x576.jpg\" alt=\"Voc\u00ea est\u00e1 jogando fora a parte mais poderosa da fruta\" class=\"wp-image-51183\" srcset=\"https:\/\/www.em.com.br\/emfoco\/wp-content\/uploads\/2025\/05\/banana_1748186378848-1024x576.jpg 1024w, https:\/\/www.em.com.br\/emfoco\/wp-content\/uploads\/2025\/05\/banana_1748186378848-300x169.jpg 300w, https:\/\/www.em.com.br\/emfoco\/wp-content\/uploads\/2025\/05\/banana_1748186378848-768x432.jpg 768w, https:\/\/www.em.com.br\/emfoco\/wp-content\/uploads\/2025\/05\/banana_1748186378848-750x422.jpg 750w, https:\/\/www.em.com.br\/emfoco\/wp-content\/uploads\/2025\/05\/banana_1748186378848-1140x641.jpg 1140w, https:\/\/www.em.com.br\/emfoco\/wp-content\/uploads\/2025\/05\/banana_1748186378848.jpg 1280w\" sizes=\"auto, (max-width: 1024px) 100vw, 1024px\" \/><figcaption class=\"wp-element-caption\">Bananas\u00a0e os benef\u00edcios para o corpo &#8211; Cr\u00e9ditos: depositphotos.com \/ HayDmitriy<\/figcaption><\/figure>\n\n\n\n<h2 class=\"wp-block-heading\">Como incluir banana na rotina com seguran\u00e7a e equil\u00edbrio<\/h2>\n\n\n\n<p>A forma mais segura de manter o&nbsp;<strong>consumo de banana<\/strong>&nbsp;\u00e9 trat\u00e1-la como parte do conjunto da alimenta\u00e7\u00e3o, e n\u00e3o como protagonista. Para muitas pessoas saud\u00e1veis, uma unidade m\u00e9dia por dia, ou at\u00e9 menos, j\u00e1 \u00e9 suficiente para obter benef\u00edcios sem excesso de calorias ou de pot\u00e1ssio, especialmente se houver boa variedade de outras frutas.<\/p>\n\n\n\n<p>Algumas estrat\u00e9gias pr\u00e1ticas podem ajudar a equilibrar o consumo de banana no dia a dia e adaptar a quantidade ao seu n\u00edvel de atividade f\u00edsica, toler\u00e2ncia intestinal e poss\u00edveis condi\u00e7\u00f5es de sa\u00fade:<\/p>\n\n\n\n<ul class=\"wp-block-list\">\n<li>Alternar a banana com outras frutas ao longo da semana.<\/li>\n\n\n\n<li>Evitar grandes volumes de banana em um \u00fanico lanche, sobretudo em quem tem desconforto intestinal.<\/li>\n\n\n\n<li>Observar o grau de matura\u00e7\u00e3o e a pr\u00f3pria resposta do organismo ap\u00f3s o consumo.<\/li>\n\n\n\n<li>Em caso de doen\u00e7a renal ou condi\u00e7\u00e3o cr\u00f4nica, seguir rigorosamente orienta\u00e7\u00f5es profissionais.<\/li>\n<\/ul>\n\n\n\n<p>Se voc\u00ea consome banana com frequ\u00eancia, tem sintomas intestinais, altera\u00e7\u00e3o na glicemia ou problema nos rins, o momento de agir \u00e9 agora. Busque avalia\u00e7\u00e3o nutricional e m\u00e9dica o quanto antes para ajustar a quantidade ideal para o seu caso e evitar riscos silenciosos que podem se agravar com o tempo.<\/p>\n\n\n\n<p>N\u00e3o espere sinais mais graves aparecerem para rever seus h\u00e1bitos: marque hoje mesmo uma consulta com um profissional de sa\u00fade, leve seu hist\u00f3rico de consumo e exames recentes e comece j\u00e1 a alinhar o uso da banana \u2014 e das demais frutas \u2014 a um plano alimentar realmente seguro e personalizado.<\/p>\n","protected":false},"excerpt":{"rendered":"<p>A banana faz parte da rotina alimentar de muita gente, seja no caf\u00e9 da manh\u00e3, no pr\u00e9-treino ou em lanches r\u00e1pidos, por ser pr\u00e1tica, nutritiva e rica em carboidratos, fibras, vitaminas e minerais, especialmente pot\u00e1ssio, que est\u00e1 diretamente ligado \u00e0 sa\u00fade do cora\u00e7\u00e3o e ao controle da press\u00e3o arterial. Quais s\u00e3o os principais benef\u00edcios da [&hellip;]<\/p>\n","protected":false},"author":11,"featured_media":180054,"comment_status":"open","ping_status":"open","sticky":false,"template":"","format":"standard","meta":{"jnews-multi-image_gallery":[],"jnews_single_post":{"format":"standard"},"jnews_primary_category":[],"jnews_social_meta":[],"jnews_override_counter":[],"footnotes":""},"categories":[1,9053],"tags":[1914,256,5181,1917,415],"class_list":["post-180048","post","type-post","status-publish","format-standard","has-post-thumbnail","hentry","category-noticias","category-saude","tag-banana","tag-beneficios","tag-fibras","tag-potassio","tag-saude"],"yoast_head":"<!-- This site is optimized with the Yoast SEO plugin v23.8 - https:\/\/yoast.com\/wordpress\/plugins\/seo\/ -->\n<title>Consumo de banana tem riscos para a sa\u00fade, especialmente para um grupo de pessoas - Estado de Minas - Em foco<\/title>\n<meta name=\"description\" content=\"Conhe\u00e7a os benef\u00edcios da banana para energia e sa\u00fade do cora\u00e7\u00e3o e saiba quando \u00e9 preciso moderar.\" \/>\n<meta name=\"robots\" content=\"index, follow, max-snippet:-1, max-image-preview:large, max-video-preview:-1\" \/>\n<link rel=\"canonical\" href=\"https:\/\/www.em.com.br\/emfoco\/2026\/03\/12\/consumo-de-banana-tem-riscos-para-a-saude-especialmente-para-um-grupo-de-pessoas\/\" \/>\n<meta property=\"og:locale\" content=\"pt_BR\" \/>\n<meta property=\"og:type\" content=\"article\" \/>\n<meta property=\"og:title\" content=\"Consumo de banana tem riscos para a sa\u00fade, especialmente para um grupo de pessoas - Estado de Minas - Em foco\" \/>\n<meta property=\"og:description\" content=\"Conhe\u00e7a os benef\u00edcios da banana para energia e sa\u00fade do cora\u00e7\u00e3o e saiba quando \u00e9 preciso moderar.\" \/>\n<meta property=\"og:url\" content=\"https:\/\/www.em.com.br\/emfoco\/2026\/03\/12\/consumo-de-banana-tem-riscos-para-a-saude-especialmente-para-um-grupo-de-pessoas\/\" \/>\n<meta property=\"og:site_name\" content=\"Estado de Minas - Em foco\" \/>\n<meta property=\"article:published_time\" content=\"2026-03-12T20:45:00+00:00\" \/>\n<meta property=\"article:modified_time\" content=\"2026-03-12T01:28:39+00:00\" \/>\n<meta property=\"og:image\" content=\"https:\/\/www.em.com.br\/emfoco\/wp-content\/uploads\/2026\/03\/Gemini_Generated_Image_gnwv88gnwv88gnwv-1.png\" \/>\n\t<meta property=\"og:image:width\" content=\"1280\" \/>\n\t<meta property=\"og:image:height\" content=\"720\" \/>\n\t<meta property=\"og:image:type\" content=\"image\/png\" \/>\n<meta name=\"author\" content=\"Andre\u0301 Rangel\u00a0\" \/>\n<meta name=\"twitter:card\" content=\"summary_large_image\" \/>\n<meta name=\"twitter:label1\" content=\"Escrito por\" \/>\n\t<meta name=\"twitter:data1\" content=\"Andre\u0301 Rangel\u00a0\" \/>\n\t<meta name=\"twitter:label2\" content=\"Est. tempo de leitura\" \/>\n\t<meta name=\"twitter:data2\" content=\"5 minutos\" \/>\n<!-- \/ Yoast SEO plugin. -->","yoast_head_json":{"title":"Consumo de banana tem riscos para a sa\u00fade, especialmente para um grupo de pessoas - Estado de Minas - Em foco","description":"Conhe\u00e7a os benef\u00edcios da banana para energia e sa\u00fade do cora\u00e7\u00e3o e saiba quando \u00e9 preciso moderar.","robots":{"index":"index","follow":"follow","max-snippet":"max-snippet:-1","max-image-preview":"max-image-preview:large","max-video-preview":"max-video-preview:-1"},"canonical":"https:\/\/www.em.com.br\/emfoco\/2026\/03\/12\/consumo-de-banana-tem-riscos-para-a-saude-especialmente-para-um-grupo-de-pessoas\/","og_locale":"pt_BR","og_type":"article","og_title":"Consumo de banana tem riscos para a sa\u00fade, especialmente para um grupo de pessoas - Estado de Minas - Em foco","og_description":"Conhe\u00e7a os benef\u00edcios da banana para energia e sa\u00fade do cora\u00e7\u00e3o e saiba quando \u00e9 preciso moderar.","og_url":"https:\/\/www.em.com.br\/emfoco\/2026\/03\/12\/consumo-de-banana-tem-riscos-para-a-saude-especialmente-para-um-grupo-de-pessoas\/","og_site_name":"Estado de Minas - Em foco","article_published_time":"2026-03-12T20:45:00+00:00","article_modified_time":"2026-03-12T01:28:39+00:00","og_image":[{"width":1280,"height":720,"url":"https:\/\/www.em.com.br\/emfoco\/wp-content\/uploads\/2026\/03\/Gemini_Generated_Image_gnwv88gnwv88gnwv-1.png","type":"image\/png"}],"author":"Andre\u0301 Rangel\u00a0","twitter_card":"summary_large_image","twitter_misc":{"Escrito por":"Andre\u0301 Rangel\u00a0","Est. tempo de leitura":"5 minutos"},"schema":{"@context":"https:\/\/schema.org","@graph":[{"@type":"WebPage","@id":"https:\/\/www.em.com.br\/emfoco\/2026\/03\/12\/consumo-de-banana-tem-riscos-para-a-saude-especialmente-para-um-grupo-de-pessoas\/","url":"https:\/\/www.em.com.br\/emfoco\/2026\/03\/12\/consumo-de-banana-tem-riscos-para-a-saude-especialmente-para-um-grupo-de-pessoas\/","name":"Consumo de banana tem riscos para a sa\u00fade, especialmente para um grupo de pessoas - Estado de Minas - Em foco","isPartOf":{"@id":"https:\/\/www.em.com.br\/emfoco\/#website"},"primaryImageOfPage":{"@id":"https:\/\/www.em.com.br\/emfoco\/2026\/03\/12\/consumo-de-banana-tem-riscos-para-a-saude-especialmente-para-um-grupo-de-pessoas\/#primaryimage"},"image":{"@id":"https:\/\/www.em.com.br\/emfoco\/2026\/03\/12\/consumo-de-banana-tem-riscos-para-a-saude-especialmente-para-um-grupo-de-pessoas\/#primaryimage"},"thumbnailUrl":"https:\/\/www.em.com.br\/emfoco\/wp-content\/uploads\/2026\/03\/Gemini_Generated_Image_gnwv88gnwv88gnwv-1.png","datePublished":"2026-03-12T20:45:00+00:00","dateModified":"2026-03-12T01:28:39+00:00","author":{"@id":"https:\/\/www.em.com.br\/emfoco\/#\/schema\/person\/60eda09c1fedf0d6891f4cef4b60b8b8"},"description":"Conhe\u00e7a os benef\u00edcios da banana para energia e sa\u00fade do cora\u00e7\u00e3o e saiba quando \u00e9 preciso moderar.","breadcrumb":{"@id":"https:\/\/www.em.com.br\/emfoco\/2026\/03\/12\/consumo-de-banana-tem-riscos-para-a-saude-especialmente-para-um-grupo-de-pessoas\/#breadcrumb"},"inLanguage":"pt-BR","potentialAction":[{"@type":"ReadAction","target":["https:\/\/www.em.com.br\/emfoco\/2026\/03\/12\/consumo-de-banana-tem-riscos-para-a-saude-especialmente-para-um-grupo-de-pessoas\/"]}]},{"@type":"ImageObject","inLanguage":"pt-BR","@id":"https:\/\/www.em.com.br\/emfoco\/2026\/03\/12\/consumo-de-banana-tem-riscos-para-a-saude-especialmente-para-um-grupo-de-pessoas\/#primaryimage","url":"https:\/\/www.em.com.br\/emfoco\/wp-content\/uploads\/2026\/03\/Gemini_Generated_Image_gnwv88gnwv88gnwv-1.png","contentUrl":"https:\/\/www.em.com.br\/emfoco\/wp-content\/uploads\/2026\/03\/Gemini_Generated_Image_gnwv88gnwv88gnwv-1.png","width":1280,"height":720,"caption":"A fruta popular que pode esconder um alerta"},{"@type":"BreadcrumbList","@id":"https:\/\/www.em.com.br\/emfoco\/2026\/03\/12\/consumo-de-banana-tem-riscos-para-a-saude-especialmente-para-um-grupo-de-pessoas\/#breadcrumb","itemListElement":[{"@type":"ListItem","position":1,"name":"In\u00edcio","item":"https:\/\/www.em.com.br\/emfoco\/"},{"@type":"ListItem","position":2,"name":"Consumo de banana tem riscos para a sa\u00fade, especialmente para um grupo de pessoas"}]},{"@type":"WebSite","@id":"https:\/\/www.em.com.br\/emfoco\/#website","url":"https:\/\/www.em.com.br\/emfoco\/","name":"Estado de Minas - Em foco","description":"Acompanhe as \u00faltimas not\u00edcias e fique bem informado sobre tudo o que acontece em Minas Gerais, Brasil e no mundo.","potentialAction":[{"@type":"SearchAction","target":{"@type":"EntryPoint","urlTemplate":"https:\/\/www.em.com.br\/emfoco\/?s={search_term_string}"},"query-input":{"@type":"PropertyValueSpecification","valueRequired":true,"valueName":"search_term_string"}}],"inLanguage":"pt-BR"},{"@type":"Person","@id":"https:\/\/www.em.com.br\/emfoco\/#\/schema\/person\/60eda09c1fedf0d6891f4cef4b60b8b8","name":"Andre\u0301 Rangel\u00a0","image":{"@type":"ImageObject","inLanguage":"pt-BR","@id":"https:\/\/www.em.com.br\/emfoco\/#\/schema\/person\/image\/","url":"https:\/\/secure.gravatar.com\/avatar\/6234dc814c77c8ef6d8bba622c787efc?s=96&d=mm&r=g","contentUrl":"https:\/\/secure.gravatar.com\/avatar\/6234dc814c77c8ef6d8bba622c787efc?s=96&d=mm&r=g","caption":"Andre\u0301 Rangel\u00a0"},"url":"https:\/\/www.em.com.br\/emfoco\/author\/luizmyth\/"}]}},"_links":{"self":[{"href":"https:\/\/www.em.com.br\/emfoco\/wp-json\/wp\/v2\/posts\/180048","targetHints":{"allow":["GET"]}}],"collection":[{"href":"https:\/\/www.em.com.br\/emfoco\/wp-json\/wp\/v2\/posts"}],"about":[{"href":"https:\/\/www.em.com.br\/emfoco\/wp-json\/wp\/v2\/types\/post"}],"author":[{"embeddable":true,"href":"https:\/\/www.em.com.br\/emfoco\/wp-json\/wp\/v2\/users\/11"}],"replies":[{"embeddable":true,"href":"https:\/\/www.em.com.br\/emfoco\/wp-json\/wp\/v2\/comments?post=180048"}],"version-history":[{"count":4,"href":"https:\/\/www.em.com.br\/emfoco\/wp-json\/wp\/v2\/posts\/180048\/revisions"}],"predecessor-version":[{"id":180058,"href":"https:\/\/www.em.com.br\/emfoco\/wp-json\/wp\/v2\/posts\/180048\/revisions\/180058"}],"wp:featuredmedia":[{"embeddable":true,"href":"https:\/\/www.em.com.br\/emfoco\/wp-json\/wp\/v2\/media\/180054"}],"wp:attachment":[{"href":"https:\/\/www.em.com.br\/emfoco\/wp-json\/wp\/v2\/media?parent=180048"}],"wp:term":[{"taxonomy":"category","embeddable":true,"href":"https:\/\/www.em.com.br\/emfoco\/wp-json\/wp\/v2\/categories?post=180048"},{"taxonomy":"post_tag","embeddable":true,"href":"https:\/\/www.em.com.br\/emfoco\/wp-json\/wp\/v2\/tags?post=180048"}],"curies":[{"name":"wp","href":"https:\/\/api.w.org\/{rel}","templated":true}]}}