{"id":180047,"date":"2026-03-12T12:45:00","date_gmt":"2026-03-12T15:45:00","guid":{"rendered":"https:\/\/www.em.com.br\/emfoco\/?p=180047"},"modified":"2026-03-11T22:24:46","modified_gmt":"2026-03-12T01:24:46","slug":"fim-da-lei-da-sucessao-muda-regras-de-heranca-e-conjuges-passam-a-ser-os-principais-herdeiros","status":"publish","type":"post","link":"https:\/\/www.em.com.br\/emfoco\/2026\/03\/12\/fim-da-lei-da-sucessao-muda-regras-de-heranca-e-conjuges-passam-a-ser-os-principais-herdeiros\/","title":{"rendered":"Fim da Lei da Sucess\u00e3o muda regras de heran\u00e7a e c\u00f4njuges passam a ser os principais herdeiros"},"content":{"rendered":"\n<p>A sucess\u00e3o e o testamento ocupam um papel central no direito de fam\u00edlia colombiano, especialmente na organiza\u00e7\u00e3o da transfer\u00eancia do patrim\u00f4nio ap\u00f3s a morte. A legisla\u00e7\u00e3o busca equilibrar a vontade da pessoa falecida com a prote\u00e7\u00e3o dos familiares com prioridade legal, definindo quem tem direito aos bens, em que propor\u00e7\u00e3o e em quais situa\u00e7\u00f5es \u00e9 poss\u00edvel contestar a divis\u00e3o da heran\u00e7a, inclusive em cen\u00e1rios internacionais envolvendo <strong>Brasil <\/strong>e <strong>Col\u00f4mbia<\/strong>.<\/p>\n\n\n\n<h2 class=\"wp-block-heading\">O que diz a lei de sucess\u00f5es na Col\u00f4mbia sobre heran\u00e7a e testamento<\/h2>\n\n\n\n<p>A\u00a0<strong>lei de sucess\u00f5es na Col\u00f4mbia<\/strong>\u00a0define quem s\u00e3o os herdeiros e como o patrim\u00f4nio deve ser partilhado, combinando liberdade de testar com limites obrigat\u00f3rios. O testamento \u00e9 o principal instrumento para organizar o destino dos bens, desde que respeite as restri\u00e7\u00f5es do <strong>C\u00f3digo Civil<\/strong>, como a prote\u00e7\u00e3o dos herdeiros necess\u00e1rios e a parte leg\u00edtima.<\/p>\n\n\n\n<p>Quando n\u00e3o h\u00e1 viola\u00e7\u00e3o a esses limites, o <a href=\"https:\/\/www.em.com.br\/emfoco\/2026\/01\/24\/segundo-essa-lei-em-2026-os-viuvos-nao-receberao-os-bens-mesmo-que-o-testamento-especifique-o-contrario\/\" target=\"_blank\" rel=\"noreferrer noopener\">testamento <\/a>tende a prevalecer sobre a sucess\u00e3o legal. A legisla\u00e7\u00e3o colombiana tamb\u00e9m prev\u00ea hip\u00f3teses em que o documento pode ser questionado judicialmente, especialmente em caso de descumprimento de formalidades ou afronta aos direitos m\u00ednimos dos herdeiros protegidos por lei.<\/p>\n\n\n\n<figure class=\"wp-block-image size-full\"><img loading=\"lazy\" decoding=\"async\" width=\"1024\" height=\"576\" src=\"https:\/\/www.em.com.br\/emfoco\/wp-content\/uploads\/2026\/03\/image.jpeg\" alt=\"\" class=\"wp-image-180061\" srcset=\"https:\/\/www.em.com.br\/emfoco\/wp-content\/uploads\/2026\/03\/image.jpeg 1024w, https:\/\/www.em.com.br\/emfoco\/wp-content\/uploads\/2026\/03\/image-300x169.jpeg 300w, https:\/\/www.em.com.br\/emfoco\/wp-content\/uploads\/2026\/03\/image-768x432.jpeg 768w, https:\/\/www.em.com.br\/emfoco\/wp-content\/uploads\/2026\/03\/image-750x422.jpeg 750w\" sizes=\"auto, (max-width: 1024px) 100vw, 1024px\" \/><figcaption class=\"wp-element-caption\">Partilha de bens e a heran\u00e7a &#8211; Cr\u00e9ditos: depositphotos.com \/ djedzura<\/figcaption><\/figure>\n\n\n\n<h2 class=\"wp-block-heading\">Como funciona a lei de sucess\u00f5es no Brasil em 2026<\/h2>\n\n\n\n<p>No <strong>Brasil<\/strong>, a lei de sucess\u00f5es \u00e9 o conjunto de normas que regula a transfer\u00eancia do patrim\u00f4nio ap\u00f3s a morte, regida principalmente pelo\u00a0<strong>C\u00f3digo Civil (<a href=\"https:\/\/www.jusbrasil.com.br\/artigos\/resumo-completo-de-direito-das-sucessoes\/588658998#:~:text=1.784%20a%202.027%20CC.,com%20o%20direito%20de%20fam%C3%ADlia.\" target=\"_blank\" rel=\"noreferrer noopener\">arts. 1.784 a 2.027<\/a>)<\/strong>. A heran\u00e7a \u00e9 transmitida imediatamente aos herdeiros leg\u00edtimos e testament\u00e1rios no momento do falecimento, ainda que a partilha formal ocorra depois.<\/p>\n\n\n\n<p>Existem duas modalidades principais de sucess\u00e3o: a&nbsp;<strong>sucess\u00e3o leg\u00edtima<\/strong>, que segue a ordem legal quando n\u00e3o h\u00e1 testamento v\u00e1lido ou este n\u00e3o abrange todos os bens, e a&nbsp;<strong>sucess\u00e3o testament\u00e1ria<\/strong>, baseada na vontade expressa em testamento. Se houver herdeiros necess\u00e1rios, o autor da heran\u00e7a s\u00f3 pode dispor livremente de&nbsp;<strong>50% de seus bens<\/strong>, pois a outra metade (leg\u00edtima) \u00e9 reservada a esses herdeiros.<\/p>\n\n\n\n<h2 class=\"wp-block-heading\">Quais s\u00e3o os herdeiros necess\u00e1rios e a ordem de voca\u00e7\u00e3o heredit\u00e1ria no Brasil<\/h2>\n\n\n\n<p>A&nbsp;<strong>ordem de voca\u00e7\u00e3o heredit\u00e1ria<\/strong>&nbsp;na sucess\u00e3o leg\u00edtima observa hierarquia: primeiro v\u00eam os&nbsp;<em>descendentes<\/em>&nbsp;(filhos, netos), em concorr\u00eancia com o c\u00f4njuge ou companheiro sobrevivente, a depender do regime de bens. Na aus\u00eancia de descendentes, herdam os&nbsp;<em>ascendentes<\/em>&nbsp;(pais, av\u00f3s), tamb\u00e9m em concorr\u00eancia com o c\u00f4njuge ou companheiro; depois, o c\u00f4njuge ou companheiro sozinho; por fim, os colaterais at\u00e9 o 4\u00ba grau.<\/p>\n\n\n\n<p>Para facilitar a compreens\u00e3o pr\u00e1tica da sucess\u00e3o leg\u00edtima e da prote\u00e7\u00e3o m\u00ednima garantida, observe os principais pontos abaixo:<\/p>\n\n\n\n<ul class=\"wp-block-list\">\n<li>S\u00e3o herdeiros necess\u00e1rios: descendentes, ascendentes e c\u00f4njuge ou companheiro, equiparados pelo STF para fins sucess\u00f3rios.<\/li>\n\n\n\n<li>Esses herdeiros t\u00eam direito assegurado \u00e0 metade do patrim\u00f4nio, independentemente do conte\u00fado do testamento.<\/li>\n\n\n\n<li>Projetos como o <strong><a href=\"https:\/\/www.camara.leg.br\/proposicoesWeb\/fichadetramitacao?idProposicao=2438190\" target=\"_blank\" rel=\"noreferrer noopener\">PL 2.199\/2024<\/a><\/strong> discutem retirar o c\u00f4njuge do rol de herdeiros necess\u00e1rios, ampliando a autonomia de testar.<\/li>\n\n\n\n<li>Bens digitais (redes sociais, criptomoedas) e novas regras de ITCMD ganham relev\u00e2ncia no planejamento sucess\u00f3rio a partir de 2026.<\/li>\n<\/ul>\n\n\n\n<figure class=\"wp-block-image\"><img decoding=\"async\" src=\"https:\/\/www.em.com.br\/emfoco\/wp-content\/uploads\/2025\/09\/testamento_1759009539625-1024x576.jpg\" alt=\"\"\/><figcaption class=\"wp-element-caption\">Gerenciamento de heran\u00e7a &#8211; Cr\u00e9ditos: depositphotos.com \/ Gajus-Images<\/figcaption><\/figure>\n\n\n\n<h2 class=\"wp-block-heading\">Como funciona a sucess\u00e3o e a validade do testamento na Col\u00f4mbia<\/h2>\n\n\n\n<p>A validade do&nbsp;<strong>testamento na Col\u00f4mbia<\/strong>&nbsp;depende da capacidade mental do testador e do cumprimento das formas legais. Se for comprovado que a pessoa n\u00e3o entendia o alcance de suas decis\u00f5es, agiu sob press\u00e3o indevida ou n\u00e3o seguiu o procedimento correto, o testamento pode ser anulado total ou parcialmente.<\/p>\n\n\n\n<p>Quando n\u00e3o existe um testamento v\u00e1lido, aplica-se a&nbsp;<strong>sucess\u00e3o intestada na Col\u00f4mbia<\/strong>, que segue ordem objetiva de herdeiros: primeiro descendentes (filhos, netos), depois ascendentes (pais, av\u00f3s), em seguida o c\u00f4njuge ou companheiro(a) permanente e, na aus\u00eancia destes, colaterais at\u00e9 o grau previsto em lei. A nulidade do testamento faz com que a partilha passe a seguir essa ordem legal, alterando profundamente as expectativas dos familiares.<\/p>\n\n\n\n<h2 class=\"wp-block-heading\">Por que agir r\u00e1pido em casos de heran\u00e7a e testamento na Col\u00f4mbia e no Brasil<\/h2>\n\n\n\n<p>No contexto atual, com m\u00faltiplos formatos de fam\u00edlia, uni\u00f5es est\u00e1veis, patrim\u00f4nio digital e bens em diferentes pa\u00edses, heran\u00e7a e testamento seguem temas sens\u00edveis e cheios de detalhes t\u00e9cnicos. Respeitar prazos, formalidades e direitos dos herdeiros \u00e9 decisivo para evitar nulidades, preju\u00edzos financeiros, ITCMD indevido e conflitos familiares prolongados.<\/p>\n\n\n\n<p>Se voc\u00ea est\u00e1 diante de um testamento pol\u00eamico, de uma sucess\u00e3o intestada complexa ou teme ser prejudicado na partilha, n\u00e3o espere o conflito explodir. Busque imediatamente um advogado especializado em sucess\u00f5es na Col\u00f4mbia e no Brasil para proteger sua posi\u00e7\u00e3o, garantir seus direitos e assegurar que a divis\u00e3o do patrim\u00f4nio aconte\u00e7a com justi\u00e7a, seguran\u00e7a jur\u00eddica e antes que seja tarde para reagir.<\/p>\n","protected":false},"excerpt":{"rendered":"<p>A sucess\u00e3o e o testamento ocupam um papel central no direito de fam\u00edlia colombiano, especialmente na organiza\u00e7\u00e3o da transfer\u00eancia do patrim\u00f4nio ap\u00f3s a morte. A legisla\u00e7\u00e3o busca equilibrar a vontade da pessoa falecida com a prote\u00e7\u00e3o dos familiares com prioridade legal, definindo quem tem direito aos bens, em que propor\u00e7\u00e3o e em quais situa\u00e7\u00f5es \u00e9 [&hellip;]<\/p>\n","protected":false},"author":11,"featured_media":180063,"comment_status":"open","ping_status":"open","sticky":false,"template":"","format":"standard","meta":{"jnews-multi-image_gallery":[],"jnews_single_post":{"format":"standard"},"jnews_primary_category":[],"jnews_social_meta":[],"jnews_override_counter":[],"footnotes":""},"categories":[28,1],"tags":[1452,17753,1163,16720,1454],"class_list":["post-180047","post","type-post","status-publish","format-standard","has-post-thumbnail","hentry","category-economia","category-noticias","tag-heranca","tag-herdeiros","tag-legislacao","tag-sucessao","tag-testamento"],"yoast_head":"<!-- This site is optimized with the Yoast SEO plugin v23.8 - https:\/\/yoast.com\/wordpress\/plugins\/seo\/ -->\n<title>Fim da Lei da Sucess\u00e3o muda regras de heran\u00e7a e c\u00f4njuges passam a ser os principais herdeiros - Estado de Minas - Em foco<\/title>\n<meta name=\"description\" content=\"Heran\u00e7a e testamento seguem regras espec\u00edficas no Brasil e na Col\u00f4mbia. Veja quem tem direito aos bens.\" \/>\n<meta name=\"robots\" content=\"index, follow, max-snippet:-1, max-image-preview:large, max-video-preview:-1\" \/>\n<link rel=\"canonical\" href=\"https:\/\/www.em.com.br\/emfoco\/2026\/03\/12\/fim-da-lei-da-sucessao-muda-regras-de-heranca-e-conjuges-passam-a-ser-os-principais-herdeiros\/\" \/>\n<meta property=\"og:locale\" content=\"pt_BR\" \/>\n<meta property=\"og:type\" content=\"article\" \/>\n<meta property=\"og:title\" content=\"Fim da Lei da Sucess\u00e3o muda regras de heran\u00e7a e c\u00f4njuges passam a ser os principais herdeiros - Estado de Minas - Em foco\" \/>\n<meta property=\"og:description\" content=\"Heran\u00e7a e testamento seguem regras espec\u00edficas no Brasil e na Col\u00f4mbia. Veja quem tem direito aos bens.\" \/>\n<meta property=\"og:url\" content=\"https:\/\/www.em.com.br\/emfoco\/2026\/03\/12\/fim-da-lei-da-sucessao-muda-regras-de-heranca-e-conjuges-passam-a-ser-os-principais-herdeiros\/\" \/>\n<meta property=\"og:site_name\" content=\"Estado de Minas - Em foco\" \/>\n<meta property=\"article:published_time\" content=\"2026-03-12T15:45:00+00:00\" \/>\n<meta property=\"article:modified_time\" content=\"2026-03-12T01:24:46+00:00\" \/>\n<meta property=\"og:image\" content=\"https:\/\/www.em.com.br\/emfoco\/wp-content\/uploads\/2026\/03\/ChatGPT-Image-10-de-mar.-de-2026-23_15_28-1.png\" \/>\n\t<meta property=\"og:image:width\" content=\"1280\" \/>\n\t<meta property=\"og:image:height\" content=\"720\" \/>\n\t<meta property=\"og:image:type\" content=\"image\/png\" \/>\n<meta name=\"author\" content=\"Andre\u0301 Rangel\u00a0\" \/>\n<meta name=\"twitter:card\" content=\"summary_large_image\" \/>\n<meta name=\"twitter:label1\" content=\"Escrito por\" \/>\n\t<meta name=\"twitter:data1\" content=\"Andre\u0301 Rangel\u00a0\" \/>\n\t<meta name=\"twitter:label2\" content=\"Est. tempo de leitura\" \/>\n\t<meta name=\"twitter:data2\" content=\"5 minutos\" \/>\n<!-- \/ Yoast SEO plugin. -->","yoast_head_json":{"title":"Fim da Lei da Sucess\u00e3o muda regras de heran\u00e7a e c\u00f4njuges passam a ser os principais herdeiros - Estado de Minas - Em foco","description":"Heran\u00e7a e testamento seguem regras espec\u00edficas no Brasil e na Col\u00f4mbia. Veja quem tem direito aos bens.","robots":{"index":"index","follow":"follow","max-snippet":"max-snippet:-1","max-image-preview":"max-image-preview:large","max-video-preview":"max-video-preview:-1"},"canonical":"https:\/\/www.em.com.br\/emfoco\/2026\/03\/12\/fim-da-lei-da-sucessao-muda-regras-de-heranca-e-conjuges-passam-a-ser-os-principais-herdeiros\/","og_locale":"pt_BR","og_type":"article","og_title":"Fim da Lei da Sucess\u00e3o muda regras de heran\u00e7a e c\u00f4njuges passam a ser os principais herdeiros - Estado de Minas - Em foco","og_description":"Heran\u00e7a e testamento seguem regras espec\u00edficas no Brasil e na Col\u00f4mbia. Veja quem tem direito aos bens.","og_url":"https:\/\/www.em.com.br\/emfoco\/2026\/03\/12\/fim-da-lei-da-sucessao-muda-regras-de-heranca-e-conjuges-passam-a-ser-os-principais-herdeiros\/","og_site_name":"Estado de Minas - Em foco","article_published_time":"2026-03-12T15:45:00+00:00","article_modified_time":"2026-03-12T01:24:46+00:00","og_image":[{"width":1280,"height":720,"url":"https:\/\/www.em.com.br\/emfoco\/wp-content\/uploads\/2026\/03\/ChatGPT-Image-10-de-mar.-de-2026-23_15_28-1.png","type":"image\/png"}],"author":"Andre\u0301 Rangel\u00a0","twitter_card":"summary_large_image","twitter_misc":{"Escrito por":"Andre\u0301 Rangel\u00a0","Est. tempo de leitura":"5 minutos"},"schema":{"@context":"https:\/\/schema.org","@graph":[{"@type":"WebPage","@id":"https:\/\/www.em.com.br\/emfoco\/2026\/03\/12\/fim-da-lei-da-sucessao-muda-regras-de-heranca-e-conjuges-passam-a-ser-os-principais-herdeiros\/","url":"https:\/\/www.em.com.br\/emfoco\/2026\/03\/12\/fim-da-lei-da-sucessao-muda-regras-de-heranca-e-conjuges-passam-a-ser-os-principais-herdeiros\/","name":"Fim da Lei da Sucess\u00e3o muda regras de heran\u00e7a e c\u00f4njuges passam a ser os principais herdeiros - Estado de Minas - Em foco","isPartOf":{"@id":"https:\/\/www.em.com.br\/emfoco\/#website"},"primaryImageOfPage":{"@id":"https:\/\/www.em.com.br\/emfoco\/2026\/03\/12\/fim-da-lei-da-sucessao-muda-regras-de-heranca-e-conjuges-passam-a-ser-os-principais-herdeiros\/#primaryimage"},"image":{"@id":"https:\/\/www.em.com.br\/emfoco\/2026\/03\/12\/fim-da-lei-da-sucessao-muda-regras-de-heranca-e-conjuges-passam-a-ser-os-principais-herdeiros\/#primaryimage"},"thumbnailUrl":"https:\/\/www.em.com.br\/emfoco\/wp-content\/uploads\/2026\/03\/ChatGPT-Image-10-de-mar.-de-2026-23_15_28-1.png","datePublished":"2026-03-12T15:45:00+00:00","dateModified":"2026-03-12T01:24:46+00:00","author":{"@id":"https:\/\/www.em.com.br\/emfoco\/#\/schema\/person\/60eda09c1fedf0d6891f4cef4b60b8b8"},"description":"Heran\u00e7a e testamento seguem regras espec\u00edficas no Brasil e na Col\u00f4mbia. Veja quem tem direito aos bens.","breadcrumb":{"@id":"https:\/\/www.em.com.br\/emfoco\/2026\/03\/12\/fim-da-lei-da-sucessao-muda-regras-de-heranca-e-conjuges-passam-a-ser-os-principais-herdeiros\/#breadcrumb"},"inLanguage":"pt-BR","potentialAction":[{"@type":"ReadAction","target":["https:\/\/www.em.com.br\/emfoco\/2026\/03\/12\/fim-da-lei-da-sucessao-muda-regras-de-heranca-e-conjuges-passam-a-ser-os-principais-herdeiros\/"]}]},{"@type":"ImageObject","inLanguage":"pt-BR","@id":"https:\/\/www.em.com.br\/emfoco\/2026\/03\/12\/fim-da-lei-da-sucessao-muda-regras-de-heranca-e-conjuges-passam-a-ser-os-principais-herdeiros\/#primaryimage","url":"https:\/\/www.em.com.br\/emfoco\/wp-content\/uploads\/2026\/03\/ChatGPT-Image-10-de-mar.-de-2026-23_15_28-1.png","contentUrl":"https:\/\/www.em.com.br\/emfoco\/wp-content\/uploads\/2026\/03\/ChatGPT-Image-10-de-mar.-de-2026-23_15_28-1.png","width":1280,"height":720,"caption":"Entender a heran\u00e7a pode evitar conflitos familiares"},{"@type":"BreadcrumbList","@id":"https:\/\/www.em.com.br\/emfoco\/2026\/03\/12\/fim-da-lei-da-sucessao-muda-regras-de-heranca-e-conjuges-passam-a-ser-os-principais-herdeiros\/#breadcrumb","itemListElement":[{"@type":"ListItem","position":1,"name":"In\u00edcio","item":"https:\/\/www.em.com.br\/emfoco\/"},{"@type":"ListItem","position":2,"name":"Fim da Lei da Sucess\u00e3o muda regras de heran\u00e7a e c\u00f4njuges passam a ser os principais herdeiros"}]},{"@type":"WebSite","@id":"https:\/\/www.em.com.br\/emfoco\/#website","url":"https:\/\/www.em.com.br\/emfoco\/","name":"Estado de Minas - Em foco","description":"Acompanhe as \u00faltimas not\u00edcias e fique bem informado sobre tudo o que acontece em Minas Gerais, Brasil e no mundo.","potentialAction":[{"@type":"SearchAction","target":{"@type":"EntryPoint","urlTemplate":"https:\/\/www.em.com.br\/emfoco\/?s={search_term_string}"},"query-input":{"@type":"PropertyValueSpecification","valueRequired":true,"valueName":"search_term_string"}}],"inLanguage":"pt-BR"},{"@type":"Person","@id":"https:\/\/www.em.com.br\/emfoco\/#\/schema\/person\/60eda09c1fedf0d6891f4cef4b60b8b8","name":"Andre\u0301 Rangel\u00a0","image":{"@type":"ImageObject","inLanguage":"pt-BR","@id":"https:\/\/www.em.com.br\/emfoco\/#\/schema\/person\/image\/","url":"https:\/\/secure.gravatar.com\/avatar\/6234dc814c77c8ef6d8bba622c787efc?s=96&d=mm&r=g","contentUrl":"https:\/\/secure.gravatar.com\/avatar\/6234dc814c77c8ef6d8bba622c787efc?s=96&d=mm&r=g","caption":"Andre\u0301 Rangel\u00a0"},"url":"https:\/\/www.em.com.br\/emfoco\/author\/luizmyth\/"}]}},"_links":{"self":[{"href":"https:\/\/www.em.com.br\/emfoco\/wp-json\/wp\/v2\/posts\/180047","targetHints":{"allow":["GET"]}}],"collection":[{"href":"https:\/\/www.em.com.br\/emfoco\/wp-json\/wp\/v2\/posts"}],"about":[{"href":"https:\/\/www.em.com.br\/emfoco\/wp-json\/wp\/v2\/types\/post"}],"author":[{"embeddable":true,"href":"https:\/\/www.em.com.br\/emfoco\/wp-json\/wp\/v2\/users\/11"}],"replies":[{"embeddable":true,"href":"https:\/\/www.em.com.br\/emfoco\/wp-json\/wp\/v2\/comments?post=180047"}],"version-history":[{"count":1,"href":"https:\/\/www.em.com.br\/emfoco\/wp-json\/wp\/v2\/posts\/180047\/revisions"}],"predecessor-version":[{"id":180062,"href":"https:\/\/www.em.com.br\/emfoco\/wp-json\/wp\/v2\/posts\/180047\/revisions\/180062"}],"wp:featuredmedia":[{"embeddable":true,"href":"https:\/\/www.em.com.br\/emfoco\/wp-json\/wp\/v2\/media\/180063"}],"wp:attachment":[{"href":"https:\/\/www.em.com.br\/emfoco\/wp-json\/wp\/v2\/media?parent=180047"}],"wp:term":[{"taxonomy":"category","embeddable":true,"href":"https:\/\/www.em.com.br\/emfoco\/wp-json\/wp\/v2\/categories?post=180047"},{"taxonomy":"post_tag","embeddable":true,"href":"https:\/\/www.em.com.br\/emfoco\/wp-json\/wp\/v2\/tags?post=180047"}],"curies":[{"name":"wp","href":"https:\/\/api.w.org\/{rel}","templated":true}]}}