{"id":179999,"date":"2026-03-11T18:25:00","date_gmt":"2026-03-11T21:25:00","guid":{"rendered":"https:\/\/www.em.com.br\/emfoco\/?p=179999"},"modified":"2026-03-10T20:31:00","modified_gmt":"2026-03-10T23:31:00","slug":"aprenda-a-fazer-pao-de-queijo-mineiro-raiz-com-casquinha-crocante-e-interior-bem-macio","status":"publish","type":"post","link":"https:\/\/www.em.com.br\/emfoco\/2026\/03\/11\/aprenda-a-fazer-pao-de-queijo-mineiro-raiz-com-casquinha-crocante-e-interior-bem-macio\/","title":{"rendered":"Aprenda a fazer p\u00e3o de queijo mineiro raiz com casquinha crocante e interior bem macio"},"content":{"rendered":"\n<p>O<strong> p\u00e3o de queijo mineiro<\/strong> raiz \u00e9 um cl\u00e1ssico que intriga muita gente: como algo t\u00e3o simples consegue ser crocante por fora, macio por dentro e t\u00e3o cheio de sabor? O segredo est\u00e1 na t\u00e9cnica tradicional, em poucos ingredientes bem escolhidos e em alguns cuidados que fazem toda a diferen\u00e7a, mesmo em uma receita pr\u00e1tica do dia a dia.<\/p>\n\n\n\n<h2 class=\"wp-block-heading\">Por que o p\u00e3o de queijo mineiro \u00e9 t\u00e3o diferente de outros p\u00e3es<\/h2>\n\n\n\n<p>O p\u00e3o de queijo mineiro raiz n\u00e3o leva farinha de trigo e cresce sem fermento, o que j\u00e1 o coloca em outra categoria de preparos. A base est\u00e1 no polvilho, derivado da <a href=\"https:\/\/www.em.com.br\/emfoco\/2026\/02\/17\/esqueca-a-coxinha-tradicional-receita-de-mandioca-simples-e-irresistivel-que-conquista-na-primeira-mordida\/\" target=\"_blank\" rel=\"noreferrer noopener\">mandioca<\/a>, que reage de forma espec\u00edfica ao contato com l\u00edquidos quentes, criando uma massa el\u00e1stica que estufa no forno.<\/p>\n\n\n\n<p>O queijo tamb\u00e9m \u00e9 protagonista: entra em grande quantidade, influencia textura, cor e aroma, e quando bem assado forma casquinha dourada, interior macio e fios el\u00e1sticos. Isso cria a combina\u00e7\u00e3o que muita gente associa imediatamente ao caf\u00e9 da manh\u00e3 ou ao lanche t\u00edpico mineiro.<\/p>\n\n\n\n<figure class=\"wp-block-image\"><img decoding=\"async\" src=\"https:\/\/www.em.com.br\/emfoco\/wp-content\/uploads\/2025\/07\/pao-de-queijo_1751394175155-1024x576.jpg\" alt=\"\"\/><figcaption class=\"wp-element-caption\">P\u00e3o de queijo quentinho transforma qualquer pausa do dia &#8211; Cr\u00e9ditos: depositphotos.com \/ MKPK<\/figcaption><\/figure>\n\n\n\n<h2 class=\"wp-block-heading\">Quais s\u00e3o os ingredientes essenciais para um p\u00e3o de queijo mineiro raiz perfeito<\/h2>\n\n\n\n<p>Mesmo parecendo elaborado, o p\u00e3o de queijo tradicional usa ingredientes simples e acess\u00edveis. O segredo n\u00e3o est\u00e1 na quantidade de itens, mas na propor\u00e7\u00e3o certa entre polvilho, l\u00edquidos, gordura, ovos e queijo, que garante estrutura, sabor e umidade.<\/p>\n\n\n\n<p>Para preparar uma vers\u00e3o cl\u00e1ssica e equilibrada, vale ter uma lista clara dos itens usados na massa, pensando em uma boa quantidade de p\u00e3ezinhos para fam\u00edlia ou convidados:<\/p>\n\n\n\n<ul class=\"wp-block-list\">\n<li><strong>500 g<\/strong>&nbsp;de polvilho azedo<\/li>\n\n\n\n<li><strong>100 ml<\/strong>&nbsp;de leite<\/li>\n\n\n\n<li><strong>100 ml<\/strong>&nbsp;de \u00e1gua<\/li>\n\n\n\n<li><strong>100 ml<\/strong>&nbsp;de \u00f3leo<\/li>\n\n\n\n<li><strong>1 colher de ch\u00e1 rasa<\/strong>&nbsp;de sal<\/li>\n\n\n\n<li><strong>300 g<\/strong>&nbsp;de queijo (mussarela, meia cura ou mistura dos dois)<\/li>\n\n\n\n<li><strong>3 ovos<\/strong>, adicionados aos poucos at\u00e9 dar o ponto<\/li>\n<\/ul>\n\n\n\n<h2 class=\"wp-block-heading\">Como o m\u00e9todo de escaldar o polvilho transforma a massa<\/h2>\n\n\n\n<p>Um dos maiores segredos do p\u00e3o de queijo mineiro raiz \u00e9 escaldar o polvilho. Primeiro, polvilho azedo e sal s\u00e3o misturados em uma tigela; em seguida, leite, \u00e1gua e \u00f3leo v\u00e3o ao fogo at\u00e9 come\u00e7arem a ferver, para ent\u00e3o serem despejados sobre o polvilho, iniciando um \u201cpr\u00e9-cozimento\u201d do amido.<\/p>\n\n\n\n<p>Depois de misturar bem, \u00e9 preciso esperar a massa amornar para manusear com as m\u00e3os. Os ovos entram aos poucos, deixando a massa macia e mold\u00e1vel, e s\u00f3 ent\u00e3o o queijo ralado ou picado \u00e9 incorporado. O ponto ideal \u00e9 quando j\u00e1 d\u00e1 para formar bolinhas sem grudar demais nos dedos.<\/p>\n\n\n\n<p>Quer ver como \u00e9 f\u00e1cil na pr\u00e1tica? Confira essa receita r\u00e1pida do <a href=\"https:\/\/www.youtube.com\/@ReceitasdePai\" target=\"_blank\" rel=\"noreferrer noopener\">Receitas de Pai<\/a>, que faz sucesso no YouTube com suas dicas pr\u00e1ticas:<\/p>\n\n\n\n<figure class=\"wp-block-embed is-type-video is-provider-youtube wp-block-embed-youtube wp-embed-aspect-16-9 wp-has-aspect-ratio\"><div class=\"wp-block-embed__wrapper\">\n<div class=\"jeg_video_container jeg_video_content\"><iframe loading=\"lazy\" title=\"P\u00c3O DE QUEIJO MINEIRO RAIZ \u2013 Crocante Por Fora e Macio Por Dentro!\" width=\"500\" height=\"281\" src=\"https:\/\/www.youtube.com\/embed\/ohAgSD_fgwg?feature=oembed\" frameborder=\"0\" allow=\"accelerometer; autoplay; clipboard-write; encrypted-media; gyroscope; picture-in-picture; web-share\" referrerpolicy=\"strict-origin-when-cross-origin\" allowfullscreen><\/iframe><\/div>\n<\/div><\/figure>\n\n\n\n<h2 class=\"wp-block-heading\">Como assar o p\u00e3o de queijo para ficar crocante por fora e macio por dentro<\/h2>\n\n\n\n<p>Com a massa no ponto, a modelagem influencia diretamente no resultado final. As bolinhas costumam ter cerca de 60 g, o que ajuda a manter padr\u00e3o de tamanho; na assadeira, precisam de espa\u00e7o entre si para crescer sem grudar umas nas outras durante o forno.<\/p>\n\n\n\n<p>O forno \u00e9 preaquecido a cerca de 180 \u00baC, permitindo que os p\u00e3ezinhos cres\u00e7am e assem por igual, ganhando casquinha dourada sem ressecar o interior. Quando est\u00e3o bem crescidos e dourados por fora, o miolo tende a ficar \u00famido, el\u00e1stico e com o queijo bem distribu\u00eddo, sem ficar pesado.<\/p>\n\n\n\n<h2 class=\"wp-block-heading\">Quais s\u00e3o as vantagens de congelar p\u00e3o de queijo caseiro e por que fazer hoje mesmo<\/h2>\n\n\n\n<p>Uma vantagem pr\u00e1tica do p\u00e3o de queijo mineiro raiz \u00e9 poder congelar as bolinhas antes de assar. Assim, voc\u00ea faz uma grande leva de massa de uma s\u00f3 vez e garante fornadas fresquinhas sempre que quiser, sem trabalho extra na correria do dia.<\/p>\n\n\n\n<p>O congelamento pede apenas alguns cuidados simples, mas o resultado muda a rotina: voc\u00ea passa a ter p\u00e3o de queijo quentinho sob demanda, pronto para o caf\u00e9, para visitas inesperadas ou para matar a vontade a qualquer hora. Comece hoje mesmo a testar essa receita, congele uma parte e experimente a sensa\u00e7\u00e3o de abrir o forno e servir, em minutos, um p\u00e3o de queijo raiz, crocante e macio, como se tivesse acabado de ser preparado do zero.<\/p>\n\n\n\n<p><\/p>\n","protected":false},"excerpt":{"rendered":"<p>O p\u00e3o de queijo mineiro raiz \u00e9 um cl\u00e1ssico que intriga muita gente: como algo t\u00e3o simples consegue ser crocante por fora, macio por dentro e t\u00e3o cheio de sabor? O segredo est\u00e1 na t\u00e9cnica tradicional, em poucos ingredientes bem escolhidos e em alguns cuidados que fazem toda a diferen\u00e7a, mesmo em uma receita pr\u00e1tica [&hellip;]<\/p>\n","protected":false},"author":11,"featured_media":50292,"comment_status":"open","ping_status":"open","sticky":false,"template":"","format":"standard","meta":{"jnews-multi-image_gallery":[],"jnews_single_post":{"format":"standard"},"jnews_primary_category":[],"jnews_social_meta":[],"jnews_override_counter":[],"footnotes":""},"categories":[8819,1],"tags":[25981,7362,470,3440],"class_list":["post-179999","post","type-post","status-publish","format-standard","has-post-thumbnail","hentry","category-curiosidades","category-noticias","tag-pao-de-queijo-mineiro","tag-polvilho","tag-queijo","tag-receita"],"yoast_head":"<!-- This site is optimized with the Yoast SEO plugin v23.8 - https:\/\/yoast.com\/wordpress\/plugins\/seo\/ -->\n<title>Aprenda a fazer p\u00e3o de queijo mineiro raiz com casquinha crocante e interior bem macio - Estado de Minas - Em foco<\/title>\n<meta name=\"description\" content=\"Aprenda a fazer p\u00e3o de queijo mineiro raiz com polvilho azedo e queijo. Receita tradicional crocante por fora e macia por dentro.\" \/>\n<meta name=\"robots\" content=\"index, follow, max-snippet:-1, max-image-preview:large, max-video-preview:-1\" \/>\n<link rel=\"canonical\" href=\"https:\/\/www.em.com.br\/emfoco\/2026\/03\/11\/aprenda-a-fazer-pao-de-queijo-mineiro-raiz-com-casquinha-crocante-e-interior-bem-macio\/\" \/>\n<meta property=\"og:locale\" content=\"pt_BR\" \/>\n<meta property=\"og:type\" content=\"article\" \/>\n<meta property=\"og:title\" content=\"Aprenda a fazer p\u00e3o de queijo mineiro raiz com casquinha crocante e interior bem macio - Estado de Minas - Em foco\" \/>\n<meta property=\"og:description\" content=\"Aprenda a fazer p\u00e3o de queijo mineiro raiz com polvilho azedo e queijo. Receita tradicional crocante por fora e macia por dentro.\" \/>\n<meta property=\"og:url\" content=\"https:\/\/www.em.com.br\/emfoco\/2026\/03\/11\/aprenda-a-fazer-pao-de-queijo-mineiro-raiz-com-casquinha-crocante-e-interior-bem-macio\/\" \/>\n<meta property=\"og:site_name\" content=\"Estado de Minas - Em foco\" \/>\n<meta property=\"article:published_time\" content=\"2026-03-11T21:25:00+00:00\" \/>\n<meta property=\"article:modified_time\" content=\"2026-03-10T23:31:00+00:00\" \/>\n<meta property=\"og:image\" content=\"https:\/\/www.em.com.br\/emfoco\/wp-content\/uploads\/2025\/05\/Culinaria-mineira_1747936595530.jpg\" \/>\n\t<meta property=\"og:image:width\" content=\"1280\" \/>\n\t<meta property=\"og:image:height\" content=\"720\" \/>\n\t<meta property=\"og:image:type\" content=\"image\/jpeg\" \/>\n<meta name=\"author\" content=\"Andre\u0301 Rangel\u00a0\" \/>\n<meta name=\"twitter:card\" content=\"summary_large_image\" \/>\n<meta name=\"twitter:label1\" content=\"Escrito por\" \/>\n\t<meta name=\"twitter:data1\" content=\"Andre\u0301 Rangel\u00a0\" \/>\n\t<meta name=\"twitter:label2\" content=\"Est. tempo de leitura\" \/>\n\t<meta name=\"twitter:data2\" content=\"5 minutos\" \/>\n<!-- \/ Yoast SEO plugin. -->","yoast_head_json":{"title":"Aprenda a fazer p\u00e3o de queijo mineiro raiz com casquinha crocante e interior bem macio - Estado de Minas - Em foco","description":"Aprenda a fazer p\u00e3o de queijo mineiro raiz com polvilho azedo e queijo. Receita tradicional crocante por fora e macia por dentro.","robots":{"index":"index","follow":"follow","max-snippet":"max-snippet:-1","max-image-preview":"max-image-preview:large","max-video-preview":"max-video-preview:-1"},"canonical":"https:\/\/www.em.com.br\/emfoco\/2026\/03\/11\/aprenda-a-fazer-pao-de-queijo-mineiro-raiz-com-casquinha-crocante-e-interior-bem-macio\/","og_locale":"pt_BR","og_type":"article","og_title":"Aprenda a fazer p\u00e3o de queijo mineiro raiz com casquinha crocante e interior bem macio - Estado de Minas - Em foco","og_description":"Aprenda a fazer p\u00e3o de queijo mineiro raiz com polvilho azedo e queijo. Receita tradicional crocante por fora e macia por dentro.","og_url":"https:\/\/www.em.com.br\/emfoco\/2026\/03\/11\/aprenda-a-fazer-pao-de-queijo-mineiro-raiz-com-casquinha-crocante-e-interior-bem-macio\/","og_site_name":"Estado de Minas - Em foco","article_published_time":"2026-03-11T21:25:00+00:00","article_modified_time":"2026-03-10T23:31:00+00:00","og_image":[{"width":1280,"height":720,"url":"https:\/\/www.em.com.br\/emfoco\/wp-content\/uploads\/2025\/05\/Culinaria-mineira_1747936595530.jpg","type":"image\/jpeg"}],"author":"Andre\u0301 Rangel\u00a0","twitter_card":"summary_large_image","twitter_misc":{"Escrito por":"Andre\u0301 Rangel\u00a0","Est. tempo de leitura":"5 minutos"},"schema":{"@context":"https:\/\/schema.org","@graph":[{"@type":"WebPage","@id":"https:\/\/www.em.com.br\/emfoco\/2026\/03\/11\/aprenda-a-fazer-pao-de-queijo-mineiro-raiz-com-casquinha-crocante-e-interior-bem-macio\/","url":"https:\/\/www.em.com.br\/emfoco\/2026\/03\/11\/aprenda-a-fazer-pao-de-queijo-mineiro-raiz-com-casquinha-crocante-e-interior-bem-macio\/","name":"Aprenda a fazer p\u00e3o de queijo mineiro raiz com casquinha crocante e interior bem macio - Estado de Minas - Em foco","isPartOf":{"@id":"https:\/\/www.em.com.br\/emfoco\/#website"},"primaryImageOfPage":{"@id":"https:\/\/www.em.com.br\/emfoco\/2026\/03\/11\/aprenda-a-fazer-pao-de-queijo-mineiro-raiz-com-casquinha-crocante-e-interior-bem-macio\/#primaryimage"},"image":{"@id":"https:\/\/www.em.com.br\/emfoco\/2026\/03\/11\/aprenda-a-fazer-pao-de-queijo-mineiro-raiz-com-casquinha-crocante-e-interior-bem-macio\/#primaryimage"},"thumbnailUrl":"https:\/\/www.em.com.br\/emfoco\/wp-content\/uploads\/2025\/05\/Culinaria-mineira_1747936595530.jpg","datePublished":"2026-03-11T21:25:00+00:00","dateModified":"2026-03-10T23:31:00+00:00","author":{"@id":"https:\/\/www.em.com.br\/emfoco\/#\/schema\/person\/60eda09c1fedf0d6891f4cef4b60b8b8"},"description":"Aprenda a fazer p\u00e3o de queijo mineiro raiz com polvilho azedo e queijo. Receita tradicional crocante por fora e macia por dentro.","breadcrumb":{"@id":"https:\/\/www.em.com.br\/emfoco\/2026\/03\/11\/aprenda-a-fazer-pao-de-queijo-mineiro-raiz-com-casquinha-crocante-e-interior-bem-macio\/#breadcrumb"},"inLanguage":"pt-BR","potentialAction":[{"@type":"ReadAction","target":["https:\/\/www.em.com.br\/emfoco\/2026\/03\/11\/aprenda-a-fazer-pao-de-queijo-mineiro-raiz-com-casquinha-crocante-e-interior-bem-macio\/"]}]},{"@type":"ImageObject","inLanguage":"pt-BR","@id":"https:\/\/www.em.com.br\/emfoco\/2026\/03\/11\/aprenda-a-fazer-pao-de-queijo-mineiro-raiz-com-casquinha-crocante-e-interior-bem-macio\/#primaryimage","url":"https:\/\/www.em.com.br\/emfoco\/wp-content\/uploads\/2025\/05\/Culinaria-mineira_1747936595530.jpg","contentUrl":"https:\/\/www.em.com.br\/emfoco\/wp-content\/uploads\/2025\/05\/Culinaria-mineira_1747936595530.jpg","width":1280,"height":720,"caption":"P\u00e3o de queijo receita f\u00e1cil - Cr\u00e9ditos: depositphotos.com \/ rocharibeiro"},{"@type":"BreadcrumbList","@id":"https:\/\/www.em.com.br\/emfoco\/2026\/03\/11\/aprenda-a-fazer-pao-de-queijo-mineiro-raiz-com-casquinha-crocante-e-interior-bem-macio\/#breadcrumb","itemListElement":[{"@type":"ListItem","position":1,"name":"In\u00edcio","item":"https:\/\/www.em.com.br\/emfoco\/"},{"@type":"ListItem","position":2,"name":"Aprenda a fazer p\u00e3o de queijo mineiro raiz com casquinha crocante e interior bem macio"}]},{"@type":"WebSite","@id":"https:\/\/www.em.com.br\/emfoco\/#website","url":"https:\/\/www.em.com.br\/emfoco\/","name":"Estado de Minas - Em foco","description":"Acompanhe as \u00faltimas not\u00edcias e fique bem informado sobre tudo o que acontece em Minas Gerais, Brasil e no mundo.","potentialAction":[{"@type":"SearchAction","target":{"@type":"EntryPoint","urlTemplate":"https:\/\/www.em.com.br\/emfoco\/?s={search_term_string}"},"query-input":{"@type":"PropertyValueSpecification","valueRequired":true,"valueName":"search_term_string"}}],"inLanguage":"pt-BR"},{"@type":"Person","@id":"https:\/\/www.em.com.br\/emfoco\/#\/schema\/person\/60eda09c1fedf0d6891f4cef4b60b8b8","name":"Andre\u0301 Rangel\u00a0","image":{"@type":"ImageObject","inLanguage":"pt-BR","@id":"https:\/\/www.em.com.br\/emfoco\/#\/schema\/person\/image\/","url":"https:\/\/secure.gravatar.com\/avatar\/6234dc814c77c8ef6d8bba622c787efc?s=96&d=mm&r=g","contentUrl":"https:\/\/secure.gravatar.com\/avatar\/6234dc814c77c8ef6d8bba622c787efc?s=96&d=mm&r=g","caption":"Andre\u0301 Rangel\u00a0"},"url":"https:\/\/www.em.com.br\/emfoco\/author\/luizmyth\/"}]}},"_links":{"self":[{"href":"https:\/\/www.em.com.br\/emfoco\/wp-json\/wp\/v2\/posts\/179999","targetHints":{"allow":["GET"]}}],"collection":[{"href":"https:\/\/www.em.com.br\/emfoco\/wp-json\/wp\/v2\/posts"}],"about":[{"href":"https:\/\/www.em.com.br\/emfoco\/wp-json\/wp\/v2\/types\/post"}],"author":[{"embeddable":true,"href":"https:\/\/www.em.com.br\/emfoco\/wp-json\/wp\/v2\/users\/11"}],"replies":[{"embeddable":true,"href":"https:\/\/www.em.com.br\/emfoco\/wp-json\/wp\/v2\/comments?post=179999"}],"version-history":[{"count":6,"href":"https:\/\/www.em.com.br\/emfoco\/wp-json\/wp\/v2\/posts\/179999\/revisions"}],"predecessor-version":[{"id":180025,"href":"https:\/\/www.em.com.br\/emfoco\/wp-json\/wp\/v2\/posts\/179999\/revisions\/180025"}],"wp:featuredmedia":[{"embeddable":true,"href":"https:\/\/www.em.com.br\/emfoco\/wp-json\/wp\/v2\/media\/50292"}],"wp:attachment":[{"href":"https:\/\/www.em.com.br\/emfoco\/wp-json\/wp\/v2\/media?parent=179999"}],"wp:term":[{"taxonomy":"category","embeddable":true,"href":"https:\/\/www.em.com.br\/emfoco\/wp-json\/wp\/v2\/categories?post=179999"},{"taxonomy":"post_tag","embeddable":true,"href":"https:\/\/www.em.com.br\/emfoco\/wp-json\/wp\/v2\/tags?post=179999"}],"curies":[{"name":"wp","href":"https:\/\/api.w.org\/{rel}","templated":true}]}}