{"id":179987,"date":"2026-03-11T10:05:00","date_gmt":"2026-03-11T13:05:00","guid":{"rendered":"https:\/\/www.em.com.br\/emfoco\/?p=179987"},"modified":"2026-03-10T20:24:11","modified_gmt":"2026-03-10T23:24:11","slug":"estilista-fecha-suas-duas-lojas-de-roupa-meu-filho-me-disse-que-meu-sonho-estava-me-custando-muito-caro","status":"publish","type":"post","link":"https:\/\/www.em.com.br\/emfoco\/2026\/03\/11\/estilista-fecha-suas-duas-lojas-de-roupa-meu-filho-me-disse-que-meu-sonho-estava-me-custando-muito-caro\/","title":{"rendered":"Estilista fecha suas duas lojas de roupa: &#8220;Meu filho me disse que meu sonho estava me custando muito caro.&#8221;"},"content":{"rendered":"\n<p>O fechamento de pequenas lojas de moda autoral se tornou cena comum em muitas cidades, e o caso de <strong>Bilbao <\/strong>exp\u00f5e o tamanho do desafio. A estilista iraniana <strong>Ary Rowshan<\/strong>, h\u00e1 mais de duas d\u00e9cadas na cidade, decidiu encerrar suas boutiques <strong>Fashion Gallery<\/strong> e <strong>Arterian <\/strong>ao perceber que, mesmo com talento, clientela fiel e um universo est\u00e9tico potente, seu sonho estava lhe custando caro demais em termos de tempo, energia e vida pessoal.<\/p>\n\n\n\n<h2 class=\"wp-block-heading\">Por que tantas lojas de moda independente est\u00e3o fechando?<\/h2>\n\n\n\n<p>Em Bilbao, Ary transformou sua loja em um \u201cbosque encantado\u201d de tecidos, cores e objetos, misturando kimonos de seda, vestidos camiseros, acess\u00f3rios garimpados e obras ligadas \u00e0 sua trajet\u00f3ria entre o Ir\u00e3, a Espanha e as artes visuais.<\/p>\n\n\n\n<p>Mesmo com uma base fiel de clientes, o equil\u00edbrio entre custos e faturamento ficou fr\u00e1gil devido a alugu\u00e9is altos, queda nas vendas presenciais e uma rotina exaustiva. O coment\u00e1rio do filho adolescente \u2014 \u201cmeu sonho est\u00e1 me custando caro demais\u201d \u2014 escancarou o conflito de muitos criadores: at\u00e9 que ponto vale sacrificar fam\u00edlia, sa\u00fade mental e vida pessoal para manter um espa\u00e7o f\u00edsico aberto diariamente.<\/p>\n\n\n\n<p>Selecionamos o v\u00eddeo do <a href=\"https:\/\/www.tiktok.com\/@aryrowshan\" target=\"_blank\" rel=\"noreferrer noopener\">canal da estilista<\/a> no TikTok onde ela mostra um pouco do seu trabalho:<\/p>\n\n\n\n<figure class=\"wp-block-embed is-type-video is-provider-tiktok wp-block-embed-tiktok\"><div class=\"wp-block-embed__wrapper\">\n<blockquote class=\"tiktok-embed\" cite=\"https:\/\/www.tiktok.com\/@aryrowshan\/video\/7525390189267602710\" data-video-id=\"7525390189267602710\" data-embed-from=\"oembed\" style=\"max-width:605px; min-width:325px;\"> <section> <a target=\"_blank\" title=\"@aryrowshan\" href=\"https:\/\/www.tiktok.com\/@aryrowshan?refer=embed\">@aryrowshan<\/a> <p><a title=\"moda\" target=\"_blank\" href=\"https:\/\/www.tiktok.com\/tag\/moda?refer=embed\">#moda<\/a> <a title=\"localdesigner\u2764\" target=\"_blank\" href=\"https:\/\/www.tiktok.com\/tag\/localdesigner%E2%9D%A4?refer=embed\">#localdesigner\u2764<\/a> <a title=\"aryrowshandesign\" target=\"_blank\" href=\"https:\/\/www.tiktok.com\/tag\/aryrowshandesign?refer=embed\">#aryrowshandesign<\/a> <a title=\"today\" target=\"_blank\" href=\"https:\/\/www.tiktok.com\/tag\/today?refer=embed\">#today<\/a> <a title=\"fashionstyle\" target=\"_blank\" href=\"https:\/\/www.tiktok.com\/tag\/fashionstyle?refer=embed\">#fashionstyle<\/a> <a title=\"shopping\" target=\"_blank\" href=\"https:\/\/www.tiktok.com\/tag\/shopping?refer=embed\">#shopping<\/a> <a title=\"bilbao\" target=\"_blank\" href=\"https:\/\/www.tiktok.com\/tag\/bilbao?refer=embed\">#bilbao<\/a>  @Selva.28 <\/p> <a target=\"_blank\" title=\"\u266c sonido original - Ary Rowshan\" href=\"https:\/\/www.tiktok.com\/music\/sonido-original-7525390177259277078?refer=embed\">\u266c sonido original &#8211; Ary\u2002Rowshan<\/a> <\/section> <\/blockquote> <script async src=\"https:\/\/www.tiktok.com\/embed.js\"><\/script>\n<\/div><\/figure>\n\n\n\n<h2 class=\"wp-block-heading\">Quais fatores mais pesam no fim das lojas autorais?<\/h2>\n\n\n\n<p>Por tr\u00e1s do fechamento de neg\u00f3cios criativos, repetem-se desafios financeiros, estruturais e emocionais em diferentes cidades e nichos de&nbsp;<strong>moda independente<\/strong>. Em Bilbao, a depend\u00eancia quase total da criadora para todas as fun\u00e7\u00f5es tornou o modelo mais fr\u00e1gil, pouco escal\u00e1vel e vulner\u00e1vel a qualquer imprevisto pessoal ou econ\u00f4mico.<\/p>\n\n\n\n<p>Alguns dos fatores que mais se acumulam e empurram essas marcas para o limite, at\u00e9 tornarem o neg\u00f3cio invi\u00e1vel ou insustent\u00e1vel, incluem:<\/p>\n\n\n\n<ul class=\"wp-block-list\">\n<li><strong>Alugu\u00e9is elevados<\/strong>\u00a0em \u00e1reas centrais, comprimindo margens e for\u00e7ando a migra\u00e7\u00e3o para zonas menos movimentadas.<\/li>\n\n\n\n<li><strong>Queda do consumo presencial<\/strong>\u00a0com o avan\u00e7o do e-commerce, que prioriza conveni\u00eancia e compara\u00e7\u00e3o r\u00e1pida de pre\u00e7os.<\/li>\n\n\n\n<li><strong>Jornadas exaustivas<\/strong>, quando o dono precisa estar no balc\u00e3o, no ateli\u00ea, nas redes e na burocracia ao mesmo tempo.<\/li>\n\n\n\n<li><strong>Ac\u00famulo de fun\u00e7\u00f5es<\/strong>\u00a0sem equipe estruturada, transformando doen\u00e7a, maternidade ou cuidados com filhos em risco direto para a opera\u00e7\u00e3o.<\/li>\n<\/ul>\n\n\n\n<h2 class=\"wp-block-heading\">Como um universo criativo vira marca de moda independente?<\/h2>\n\n\n\n<p>O caminho de Ary come\u00e7ou no com\u00e9rcio de tapetes herdado do pai, passou pela forma\u00e7\u00e3o em <strong>Belas Artes<\/strong> e desembocou em cole\u00e7\u00f5es autorais que misturam estampas, tecidos e texturas com unidade visual coerente e forte identidade cultural.<\/p>\n\n\n\n<p>O ponto de venda assumiu apar\u00eancia de galeria viva, com paredes pintadas \u00e0 m\u00e3o, m\u00f3veis customizados, extintores decorados a pincel e pe\u00e7as de arte integradas \u00e0 ambienta\u00e7\u00e3o. Tanto a Fashion Gallery quanto a Arterian funcionavam como extens\u00f5es do ateli\u00ea, espa\u00e7os de encontro onde clientes voltavam para comprar, conversar, participar de eventos intimistas e acompanhar a evolu\u00e7\u00e3o do universo est\u00e9tico da criadora.<\/p>\n\n\n\n<h2 class=\"wp-block-heading\">Quais caminhos surgem depois que a loja f\u00edsica fecha?<\/h2>\n\n\n\n<p>Quando um espa\u00e7o de&nbsp;<strong>moda independente<\/strong>&nbsp;encerra as portas, isso raramente significa o fim da trajet\u00f3ria da estilista. Em muitos casos, como em Bilbao, o fechamento marca uma mudan\u00e7a de formato: a marca segue viva em produ\u00e7\u00f5es menores, vendas online, pontos multimarcas e pe\u00e7as especiais, como os brincos pintados \u00e0 m\u00e3o criados para marcar a despedida da loja.<\/p>\n\n\n\n<figure class=\"wp-block-image size-large\"><img loading=\"lazy\" decoding=\"async\" width=\"1024\" height=\"576\" src=\"https:\/\/www.em.com.br\/emfoco\/wp-content\/uploads\/2026\/03\/ChatGPT-Image-10-de-mar.-de-2026-19_10_45-1-1024x576.png\" alt=\"\" class=\"wp-image-179992\" srcset=\"https:\/\/www.em.com.br\/emfoco\/wp-content\/uploads\/2026\/03\/ChatGPT-Image-10-de-mar.-de-2026-19_10_45-1-1024x576.png 1024w, https:\/\/www.em.com.br\/emfoco\/wp-content\/uploads\/2026\/03\/ChatGPT-Image-10-de-mar.-de-2026-19_10_45-1-300x169.png 300w, https:\/\/www.em.com.br\/emfoco\/wp-content\/uploads\/2026\/03\/ChatGPT-Image-10-de-mar.-de-2026-19_10_45-1-768x432.png 768w, https:\/\/www.em.com.br\/emfoco\/wp-content\/uploads\/2026\/03\/ChatGPT-Image-10-de-mar.-de-2026-19_10_45-1-750x422.png 750w, https:\/\/www.em.com.br\/emfoco\/wp-content\/uploads\/2026\/03\/ChatGPT-Image-10-de-mar.-de-2026-19_10_45-1-1140x641.png 1140w, https:\/\/www.em.com.br\/emfoco\/wp-content\/uploads\/2026\/03\/ChatGPT-Image-10-de-mar.-de-2026-19_10_45-1.png 1280w\" sizes=\"auto, (max-width: 1024px) 100vw, 1024px\" \/><\/figure>\n\n\n\n<p>Tamb\u00e9m \u00e9 comum a retomada de atividades ligadas ao neg\u00f3cio familiar, como o bazar de alfombras persas administrado com os irm\u00e3os h\u00e1 d\u00e9cadas, agora enriquecido pelo olhar est\u00e9tico da criadora. A compra de um im\u00f3vel em uma zona mais tranquila, como Carranza, permite uma \u201ccasa showroom\u201d com visitas agendadas, foco em relacionamento e experi\u00eancias \u00edntimas, oferecendo um ritmo de trabalho mais humano e sustent\u00e1vel.<\/p>\n\n\n\n<h2 class=\"wp-block-heading\">Como a moda independente pode evoluir sem perder autenticidade?<\/h2>\n\n\n\n<p>A hist\u00f3ria dessa estilista em Bilbao mostra que a&nbsp;<strong>moda independente<\/strong>&nbsp;pode mudar de formato sem perder ess\u00eancia, migrando da loja f\u00edsica para showrooms, parcerias, atendimento por hora marcada e projetos h\u00edbridos ancorados em comunidade. O centro deixa de ser o ponto comercial e passa a ser a constru\u00e7\u00e3o de v\u00ednculos em torno da autenticidade, da experi\u00eancia e do consumo mais consciente.<\/p>\n\n\n\n<p>Se voc\u00ea cria ou consome esse tipo de moda, o momento de agir \u00e9 agora: apoie marcas autorais, compre local, compartilhe o trabalho de quem resiste fora das grandes redes e n\u00e3o espere ver a pr\u00f3xima grade baixando para reconhecer seu valor. Cada compra, indica\u00e7\u00e3o ou coment\u00e1rio pode ser o detalhe que impede que algu\u00e9m repita, em tom de despedida, que seu sonho est\u00e1 custando caro demais \u2014 escolha hoje de que lado da hist\u00f3ria voc\u00ea quer estar.<\/p>\n","protected":false},"excerpt":{"rendered":"<p>O fechamento de pequenas lojas de moda autoral se tornou cena comum em muitas cidades, e o caso de Bilbao exp\u00f5e o tamanho do desafio. A estilista iraniana Ary Rowshan, h\u00e1 mais de duas d\u00e9cadas na cidade, decidiu encerrar suas boutiques Fashion Gallery e Arterian ao perceber que, mesmo com talento, clientela fiel e um [&hellip;]<\/p>\n","protected":false},"author":11,"featured_media":179993,"comment_status":"open","ping_status":"open","sticky":false,"template":"","format":"standard","meta":{"jnews-multi-image_gallery":[],"jnews_single_post":{"format":"standard"},"jnews_primary_category":[],"jnews_social_meta":[],"jnews_override_counter":[],"footnotes":""},"categories":[28,1],"tags":[21364,12010,4977],"class_list":["post-179987","post","type-post","status-publish","format-standard","has-post-thumbnail","hentry","category-economia","category-noticias","tag-fechamento-de-lojas","tag-fechar","tag-moda"],"yoast_head":"<!-- This site is optimized with the Yoast SEO plugin v23.8 - https:\/\/yoast.com\/wordpress\/plugins\/seo\/ -->\n<title>Estilista fecha suas duas lojas de roupa: &quot;Meu filho me disse que meu sonho estava me custando muito caro.&quot; - Estado de Minas - Em foco<\/title>\n<meta name=\"description\" content=\"Uma estilista decidiu fechar suas boutiques em Bilbao ap\u00f3s anos na moda independente. Entenda os desafios por tr\u00e1s dessa decis\u00e3o.\" \/>\n<meta name=\"robots\" content=\"index, follow, max-snippet:-1, max-image-preview:large, max-video-preview:-1\" \/>\n<link rel=\"canonical\" href=\"https:\/\/www.em.com.br\/emfoco\/2026\/03\/11\/estilista-fecha-suas-duas-lojas-de-roupa-meu-filho-me-disse-que-meu-sonho-estava-me-custando-muito-caro\/\" \/>\n<meta property=\"og:locale\" content=\"pt_BR\" \/>\n<meta property=\"og:type\" content=\"article\" \/>\n<meta property=\"og:title\" content=\"Estilista fecha suas duas lojas de roupa: &quot;Meu filho me disse que meu sonho estava me custando muito caro.&quot; - Estado de Minas - Em foco\" \/>\n<meta property=\"og:description\" content=\"Uma estilista decidiu fechar suas boutiques em Bilbao ap\u00f3s anos na moda independente. Entenda os desafios por tr\u00e1s dessa decis\u00e3o.\" \/>\n<meta property=\"og:url\" content=\"https:\/\/www.em.com.br\/emfoco\/2026\/03\/11\/estilista-fecha-suas-duas-lojas-de-roupa-meu-filho-me-disse-que-meu-sonho-estava-me-custando-muito-caro\/\" \/>\n<meta property=\"og:site_name\" content=\"Estado de Minas - Em foco\" \/>\n<meta property=\"article:published_time\" content=\"2026-03-11T13:05:00+00:00\" \/>\n<meta property=\"article:modified_time\" content=\"2026-03-10T23:24:11+00:00\" \/>\n<meta property=\"og:image\" content=\"https:\/\/www.em.com.br\/emfoco\/wp-content\/uploads\/2026\/03\/Gemini_Generated_Image_trzucwtrzucwtrzu-1.png\" \/>\n\t<meta property=\"og:image:width\" content=\"1280\" \/>\n\t<meta property=\"og:image:height\" content=\"720\" \/>\n\t<meta property=\"og:image:type\" content=\"image\/png\" \/>\n<meta name=\"author\" content=\"Andre\u0301 Rangel\u00a0\" \/>\n<meta name=\"twitter:card\" content=\"summary_large_image\" \/>\n<meta name=\"twitter:label1\" content=\"Escrito por\" \/>\n\t<meta name=\"twitter:data1\" content=\"Andre\u0301 Rangel\u00a0\" \/>\n\t<meta name=\"twitter:label2\" content=\"Est. tempo de leitura\" \/>\n\t<meta name=\"twitter:data2\" content=\"5 minutos\" \/>\n<!-- \/ Yoast SEO plugin. -->","yoast_head_json":{"title":"Estilista fecha suas duas lojas de roupa: \"Meu filho me disse que meu sonho estava me custando muito caro.\" - Estado de Minas - Em foco","description":"Uma estilista decidiu fechar suas boutiques em Bilbao ap\u00f3s anos na moda independente. Entenda os desafios por tr\u00e1s dessa decis\u00e3o.","robots":{"index":"index","follow":"follow","max-snippet":"max-snippet:-1","max-image-preview":"max-image-preview:large","max-video-preview":"max-video-preview:-1"},"canonical":"https:\/\/www.em.com.br\/emfoco\/2026\/03\/11\/estilista-fecha-suas-duas-lojas-de-roupa-meu-filho-me-disse-que-meu-sonho-estava-me-custando-muito-caro\/","og_locale":"pt_BR","og_type":"article","og_title":"Estilista fecha suas duas lojas de roupa: \"Meu filho me disse que meu sonho estava me custando muito caro.\" - Estado de Minas - Em foco","og_description":"Uma estilista decidiu fechar suas boutiques em Bilbao ap\u00f3s anos na moda independente. Entenda os desafios por tr\u00e1s dessa decis\u00e3o.","og_url":"https:\/\/www.em.com.br\/emfoco\/2026\/03\/11\/estilista-fecha-suas-duas-lojas-de-roupa-meu-filho-me-disse-que-meu-sonho-estava-me-custando-muito-caro\/","og_site_name":"Estado de Minas - Em foco","article_published_time":"2026-03-11T13:05:00+00:00","article_modified_time":"2026-03-10T23:24:11+00:00","og_image":[{"width":1280,"height":720,"url":"https:\/\/www.em.com.br\/emfoco\/wp-content\/uploads\/2026\/03\/Gemini_Generated_Image_trzucwtrzucwtrzu-1.png","type":"image\/png"}],"author":"Andre\u0301 Rangel\u00a0","twitter_card":"summary_large_image","twitter_misc":{"Escrito por":"Andre\u0301 Rangel\u00a0","Est. tempo de leitura":"5 minutos"},"schema":{"@context":"https:\/\/schema.org","@graph":[{"@type":"WebPage","@id":"https:\/\/www.em.com.br\/emfoco\/2026\/03\/11\/estilista-fecha-suas-duas-lojas-de-roupa-meu-filho-me-disse-que-meu-sonho-estava-me-custando-muito-caro\/","url":"https:\/\/www.em.com.br\/emfoco\/2026\/03\/11\/estilista-fecha-suas-duas-lojas-de-roupa-meu-filho-me-disse-que-meu-sonho-estava-me-custando-muito-caro\/","name":"Estilista fecha suas duas lojas de roupa: \"Meu filho me disse que meu sonho estava me custando muito caro.\" - Estado de Minas - Em foco","isPartOf":{"@id":"https:\/\/www.em.com.br\/emfoco\/#website"},"primaryImageOfPage":{"@id":"https:\/\/www.em.com.br\/emfoco\/2026\/03\/11\/estilista-fecha-suas-duas-lojas-de-roupa-meu-filho-me-disse-que-meu-sonho-estava-me-custando-muito-caro\/#primaryimage"},"image":{"@id":"https:\/\/www.em.com.br\/emfoco\/2026\/03\/11\/estilista-fecha-suas-duas-lojas-de-roupa-meu-filho-me-disse-que-meu-sonho-estava-me-custando-muito-caro\/#primaryimage"},"thumbnailUrl":"https:\/\/www.em.com.br\/emfoco\/wp-content\/uploads\/2026\/03\/Gemini_Generated_Image_trzucwtrzucwtrzu-1.png","datePublished":"2026-03-11T13:05:00+00:00","dateModified":"2026-03-10T23:24:11+00:00","author":{"@id":"https:\/\/www.em.com.br\/emfoco\/#\/schema\/person\/60eda09c1fedf0d6891f4cef4b60b8b8"},"description":"Uma estilista decidiu fechar suas boutiques em Bilbao ap\u00f3s anos na moda independente. Entenda os desafios por tr\u00e1s dessa decis\u00e3o.","breadcrumb":{"@id":"https:\/\/www.em.com.br\/emfoco\/2026\/03\/11\/estilista-fecha-suas-duas-lojas-de-roupa-meu-filho-me-disse-que-meu-sonho-estava-me-custando-muito-caro\/#breadcrumb"},"inLanguage":"pt-BR","potentialAction":[{"@type":"ReadAction","target":["https:\/\/www.em.com.br\/emfoco\/2026\/03\/11\/estilista-fecha-suas-duas-lojas-de-roupa-meu-filho-me-disse-que-meu-sonho-estava-me-custando-muito-caro\/"]}]},{"@type":"ImageObject","inLanguage":"pt-BR","@id":"https:\/\/www.em.com.br\/emfoco\/2026\/03\/11\/estilista-fecha-suas-duas-lojas-de-roupa-meu-filho-me-disse-que-meu-sonho-estava-me-custando-muito-caro\/#primaryimage","url":"https:\/\/www.em.com.br\/emfoco\/wp-content\/uploads\/2026\/03\/Gemini_Generated_Image_trzucwtrzucwtrzu-1.png","contentUrl":"https:\/\/www.em.com.br\/emfoco\/wp-content\/uploads\/2026\/03\/Gemini_Generated_Image_trzucwtrzucwtrzu-1.png","width":1280,"height":720,"caption":"Quando um sonho na moda se torna pesado demais"},{"@type":"BreadcrumbList","@id":"https:\/\/www.em.com.br\/emfoco\/2026\/03\/11\/estilista-fecha-suas-duas-lojas-de-roupa-meu-filho-me-disse-que-meu-sonho-estava-me-custando-muito-caro\/#breadcrumb","itemListElement":[{"@type":"ListItem","position":1,"name":"In\u00edcio","item":"https:\/\/www.em.com.br\/emfoco\/"},{"@type":"ListItem","position":2,"name":"Estilista fecha suas duas lojas de roupa: &#8220;Meu filho me disse que meu sonho estava me custando muito caro.&#8221;"}]},{"@type":"WebSite","@id":"https:\/\/www.em.com.br\/emfoco\/#website","url":"https:\/\/www.em.com.br\/emfoco\/","name":"Estado de Minas - Em foco","description":"Acompanhe as \u00faltimas not\u00edcias e fique bem informado sobre tudo o que acontece em Minas Gerais, Brasil e no mundo.","potentialAction":[{"@type":"SearchAction","target":{"@type":"EntryPoint","urlTemplate":"https:\/\/www.em.com.br\/emfoco\/?s={search_term_string}"},"query-input":{"@type":"PropertyValueSpecification","valueRequired":true,"valueName":"search_term_string"}}],"inLanguage":"pt-BR"},{"@type":"Person","@id":"https:\/\/www.em.com.br\/emfoco\/#\/schema\/person\/60eda09c1fedf0d6891f4cef4b60b8b8","name":"Andre\u0301 Rangel\u00a0","image":{"@type":"ImageObject","inLanguage":"pt-BR","@id":"https:\/\/www.em.com.br\/emfoco\/#\/schema\/person\/image\/","url":"https:\/\/secure.gravatar.com\/avatar\/6234dc814c77c8ef6d8bba622c787efc?s=96&d=mm&r=g","contentUrl":"https:\/\/secure.gravatar.com\/avatar\/6234dc814c77c8ef6d8bba622c787efc?s=96&d=mm&r=g","caption":"Andre\u0301 Rangel\u00a0"},"url":"https:\/\/www.em.com.br\/emfoco\/author\/luizmyth\/"}]}},"_links":{"self":[{"href":"https:\/\/www.em.com.br\/emfoco\/wp-json\/wp\/v2\/posts\/179987","targetHints":{"allow":["GET"]}}],"collection":[{"href":"https:\/\/www.em.com.br\/emfoco\/wp-json\/wp\/v2\/posts"}],"about":[{"href":"https:\/\/www.em.com.br\/emfoco\/wp-json\/wp\/v2\/types\/post"}],"author":[{"embeddable":true,"href":"https:\/\/www.em.com.br\/emfoco\/wp-json\/wp\/v2\/users\/11"}],"replies":[{"embeddable":true,"href":"https:\/\/www.em.com.br\/emfoco\/wp-json\/wp\/v2\/comments?post=179987"}],"version-history":[{"count":3,"href":"https:\/\/www.em.com.br\/emfoco\/wp-json\/wp\/v2\/posts\/179987\/revisions"}],"predecessor-version":[{"id":179994,"href":"https:\/\/www.em.com.br\/emfoco\/wp-json\/wp\/v2\/posts\/179987\/revisions\/179994"}],"wp:featuredmedia":[{"embeddable":true,"href":"https:\/\/www.em.com.br\/emfoco\/wp-json\/wp\/v2\/media\/179993"}],"wp:attachment":[{"href":"https:\/\/www.em.com.br\/emfoco\/wp-json\/wp\/v2\/media?parent=179987"}],"wp:term":[{"taxonomy":"category","embeddable":true,"href":"https:\/\/www.em.com.br\/emfoco\/wp-json\/wp\/v2\/categories?post=179987"},{"taxonomy":"post_tag","embeddable":true,"href":"https:\/\/www.em.com.br\/emfoco\/wp-json\/wp\/v2\/tags?post=179987"}],"curies":[{"name":"wp","href":"https:\/\/api.w.org\/{rel}","templated":true}]}}