{"id":17997,"date":"2025-02-09T20:00:30","date_gmt":"2025-02-09T23:00:30","guid":{"rendered":"https:\/\/www.em.com.br\/emfoco\/?p=17997"},"modified":"2025-06-14T19:25:13","modified_gmt":"2025-06-14T22:25:13","slug":"descubra-como-economizar-no-ipva","status":"publish","type":"post","link":"https:\/\/www.em.com.br\/emfoco\/2025\/02\/09\/descubra-como-economizar-no-ipva\/","title":{"rendered":"IPVA Pesado? Aprenda como cortar custos e aliviar seu bolso"},"content":{"rendered":"\n<p>Todo in\u00edcio de ano a mesma dor de cabe\u00e7a: chega a conta do <strong>IPVA<\/strong>. Mas imagine n\u00e3o precisar pagar esse imposto? Para quem tem carro el\u00e9trico, isso pode ser realidade. Depende s\u00f3 de onde voc\u00ea mora.<\/p>\n\n\n\n<p>Alguns estados perceberam que incentivar carros limpos \u00e9 bom neg\u00f3cio. Eles criaram descontos e isen\u00e7\u00f5es que fazem diferen\u00e7a real no bolso. \u00c9 uma forma de estimular a compra de ve\u00edculos menos poluentes.<\/p>\n\n\n\n<h2 class=\"wp-block-heading\">Onde voc\u00ea n\u00e3o paga nada de IPVA?<\/h2>\n\n\n\n<p>No <strong>Distrito Federal<\/strong>, tanto carros el\u00e9tricos quanto h\u00edbridos n\u00e3o pagam <strong><a href=\"https:\/\/www.ipva.fazenda.sp.gov.br\/ipvanet_consulta\/Consulta.aspx\" target=\"_blank\" rel=\"noreferrer noopener\">IPVA<\/a><\/strong>. Zero real. \u00c9 uma das pol\u00edticas mais generosas do pa\u00eds. Se voc\u00ea mora em <strong>Bras\u00edlia<\/strong>, ter um carro el\u00e9trico \u00e9 quase um presente do governo.<\/p>\n\n\n\n<p>O <strong>Rio Grande do Sul<\/strong> tamb\u00e9m zerou o imposto, mas s\u00f3 para carros 100% el\u00e9tricos. H\u00edbridos ainda pagam, mas bem menos: s\u00f3 3% em vez dos 4% normais. \u00c9 um incentivo forte para quem est\u00e1 pensando em mudar.<\/p>\n\n\n\n<h2 class=\"wp-block-heading\">Quais estados d\u00e3o desconto no imposto?<\/h2>\n\n\n\n<p>No <strong>Rio de Janeiro<\/strong>, quem tem <a href=\"https:\/\/www.em.com.br\/emfoco\/2024\/11\/20\/carro-popular-de-r-80-mil-faz-sucesso-supera-onix-e-vira-um-dos-0-km-mais-baratos-do-brasil\/\" target=\"_blank\" rel=\"noreferrer noopener\">carro <\/a>el\u00e9trico paga apenas 1% do valor do ve\u00edculo. H\u00edbridos pagam 1,5%. Considerando que a al\u00edquota normal \u00e9 bem maior, a economia \u00e9 significativa.<\/p>\n\n\n\n<p>O <strong>Mato Grosso do Sul<\/strong> fez diferente: d\u00e1 70% de desconto para qualquer carro eletrificado. Ou seja, voc\u00ea paga apenas 30% do valor normal. \u00c9 uma forma de incentivar sem fazer distin\u00e7\u00e3o entre el\u00e9trico e h\u00edbrido.<\/p>\n\n\n\n<h2 class=\"wp-block-heading\">Por que alguns estados n\u00e3o d\u00e3o benef\u00edcio nenhum?<\/h2>\n\n\n\n<p>V\u00e1rios estados ainda n\u00e3o entraram nessa onda. <strong>Santa Catarina<\/strong>, <strong>Goi\u00e1s<\/strong>, <strong>Cear\u00e1<\/strong> e outros n\u00e3o oferecem desconto algum. Pode ser quest\u00e3o de arrecada\u00e7\u00e3o ou falta de press\u00e3o popular.<\/p>\n\n\n\n<p>Esses estados talvez estejam esperando para ver como a coisa evolui. Carros el\u00e9tricos ainda s\u00e3o minoria, ent\u00e3o o impacto na receita seria pequeno. Mas a tend\u00eancia \u00e9 que isso mude nos pr\u00f3ximos anos.<\/p>\n\n\n\n<h2 class=\"wp-block-heading\">Vale a pena mudar de estado por causa do IPVA?<\/h2>\n\n\n\n<p>Claro que ningu\u00e9m vai se mudar s\u00f3 por causa do <strong>IPVA<\/strong>. Mas se voc\u00ea j\u00e1 est\u00e1 pensando em trocar de cidade, vale colocar isso na conta. A economia pode ser consider\u00e1vel ao longo dos anos.<\/p>\n\n\n\n<p>Para quem tem carro caro, o desconto vira uma quantia bem interessante. Um carro de R$ 200 mil pode gerar uma economia de milhares de reais por ano. \u00c9 dinheiro que fica no seu bolso.<\/p>\n\n\n\n<h2 class=\"wp-block-heading\">Como escolher o melhor estado para seu carro el\u00e9trico?<\/h2>\n\n\n<div class=\"wp-block-image\">\n<figure class=\"aligncenter size-large\"><img loading=\"lazy\" decoding=\"async\" width=\"1024\" height=\"576\" src=\"https:\/\/www.em.com.br\/emfoco\/wp-content\/uploads\/2024\/12\/Carro-eletrico_1733203705518-1024x576.jpg\" alt=\"Descubra como economizar no IPVA!\" class=\"wp-image-2881\" srcset=\"https:\/\/www.em.com.br\/emfoco\/wp-content\/uploads\/2024\/12\/Carro-eletrico_1733203705518-1024x576.jpg 1024w, https:\/\/www.em.com.br\/emfoco\/wp-content\/uploads\/2024\/12\/Carro-eletrico_1733203705518-300x169.jpg 300w, https:\/\/www.em.com.br\/emfoco\/wp-content\/uploads\/2024\/12\/Carro-eletrico_1733203705518-768x432.jpg 768w, https:\/\/www.em.com.br\/emfoco\/wp-content\/uploads\/2024\/12\/Carro-eletrico_1733203705518-750x422.jpg 750w, https:\/\/www.em.com.br\/emfoco\/wp-content\/uploads\/2024\/12\/Carro-eletrico_1733203705518-1140x641.jpg 1140w, https:\/\/www.em.com.br\/emfoco\/wp-content\/uploads\/2024\/12\/Carro-eletrico_1733203705518.jpg 1280w\" sizes=\"auto, (max-width: 1024px) 100vw, 1024px\" \/><figcaption class=\"wp-element-caption\">Carro eletrico &#8211; Cr\u00e9ditos: depositphotos.com \/ kasto<\/figcaption><\/figure><\/div>\n\n\n<p>N\u00e3o \u00e9 s\u00f3 o <strong>IPVA<\/strong> que conta. Alguns estados oferecem outros benef\u00edcios, como estacionamento gratuito ou desconto no seguro. \u00c9 importante olhar o pacote completo de vantagens.<\/p>\n\n\n\n<p>A infraestrutura tamb\u00e9m pesa muito. N\u00e3o adianta n\u00e3o pagar imposto se voc\u00ea n\u00e3o tem onde carregar o carro. Estados como <strong>S\u00e3o Paulo<\/strong> e <strong>Rio<\/strong> t\u00eam mais pontos de recarga, mesmo cobrando o imposto normal.<\/p>\n\n\n\n<h2 class=\"wp-block-heading\">E as motos el\u00e9tricas, como ficam nesses estados?<\/h2>\n\n\n\n<p>As motos el\u00e9tricas geralmente seguem as mesmas regras dos carros. Se o estado d\u00e1 isen\u00e7\u00e3o para ve\u00edculos el\u00e9tricos, vale para duas e quatro rodas. \u00c9 uma boa not\u00edcia para quem est\u00e1 pensando em scooter el\u00e9trica.<\/p>\n\n\n\n<p>Algumas cidades tamb\u00e9m oferecem benef\u00edcios extras para motos el\u00e9tricas, como libera\u00e7\u00e3o do rod\u00edzio. \u00c9 uma forma de incentivar o transporte limpo e reduzir a polui\u00e7\u00e3o urbana. Vale pesquisar as regras locais antes de comprar.<\/p>\n","protected":false},"excerpt":{"rendered":"<p>Todo in\u00edcio de ano a mesma dor de cabe\u00e7a: chega a conta do IPVA. Mas imagine n\u00e3o precisar pagar esse imposto? Para quem tem carro el\u00e9trico, isso pode ser realidade. Depende s\u00f3 de onde voc\u00ea mora. Alguns estados perceberam que incentivar carros limpos \u00e9 bom neg\u00f3cio. Eles criaram descontos e isen\u00e7\u00f5es que fazem diferen\u00e7a real [&hellip;]<\/p>\n","protected":false},"author":7,"featured_media":6217,"comment_status":"open","ping_status":"open","sticky":false,"template":"","format":"standard","meta":{"jnews-multi-image_gallery":[],"jnews_single_post":{"format":"standard"},"jnews_primary_category":[],"jnews_social_meta":[],"jnews_override_counter":[],"footnotes":""},"categories":[27],"tags":[1557,762,3689,2303],"class_list":["post-17997","post","type-post","status-publish","format-standard","has-post-thumbnail","hentry","category-carros","tag-carro-eletrico","tag-ipva","tag-veiculo-eletrificado","tag-veiculo-hibrido"],"yoast_head":"<!-- This site is optimized with the Yoast SEO plugin v23.8 - https:\/\/yoast.com\/wordpress\/plugins\/seo\/ -->\n<title>IPVA Pesado? Aprenda como cortar custos e aliviar seu bolso - Estado de Minas - Em foco<\/title>\n<meta name=\"description\" content=\"Atualize as informa\u00e7\u00f5es: As leis e benef\u00edcios podem mudar ao longo do tempo, ent\u00e3o mantenha seu conte\u00fado atualizado.\" \/>\n<meta name=\"robots\" content=\"index, follow, max-snippet:-1, max-image-preview:large, max-video-preview:-1\" \/>\n<link rel=\"canonical\" href=\"https:\/\/www.em.com.br\/emfoco\/2025\/02\/09\/descubra-como-economizar-no-ipva\/\" \/>\n<meta property=\"og:locale\" content=\"pt_BR\" \/>\n<meta property=\"og:type\" content=\"article\" \/>\n<meta property=\"og:title\" content=\"IPVA Pesado? Aprenda como cortar custos e aliviar seu bolso - Estado de Minas - Em foco\" \/>\n<meta property=\"og:description\" content=\"Atualize as informa\u00e7\u00f5es: As leis e benef\u00edcios podem mudar ao longo do tempo, ent\u00e3o mantenha seu conte\u00fado atualizado.\" \/>\n<meta property=\"og:url\" content=\"https:\/\/www.em.com.br\/emfoco\/2025\/02\/09\/descubra-como-economizar-no-ipva\/\" \/>\n<meta property=\"og:site_name\" content=\"Estado de Minas - Em foco\" \/>\n<meta property=\"article:published_time\" content=\"2025-02-09T23:00:30+00:00\" \/>\n<meta property=\"article:modified_time\" content=\"2025-06-14T22:25:13+00:00\" \/>\n<meta property=\"og:image\" content=\"https:\/\/www.em.com.br\/emfoco\/wp-content\/uploads\/2024\/12\/IPVA_1734913117867.jpg\" \/>\n\t<meta property=\"og:image:width\" content=\"1280\" \/>\n\t<meta property=\"og:image:height\" content=\"720\" \/>\n\t<meta property=\"og:image:type\" content=\"image\/jpeg\" \/>\n<meta name=\"author\" content=\"Kelvin\" \/>\n<meta name=\"twitter:card\" content=\"summary_large_image\" \/>\n<meta name=\"twitter:label1\" content=\"Escrito por\" \/>\n\t<meta name=\"twitter:data1\" content=\"Kelvin\" \/>\n\t<meta name=\"twitter:label2\" content=\"Est. tempo de leitura\" \/>\n\t<meta name=\"twitter:data2\" content=\"4 minutos\" \/>\n<!-- \/ Yoast SEO plugin. -->","yoast_head_json":{"title":"IPVA Pesado? Aprenda como cortar custos e aliviar seu bolso - Estado de Minas - Em foco","description":"Atualize as informa\u00e7\u00f5es: As leis e benef\u00edcios podem mudar ao longo do tempo, ent\u00e3o mantenha seu conte\u00fado atualizado.","robots":{"index":"index","follow":"follow","max-snippet":"max-snippet:-1","max-image-preview":"max-image-preview:large","max-video-preview":"max-video-preview:-1"},"canonical":"https:\/\/www.em.com.br\/emfoco\/2025\/02\/09\/descubra-como-economizar-no-ipva\/","og_locale":"pt_BR","og_type":"article","og_title":"IPVA Pesado? Aprenda como cortar custos e aliviar seu bolso - Estado de Minas - Em foco","og_description":"Atualize as informa\u00e7\u00f5es: As leis e benef\u00edcios podem mudar ao longo do tempo, ent\u00e3o mantenha seu conte\u00fado atualizado.","og_url":"https:\/\/www.em.com.br\/emfoco\/2025\/02\/09\/descubra-como-economizar-no-ipva\/","og_site_name":"Estado de Minas - Em foco","article_published_time":"2025-02-09T23:00:30+00:00","article_modified_time":"2025-06-14T22:25:13+00:00","og_image":[{"width":1280,"height":720,"url":"https:\/\/www.em.com.br\/emfoco\/wp-content\/uploads\/2024\/12\/IPVA_1734913117867.jpg","type":"image\/jpeg"}],"author":"Kelvin","twitter_card":"summary_large_image","twitter_misc":{"Escrito por":"Kelvin","Est. tempo de leitura":"4 minutos"},"schema":{"@context":"https:\/\/schema.org","@graph":[{"@type":"WebPage","@id":"https:\/\/www.em.com.br\/emfoco\/2025\/02\/09\/descubra-como-economizar-no-ipva\/","url":"https:\/\/www.em.com.br\/emfoco\/2025\/02\/09\/descubra-como-economizar-no-ipva\/","name":"IPVA Pesado? Aprenda como cortar custos e aliviar seu bolso - Estado de Minas - Em foco","isPartOf":{"@id":"https:\/\/www.em.com.br\/emfoco\/#website"},"primaryImageOfPage":{"@id":"https:\/\/www.em.com.br\/emfoco\/2025\/02\/09\/descubra-como-economizar-no-ipva\/#primaryimage"},"image":{"@id":"https:\/\/www.em.com.br\/emfoco\/2025\/02\/09\/descubra-como-economizar-no-ipva\/#primaryimage"},"thumbnailUrl":"https:\/\/www.em.com.br\/emfoco\/wp-content\/uploads\/2024\/12\/IPVA_1734913117867.jpg","datePublished":"2025-02-09T23:00:30+00:00","dateModified":"2025-06-14T22:25:13+00:00","author":{"@id":"https:\/\/www.em.com.br\/emfoco\/#\/schema\/person\/fb0a7f48c6fbb94b83f413a80f61917d"},"description":"Atualize as informa\u00e7\u00f5es: As leis e benef\u00edcios podem mudar ao longo do tempo, ent\u00e3o mantenha seu conte\u00fado atualizado.","breadcrumb":{"@id":"https:\/\/www.em.com.br\/emfoco\/2025\/02\/09\/descubra-como-economizar-no-ipva\/#breadcrumb"},"inLanguage":"pt-BR","potentialAction":[{"@type":"ReadAction","target":["https:\/\/www.em.com.br\/emfoco\/2025\/02\/09\/descubra-como-economizar-no-ipva\/"]}]},{"@type":"ImageObject","inLanguage":"pt-BR","@id":"https:\/\/www.em.com.br\/emfoco\/2025\/02\/09\/descubra-como-economizar-no-ipva\/#primaryimage","url":"https:\/\/www.em.com.br\/emfoco\/wp-content\/uploads\/2024\/12\/IPVA_1734913117867.jpg","contentUrl":"https:\/\/www.em.com.br\/emfoco\/wp-content\/uploads\/2024\/12\/IPVA_1734913117867.jpg","width":1280,"height":720,"caption":"IPVA - Cr\u00e9ditos: depositphotos.com \/ rafapress"},{"@type":"BreadcrumbList","@id":"https:\/\/www.em.com.br\/emfoco\/2025\/02\/09\/descubra-como-economizar-no-ipva\/#breadcrumb","itemListElement":[{"@type":"ListItem","position":1,"name":"In\u00edcio","item":"https:\/\/www.em.com.br\/emfoco\/"},{"@type":"ListItem","position":2,"name":"IPVA Pesado? Aprenda como cortar custos e aliviar seu bolso"}]},{"@type":"WebSite","@id":"https:\/\/www.em.com.br\/emfoco\/#website","url":"https:\/\/www.em.com.br\/emfoco\/","name":"Estado de Minas - Em foco","description":"Acompanhe as \u00faltimas not\u00edcias e fique bem informado sobre tudo o que acontece em Minas Gerais, Brasil e no mundo.","potentialAction":[{"@type":"SearchAction","target":{"@type":"EntryPoint","urlTemplate":"https:\/\/www.em.com.br\/emfoco\/?s={search_term_string}"},"query-input":{"@type":"PropertyValueSpecification","valueRequired":true,"valueName":"search_term_string"}}],"inLanguage":"pt-BR"},{"@type":"Person","@id":"https:\/\/www.em.com.br\/emfoco\/#\/schema\/person\/fb0a7f48c6fbb94b83f413a80f61917d","name":"Kelvin","image":{"@type":"ImageObject","inLanguage":"pt-BR","@id":"https:\/\/www.em.com.br\/emfoco\/#\/schema\/person\/image\/","url":"https:\/\/secure.gravatar.com\/avatar\/e74f84337e6bf6c4c5e88fbdffa05270?s=96&d=mm&r=g","contentUrl":"https:\/\/secure.gravatar.com\/avatar\/e74f84337e6bf6c4c5e88fbdffa05270?s=96&d=mm&r=g","caption":"Kelvin"},"sameAs":["https:\/\/www.em.com.br\/emfoco"],"url":"https:\/\/www.em.com.br\/emfoco\/author\/kelvinmyth\/"}]}},"_links":{"self":[{"href":"https:\/\/www.em.com.br\/emfoco\/wp-json\/wp\/v2\/posts\/17997","targetHints":{"allow":["GET"]}}],"collection":[{"href":"https:\/\/www.em.com.br\/emfoco\/wp-json\/wp\/v2\/posts"}],"about":[{"href":"https:\/\/www.em.com.br\/emfoco\/wp-json\/wp\/v2\/types\/post"}],"author":[{"embeddable":true,"href":"https:\/\/www.em.com.br\/emfoco\/wp-json\/wp\/v2\/users\/7"}],"replies":[{"embeddable":true,"href":"https:\/\/www.em.com.br\/emfoco\/wp-json\/wp\/v2\/comments?post=17997"}],"version-history":[{"count":4,"href":"https:\/\/www.em.com.br\/emfoco\/wp-json\/wp\/v2\/posts\/17997\/revisions"}],"predecessor-version":[{"id":60904,"href":"https:\/\/www.em.com.br\/emfoco\/wp-json\/wp\/v2\/posts\/17997\/revisions\/60904"}],"wp:featuredmedia":[{"embeddable":true,"href":"https:\/\/www.em.com.br\/emfoco\/wp-json\/wp\/v2\/media\/6217"}],"wp:attachment":[{"href":"https:\/\/www.em.com.br\/emfoco\/wp-json\/wp\/v2\/media?parent=17997"}],"wp:term":[{"taxonomy":"category","embeddable":true,"href":"https:\/\/www.em.com.br\/emfoco\/wp-json\/wp\/v2\/categories?post=17997"},{"taxonomy":"post_tag","embeddable":true,"href":"https:\/\/www.em.com.br\/emfoco\/wp-json\/wp\/v2\/tags?post=17997"}],"curies":[{"name":"wp","href":"https:\/\/api.w.org\/{rel}","templated":true}]}}