{"id":179933,"date":"2026-03-11T20:45:56","date_gmt":"2026-03-11T23:45:56","guid":{"rendered":"https:\/\/www.em.com.br\/emfoco\/?p=179933"},"modified":"2026-03-10T18:59:15","modified_gmt":"2026-03-10T21:59:15","slug":"cabelo-oleoso-nunca-mais-a-receita-caseira-simples-que-ajuda-a-equilibrar-a-oleosidade","status":"publish","type":"post","link":"https:\/\/www.em.com.br\/emfoco\/2026\/03\/11\/cabelo-oleoso-nunca-mais-a-receita-caseira-simples-que-ajuda-a-equilibrar-a-oleosidade\/","title":{"rendered":"Cabelo oleoso nunca mais, a receita caseira simples que ajuda a equilibrar a oleosidade"},"content":{"rendered":"\n<p>Voc\u00ea lava o cabelo de manh\u00e3 e, no fim do dia, ele j\u00e1 est\u00e1 grudado na raiz e com aquele brilho de <b>oleosidade<\/b>? Muita gente passa por isso e acaba achando que cabelo oleoso \u00e9 sin\u00f4nimo de falta de cuidado, mas na verdade essa <b>oleosidade natural<\/b> tem fun\u00e7\u00e3o importante e n\u00e3o deve ser completamente eliminada. O segredo est\u00e1 em equilibrar o <b>excesso<\/b>, e n\u00e3o em \u201csecar\u201d de vez o couro cabeludo.<\/p>\n\n\n\n<h2 class=\"wp-block-heading\">Cabelo oleoso o que \u00e9 a oleosidade e por que ela aparece<\/h2>\n\n\n\n<p>A oleosidade capilar \u00e9 produzida por pequenas gl\u00e2ndulas presentes no <b>couro cabeludo<\/b>, que liberam um sebo respons\u00e1vel por formar uma esp\u00e9cie de filme protetor. Esse \u201cmanto\u201d ajuda a deixar os fios mais <b>male\u00e1veis<\/b> e protegidos, criando uma barreira contra polui\u00e7\u00e3o, vento e sol do <b>dia a dia<\/b>.<\/p>\n\n\n\n<p>O problema come\u00e7a quando essa produ\u00e7\u00e3o de sebo fica desregulada e aparece em excesso, deixando o cabelo pesado, opaco e com apar\u00eancia \u201csuja\u201d muito r\u00e1pido. Fatores como <b>gen\u00e9tica<\/b>, horm\u00f4nios, clima quente, estresse, \u00e1gua muito quente no banho e uso de shampoo inadequado podem aumentar essa oleosidade, e em alguns casos \u00e9 preciso at\u00e9 avalia\u00e7\u00e3o de um <b>dermatologista especializado<\/b> para investigar poss\u00edveis <b>desequil\u00edbrios hormonais<\/b>.<\/p>\n\n\n\n<figure class=\"wp-block-embed is-type-rich is-provider-pinterest wp-block-embed-pinterest\"><div class=\"wp-block-embed__wrapper\">\n<iframe loading=\"lazy\" title=\"\u2728 Shampoo Bomba Caseiro: Fa\u00e7a Seu Cabelo Crescer R\u00e1pido e Naturalmente! \ud83c\udf3f\" src=\"https:\/\/assets.pinterest.com\/ext\/embed.html?id=38632509301059266&#038;src=oembed\" height=\"899\" width=\"450\" frameborder=\"0\" scrolling=\"no\" ><\/iframe>\n<\/div><\/figure>\n\n\n\n<p>Leia tamb\u00e9m:&nbsp;<a href=\"https:\/\/www.em.com.br\/emfoco\/2026\/03\/10\/as-melhores-formas-de-integrar-o-cabelo-branco-ao-visual-sem-ficar-escrava-do-salao\/\" target=\"_blank\" rel=\"noopener\">As melhores formas de integrar o cabelo branco ao visual sem ficar escrava do sal\u00e3o<\/a><\/p>\n\n\n\n<h2 class=\"wp-block-heading\">Como reduzir a oleosidade do cabelo sem remover toda a prote\u00e7\u00e3o<\/h2>\n\n\n\n<p>Controlar o cabelo oleoso n\u00e3o significa deixar o fio \u201crangendo\u201d de limpeza, porque isso pode causar o efeito rebote: o couro cabeludo sente o ressecamento e produz ainda mais sebo. A ideia \u00e9 manter uma <b>limpeza suave<\/b>, que reduza o brilho excessivo, mas preserve a oleosidade que protege o fio e evita pontas \u00e1speras ou <b>quebradi\u00e7as<\/b>, mantendo tamb\u00e9m a <b>barreira protetora<\/b> da pele.<\/p>\n\n\n\n<p>Por isso, muitas pessoas recorrem a receitas caseiras mais delicadas, com ingredientes de origem vegetal, para complementar o cuidado di\u00e1rio. Entre as op\u00e7\u00f5es mais comentadas est\u00e3o o uso de <b>lim\u00e3o<\/b> e aloe vera, aplicados de forma pontual junto ao shampoo ou no enx\u00e1gue, sempre com tempo de a\u00e7\u00e3o curto, observando a rea\u00e7\u00e3o da pele e respeitando a <b>sensibilidade individual<\/b>, j\u00e1 que cada couro <b>cabeludo reage<\/b> de maneira diferente.<\/p>\n\n\n\n<p>Para voc\u00ea que gosta se cuidar, separamos um v\u00eddeo doc anal da <a href=\"https:\/\/www.youtube.com\/@planetamulhershoplucianagomes\" target=\"_blank\" rel=\"noreferrer noopener\">Luciana Gomes<\/a> com uam receita para fazer um xampu caseiro:<\/p>\n\n\n\n<figure class=\"wp-block-embed is-type-video is-provider-youtube wp-block-embed-youtube wp-embed-aspect-16-9 wp-has-aspect-ratio\"><div class=\"wp-block-embed__wrapper\">\n<div class=\"jeg_video_container jeg_video_content\"><iframe loading=\"lazy\" title=\"COMO FAZER SHAMPOO DE BABOSA CASEIRO [ALOE VERA] SUPER F\u00c1CIL! \ud83d\udd25 O MELHOR DA INTERNET\" width=\"500\" height=\"281\" src=\"https:\/\/www.youtube.com\/embed\/w7GW2ysnlcU?feature=oembed\" frameborder=\"0\" allow=\"accelerometer; autoplay; clipboard-write; encrypted-media; gyroscope; picture-in-picture; web-share\" referrerpolicy=\"strict-origin-when-cross-origin\" allowfullscreen><\/iframe><\/div>\n<\/div><\/figure>\n\n\n\n<h2 class=\"wp-block-heading\">Enx\u00e1gue com lim\u00e3o ajuda a controlar o cabelo oleoso<\/h2>\n\n\n\n<p>O lim\u00e3o \u00e9 um fruto c\u00edtrico conhecido pelo teor de vitamina C e pelo seu toque mais \u00e1cido, que pode ajudar a equilibrar o <b>pH do couro<\/b> cabeludo quando usado corretamente e bem dilu\u00eddo. Muitas pessoas utilizam um enx\u00e1gue suave com lim\u00e3o para reduzir o aspecto gorduroso pr\u00f3ximo \u00e0 raiz, ajudando a remover res\u00edduos de produtos sem deixar o fio completamente <b>ressecado<\/b> e mantendo certa <b>maciez<\/b>.<\/p>\n\n\n\n<p>Uma forma simples de uso \u00e9 preparar uma mistura com <b>suco de 2<\/b> lim\u00f5es frescos e 2 x\u00edcaras de \u00e1gua filtrada ou destilada. Depois de lavar o cabelo com um shampoo adequado para fios <b>oleosos<\/b> ou mistos, enx\u00e1gue a espuma e aplique essa solu\u00e7\u00e3o principalmente no couro cabeludo, massageando com delicadeza, deixando agir por alguns minutos e removendo tudo com bastante <b>\u00e1gua corrente<\/b>.<\/p>\n\n\n\n<figure class=\"wp-block-embed is-type-rich is-provider-pinterest wp-block-embed-pinterest\"><div class=\"wp-block-embed__wrapper\">\n<iframe loading=\"lazy\" title=\"\u2728\u2702\ufe0f Quer uma solu\u00e7\u00e3o natural para cabelos ressecados e estimular o crescimento?\" src=\"https:\/\/assets.pinterest.com\/ext\/embed.html?id=59109813854603704&#038;src=oembed\" height=\"899\" width=\"450\" frameborder=\"0\" scrolling=\"no\" ><\/iframe>\n<\/div><\/figure>\n\n\n\n<h2 class=\"wp-block-heading\">Shampoo com aloe vera para controlar a oleosidade dos fios<\/h2>\n\n\n\n<p>O <b>aloe vera<\/b>, tamb\u00e9m conhecido como s\u00e1bila, tem um gel transparente rico em \u00e1gua e muito usado em produtos de beleza por proporcionar sensa\u00e7\u00e3o de frescor. No couro cabeludo, ele pode ajudar em uma limpeza mais confort\u00e1vel, o que \u00e9 interessante para quem tem oleosidade e, ao mesmo tempo, certa <b>sensibilidade<\/b> ou irrita\u00e7\u00e3o na regi\u00e3o, colaborando para uma <b>sensa\u00e7\u00e3o calmante<\/b>.<\/p>\n\n\n\n<p>Uma forma pr\u00e1tica \u00e9 misturar o gel de aloe vera diretamente ao shampoo que voc\u00ea j\u00e1 usa, criando uma esp\u00e9cie de \u201cvers\u00e3o suave\u201d do produto. Em geral, combina-se <b>1 colher<\/b> de sopa de gel de aloe vera, 1 colher de sopa de suco de lim\u00e3o e a quantidade de shampoo suficiente para uma lavagem, aplicando no couro cabeludo \u00famido, massageando com calma, deixando agir por alguns minutos e enxaguando bem com \u00e1gua <b>fria ou<\/b> morna.<\/p>\n","protected":false},"excerpt":{"rendered":"<p>Voc\u00ea lava o cabelo de manh\u00e3 e, no fim do dia, ele j\u00e1 est\u00e1 grudado na raiz e com aquele brilho de oleosidade? Muita gente passa por isso e acaba achando que cabelo oleoso \u00e9 sin\u00f4nimo de falta de cuidado, mas na verdade essa oleosidade natural tem fun\u00e7\u00e3o importante e n\u00e3o deve ser completamente eliminada. [&hellip;]<\/p>\n","protected":false},"author":9,"featured_media":179976,"comment_status":"open","ping_status":"open","sticky":false,"template":"","format":"standard","meta":{"jnews-multi-image_gallery":[],"jnews_single_post":{"format":"standard"},"jnews_primary_category":[],"jnews_social_meta":[],"jnews_override_counter":[],"footnotes":""},"categories":[8691,1],"tags":[22121,2616,7553],"class_list":["post-179933","post","type-post","status-publish","format-standard","has-post-thumbnail","hentry","category-bem-estar","category-noticias","tag-auto-cuidado","tag-beleza","tag-cabelo-oleoso"],"yoast_head":"<!-- This site is optimized with the Yoast SEO plugin v23.8 - https:\/\/yoast.com\/wordpress\/plugins\/seo\/ -->\n<title>Cabelo oleoso nunca mais, a receita caseira simples que ajuda a equilibrar a oleosidade - Estado de Minas - Em foco<\/title>\n<meta name=\"description\" content=\"Aprenda a controlar a oleosidade do cabelo com truques naturais que mant\u00eam a raiz solta e os fios saud\u00e1veis\" \/>\n<meta name=\"robots\" content=\"index, follow, max-snippet:-1, max-image-preview:large, max-video-preview:-1\" \/>\n<link rel=\"canonical\" href=\"https:\/\/www.em.com.br\/emfoco\/2026\/03\/11\/cabelo-oleoso-nunca-mais-a-receita-caseira-simples-que-ajuda-a-equilibrar-a-oleosidade\/\" \/>\n<meta property=\"og:locale\" content=\"pt_BR\" \/>\n<meta property=\"og:type\" content=\"article\" \/>\n<meta property=\"og:title\" content=\"Cabelo oleoso nunca mais, a receita caseira simples que ajuda a equilibrar a oleosidade - Estado de Minas - Em foco\" \/>\n<meta property=\"og:description\" content=\"Aprenda a controlar a oleosidade do cabelo com truques naturais que mant\u00eam a raiz solta e os fios saud\u00e1veis\" \/>\n<meta property=\"og:url\" content=\"https:\/\/www.em.com.br\/emfoco\/2026\/03\/11\/cabelo-oleoso-nunca-mais-a-receita-caseira-simples-que-ajuda-a-equilibrar-a-oleosidade\/\" \/>\n<meta property=\"og:site_name\" content=\"Estado de Minas - Em foco\" \/>\n<meta property=\"article:published_time\" content=\"2026-03-11T23:45:56+00:00\" \/>\n<meta property=\"article:modified_time\" content=\"2026-03-10T21:59:15+00:00\" \/>\n<meta property=\"og:image\" content=\"https:\/\/www.em.com.br\/emfoco\/wp-content\/uploads\/2026\/03\/Gemini_Generated_Image_nj0vuxnj0vuxnj0v-1.png\" \/>\n\t<meta property=\"og:image:width\" content=\"1280\" \/>\n\t<meta property=\"og:image:height\" content=\"720\" \/>\n\t<meta property=\"og:image:type\" content=\"image\/png\" \/>\n<meta name=\"author\" content=\"Daniely Cardoso\" \/>\n<meta name=\"twitter:card\" content=\"summary_large_image\" \/>\n<meta name=\"twitter:label1\" content=\"Escrito por\" \/>\n\t<meta name=\"twitter:data1\" content=\"Daniely Cardoso\" \/>\n\t<meta name=\"twitter:label2\" content=\"Est. tempo de leitura\" \/>\n\t<meta name=\"twitter:data2\" content=\"4 minutos\" \/>\n<!-- \/ Yoast SEO plugin. -->","yoast_head_json":{"title":"Cabelo oleoso nunca mais, a receita caseira simples que ajuda a equilibrar a oleosidade - Estado de Minas - Em foco","description":"Aprenda a controlar a oleosidade do cabelo com truques naturais que mant\u00eam a raiz solta e os fios saud\u00e1veis","robots":{"index":"index","follow":"follow","max-snippet":"max-snippet:-1","max-image-preview":"max-image-preview:large","max-video-preview":"max-video-preview:-1"},"canonical":"https:\/\/www.em.com.br\/emfoco\/2026\/03\/11\/cabelo-oleoso-nunca-mais-a-receita-caseira-simples-que-ajuda-a-equilibrar-a-oleosidade\/","og_locale":"pt_BR","og_type":"article","og_title":"Cabelo oleoso nunca mais, a receita caseira simples que ajuda a equilibrar a oleosidade - Estado de Minas - Em foco","og_description":"Aprenda a controlar a oleosidade do cabelo com truques naturais que mant\u00eam a raiz solta e os fios saud\u00e1veis","og_url":"https:\/\/www.em.com.br\/emfoco\/2026\/03\/11\/cabelo-oleoso-nunca-mais-a-receita-caseira-simples-que-ajuda-a-equilibrar-a-oleosidade\/","og_site_name":"Estado de Minas - Em foco","article_published_time":"2026-03-11T23:45:56+00:00","article_modified_time":"2026-03-10T21:59:15+00:00","og_image":[{"width":1280,"height":720,"url":"https:\/\/www.em.com.br\/emfoco\/wp-content\/uploads\/2026\/03\/Gemini_Generated_Image_nj0vuxnj0vuxnj0v-1.png","type":"image\/png"}],"author":"Daniely Cardoso","twitter_card":"summary_large_image","twitter_misc":{"Escrito por":"Daniely Cardoso","Est. tempo de leitura":"4 minutos"},"schema":{"@context":"https:\/\/schema.org","@graph":[{"@type":"WebPage","@id":"https:\/\/www.em.com.br\/emfoco\/2026\/03\/11\/cabelo-oleoso-nunca-mais-a-receita-caseira-simples-que-ajuda-a-equilibrar-a-oleosidade\/","url":"https:\/\/www.em.com.br\/emfoco\/2026\/03\/11\/cabelo-oleoso-nunca-mais-a-receita-caseira-simples-que-ajuda-a-equilibrar-a-oleosidade\/","name":"Cabelo oleoso nunca mais, a receita caseira simples que ajuda a equilibrar a oleosidade - Estado de Minas - Em foco","isPartOf":{"@id":"https:\/\/www.em.com.br\/emfoco\/#website"},"primaryImageOfPage":{"@id":"https:\/\/www.em.com.br\/emfoco\/2026\/03\/11\/cabelo-oleoso-nunca-mais-a-receita-caseira-simples-que-ajuda-a-equilibrar-a-oleosidade\/#primaryimage"},"image":{"@id":"https:\/\/www.em.com.br\/emfoco\/2026\/03\/11\/cabelo-oleoso-nunca-mais-a-receita-caseira-simples-que-ajuda-a-equilibrar-a-oleosidade\/#primaryimage"},"thumbnailUrl":"https:\/\/www.em.com.br\/emfoco\/wp-content\/uploads\/2026\/03\/Gemini_Generated_Image_nj0vuxnj0vuxnj0v-1.png","datePublished":"2026-03-11T23:45:56+00:00","dateModified":"2026-03-10T21:59:15+00:00","author":{"@id":"https:\/\/www.em.com.br\/emfoco\/#\/schema\/person\/0a8186d72f2c3a5c6276d90b41f271a0"},"description":"Aprenda a controlar a oleosidade do cabelo com truques naturais que mant\u00eam a raiz solta e os fios saud\u00e1veis","breadcrumb":{"@id":"https:\/\/www.em.com.br\/emfoco\/2026\/03\/11\/cabelo-oleoso-nunca-mais-a-receita-caseira-simples-que-ajuda-a-equilibrar-a-oleosidade\/#breadcrumb"},"inLanguage":"pt-BR","potentialAction":[{"@type":"ReadAction","target":["https:\/\/www.em.com.br\/emfoco\/2026\/03\/11\/cabelo-oleoso-nunca-mais-a-receita-caseira-simples-que-ajuda-a-equilibrar-a-oleosidade\/"]}]},{"@type":"ImageObject","inLanguage":"pt-BR","@id":"https:\/\/www.em.com.br\/emfoco\/2026\/03\/11\/cabelo-oleoso-nunca-mais-a-receita-caseira-simples-que-ajuda-a-equilibrar-a-oleosidade\/#primaryimage","url":"https:\/\/www.em.com.br\/emfoco\/wp-content\/uploads\/2026\/03\/Gemini_Generated_Image_nj0vuxnj0vuxnj0v-1.png","contentUrl":"https:\/\/www.em.com.br\/emfoco\/wp-content\/uploads\/2026\/03\/Gemini_Generated_Image_nj0vuxnj0vuxnj0v-1.png","width":1280,"height":720,"caption":"O problema come\u00e7a quando essa produ\u00e7\u00e3o de sebo fica desregulada e aparece em excesso, deixando o cabelo pesado"},{"@type":"BreadcrumbList","@id":"https:\/\/www.em.com.br\/emfoco\/2026\/03\/11\/cabelo-oleoso-nunca-mais-a-receita-caseira-simples-que-ajuda-a-equilibrar-a-oleosidade\/#breadcrumb","itemListElement":[{"@type":"ListItem","position":1,"name":"In\u00edcio","item":"https:\/\/www.em.com.br\/emfoco\/"},{"@type":"ListItem","position":2,"name":"Cabelo oleoso nunca mais, a receita caseira simples que ajuda a equilibrar a oleosidade"}]},{"@type":"WebSite","@id":"https:\/\/www.em.com.br\/emfoco\/#website","url":"https:\/\/www.em.com.br\/emfoco\/","name":"Estado de Minas - Em foco","description":"Acompanhe as \u00faltimas not\u00edcias e fique bem informado sobre tudo o que acontece em Minas Gerais, Brasil e no mundo.","potentialAction":[{"@type":"SearchAction","target":{"@type":"EntryPoint","urlTemplate":"https:\/\/www.em.com.br\/emfoco\/?s={search_term_string}"},"query-input":{"@type":"PropertyValueSpecification","valueRequired":true,"valueName":"search_term_string"}}],"inLanguage":"pt-BR"},{"@type":"Person","@id":"https:\/\/www.em.com.br\/emfoco\/#\/schema\/person\/0a8186d72f2c3a5c6276d90b41f271a0","name":"Daniely Cardoso","image":{"@type":"ImageObject","inLanguage":"pt-BR","@id":"https:\/\/www.em.com.br\/emfoco\/#\/schema\/person\/image\/","url":"https:\/\/secure.gravatar.com\/avatar\/4b80ddbd124d1f071b626d52d62e5dff?s=96&d=mm&r=g","contentUrl":"https:\/\/secure.gravatar.com\/avatar\/4b80ddbd124d1f071b626d52d62e5dff?s=96&d=mm&r=g","caption":"Daniely Cardoso"},"url":"https:\/\/www.em.com.br\/emfoco\/author\/danielymyth\/"}]}},"_links":{"self":[{"href":"https:\/\/www.em.com.br\/emfoco\/wp-json\/wp\/v2\/posts\/179933","targetHints":{"allow":["GET"]}}],"collection":[{"href":"https:\/\/www.em.com.br\/emfoco\/wp-json\/wp\/v2\/posts"}],"about":[{"href":"https:\/\/www.em.com.br\/emfoco\/wp-json\/wp\/v2\/types\/post"}],"author":[{"embeddable":true,"href":"https:\/\/www.em.com.br\/emfoco\/wp-json\/wp\/v2\/users\/9"}],"replies":[{"embeddable":true,"href":"https:\/\/www.em.com.br\/emfoco\/wp-json\/wp\/v2\/comments?post=179933"}],"version-history":[{"count":3,"href":"https:\/\/www.em.com.br\/emfoco\/wp-json\/wp\/v2\/posts\/179933\/revisions"}],"predecessor-version":[{"id":179983,"href":"https:\/\/www.em.com.br\/emfoco\/wp-json\/wp\/v2\/posts\/179933\/revisions\/179983"}],"wp:featuredmedia":[{"embeddable":true,"href":"https:\/\/www.em.com.br\/emfoco\/wp-json\/wp\/v2\/media\/179976"}],"wp:attachment":[{"href":"https:\/\/www.em.com.br\/emfoco\/wp-json\/wp\/v2\/media?parent=179933"}],"wp:term":[{"taxonomy":"category","embeddable":true,"href":"https:\/\/www.em.com.br\/emfoco\/wp-json\/wp\/v2\/categories?post=179933"},{"taxonomy":"post_tag","embeddable":true,"href":"https:\/\/www.em.com.br\/emfoco\/wp-json\/wp\/v2\/tags?post=179933"}],"curies":[{"name":"wp","href":"https:\/\/api.w.org\/{rel}","templated":true}]}}