{"id":179930,"date":"2026-03-11T20:05:36","date_gmt":"2026-03-11T23:05:36","guid":{"rendered":"https:\/\/www.em.com.br\/emfoco\/?p=179930"},"modified":"2026-03-10T19:01:16","modified_gmt":"2026-03-10T22:01:16","slug":"o-que-muita-gente-descarta-nessa-fruta-pode-ajudar-a-controlar-colesterol-e-proteger-o-coracao","status":"publish","type":"post","link":"https:\/\/www.em.com.br\/emfoco\/2026\/03\/11\/o-que-muita-gente-descarta-nessa-fruta-pode-ajudar-a-controlar-colesterol-e-proteger-o-coracao\/","title":{"rendered":"O que muita gente descarta nessa fruta pode ajudar a controlar colesterol e proteger o cora\u00e7\u00e3o"},"content":{"rendered":"\n<p>Voc\u00ea costuma jogar fora as sementes de mel\u00e3o sem pensar duas vezes? Pois \u00e9, muita gente faz isso todos os dias, sem imaginar que ali existe um ingrediente simples, barato e cheio de benef\u00edcios para o <strong>cora\u00e7\u00e3o<\/strong> e para a <strong>sa\u00fade<\/strong> em geral.<\/p>\n\n\n\n<h2 class=\"wp-block-heading\">Por que a semente de mel\u00e3o \u00e9 t\u00e3o nutritiva<\/h2>\n\n\n\n<p>A principal caracter\u00edstica da <strong>semente de mel\u00e3o<\/strong> \u00e9 o bom teor de gorduras insaturadas, consideradas gorduras boas para o organismo. Entre elas est\u00e3o o \u00e1cido linoleico (\u00f4mega 6) e o \u00e1cido oleico (\u00f4mega 9), que podem ajudar a reduzir o colesterol LDL, o chamado ruim, e manter n\u00edveis adequados de HDL, o colesterol <strong>bom<\/strong>.<\/p>\n\n\n\n<p>Al\u00e9m disso, ela oferece prote\u00ednas vegetais, fibras e minerais como magn\u00e9sio, zinco e <strong>f\u00f3sforo<\/strong>. As fibras ajudam na saciedade e na digest\u00e3o, enquanto os minerais participam da regula\u00e7\u00e3o da press\u00e3o, da contra\u00e7\u00e3o muscular e do equil\u00edbrio <strong>metab\u00f3lico<\/strong>, contribuindo para mais energia e disposi\u00e7\u00e3o.<\/p>\n\n\n\n<figure class=\"wp-block-embed is-type-rich is-provider-pinterest wp-block-embed-pinterest\"><div class=\"wp-block-embed__wrapper\">\n<iframe loading=\"lazy\" title=\"\ud83d\udfe0 Aproveite as sementes de mel\u00e3o! Sua sa\u00fade (e o planeta) agradecem.O mel\u00e3o costuma ser consumido in natura ou em sucos, n\u00e9?\u2639\ufe0fMas e as sementes? V\u00e3o direto pro lixo?\ud83d\uddd1\ufe0f Elas s\u00e3o riqu\u00edssimas em nutrientes e ainda pouco aproveitadas, tanto em casa quanto pela ind\u00fastria.Estudos feitos avaliando as sementes de mel\u00e3o apontam que t\u00eam prote\u00ednas, gorduras boas, fibras, a\u00e7\u00e3o antioxidante e at\u00e9 efeito prebi\u00f3tico \u2014 ou seja, ajudam a cuidar da sua microbiota intestinal. \ud83d\udcaa\u2728 Quer duas ideias simpl...\" src=\"https:\/\/assets.pinterest.com\/ext\/embed.html?id=1042864857490908070&#038;src=oembed\" height=\"899\" width=\"450\" frameborder=\"0\" scrolling=\"no\" ><\/iframe>\n<\/div><\/figure>\n\n\n\n<p>Leia tamb\u00e9m:&nbsp;<a href=\"https:\/\/www.em.com.br\/emfoco\/2026\/03\/10\/nem-uva-nem-melao-a-fruta-de-poucas-calorias-que-virou-queridinha-das-dietas-saudaveis\/\" target=\"_blank\" rel=\"noopener\">Nem uva, nem mel\u00e3o, a fruta de poucas calorias que virou queridinha das dietas saud\u00e1veis<\/a><\/p>\n\n\n\n<h2 class=\"wp-block-heading\">Como os antioxidantes da semente de mel\u00e3o ajudam o cora\u00e7\u00e3o<\/h2>\n\n\n\n<p>A <strong>semente de mel\u00e3o<\/strong> tamb\u00e9m se destaca pelo conte\u00fado de antioxidantes naturais, como compostos fen\u00f3licos e vitamina E. Esses elementos ajudam a combater o estresse oxidativo, processo que acelera o envelhecimento das c\u00e9lulas e favorece o ac\u00famulo de gordura nas <strong>art\u00e9rias<\/strong>.<\/p>\n\n\n\n<p>Ao diminuir esse desgaste interno, a semente ajuda a proteger os vasos <strong>sangu\u00edneos<\/strong> e a circula\u00e7\u00e3o. Esse efeito pode reduzir o risco de forma\u00e7\u00e3o de placas que endurecem as art\u00e9rias, apoiando a sa\u00fade cardiovascular de forma preventiva e mais <strong>natural<\/strong>.<\/p>\n\n\n<div class=\"wp-block-image\">\n<figure class=\"aligncenter size-large\"><img loading=\"lazy\" decoding=\"async\" width=\"1024\" height=\"576\" src=\"https:\/\/www.em.com.br\/emfoco\/wp-content\/uploads\/2026\/02\/melao_1772137688910-1024x576.jpg\" alt=\"\" class=\"wp-image-174833\" srcset=\"https:\/\/www.em.com.br\/emfoco\/wp-content\/uploads\/2026\/02\/melao_1772137688910-1024x576.jpg 1024w, https:\/\/www.em.com.br\/emfoco\/wp-content\/uploads\/2026\/02\/melao_1772137688910-300x169.jpg 300w, https:\/\/www.em.com.br\/emfoco\/wp-content\/uploads\/2026\/02\/melao_1772137688910-768x432.jpg 768w, https:\/\/www.em.com.br\/emfoco\/wp-content\/uploads\/2026\/02\/melao_1772137688910-750x422.jpg 750w, https:\/\/www.em.com.br\/emfoco\/wp-content\/uploads\/2026\/02\/melao_1772137688910-1140x641.jpg 1140w, https:\/\/www.em.com.br\/emfoco\/wp-content\/uploads\/2026\/02\/melao_1772137688910.jpg 1280w\" sizes=\"auto, (max-width: 1024px) 100vw, 1024px\" \/><figcaption class=\"wp-element-caption\">O impacto da semente de mel\u00e3o no cora\u00e7\u00e3o est\u00e1 ligado ao conjunto de gorduras boas, fibras, minerais e antioxidantes. &#8211; Cr\u00e9ditos: depositphotos.com \/ HayDmitriy<\/figcaption><\/figure><\/div>\n\n\n<h2 class=\"wp-block-heading\">Como a semente de mel\u00e3o contribui para a sa\u00fade do cora\u00e7\u00e3o<\/h2>\n\n\n\n<p>O impacto da <strong>semente de mel\u00e3o<\/strong> no cora\u00e7\u00e3o est\u00e1 ligado ao conjunto de gorduras boas, fibras, minerais e antioxidantes. Quando consumida com regularidade dentro de uma dieta equilibrada, ela pode ajudar a melhorar o perfil de gorduras no sangue, reduzindo triglicer\u00eddeos e <strong>LDL<\/strong> em muitos casos observados com outras sementes oleaginosas.<\/p>\n\n\n\n<p>As fibras atuam junto com as gorduras insaturadas, ajudando o corpo a eliminar parte do colesterol pelo intestino, o que favorece uma circula\u00e7\u00e3o mais fluida. J\u00e1 o magn\u00e9sio contribui para o relaxamento dos <strong>vasos<\/strong> e para a regula\u00e7\u00e3o da press\u00e3o, colaborando para um fluxo sangu\u00edneo mais est\u00e1vel e menos sujeito a <strong>sobrecargas<\/strong>.<\/p>\n\n\n\n<h2 class=\"wp-block-heading\">Quais s\u00e3o os principais benef\u00edcios da semente de mel\u00e3o<\/h2>\n\n\n\n<p>Para visualizar melhor o potencial da <strong>semente de mel\u00e3o<\/strong> no dia a dia, vale reunir os principais efeitos ligados ao seu consumo regular. Abaixo, voc\u00ea encontra um resumo dos pontos que mais se destacam quando o assunto \u00e9 sa\u00fade do cora\u00e7\u00e3o e bem-estar <strong>geral<\/strong>:<\/p>\n\n\n\n<ul class=\"wp-block-list\">\n<li><strong>Melhora do perfil de colesterol<\/strong> com apoio das gorduras insaturadas;<\/li>\n\n\n\n<li><strong>Prote\u00e7\u00e3o dos vasos sangu\u00edneos<\/strong> gra\u00e7as a antioxidantes e minerais;<\/li>\n\n\n\n<li><strong>Ajuda no controle da press\u00e3o<\/strong>, com participa\u00e7\u00e3o do magn\u00e9sio;<\/li>\n\n\n\n<li><strong>Contribui\u00e7\u00e3o para o controle de peso<\/strong>, por causa das fibras e da saciedade;<\/li>\n\n\n\n<li><strong>Redu\u00e7\u00e3o do estresse oxidativo<\/strong>, ligada a menor risco cardiovascular.<\/li>\n<\/ul>\n\n\n\n<p>Para voc\u00ea que gosta de se cuidar, separamos um v\u00eddeod o canal <a href=\"https:\/\/www.youtube.com\/@pensandoaocontrario\" target=\"_blank\" rel=\"noreferrer noopener\">pensandoaocontrario<\/a> com dicas de consumo e benef\u00edcios da semente de mel\u00e3o:<\/p>\n\n\n\n<figure class=\"wp-block-embed is-type-video is-provider-youtube wp-block-embed-youtube wp-embed-aspect-16-9 wp-has-aspect-ratio\"><div class=\"wp-block-embed__wrapper\">\n<div class=\"jeg_video_container jeg_video_content\"><iframe loading=\"lazy\" title=\"SUA SEMENTE DE MEL\u00c3O \u00c9 UM SUPER ALIMENTO! VEJA 3 RECEITAS COM ELA!\" width=\"500\" height=\"281\" src=\"https:\/\/www.youtube.com\/embed\/uAu_wRJaSb8?start=2&#038;feature=oembed\" frameborder=\"0\" allow=\"accelerometer; autoplay; clipboard-write; encrypted-media; gyroscope; picture-in-picture; web-share\" referrerpolicy=\"strict-origin-when-cross-origin\" allowfullscreen><\/iframe><\/div>\n<\/div><\/figure>\n\n\n\n<h2 class=\"wp-block-heading\">Como consumir semente de mel\u00e3o no dia a dia<\/h2>\n\n\n\n<p>Embora a <strong>semente de mel\u00e3o<\/strong> normalmente seja descartada, \u00e9 f\u00e1cil inclu\u00ed-la na rotina com alguns ajustes simples. Uma forma pr\u00e1tica \u00e9 torrar levemente as sementes, sem exagerar no sal ou no \u00f3leo, para deix\u00e1-las crocantes e prontas para lanches ou prepara\u00e7\u00f5es do dia a <strong>dia<\/strong>.<\/p>\n\n\n\n<p>Depois de torrada, a semente pode ser consumida inteira ou triturada em p\u00f3, que quase n\u00e3o altera o sabor das receitas. Dessa forma, voc\u00ea enriquece pratos doces e salgados com fibras e gorduras boas, sem complicar o preparo e sem mudar demais o gosto dos <strong>alimentos<\/strong>.<\/p>\n\n\n\n<figure class=\"wp-block-embed is-type-rich is-provider-pinterest wp-block-embed-pinterest\"><div class=\"wp-block-embed__wrapper\">\n<iframe loading=\"lazy\" title=\"LEITE DE SEMENTE DE MEL\u00c3O!\" src=\"https:\/\/assets.pinterest.com\/ext\/embed.html?id=10696117859154241&#038;src=oembed\" height=\"899\" width=\"450\" frameborder=\"0\" scrolling=\"no\" ><\/iframe>\n<\/div><\/figure>\n\n\n\n<h2 class=\"wp-block-heading\">Ideias pr\u00e1ticas para usar a semente de mel\u00e3o<\/h2>\n\n\n\n<p>Na correria, pode parecer dif\u00edcil incluir algo novo na alimenta\u00e7\u00e3o, mas a <strong>semente de mel\u00e3o<\/strong> combina com v\u00e1rias receitas simples. Com um pouco de criatividade, ela pode entrar em lanches r\u00e1pidos, caf\u00e9s da manh\u00e3 e at\u00e9 em pratos principais, trazendo croc\u00e2ncia e mais <strong>nutrientes<\/strong>:<\/p>\n\n\n\n<ol class=\"wp-block-list\">\n<li><strong>Polvilhar em frutas<\/strong>: adicionar as sementes trituradas sobre mel\u00e3o, banana ou mam\u00e3o.<\/li>\n\n\n\n<li><strong>Misturar em iogurtes e vitaminas<\/strong>: usar uma colher de sopa da semente mo\u00edda.<\/li>\n\n\n\n<li><strong>Usar em saladas<\/strong>: substituir parte dos croutons por sementes torradas.<\/li>\n\n\n\n<li><strong>Incluir em p\u00e3es e bolos<\/strong>: colocar a farinha de semente em receitas caseiras.<\/li>\n\n\n\n<li><strong>Adicionar em mix de sementes<\/strong>: combinar com linha\u00e7a, chia e girassol.<\/li>\n<\/ol>\n\n\n\n<p>Pessoas com alergia a sementes ou com doen\u00e7as espec\u00edficas precisam conversar com um profissional de sa\u00fade antes de consumir com frequ\u00eancia. Tamb\u00e9m \u00e9 importante lavar bem, secar e, de prefer\u00eancia, torrar as sementes, reduzindo umidade e risco de contamina\u00e7\u00e3o, para garantir um consumo mais seguro e <strong>tranquilo<\/strong>.<\/p>\n","protected":false},"excerpt":{"rendered":"<p>Voc\u00ea costuma jogar fora as sementes de mel\u00e3o sem pensar duas vezes? Pois \u00e9, muita gente faz isso todos os dias, sem imaginar que ali existe um ingrediente simples, barato e cheio de benef\u00edcios para o cora\u00e7\u00e3o e para a sa\u00fade em geral. Por que a semente de mel\u00e3o \u00e9 t\u00e3o nutritiva A principal caracter\u00edstica [&hellip;]<\/p>\n","protected":false},"author":9,"featured_media":179972,"comment_status":"open","ping_status":"open","sticky":false,"template":"","format":"standard","meta":{"jnews-multi-image_gallery":[],"jnews_single_post":{"format":"standard"},"jnews_primary_category":[],"jnews_social_meta":[],"jnews_override_counter":[],"footnotes":""},"categories":[8819,1],"tags":[25979,2552,25978],"class_list":["post-179930","post","type-post","status-publish","format-standard","has-post-thumbnail","hentry","category-curiosidades","category-noticias","tag-alimentar","tag-coracao","tag-semente-de-melao"],"yoast_head":"<!-- This site is optimized with the Yoast SEO plugin v23.8 - https:\/\/yoast.com\/wordpress\/plugins\/seo\/ -->\n<title>O que muita gente descarta nessa fruta pode ajudar a controlar colesterol e proteger o cora\u00e7\u00e3o - Estado de Minas - Em foco<\/title>\n<meta name=\"description\" content=\"Pare de jogar fora as sementes de mel\u00e3o e descubra como elas protegem seu cora\u00e7\u00e3o e baixam o colesterol\" \/>\n<meta name=\"robots\" content=\"index, follow, max-snippet:-1, max-image-preview:large, max-video-preview:-1\" \/>\n<link rel=\"canonical\" href=\"https:\/\/www.em.com.br\/emfoco\/2026\/03\/11\/o-que-muita-gente-descarta-nessa-fruta-pode-ajudar-a-controlar-colesterol-e-proteger-o-coracao\/\" \/>\n<meta property=\"og:locale\" content=\"pt_BR\" \/>\n<meta property=\"og:type\" content=\"article\" \/>\n<meta property=\"og:title\" content=\"O que muita gente descarta nessa fruta pode ajudar a controlar colesterol e proteger o cora\u00e7\u00e3o - Estado de Minas - Em foco\" \/>\n<meta property=\"og:description\" content=\"Pare de jogar fora as sementes de mel\u00e3o e descubra como elas protegem seu cora\u00e7\u00e3o e baixam o colesterol\" \/>\n<meta property=\"og:url\" content=\"https:\/\/www.em.com.br\/emfoco\/2026\/03\/11\/o-que-muita-gente-descarta-nessa-fruta-pode-ajudar-a-controlar-colesterol-e-proteger-o-coracao\/\" \/>\n<meta property=\"og:site_name\" content=\"Estado de Minas - Em foco\" \/>\n<meta property=\"article:published_time\" content=\"2026-03-11T23:05:36+00:00\" \/>\n<meta property=\"article:modified_time\" content=\"2026-03-10T22:01:16+00:00\" \/>\n<meta property=\"og:image\" content=\"https:\/\/www.em.com.br\/emfoco\/wp-content\/uploads\/2026\/03\/Gemini_Generated_Image_b82p92b82p92b82p-1.png\" \/>\n\t<meta property=\"og:image:width\" content=\"1280\" \/>\n\t<meta property=\"og:image:height\" content=\"720\" \/>\n\t<meta property=\"og:image:type\" content=\"image\/png\" \/>\n<meta name=\"author\" content=\"Daniely Cardoso\" \/>\n<meta name=\"twitter:card\" content=\"summary_large_image\" \/>\n<meta name=\"twitter:label1\" content=\"Escrito por\" \/>\n\t<meta name=\"twitter:data1\" content=\"Daniely Cardoso\" \/>\n\t<meta name=\"twitter:label2\" content=\"Est. tempo de leitura\" \/>\n\t<meta name=\"twitter:data2\" content=\"5 minutos\" \/>\n<!-- \/ Yoast SEO plugin. -->","yoast_head_json":{"title":"O que muita gente descarta nessa fruta pode ajudar a controlar colesterol e proteger o cora\u00e7\u00e3o - Estado de Minas - Em foco","description":"Pare de jogar fora as sementes de mel\u00e3o e descubra como elas protegem seu cora\u00e7\u00e3o e baixam o colesterol","robots":{"index":"index","follow":"follow","max-snippet":"max-snippet:-1","max-image-preview":"max-image-preview:large","max-video-preview":"max-video-preview:-1"},"canonical":"https:\/\/www.em.com.br\/emfoco\/2026\/03\/11\/o-que-muita-gente-descarta-nessa-fruta-pode-ajudar-a-controlar-colesterol-e-proteger-o-coracao\/","og_locale":"pt_BR","og_type":"article","og_title":"O que muita gente descarta nessa fruta pode ajudar a controlar colesterol e proteger o cora\u00e7\u00e3o - Estado de Minas - Em foco","og_description":"Pare de jogar fora as sementes de mel\u00e3o e descubra como elas protegem seu cora\u00e7\u00e3o e baixam o colesterol","og_url":"https:\/\/www.em.com.br\/emfoco\/2026\/03\/11\/o-que-muita-gente-descarta-nessa-fruta-pode-ajudar-a-controlar-colesterol-e-proteger-o-coracao\/","og_site_name":"Estado de Minas - Em foco","article_published_time":"2026-03-11T23:05:36+00:00","article_modified_time":"2026-03-10T22:01:16+00:00","og_image":[{"width":1280,"height":720,"url":"https:\/\/www.em.com.br\/emfoco\/wp-content\/uploads\/2026\/03\/Gemini_Generated_Image_b82p92b82p92b82p-1.png","type":"image\/png"}],"author":"Daniely Cardoso","twitter_card":"summary_large_image","twitter_misc":{"Escrito por":"Daniely Cardoso","Est. tempo de leitura":"5 minutos"},"schema":{"@context":"https:\/\/schema.org","@graph":[{"@type":"WebPage","@id":"https:\/\/www.em.com.br\/emfoco\/2026\/03\/11\/o-que-muita-gente-descarta-nessa-fruta-pode-ajudar-a-controlar-colesterol-e-proteger-o-coracao\/","url":"https:\/\/www.em.com.br\/emfoco\/2026\/03\/11\/o-que-muita-gente-descarta-nessa-fruta-pode-ajudar-a-controlar-colesterol-e-proteger-o-coracao\/","name":"O que muita gente descarta nessa fruta pode ajudar a controlar colesterol e proteger o cora\u00e7\u00e3o - Estado de Minas - Em foco","isPartOf":{"@id":"https:\/\/www.em.com.br\/emfoco\/#website"},"primaryImageOfPage":{"@id":"https:\/\/www.em.com.br\/emfoco\/2026\/03\/11\/o-que-muita-gente-descarta-nessa-fruta-pode-ajudar-a-controlar-colesterol-e-proteger-o-coracao\/#primaryimage"},"image":{"@id":"https:\/\/www.em.com.br\/emfoco\/2026\/03\/11\/o-que-muita-gente-descarta-nessa-fruta-pode-ajudar-a-controlar-colesterol-e-proteger-o-coracao\/#primaryimage"},"thumbnailUrl":"https:\/\/www.em.com.br\/emfoco\/wp-content\/uploads\/2026\/03\/Gemini_Generated_Image_b82p92b82p92b82p-1.png","datePublished":"2026-03-11T23:05:36+00:00","dateModified":"2026-03-10T22:01:16+00:00","author":{"@id":"https:\/\/www.em.com.br\/emfoco\/#\/schema\/person\/0a8186d72f2c3a5c6276d90b41f271a0"},"description":"Pare de jogar fora as sementes de mel\u00e3o e descubra como elas protegem seu cora\u00e7\u00e3o e baixam o colesterol","breadcrumb":{"@id":"https:\/\/www.em.com.br\/emfoco\/2026\/03\/11\/o-que-muita-gente-descarta-nessa-fruta-pode-ajudar-a-controlar-colesterol-e-proteger-o-coracao\/#breadcrumb"},"inLanguage":"pt-BR","potentialAction":[{"@type":"ReadAction","target":["https:\/\/www.em.com.br\/emfoco\/2026\/03\/11\/o-que-muita-gente-descarta-nessa-fruta-pode-ajudar-a-controlar-colesterol-e-proteger-o-coracao\/"]}]},{"@type":"ImageObject","inLanguage":"pt-BR","@id":"https:\/\/www.em.com.br\/emfoco\/2026\/03\/11\/o-que-muita-gente-descarta-nessa-fruta-pode-ajudar-a-controlar-colesterol-e-proteger-o-coracao\/#primaryimage","url":"https:\/\/www.em.com.br\/emfoco\/wp-content\/uploads\/2026\/03\/Gemini_Generated_Image_b82p92b82p92b82p-1.png","contentUrl":"https:\/\/www.em.com.br\/emfoco\/wp-content\/uploads\/2026\/03\/Gemini_Generated_Image_b82p92b82p92b82p-1.png","width":1280,"height":720,"caption":"Al\u00e9m disso, ela oferece prote\u00ednas vegetais, fibras e minerais como magn\u00e9sio, zinco e f\u00f3sforo"},{"@type":"BreadcrumbList","@id":"https:\/\/www.em.com.br\/emfoco\/2026\/03\/11\/o-que-muita-gente-descarta-nessa-fruta-pode-ajudar-a-controlar-colesterol-e-proteger-o-coracao\/#breadcrumb","itemListElement":[{"@type":"ListItem","position":1,"name":"In\u00edcio","item":"https:\/\/www.em.com.br\/emfoco\/"},{"@type":"ListItem","position":2,"name":"O que muita gente descarta nessa fruta pode ajudar a controlar colesterol e proteger o cora\u00e7\u00e3o"}]},{"@type":"WebSite","@id":"https:\/\/www.em.com.br\/emfoco\/#website","url":"https:\/\/www.em.com.br\/emfoco\/","name":"Estado de Minas - Em foco","description":"Acompanhe as \u00faltimas not\u00edcias e fique bem informado sobre tudo o que acontece em Minas Gerais, Brasil e no mundo.","potentialAction":[{"@type":"SearchAction","target":{"@type":"EntryPoint","urlTemplate":"https:\/\/www.em.com.br\/emfoco\/?s={search_term_string}"},"query-input":{"@type":"PropertyValueSpecification","valueRequired":true,"valueName":"search_term_string"}}],"inLanguage":"pt-BR"},{"@type":"Person","@id":"https:\/\/www.em.com.br\/emfoco\/#\/schema\/person\/0a8186d72f2c3a5c6276d90b41f271a0","name":"Daniely Cardoso","image":{"@type":"ImageObject","inLanguage":"pt-BR","@id":"https:\/\/www.em.com.br\/emfoco\/#\/schema\/person\/image\/","url":"https:\/\/secure.gravatar.com\/avatar\/4b80ddbd124d1f071b626d52d62e5dff?s=96&d=mm&r=g","contentUrl":"https:\/\/secure.gravatar.com\/avatar\/4b80ddbd124d1f071b626d52d62e5dff?s=96&d=mm&r=g","caption":"Daniely Cardoso"},"url":"https:\/\/www.em.com.br\/emfoco\/author\/danielymyth\/"}]}},"_links":{"self":[{"href":"https:\/\/www.em.com.br\/emfoco\/wp-json\/wp\/v2\/posts\/179930","targetHints":{"allow":["GET"]}}],"collection":[{"href":"https:\/\/www.em.com.br\/emfoco\/wp-json\/wp\/v2\/posts"}],"about":[{"href":"https:\/\/www.em.com.br\/emfoco\/wp-json\/wp\/v2\/types\/post"}],"author":[{"embeddable":true,"href":"https:\/\/www.em.com.br\/emfoco\/wp-json\/wp\/v2\/users\/9"}],"replies":[{"embeddable":true,"href":"https:\/\/www.em.com.br\/emfoco\/wp-json\/wp\/v2\/comments?post=179930"}],"version-history":[{"count":3,"href":"https:\/\/www.em.com.br\/emfoco\/wp-json\/wp\/v2\/posts\/179930\/revisions"}],"predecessor-version":[{"id":179986,"href":"https:\/\/www.em.com.br\/emfoco\/wp-json\/wp\/v2\/posts\/179930\/revisions\/179986"}],"wp:featuredmedia":[{"embeddable":true,"href":"https:\/\/www.em.com.br\/emfoco\/wp-json\/wp\/v2\/media\/179972"}],"wp:attachment":[{"href":"https:\/\/www.em.com.br\/emfoco\/wp-json\/wp\/v2\/media?parent=179930"}],"wp:term":[{"taxonomy":"category","embeddable":true,"href":"https:\/\/www.em.com.br\/emfoco\/wp-json\/wp\/v2\/categories?post=179930"},{"taxonomy":"post_tag","embeddable":true,"href":"https:\/\/www.em.com.br\/emfoco\/wp-json\/wp\/v2\/tags?post=179930"}],"curies":[{"name":"wp","href":"https:\/\/api.w.org\/{rel}","templated":true}]}}