{"id":179926,"date":"2026-03-11T17:55:28","date_gmt":"2026-03-11T20:55:28","guid":{"rendered":"https:\/\/www.em.com.br\/emfoco\/?p=179926"},"modified":"2026-03-10T18:56:23","modified_gmt":"2026-03-10T21:56:23","slug":"adeus-quarto-sem-graca-a-nova-tendencia-da-europa-que-esta-deixando-os-quartos-mais-elegantes","status":"publish","type":"post","link":"https:\/\/www.em.com.br\/emfoco\/2026\/03\/11\/adeus-quarto-sem-graca-a-nova-tendencia-da-europa-que-esta-deixando-os-quartos-mais-elegantes\/","title":{"rendered":"Adeus quarto sem gra\u00e7a, a nova tend\u00eancia da Europa que est\u00e1 deixando os quartos mais elegantes"},"content":{"rendered":"\n<p>Voc\u00ea j\u00e1 entrou em um quarto e sentiu que \u201cfaltava algo\u201d na parede, mesmo com v\u00e1rios quadros bonitos? Cada vez mais pessoas est\u00e3o trocando a decora\u00e7\u00e3o tradicional por solu\u00e7\u00f5es que deixam o ambiente mais <strong>aconchegante<\/strong> e ao mesmo tempo mais <strong>moderno<\/strong>. \u00c9 nesse clima que os <strong>quadros de madeira<\/strong>, bem comuns em projetos europeus, come\u00e7am a ganhar espa\u00e7o tamb\u00e9m nos quartos brasileiros.<\/p>\n\n\n\n<h2 class=\"wp-block-heading\">Como os quadros de madeira podem transformar o quarto<\/h2>\n\n\n\n<p>Na pr\u00e1tica, o uso de <strong>quadros de madeira<\/strong> muda tanto a apar\u00eancia quanto a sensa\u00e7\u00e3o do quarto no dia a dia. A parede deixa de ser apenas um fundo branco e passa a funcionar como um <strong>cen\u00e1rio principal<\/strong>, ajudando a deixar tudo mais harm\u00f4nico, acolhedor e com cara de quarto de revista, mas ainda assim f\u00e1cil de viver.<\/p>\n\n\n\n<p>Entre os principais efeitos dessa tend\u00eancia em decora\u00e7\u00e3o, vale destacar benef\u00edcios que fazem diferen\u00e7a no uso real do espa\u00e7o, especialmente para quem busca um quarto mais <strong>silencioso<\/strong> e com menos <strong>informa\u00e7\u00e3o visual<\/strong>:<\/p>\n\n\n\n<figure class=\"wp-block-embed is-type-rich is-provider-pinterest wp-block-embed-pinterest\"><div class=\"wp-block-embed__wrapper\">\n<iframe loading=\"lazy\" title=\"27. Decora\u00e7\u00e3o simples para quarto com meia parede ripada de madeira \u2013 Foto: Decor F\u00e1cil\" src=\"https:\/\/assets.pinterest.com\/ext\/embed.html?id=149533650123020477&#038;src=oembed\" height=\"699\" width=\"450\" frameborder=\"0\" scrolling=\"no\" ><\/iframe>\n<\/div><\/figure>\n\n\n\n<ul class=\"wp-block-list\">\n<li><strong>Melhora ac\u00fastica:<\/strong> os pain\u00e9is ripados podem ajudar a absorver parte do som, deixando o quarto mais calmo. Quando combinados com manta ac\u00fastica por tr\u00e1s, esses quadros de madeira potencializam ainda mais o isolamento, o que \u00e9 \u00f3timo para quem trabalha ou estuda no quarto.<\/li>\n\n\n\n<li><strong>Sensa\u00e7\u00e3o de amplitude:<\/strong> linhas verticais alongam a parede; linhas horizontais ampliam visualmente o espa\u00e7o. Em quartos muito estreitos, por exemplo, quadros de madeira instalados na horizontal podem equilibrar melhor as propor\u00e7\u00f5es.<\/li>\n\n\n\n<li><strong>Identidade visual:<\/strong> a madeira traz textura e cor, reduzindo a necessidade de muitos enfeites. Al\u00e9m disso, \u00e9 poss\u00edvel escolher padr\u00f5es de ripas mais finas ou mais largas, conforme o estilo: mais cl\u00e1ssico, minimalista ou contempor\u00e2neo.<\/li>\n\n\n\n<li><strong>Organiza\u00e7\u00e3o do espa\u00e7o:<\/strong> a \u00e1rea atr\u00e1s da cama fica bem marcada sem excesso de adornos. Em alguns projetos, esses quadros de madeira ainda integram nichos, prateleiras discretas ou ilumina\u00e7\u00e3o, ajudando a manter o quarto funcional e organizado.<\/li>\n<\/ul>\n\n\n\n<figure class=\"wp-block-embed is-type-rich is-provider-pinterest wp-block-embed-pinterest\"><div class=\"wp-block-embed__wrapper\">\n<iframe loading=\"lazy\" title=\"Cabeceira Ripada\" src=\"https:\/\/assets.pinterest.com\/ext\/embed.html?id=1102607921285454932&#038;src=oembed\" height=\"899\" width=\"450\" frameborder=\"0\" scrolling=\"no\" ><\/iframe>\n<\/div><\/figure>\n\n\n\n<p>Leia tamb\u00e9m:&nbsp;<a href=\"https:\/\/www.em.com.br\/emfoco\/2026\/03\/09\/vasos-de-cimento-diy-a-ideia-simples-que-esta-mudando-a-decoracao-de-casas-e-varandas\/\" target=\"_blank\" rel=\"noopener\">Vasos de cimento DIY: a ideia simples que est\u00e1 mudando a decora\u00e7\u00e3o de casas e varandas<\/a><\/p>\n\n\n\n<h2 class=\"wp-block-heading\">Como aplicar quadros de madeira no quarto de forma simples<\/h2>\n\n\n\n<p>Para quem deseja adotar essa tend\u00eancia em decora\u00e7\u00e3o, a aplica\u00e7\u00e3o dos <strong>quadros de madeira<\/strong> pode seguir caminhos bem simples, sem precisar de uma grande reforma. Em quartos pequenos, costuma-se priorizar apenas uma parede principal, geralmente a do <strong>cabeceiro<\/strong>; em ambientes maiores, d\u00e1 para brincar com mais de um trecho ripado.<\/p>\n\n\n\n<p>Algumas formas comuns de uso incluem solu\u00e7\u00f5es que funcionam bem tanto em estilos mais <strong>cl\u00e1ssicos<\/strong> quanto em quartos mais <strong>modernos<\/strong>, ajudando a separar \u00e1reas e criar pontos de destaque sem poluir:<\/p>\n\n\n\n<ol class=\"wp-block-list\">\n<li><strong>Parede completa atr\u00e1s da cama<\/strong> cria um painel cont\u00ednuo, substituindo quadros e prateleiras. Aqui, os quadros de madeira podem ir do piso ao teto, dando uma apar\u00eancia de cabeceira estendida e valorizando a cama como pe\u00e7a central do ambiente.<\/li>\n\n\n\n<li><strong>Meia parede ripada (tipo arrimadeiro)<\/strong> quadros na parte inferior e pintura lisa na parte superior. Essa solu\u00e7\u00e3o protege a parede, traz textura na altura da cama e ainda permite brincar com cores na parte superior, sem pesar.<\/li>\n\n\n\n<li><strong>Painel vertical para canto de trabalho<\/strong> um trecho ripado delimita a \u00e1rea de home office. O quadro de madeira funciona como uma \u201cmoldura\u201d para a bancada, ajudando a separar visualmente a \u00e1rea de trabalho do espa\u00e7o de descanso.<\/li>\n\n\n\n<li><strong>Faixas com ilumina\u00e7\u00e3o embutida<\/strong> ripas intercaladas com fitas de LED para um efeito c\u00eanico suave. Essa combina\u00e7\u00e3o de quadros de madeira com luz indireta cria uma atmosfera mais relaxante, perfeita para rituais noturnos de leitura ou descanso.<\/li>\n<\/ol>\n\n\n\n<p>Para voc\u00ea que quer decorar o quarto, separamos um v\u00eddeo do canal do <a href=\"https:\/\/www.youtube.com\/@PLANARQCAMPOS\" target=\"_blank\" rel=\"noreferrer noopener\">Ralph Dias<\/a> com dicas para uma deocra\u00e7\u00e3o chique:<\/p>\n\n\n\n<figure class=\"wp-block-embed is-type-video is-provider-youtube wp-block-embed-youtube wp-embed-aspect-16-9 wp-has-aspect-ratio\"><div class=\"wp-block-embed__wrapper\">\n<div class=\"jeg_video_container jeg_video_content\"><iframe loading=\"lazy\" title=\"10 DICAS SIMPLES PARA TER UM QUARTO DA CASAL CHIQUE \u2013 GASTANDO POUCO\" width=\"500\" height=\"281\" src=\"https:\/\/www.youtube.com\/embed\/D3HDbqJmiNY?feature=oembed\" frameborder=\"0\" allow=\"accelerometer; autoplay; clipboard-write; encrypted-media; gyroscope; picture-in-picture; web-share\" referrerpolicy=\"strict-origin-when-cross-origin\" allowfullscreen><\/iframe><\/div>\n<\/div><\/figure>\n\n\n\n<h2 class=\"wp-block-heading\">Os quadros de madeira substituem totalmente os quadros<\/h2>\n\n\n\n<p>A presen\u00e7a cada vez maior dos <strong>quadros de madeira<\/strong> n\u00e3o significa que os quadros v\u00e3o sumir do quarto. Eles apenas mudam de lugar e de fun\u00e7\u00e3o: em vez de ficarem sozinhos sobre a cabeceira, podem aparecer sobre uma <strong>c\u00f4moda<\/strong>, ao lado de uma poltrona de leitura ou apoiados em prateleiras, em composi\u00e7\u00f5es menores e mais discretas.<\/p>\n\n\n\n<p>Essa tend\u00eancia mostra uma prefer\u00eancia por superf\u00edcies cont\u00ednuas, texturas mais <strong>t\u00e1teis<\/strong> e ambientes visualmente mais <strong>calmos<\/strong>. A madeira ripada cria um pano de fundo neutro e ao mesmo tempo marcante, permitindo pequenos toques de arte, plantas ou lumin\u00e1rias sem atrapalhar a sensa\u00e7\u00e3o de descanso, aproximando o quarto do estilo que vem ganhando for\u00e7a em projetos europeus e se espalhando para outros pa\u00edses at\u00e9 2026. Em resumo, os quadros de madeira n\u00e3o competem com a decora\u00e7\u00e3o tradicional: eles funcionam como base, dando unidade ao quarto e deixando os demais elementos decorativos em segundo plano, por\u00e9m mais bem valorizados.<\/p>\n","protected":false},"excerpt":{"rendered":"<p>Voc\u00ea j\u00e1 entrou em um quarto e sentiu que \u201cfaltava algo\u201d na parede, mesmo com v\u00e1rios quadros bonitos? Cada vez mais pessoas est\u00e3o trocando a decora\u00e7\u00e3o tradicional por solu\u00e7\u00f5es que deixam o ambiente mais aconchegante e ao mesmo tempo mais moderno. \u00c9 nesse clima que os quadros de madeira, bem comuns em projetos europeus, come\u00e7am [&hellip;]<\/p>\n","protected":false},"author":9,"featured_media":179960,"comment_status":"open","ping_status":"open","sticky":false,"template":"","format":"standard","meta":{"jnews-multi-image_gallery":[],"jnews_single_post":{"format":"standard"},"jnews_primary_category":[],"jnews_social_meta":[],"jnews_override_counter":[],"footnotes":""},"categories":[8819,1],"tags":[2433,2911,4687],"class_list":["post-179926","post","type-post","status-publish","format-standard","has-post-thumbnail","hentry","category-curiosidades","category-noticias","tag-2433","tag-casa","tag-decoracao"],"yoast_head":"<!-- This site is optimized with the Yoast SEO plugin v23.8 - https:\/\/yoast.com\/wordpress\/plugins\/seo\/ -->\n<title>Adeus quarto sem gra\u00e7a, a nova tend\u00eancia da Europa que est\u00e1 deixando os quartos mais elegantes - Estado de Minas - Em foco<\/title>\n<meta name=\"description\" content=\"Uma tend\u00eancia europeia de madeira est\u00e1 mudando a decora\u00e7\u00e3o de quartos e deixando os ambientes mais elegantes e aconchegantes.\" \/>\n<meta name=\"robots\" content=\"index, follow, max-snippet:-1, max-image-preview:large, max-video-preview:-1\" \/>\n<link rel=\"canonical\" href=\"https:\/\/www.em.com.br\/emfoco\/2026\/03\/11\/adeus-quarto-sem-graca-a-nova-tendencia-da-europa-que-esta-deixando-os-quartos-mais-elegantes\/\" \/>\n<meta property=\"og:locale\" content=\"pt_BR\" \/>\n<meta property=\"og:type\" content=\"article\" \/>\n<meta property=\"og:title\" content=\"Adeus quarto sem gra\u00e7a, a nova tend\u00eancia da Europa que est\u00e1 deixando os quartos mais elegantes - Estado de Minas - Em foco\" \/>\n<meta property=\"og:description\" content=\"Uma tend\u00eancia europeia de madeira est\u00e1 mudando a decora\u00e7\u00e3o de quartos e deixando os ambientes mais elegantes e aconchegantes.\" \/>\n<meta property=\"og:url\" content=\"https:\/\/www.em.com.br\/emfoco\/2026\/03\/11\/adeus-quarto-sem-graca-a-nova-tendencia-da-europa-que-esta-deixando-os-quartos-mais-elegantes\/\" \/>\n<meta property=\"og:site_name\" content=\"Estado de Minas - Em foco\" \/>\n<meta property=\"article:published_time\" content=\"2026-03-11T20:55:28+00:00\" \/>\n<meta property=\"article:modified_time\" content=\"2026-03-10T21:56:23+00:00\" \/>\n<meta property=\"og:image\" content=\"https:\/\/www.em.com.br\/emfoco\/wp-content\/uploads\/2026\/03\/Gemini_Generated_Image_9ww4yj9ww4yj9ww4-1.png\" \/>\n\t<meta property=\"og:image:width\" content=\"1280\" \/>\n\t<meta property=\"og:image:height\" content=\"720\" \/>\n\t<meta property=\"og:image:type\" content=\"image\/png\" \/>\n<meta name=\"author\" content=\"Daniely Cardoso\" \/>\n<meta name=\"twitter:card\" content=\"summary_large_image\" \/>\n<meta name=\"twitter:label1\" content=\"Escrito por\" \/>\n\t<meta name=\"twitter:data1\" content=\"Daniely Cardoso\" \/>\n\t<meta name=\"twitter:label2\" content=\"Est. tempo de leitura\" \/>\n\t<meta name=\"twitter:data2\" content=\"5 minutos\" \/>\n<!-- \/ Yoast SEO plugin. -->","yoast_head_json":{"title":"Adeus quarto sem gra\u00e7a, a nova tend\u00eancia da Europa que est\u00e1 deixando os quartos mais elegantes - Estado de Minas - Em foco","description":"Uma tend\u00eancia europeia de madeira est\u00e1 mudando a decora\u00e7\u00e3o de quartos e deixando os ambientes mais elegantes e aconchegantes.","robots":{"index":"index","follow":"follow","max-snippet":"max-snippet:-1","max-image-preview":"max-image-preview:large","max-video-preview":"max-video-preview:-1"},"canonical":"https:\/\/www.em.com.br\/emfoco\/2026\/03\/11\/adeus-quarto-sem-graca-a-nova-tendencia-da-europa-que-esta-deixando-os-quartos-mais-elegantes\/","og_locale":"pt_BR","og_type":"article","og_title":"Adeus quarto sem gra\u00e7a, a nova tend\u00eancia da Europa que est\u00e1 deixando os quartos mais elegantes - Estado de Minas - Em foco","og_description":"Uma tend\u00eancia europeia de madeira est\u00e1 mudando a decora\u00e7\u00e3o de quartos e deixando os ambientes mais elegantes e aconchegantes.","og_url":"https:\/\/www.em.com.br\/emfoco\/2026\/03\/11\/adeus-quarto-sem-graca-a-nova-tendencia-da-europa-que-esta-deixando-os-quartos-mais-elegantes\/","og_site_name":"Estado de Minas - Em foco","article_published_time":"2026-03-11T20:55:28+00:00","article_modified_time":"2026-03-10T21:56:23+00:00","og_image":[{"width":1280,"height":720,"url":"https:\/\/www.em.com.br\/emfoco\/wp-content\/uploads\/2026\/03\/Gemini_Generated_Image_9ww4yj9ww4yj9ww4-1.png","type":"image\/png"}],"author":"Daniely Cardoso","twitter_card":"summary_large_image","twitter_misc":{"Escrito por":"Daniely Cardoso","Est. tempo de leitura":"5 minutos"},"schema":{"@context":"https:\/\/schema.org","@graph":[{"@type":"WebPage","@id":"https:\/\/www.em.com.br\/emfoco\/2026\/03\/11\/adeus-quarto-sem-graca-a-nova-tendencia-da-europa-que-esta-deixando-os-quartos-mais-elegantes\/","url":"https:\/\/www.em.com.br\/emfoco\/2026\/03\/11\/adeus-quarto-sem-graca-a-nova-tendencia-da-europa-que-esta-deixando-os-quartos-mais-elegantes\/","name":"Adeus quarto sem gra\u00e7a, a nova tend\u00eancia da Europa que est\u00e1 deixando os quartos mais elegantes - Estado de Minas - Em foco","isPartOf":{"@id":"https:\/\/www.em.com.br\/emfoco\/#website"},"primaryImageOfPage":{"@id":"https:\/\/www.em.com.br\/emfoco\/2026\/03\/11\/adeus-quarto-sem-graca-a-nova-tendencia-da-europa-que-esta-deixando-os-quartos-mais-elegantes\/#primaryimage"},"image":{"@id":"https:\/\/www.em.com.br\/emfoco\/2026\/03\/11\/adeus-quarto-sem-graca-a-nova-tendencia-da-europa-que-esta-deixando-os-quartos-mais-elegantes\/#primaryimage"},"thumbnailUrl":"https:\/\/www.em.com.br\/emfoco\/wp-content\/uploads\/2026\/03\/Gemini_Generated_Image_9ww4yj9ww4yj9ww4-1.png","datePublished":"2026-03-11T20:55:28+00:00","dateModified":"2026-03-10T21:56:23+00:00","author":{"@id":"https:\/\/www.em.com.br\/emfoco\/#\/schema\/person\/0a8186d72f2c3a5c6276d90b41f271a0"},"description":"Uma tend\u00eancia europeia de madeira est\u00e1 mudando a decora\u00e7\u00e3o de quartos e deixando os ambientes mais elegantes e aconchegantes.","breadcrumb":{"@id":"https:\/\/www.em.com.br\/emfoco\/2026\/03\/11\/adeus-quarto-sem-graca-a-nova-tendencia-da-europa-que-esta-deixando-os-quartos-mais-elegantes\/#breadcrumb"},"inLanguage":"pt-BR","potentialAction":[{"@type":"ReadAction","target":["https:\/\/www.em.com.br\/emfoco\/2026\/03\/11\/adeus-quarto-sem-graca-a-nova-tendencia-da-europa-que-esta-deixando-os-quartos-mais-elegantes\/"]}]},{"@type":"ImageObject","inLanguage":"pt-BR","@id":"https:\/\/www.em.com.br\/emfoco\/2026\/03\/11\/adeus-quarto-sem-graca-a-nova-tendencia-da-europa-que-esta-deixando-os-quartos-mais-elegantes\/#primaryimage","url":"https:\/\/www.em.com.br\/emfoco\/wp-content\/uploads\/2026\/03\/Gemini_Generated_Image_9ww4yj9ww4yj9ww4-1.png","contentUrl":"https:\/\/www.em.com.br\/emfoco\/wp-content\/uploads\/2026\/03\/Gemini_Generated_Image_9ww4yj9ww4yj9ww4-1.png","width":1280,"height":720,"caption":"Na pr\u00e1tica, o uso de quadros de madeira muda tanto a apar\u00eancia quanto a sensa\u00e7\u00e3o do quarto no dia a dia."},{"@type":"BreadcrumbList","@id":"https:\/\/www.em.com.br\/emfoco\/2026\/03\/11\/adeus-quarto-sem-graca-a-nova-tendencia-da-europa-que-esta-deixando-os-quartos-mais-elegantes\/#breadcrumb","itemListElement":[{"@type":"ListItem","position":1,"name":"In\u00edcio","item":"https:\/\/www.em.com.br\/emfoco\/"},{"@type":"ListItem","position":2,"name":"Adeus quarto sem gra\u00e7a, a nova tend\u00eancia da Europa que est\u00e1 deixando os quartos mais elegantes"}]},{"@type":"WebSite","@id":"https:\/\/www.em.com.br\/emfoco\/#website","url":"https:\/\/www.em.com.br\/emfoco\/","name":"Estado de Minas - Em foco","description":"Acompanhe as \u00faltimas not\u00edcias e fique bem informado sobre tudo o que acontece em Minas Gerais, Brasil e no mundo.","potentialAction":[{"@type":"SearchAction","target":{"@type":"EntryPoint","urlTemplate":"https:\/\/www.em.com.br\/emfoco\/?s={search_term_string}"},"query-input":{"@type":"PropertyValueSpecification","valueRequired":true,"valueName":"search_term_string"}}],"inLanguage":"pt-BR"},{"@type":"Person","@id":"https:\/\/www.em.com.br\/emfoco\/#\/schema\/person\/0a8186d72f2c3a5c6276d90b41f271a0","name":"Daniely Cardoso","image":{"@type":"ImageObject","inLanguage":"pt-BR","@id":"https:\/\/www.em.com.br\/emfoco\/#\/schema\/person\/image\/","url":"https:\/\/secure.gravatar.com\/avatar\/4b80ddbd124d1f071b626d52d62e5dff?s=96&d=mm&r=g","contentUrl":"https:\/\/secure.gravatar.com\/avatar\/4b80ddbd124d1f071b626d52d62e5dff?s=96&d=mm&r=g","caption":"Daniely Cardoso"},"url":"https:\/\/www.em.com.br\/emfoco\/author\/danielymyth\/"}]}},"_links":{"self":[{"href":"https:\/\/www.em.com.br\/emfoco\/wp-json\/wp\/v2\/posts\/179926","targetHints":{"allow":["GET"]}}],"collection":[{"href":"https:\/\/www.em.com.br\/emfoco\/wp-json\/wp\/v2\/posts"}],"about":[{"href":"https:\/\/www.em.com.br\/emfoco\/wp-json\/wp\/v2\/types\/post"}],"author":[{"embeddable":true,"href":"https:\/\/www.em.com.br\/emfoco\/wp-json\/wp\/v2\/users\/9"}],"replies":[{"embeddable":true,"href":"https:\/\/www.em.com.br\/emfoco\/wp-json\/wp\/v2\/comments?post=179926"}],"version-history":[{"count":3,"href":"https:\/\/www.em.com.br\/emfoco\/wp-json\/wp\/v2\/posts\/179926\/revisions"}],"predecessor-version":[{"id":179979,"href":"https:\/\/www.em.com.br\/emfoco\/wp-json\/wp\/v2\/posts\/179926\/revisions\/179979"}],"wp:featuredmedia":[{"embeddable":true,"href":"https:\/\/www.em.com.br\/emfoco\/wp-json\/wp\/v2\/media\/179960"}],"wp:attachment":[{"href":"https:\/\/www.em.com.br\/emfoco\/wp-json\/wp\/v2\/media?parent=179926"}],"wp:term":[{"taxonomy":"category","embeddable":true,"href":"https:\/\/www.em.com.br\/emfoco\/wp-json\/wp\/v2\/categories?post=179926"},{"taxonomy":"post_tag","embeddable":true,"href":"https:\/\/www.em.com.br\/emfoco\/wp-json\/wp\/v2\/tags?post=179926"}],"curies":[{"name":"wp","href":"https:\/\/api.w.org\/{rel}","templated":true}]}}