{"id":179921,"date":"2026-03-11T11:15:00","date_gmt":"2026-03-11T14:15:00","guid":{"rendered":"https:\/\/www.em.com.br\/emfoco\/?p=179921"},"modified":"2026-03-10T20:24:49","modified_gmt":"2026-03-10T23:24:49","slug":"pare-de-jogar-cascas-de-banana-no-lixo-e-veja-como-aproveita-las-no-dia-a-dia-da-casa","status":"publish","type":"post","link":"https:\/\/www.em.com.br\/emfoco\/2026\/03\/11\/pare-de-jogar-cascas-de-banana-no-lixo-e-veja-como-aproveita-las-no-dia-a-dia-da-casa\/","title":{"rendered":"Pare de jogar cascas de banana no lixo e veja como aproveit\u00e1-las no dia a dia da casa"},"content":{"rendered":"\n<p>Ao terminar de comer uma banana, a cena mais comum \u00e9 a mesma: a casca vai direto para o lixo. Mas esse res\u00edduo org\u00e2nico, que muita gente nem nota, pode virar um recurso dom\u00e9stico sustent\u00e1vel, ajudando na limpeza, no cuidado com as plantas e at\u00e9 na conserva\u00e7\u00e3o de alimentos, com solu\u00e7\u00f5es simples, baratas e f\u00e1ceis de aplicar no dia a dia.<\/p>\n\n\n\n<h2 class=\"wp-block-heading\">Por que a casca de banana \u00e9 t\u00e3o \u00fatil no dia a dia<\/h2>\n\n\n\n<p>A\u00a0<strong>casca de banana<\/strong>\u00a0\u00e9 rica em fibras, \u00f3leos naturais, a\u00e7\u00facares e minerais como <a href=\"https:\/\/www.em.com.br\/emfoco\/2026\/02\/26\/potassio-e-vitaminas-como-o-consumo-regular-de-nabo-auxilia-no-bom-funcionamento-dos-musculos\/\" target=\"_blank\" rel=\"noreferrer noopener\">pot\u00e1ssio <\/a>e magn\u00e9sio, o que explica sua versatilidade em tarefas dom\u00e9sticas. A textura levemente \u00e1spera ajuda a remover sujeiras finas, enquanto os compostos vegetais podem formar um filme que d\u00e1 brilho a algumas superf\u00edcies.<\/p>\n\n\n\n<p>Como a banana faz parte da rotina alimentar de muitas fam\u00edlias no Brasil, a casca est\u00e1 dispon\u00edvel quase todos os dias. Reaproveitar esse material reduz o volume de lixo org\u00e2nico enviado para aterros e diminui a necessidade de certos produtos de limpeza ou adubos industriais em pequenas quantidades.<\/p>\n\n\n\n<figure class=\"wp-block-image\"><img decoding=\"async\" src=\"https:\/\/www.em.com.br\/emfoco\/wp-content\/uploads\/2025\/09\/casca-de-banana-_1757536958740-1024x576.jpg\" alt=\"\"\/><figcaption class=\"wp-element-caption\">Uma mistura rica em nutrientes para seu jardim &#8211; casca de banana com vinagre<\/figcaption><\/figure>\n\n\n\n<h2 class=\"wp-block-heading\">Como usar a casca de banana para limpar e dar brilho<\/h2>\n\n\n\n<p>Um dos usos mais conhecidos da&nbsp;<strong>casca de banana na limpeza<\/strong>&nbsp;\u00e9 como polidor natural para couro liso e alguns metais simples. Ao esfregar suavemente a parte interna da casca, os \u00f3leos e amidos vegetais funcionam como um condicionante leve, ajudando a recuperar o aspecto de sapatos, cintos ou bolsas.<\/p>\n\n\n\n<p>Para aproveitar esse potencial de forma pr\u00e1tica e segura, alguns cuidados b\u00e1sicos fazem diferen\u00e7a no resultado e evitam danos em superf\u00edcies mais sens\u00edveis:<\/p>\n\n\n\n<ul class=\"wp-block-list\">\n<li>Escolher cascas de banana frescas, limpas e sem partes mofadas.<\/li>\n\n\n\n<li>Passar a face interna da casca sobre o objeto j\u00e1 limpo e seco.<\/li>\n\n\n\n<li>Fazer movimentos circulares e leves, sem excesso de for\u00e7a.<\/li>\n\n\n\n<li>Finalizar com pano macio e seco, retirando res\u00edduos e espalhando o brilho.<\/li>\n<\/ul>\n\n\n\n<h2 class=\"wp-block-heading\">Como acelerar a matura\u00e7\u00e3o de frutas com casca de banana<\/h2>\n\n\n\n<p>O uso da&nbsp;<strong>casca de banana para amadurecer frutas<\/strong>&nbsp;aproveita o etileno, g\u00e1s liberado naturalmente pela fruta e pela pr\u00f3pria casca. Mesmo depois de consumida, a casca continua emitindo pequenas quantidades dessa subst\u00e2ncia, que atua na regula\u00e7\u00e3o da matura\u00e7\u00e3o.<\/p>\n\n\n\n<p>Essa t\u00e9cnica costuma ser aplicada em abacates, mangas e outras frutas muito firmes, quando h\u00e1 necessidade de consumo r\u00e1pido. Em temperatura ambiente, muitas delas ficam mais macias em cerca de um dia ao permanecerem em um saco de papel com peda\u00e7os de casca de banana levemente fechado e mantido em local arejado.<\/p>\n\n\n\n<figure class=\"wp-block-image\"><img decoding=\"async\" src=\"https:\/\/www.em.com.br\/emfoco\/wp-content\/uploads\/2025\/05\/casca-de-banana_1747099685155-1024x576.jpg\" alt=\"\"\/><figcaption class=\"wp-element-caption\">A casca de banana que pode ajudar nas tarefas do dia a dia &#8211; Cr\u00e9ditos: depositphotos.com \/ ChiccoDodiFC<\/figcaption><\/figure>\n\n\n\n<h2 class=\"wp-block-heading\">Quais s\u00e3o os usos da casca de banana no jardim<\/h2>\n\n\n\n<p>No cuidado com plantas, a\u00a0<strong>casca de banana no jardim<\/strong>\u00a0\u00e9 uma alternativa caseira para<a href=\"https:\/\/mundoeducacao.uol.com.br\/geografia\/tecnicas-para-melhorar-solo.htm\" target=\"_blank\" rel=\"noreferrer noopener\"> enriquecer o solo<\/a>. Quando bem decomposta, ela melhora a estrutura do substrato, ajuda a reter umidade e contribui para ra\u00edzes mais saud\u00e1veis, especialmente em hortas e pequenos vasos.<\/p>\n\n\n\n<p>Al\u00e9m da compostagem, \u00e9 poss\u00edvel enterrar cascas picadas em vasos ou canteiros, sempre cobertas por terra para evitar odores e insetos. Algumas pessoas ainda preparam uma infus\u00e3o, deixando a casca de molho em \u00e1gua por algumas horas ou dias e usando o l\u00edquido com modera\u00e7\u00e3o na irriga\u00e7\u00e3o de plantas ornamentais ou hortali\u00e7as.<\/p>\n\n\n\n<h2 class=\"wp-block-heading\">Quais cuidados tomar ao reutilizar cascas de banana em casa<\/h2>\n\n\n\n<p>Apesar dos in\u00fameros usos, \u00e9 essencial manter cuidados de higiene ao reaproveitar&nbsp;<strong>cascas de banana em casa<\/strong>. Evite cascas velhas, mofadas ou com mau cheiro e, sempre que poss\u00edvel, prefira bananas de origem confi\u00e1vel, j\u00e1 que res\u00edduos de agrot\u00f3xicos tendem a se concentrar na casca.<\/p>\n\n\n\n<p>Antes de aplicar a casca em couro claro, metais delicados ou perto de plantas sens\u00edveis, teste em uma \u00e1rea pequena e discreta e use quantidades moderadas par<\/p>\n","protected":false},"excerpt":{"rendered":"<p>Ao terminar de comer uma banana, a cena mais comum \u00e9 a mesma: a casca vai direto para o lixo. Mas esse res\u00edduo org\u00e2nico, que muita gente nem nota, pode virar um recurso dom\u00e9stico sustent\u00e1vel, ajudando na limpeza, no cuidado com as plantas e at\u00e9 na conserva\u00e7\u00e3o de alimentos, com solu\u00e7\u00f5es simples, baratas e f\u00e1ceis [&hellip;]<\/p>\n","protected":false},"author":11,"featured_media":179940,"comment_status":"open","ping_status":"open","sticky":false,"template":"","format":"standard","meta":{"jnews-multi-image_gallery":[],"jnews_single_post":{"format":"standard"},"jnews_primary_category":[],"jnews_social_meta":[],"jnews_override_counter":[],"footnotes":""},"categories":[8819,1],"tags":[5800,3325,3337,3324],"class_list":["post-179921","post","type-post","status-publish","format-standard","has-post-thumbnail","hentry","category-curiosidades","category-noticias","tag-casca-de-banana","tag-jardim","tag-limpeza","tag-plantas"],"yoast_head":"<!-- This site is optimized with the Yoast SEO plugin v23.8 - https:\/\/yoast.com\/wordpress\/plugins\/seo\/ -->\n<title>Pare de jogar cascas de banana no lixo e veja como aproveit\u00e1-las no dia a dia da casa - Estado de Minas - Em foco<\/title>\n<meta name=\"description\" content=\"Casca de banana pode ser usada na limpeza, no jardim e at\u00e9 para amadurecer frutas. Veja ideias simples para reaproveitar.\" \/>\n<meta name=\"robots\" content=\"index, follow, max-snippet:-1, max-image-preview:large, max-video-preview:-1\" \/>\n<link rel=\"canonical\" href=\"https:\/\/www.em.com.br\/emfoco\/2026\/03\/11\/pare-de-jogar-cascas-de-banana-no-lixo-e-veja-como-aproveita-las-no-dia-a-dia-da-casa\/\" \/>\n<meta property=\"og:locale\" content=\"pt_BR\" \/>\n<meta property=\"og:type\" content=\"article\" \/>\n<meta property=\"og:title\" content=\"Pare de jogar cascas de banana no lixo e veja como aproveit\u00e1-las no dia a dia da casa - Estado de Minas - Em foco\" \/>\n<meta property=\"og:description\" content=\"Casca de banana pode ser usada na limpeza, no jardim e at\u00e9 para amadurecer frutas. Veja ideias simples para reaproveitar.\" \/>\n<meta property=\"og:url\" content=\"https:\/\/www.em.com.br\/emfoco\/2026\/03\/11\/pare-de-jogar-cascas-de-banana-no-lixo-e-veja-como-aproveita-las-no-dia-a-dia-da-casa\/\" \/>\n<meta property=\"og:site_name\" content=\"Estado de Minas - Em foco\" \/>\n<meta property=\"article:published_time\" content=\"2026-03-11T14:15:00+00:00\" \/>\n<meta property=\"article:modified_time\" content=\"2026-03-10T23:24:49+00:00\" \/>\n<meta property=\"og:image\" content=\"https:\/\/www.em.com.br\/emfoco\/wp-content\/uploads\/2026\/03\/ChatGPT-Image-10-de-mar.-de-2026-18_24_58-1.png\" \/>\n\t<meta property=\"og:image:width\" content=\"1280\" \/>\n\t<meta property=\"og:image:height\" content=\"720\" \/>\n\t<meta property=\"og:image:type\" content=\"image\/png\" \/>\n<meta name=\"author\" content=\"Andre\u0301 Rangel\u00a0\" \/>\n<meta name=\"twitter:card\" content=\"summary_large_image\" \/>\n<meta name=\"twitter:label1\" content=\"Escrito por\" \/>\n\t<meta name=\"twitter:data1\" content=\"Andre\u0301 Rangel\u00a0\" \/>\n\t<meta name=\"twitter:label2\" content=\"Est. tempo de leitura\" \/>\n\t<meta name=\"twitter:data2\" content=\"5 minutos\" \/>\n<!-- \/ Yoast SEO plugin. -->","yoast_head_json":{"title":"Pare de jogar cascas de banana no lixo e veja como aproveit\u00e1-las no dia a dia da casa - Estado de Minas - Em foco","description":"Casca de banana pode ser usada na limpeza, no jardim e at\u00e9 para amadurecer frutas. Veja ideias simples para reaproveitar.","robots":{"index":"index","follow":"follow","max-snippet":"max-snippet:-1","max-image-preview":"max-image-preview:large","max-video-preview":"max-video-preview:-1"},"canonical":"https:\/\/www.em.com.br\/emfoco\/2026\/03\/11\/pare-de-jogar-cascas-de-banana-no-lixo-e-veja-como-aproveita-las-no-dia-a-dia-da-casa\/","og_locale":"pt_BR","og_type":"article","og_title":"Pare de jogar cascas de banana no lixo e veja como aproveit\u00e1-las no dia a dia da casa - Estado de Minas - Em foco","og_description":"Casca de banana pode ser usada na limpeza, no jardim e at\u00e9 para amadurecer frutas. Veja ideias simples para reaproveitar.","og_url":"https:\/\/www.em.com.br\/emfoco\/2026\/03\/11\/pare-de-jogar-cascas-de-banana-no-lixo-e-veja-como-aproveita-las-no-dia-a-dia-da-casa\/","og_site_name":"Estado de Minas - Em foco","article_published_time":"2026-03-11T14:15:00+00:00","article_modified_time":"2026-03-10T23:24:49+00:00","og_image":[{"width":1280,"height":720,"url":"https:\/\/www.em.com.br\/emfoco\/wp-content\/uploads\/2026\/03\/ChatGPT-Image-10-de-mar.-de-2026-18_24_58-1.png","type":"image\/png"}],"author":"Andre\u0301 Rangel\u00a0","twitter_card":"summary_large_image","twitter_misc":{"Escrito por":"Andre\u0301 Rangel\u00a0","Est. tempo de leitura":"5 minutos"},"schema":{"@context":"https:\/\/schema.org","@graph":[{"@type":"WebPage","@id":"https:\/\/www.em.com.br\/emfoco\/2026\/03\/11\/pare-de-jogar-cascas-de-banana-no-lixo-e-veja-como-aproveita-las-no-dia-a-dia-da-casa\/","url":"https:\/\/www.em.com.br\/emfoco\/2026\/03\/11\/pare-de-jogar-cascas-de-banana-no-lixo-e-veja-como-aproveita-las-no-dia-a-dia-da-casa\/","name":"Pare de jogar cascas de banana no lixo e veja como aproveit\u00e1-las no dia a dia da casa - Estado de Minas - Em foco","isPartOf":{"@id":"https:\/\/www.em.com.br\/emfoco\/#website"},"primaryImageOfPage":{"@id":"https:\/\/www.em.com.br\/emfoco\/2026\/03\/11\/pare-de-jogar-cascas-de-banana-no-lixo-e-veja-como-aproveita-las-no-dia-a-dia-da-casa\/#primaryimage"},"image":{"@id":"https:\/\/www.em.com.br\/emfoco\/2026\/03\/11\/pare-de-jogar-cascas-de-banana-no-lixo-e-veja-como-aproveita-las-no-dia-a-dia-da-casa\/#primaryimage"},"thumbnailUrl":"https:\/\/www.em.com.br\/emfoco\/wp-content\/uploads\/2026\/03\/ChatGPT-Image-10-de-mar.-de-2026-18_24_58-1.png","datePublished":"2026-03-11T14:15:00+00:00","dateModified":"2026-03-10T23:24:49+00:00","author":{"@id":"https:\/\/www.em.com.br\/emfoco\/#\/schema\/person\/60eda09c1fedf0d6891f4cef4b60b8b8"},"description":"Casca de banana pode ser usada na limpeza, no jardim e at\u00e9 para amadurecer frutas. Veja ideias simples para reaproveitar.","breadcrumb":{"@id":"https:\/\/www.em.com.br\/emfoco\/2026\/03\/11\/pare-de-jogar-cascas-de-banana-no-lixo-e-veja-como-aproveita-las-no-dia-a-dia-da-casa\/#breadcrumb"},"inLanguage":"pt-BR","potentialAction":[{"@type":"ReadAction","target":["https:\/\/www.em.com.br\/emfoco\/2026\/03\/11\/pare-de-jogar-cascas-de-banana-no-lixo-e-veja-como-aproveita-las-no-dia-a-dia-da-casa\/"]}]},{"@type":"ImageObject","inLanguage":"pt-BR","@id":"https:\/\/www.em.com.br\/emfoco\/2026\/03\/11\/pare-de-jogar-cascas-de-banana-no-lixo-e-veja-como-aproveita-las-no-dia-a-dia-da-casa\/#primaryimage","url":"https:\/\/www.em.com.br\/emfoco\/wp-content\/uploads\/2026\/03\/ChatGPT-Image-10-de-mar.-de-2026-18_24_58-1.png","contentUrl":"https:\/\/www.em.com.br\/emfoco\/wp-content\/uploads\/2026\/03\/ChatGPT-Image-10-de-mar.-de-2026-18_24_58-1.png","width":1280,"height":720,"caption":"A casca de banana que pode ajudar nas tarefas do dia a dia"},{"@type":"BreadcrumbList","@id":"https:\/\/www.em.com.br\/emfoco\/2026\/03\/11\/pare-de-jogar-cascas-de-banana-no-lixo-e-veja-como-aproveita-las-no-dia-a-dia-da-casa\/#breadcrumb","itemListElement":[{"@type":"ListItem","position":1,"name":"In\u00edcio","item":"https:\/\/www.em.com.br\/emfoco\/"},{"@type":"ListItem","position":2,"name":"Pare de jogar cascas de banana no lixo e veja como aproveit\u00e1-las no dia a dia da casa"}]},{"@type":"WebSite","@id":"https:\/\/www.em.com.br\/emfoco\/#website","url":"https:\/\/www.em.com.br\/emfoco\/","name":"Estado de Minas - Em foco","description":"Acompanhe as \u00faltimas not\u00edcias e fique bem informado sobre tudo o que acontece em Minas Gerais, Brasil e no mundo.","potentialAction":[{"@type":"SearchAction","target":{"@type":"EntryPoint","urlTemplate":"https:\/\/www.em.com.br\/emfoco\/?s={search_term_string}"},"query-input":{"@type":"PropertyValueSpecification","valueRequired":true,"valueName":"search_term_string"}}],"inLanguage":"pt-BR"},{"@type":"Person","@id":"https:\/\/www.em.com.br\/emfoco\/#\/schema\/person\/60eda09c1fedf0d6891f4cef4b60b8b8","name":"Andre\u0301 Rangel\u00a0","image":{"@type":"ImageObject","inLanguage":"pt-BR","@id":"https:\/\/www.em.com.br\/emfoco\/#\/schema\/person\/image\/","url":"https:\/\/secure.gravatar.com\/avatar\/6234dc814c77c8ef6d8bba622c787efc?s=96&d=mm&r=g","contentUrl":"https:\/\/secure.gravatar.com\/avatar\/6234dc814c77c8ef6d8bba622c787efc?s=96&d=mm&r=g","caption":"Andre\u0301 Rangel\u00a0"},"url":"https:\/\/www.em.com.br\/emfoco\/author\/luizmyth\/"}]}},"_links":{"self":[{"href":"https:\/\/www.em.com.br\/emfoco\/wp-json\/wp\/v2\/posts\/179921","targetHints":{"allow":["GET"]}}],"collection":[{"href":"https:\/\/www.em.com.br\/emfoco\/wp-json\/wp\/v2\/posts"}],"about":[{"href":"https:\/\/www.em.com.br\/emfoco\/wp-json\/wp\/v2\/types\/post"}],"author":[{"embeddable":true,"href":"https:\/\/www.em.com.br\/emfoco\/wp-json\/wp\/v2\/users\/11"}],"replies":[{"embeddable":true,"href":"https:\/\/www.em.com.br\/emfoco\/wp-json\/wp\/v2\/comments?post=179921"}],"version-history":[{"count":3,"href":"https:\/\/www.em.com.br\/emfoco\/wp-json\/wp\/v2\/posts\/179921\/revisions"}],"predecessor-version":[{"id":179975,"href":"https:\/\/www.em.com.br\/emfoco\/wp-json\/wp\/v2\/posts\/179921\/revisions\/179975"}],"wp:featuredmedia":[{"embeddable":true,"href":"https:\/\/www.em.com.br\/emfoco\/wp-json\/wp\/v2\/media\/179940"}],"wp:attachment":[{"href":"https:\/\/www.em.com.br\/emfoco\/wp-json\/wp\/v2\/media?parent=179921"}],"wp:term":[{"taxonomy":"category","embeddable":true,"href":"https:\/\/www.em.com.br\/emfoco\/wp-json\/wp\/v2\/categories?post=179921"},{"taxonomy":"post_tag","embeddable":true,"href":"https:\/\/www.em.com.br\/emfoco\/wp-json\/wp\/v2\/tags?post=179921"}],"curies":[{"name":"wp","href":"https:\/\/api.w.org\/{rel}","templated":true}]}}