{"id":179909,"date":"2026-03-11T15:45:51","date_gmt":"2026-03-11T18:45:51","guid":{"rendered":"https:\/\/www.em.com.br\/emfoco\/?p=179909"},"modified":"2026-03-10T18:39:40","modified_gmt":"2026-03-10T21:39:40","slug":"o-vegetal-mediterraneo-que-ajuda-seu-figado-a-processar-gorduras-com-mais-facilidade","status":"publish","type":"post","link":"https:\/\/www.em.com.br\/emfoco\/2026\/03\/11\/o-vegetal-mediterraneo-que-ajuda-seu-figado-a-processar-gorduras-com-mais-facilidade\/","title":{"rendered":"O vegetal mediterr\u00e2neo que ajuda seu f\u00edgado a processar gorduras com mais facilidade"},"content":{"rendered":"\n<p>Voc\u00ea j\u00e1 sentiu aquela <strong>sensa\u00e7\u00e3o de peso<\/strong> depois de uma refei\u00e7\u00e3o mais gordurosa e ficou procurando algo mais natural para aliviar o desconforto? A <strong>alcachofra<\/strong> tem ganhado espa\u00e7o justamente nesse cen\u00e1rio, unindo cozinha e cuidado com a sa\u00fade de um jeito simples. Cada vez mais pessoas, al\u00e9m de profissionais da \u00e1rea, t\u00eam olhado para esse vegetal como um poss\u00edvel aliado do <strong>f\u00edgado<\/strong> e da digest\u00e3o no dia a dia.<\/p>\n\n\n\n<h2 class=\"wp-block-heading\">Alcachofra \u00e9 o que e por que se fala tanto em f\u00edgado<\/h2>\n\n\n\n<p>A <strong>alcachofra<\/strong> \u00e9 um vegetal de origem mediterr\u00e2nea, conhecido pelo sabor marcante e por seu poss\u00edvel apoio ao <strong>f\u00edgado<\/strong>. Normalmente, consumimos o cora\u00e7\u00e3o e a base das br\u00e1cteas, mas \u00e9 nas folhas que se concentram compostos como a <strong>cinarina<\/strong> e a luteolina, muito estudados pela ci\u00eancia.<\/p>\n\n\n\n<p>Essas subst\u00e2ncias amargas parecem estimular a <strong>produ\u00e7\u00e3o de bile<\/strong>, fluido fabricado pelo f\u00edgado e armazenado na ves\u00edcula biliar. Com a bile fluindo bem, o corpo lida melhor com <strong>gorduras<\/strong> dos alimentos e com a elimina\u00e7\u00e3o de res\u00edduos, o que pode ajudar o f\u00edgado a enfrentar toxinas e alguns medicamentos do dia a dia.<\/p>\n\n\n\n<figure class=\"wp-block-embed is-type-rich is-provider-pinterest wp-block-embed-pinterest\"><div class=\"wp-block-embed__wrapper\">\n<iframe loading=\"lazy\" title=\" \" src=\"https:\/\/assets.pinterest.com\/ext\/embed.html?id=34410384641930092&#038;src=oembed\" height=\"772\" width=\"450\" frameborder=\"0\" scrolling=\"no\" ><\/iframe>\n<\/div><\/figure>\n\n\n\n<p>Leia tamb\u00e9m:&nbsp;<a href=\"https:\/\/www.em.com.br\/emfoco\/2026\/03\/10\/nem-uva-nem-melao-a-fruta-de-poucas-calorias-que-virou-queridinha-das-dietas-saudaveis\/\" target=\"_blank\" rel=\"noopener\">Nem uva, nem mel\u00e3o, a fruta de poucas calorias que virou queridinha das dietas saud\u00e1veis<\/a><\/p>\n\n\n\n<h2 class=\"wp-block-heading\">Como a alcachofra ajuda na digest\u00e3o cotidiana<\/h2>\n\n\n\n<p>Muita gente associa a <strong>alcachofra<\/strong> \u00e0quela sensa\u00e7\u00e3o de leveza depois das refei\u00e7\u00f5es, principalmente quando h\u00e1 mais <strong>gordura<\/strong> no prato. Ao favorecer a bile, ela auxilia na quebra das gorduras e pode reduzir a impress\u00e3o de est\u00f4mago pesado e digest\u00e3o lenta em algumas pessoas sens\u00edveis.<\/p>\n\n\n\n<p>Al\u00e9m disso, a alcachofra traz boas <strong>fibras<\/strong>, que ajudam o intestino a funcionar de forma mais regular. Essas fibras nutrem bact\u00e9rias ben\u00e9ficas e contribuem para um ambiente intestinal mais <strong>equilibrado<\/strong>, o que muitas vezes se reflete em menos estufamento e mais conforto abdominal.<\/p>\n\n\n\n<figure class=\"wp-block-embed is-type-rich is-provider-pinterest wp-block-embed-pinterest\"><div class=\"wp-block-embed__wrapper\">\n<iframe loading=\"lazy\" title=\" \" src=\"https:\/\/assets.pinterest.com\/ext\/embed.html?id=19421842136330210&#038;src=oembed\" height=\"678\" width=\"450\" frameborder=\"0\" scrolling=\"no\" ><\/iframe>\n<\/div><\/figure>\n\n\n\n<h2 class=\"wp-block-heading\">Alcachofra faz bem mesmo para o f\u00edgado e para a digest\u00e3o<\/h2>\n\n\n\n<p>A fama da <strong>alcachofra<\/strong> n\u00e3o vem s\u00f3 de tradi\u00e7\u00f5es populares: h\u00e1 estudos avaliando o uso de extratos, c\u00e1psulas e ch\u00e1s em sintomas de m\u00e1 <strong>digest\u00e3o<\/strong>. Em alguns trabalhos, pessoas relatam melhora de n\u00e1useas leves, gases e desconforto ap\u00f3s refei\u00e7\u00f5es, embora os resultados mudem de acordo com dose e tempo de uso.<\/p>\n\n\n\n<p>Pesquisas tamb\u00e9m sugerem que extratos padronizados podem ajudar a reduzir ligeiras altera\u00e7\u00f5es em enzimas do <strong>f\u00edgado<\/strong> e influenciar o perfil de gorduras no sangue, como colesterol. Mesmo assim, ela atua mais como um <strong>complemento<\/strong> de h\u00e1bitos saud\u00e1veis, n\u00e3o como substituto de tratamentos prescritos pelo m\u00e9dico.<\/p>\n\n\n\n<h2 class=\"wp-block-heading\">Quais s\u00e3o as principais formas de consumo e cuidados necess\u00e1rios<\/h2>\n\n\n\n<p>No dia a dia, a forma mais simples de usar a <strong>alcachofra<\/strong> \u00e9 na cozinha: cozida no vapor, assada, refogada ou em conservas, combinando com massas, risotos e saladas. Assim, al\u00e9m dos compostos ativos, voc\u00ea aproveita mais <strong>fibras<\/strong>, vitaminas e minerais que enriquecem as refei\u00e7\u00f5es de forma pr\u00e1tica.<\/p>\n\n\n\n<p>Para quem deseja algo mais concentrado, existem extratos em c\u00e1psulas, ch\u00e1s de folhas e solu\u00e7\u00f5es l\u00edquidas que re\u00fanem alcachofra e outras plantas digestivas. Nesses casos, \u00e9 importante contar com orienta\u00e7\u00e3o de um profissional de <strong>sa\u00fade<\/strong>, especialmente se voc\u00ea usa rem\u00e9dios cont\u00ednuos ou j\u00e1 tem alguma condi\u00e7\u00e3o no <strong>f\u00edgado<\/strong>.<\/p>\n\n\n\n<p>Para voc\u00ea que gosta de aprofundar, separamos um v\u00eddeo do canal da <a href=\"https:\/\/www.youtube.com\/@VeronicaLaino\" target=\"_blank\" rel=\"noreferrer noopener\">Veronica Laino<\/a> com dicas para escolher e incluir a alcachofra no seu dia a dia:<\/p>\n\n\n\n<figure class=\"wp-block-embed is-type-video is-provider-youtube wp-block-embed-youtube wp-embed-aspect-16-9 wp-has-aspect-ratio\"><div class=\"wp-block-embed__wrapper\">\n<div class=\"jeg_video_container jeg_video_content\"><iframe loading=\"lazy\" title=\"Alcachofra: como comprar, cozinhar e comer | Receita pr\u00e1tica, r\u00e1pida e Low Carb\" width=\"500\" height=\"281\" src=\"https:\/\/www.youtube.com\/embed\/nIAJxTNPdqY?feature=oembed\" frameborder=\"0\" allow=\"accelerometer; autoplay; clipboard-write; encrypted-media; gyroscope; picture-in-picture; web-share\" referrerpolicy=\"strict-origin-when-cross-origin\" allowfullscreen><\/iframe><\/div>\n<\/div><\/figure>\n\n\n\n<h2 class=\"wp-block-heading\">Quando usar alcachofra exige aten\u00e7\u00e3o especial<\/h2>\n\n\n\n<p>Embora a <strong>alcachofra<\/strong> seja amplamente consumida, algumas situa\u00e7\u00f5es pedem mais cuidado e acompanhamento. Em certos quadros, o uso de extratos concentrados pode n\u00e3o ser indicado ou precisar de ajustes personalizados para evitar <strong>desconfortos<\/strong> ou intera\u00e7\u00f5es indesejadas.<\/p>\n\n\n\n<ul class=\"wp-block-list\">\n<li><strong>Pessoas<\/strong> com obstru\u00e7\u00e3o de vias biliares ou c\u00e1lculos grandes na ves\u00edcula devem conversar com o m\u00e9dico antes de usar extratos;<\/li>\n\n\n\n<li><strong>Gestantes<\/strong>, lactantes e crian\u00e7as precisam de avalia\u00e7\u00e3o individual para qualquer forma concentrada do vegetal;<\/li>\n\n\n\n<li>Quem usa <strong>medicamentos<\/strong> cont\u00ednuos deve avisar o profissional de sa\u00fade sobre suplementos com alcachofra;<\/li>\n\n\n\n<li>O consumo exagerado em forma de extrato pode causar <strong>desconforto<\/strong> gastrointestinal em pessoas mais sens\u00edveis.<\/li>\n<\/ul>\n\n\n\n<h2 class=\"wp-block-heading\">Como incluir alcachofra em um estilo de vida mais leve<\/h2>\n\n\n\n<p>Em um mundo de alimenta\u00e7\u00e3o pesada, correria, \u00e1lcool e <strong>poluentes<\/strong>, \u00e9 natural buscar aliados que ajudem o f\u00edgado e a digest\u00e3o. A <strong>alcachofra<\/strong> pode entrar como um desses apoios, somando for\u00e7as com escolhas mais equilibradas e pequenas mudan\u00e7as de rotina.<\/p>\n\n\n\n<p>Quando combinada com boa <strong>alimenta\u00e7\u00e3o<\/strong>, hidrata\u00e7\u00e3o adequada, sono de qualidade e movimento regular, a alcachofra pode contribuir para um organismo mais est\u00e1vel. Usada com informa\u00e7\u00e3o, modera\u00e7\u00e3o e, quando necess\u00e1rio, orienta\u00e7\u00e3o profissional, ela transita com naturalidade entre a <strong>cozinha<\/strong> e o cuidado com a sa\u00fade.<\/p>\n","protected":false},"excerpt":{"rendered":"<p>Voc\u00ea j\u00e1 sentiu aquela sensa\u00e7\u00e3o de peso depois de uma refei\u00e7\u00e3o mais gordurosa e ficou procurando algo mais natural para aliviar o desconforto? A alcachofra tem ganhado espa\u00e7o justamente nesse cen\u00e1rio, unindo cozinha e cuidado com a sa\u00fade de um jeito simples. Cada vez mais pessoas, al\u00e9m de profissionais da \u00e1rea, t\u00eam olhado para esse [&hellip;]<\/p>\n","protected":false},"author":9,"featured_media":179954,"comment_status":"open","ping_status":"open","sticky":false,"template":"","format":"standard","meta":{"jnews-multi-image_gallery":[],"jnews_single_post":{"format":"standard"},"jnews_primary_category":[],"jnews_social_meta":[],"jnews_override_counter":[],"footnotes":""},"categories":[8691,1],"tags":[8718,4205,9257],"class_list":["post-179909","post","type-post","status-publish","format-standard","has-post-thumbnail","hentry","category-bem-estar","category-noticias","tag-alcachofra","tag-digestao","tag-figado"],"yoast_head":"<!-- This site is optimized with the Yoast SEO plugin v23.8 - https:\/\/yoast.com\/wordpress\/plugins\/seo\/ -->\n<title>O vegetal mediterr\u00e2neo que ajuda seu f\u00edgado a processar gorduras com mais facilidade - Estado de Minas - Em foco<\/title>\n<meta name=\"description\" content=\"Descubra como a alcachofra auxilia o f\u00edgado na quebra de gorduras e promove uma digest\u00e3o muito mais leve\" \/>\n<meta name=\"robots\" content=\"index, follow, max-snippet:-1, max-image-preview:large, max-video-preview:-1\" \/>\n<link rel=\"canonical\" href=\"https:\/\/www.em.com.br\/emfoco\/2026\/03\/11\/o-vegetal-mediterraneo-que-ajuda-seu-figado-a-processar-gorduras-com-mais-facilidade\/\" \/>\n<meta property=\"og:locale\" content=\"pt_BR\" \/>\n<meta property=\"og:type\" content=\"article\" \/>\n<meta property=\"og:title\" content=\"O vegetal mediterr\u00e2neo que ajuda seu f\u00edgado a processar gorduras com mais facilidade - Estado de Minas - Em foco\" \/>\n<meta property=\"og:description\" content=\"Descubra como a alcachofra auxilia o f\u00edgado na quebra de gorduras e promove uma digest\u00e3o muito mais leve\" \/>\n<meta property=\"og:url\" content=\"https:\/\/www.em.com.br\/emfoco\/2026\/03\/11\/o-vegetal-mediterraneo-que-ajuda-seu-figado-a-processar-gorduras-com-mais-facilidade\/\" \/>\n<meta property=\"og:site_name\" content=\"Estado de Minas - Em foco\" \/>\n<meta property=\"article:published_time\" content=\"2026-03-11T18:45:51+00:00\" \/>\n<meta property=\"article:modified_time\" content=\"2026-03-10T21:39:40+00:00\" \/>\n<meta property=\"og:image\" content=\"https:\/\/www.em.com.br\/emfoco\/wp-content\/uploads\/2026\/03\/Gemini_Generated_Image_h02rwrh02rwrh02r-1.png\" \/>\n\t<meta property=\"og:image:width\" content=\"1280\" \/>\n\t<meta property=\"og:image:height\" content=\"720\" \/>\n\t<meta property=\"og:image:type\" content=\"image\/png\" \/>\n<meta name=\"author\" content=\"Daniely Cardoso\" \/>\n<meta name=\"twitter:card\" content=\"summary_large_image\" \/>\n<meta name=\"twitter:label1\" content=\"Escrito por\" \/>\n\t<meta name=\"twitter:data1\" content=\"Daniely Cardoso\" \/>\n\t<meta name=\"twitter:label2\" content=\"Est. tempo de leitura\" \/>\n\t<meta name=\"twitter:data2\" content=\"5 minutos\" \/>\n<!-- \/ Yoast SEO plugin. -->","yoast_head_json":{"title":"O vegetal mediterr\u00e2neo que ajuda seu f\u00edgado a processar gorduras com mais facilidade - Estado de Minas - Em foco","description":"Descubra como a alcachofra auxilia o f\u00edgado na quebra de gorduras e promove uma digest\u00e3o muito mais leve","robots":{"index":"index","follow":"follow","max-snippet":"max-snippet:-1","max-image-preview":"max-image-preview:large","max-video-preview":"max-video-preview:-1"},"canonical":"https:\/\/www.em.com.br\/emfoco\/2026\/03\/11\/o-vegetal-mediterraneo-que-ajuda-seu-figado-a-processar-gorduras-com-mais-facilidade\/","og_locale":"pt_BR","og_type":"article","og_title":"O vegetal mediterr\u00e2neo que ajuda seu f\u00edgado a processar gorduras com mais facilidade - Estado de Minas - Em foco","og_description":"Descubra como a alcachofra auxilia o f\u00edgado na quebra de gorduras e promove uma digest\u00e3o muito mais leve","og_url":"https:\/\/www.em.com.br\/emfoco\/2026\/03\/11\/o-vegetal-mediterraneo-que-ajuda-seu-figado-a-processar-gorduras-com-mais-facilidade\/","og_site_name":"Estado de Minas - Em foco","article_published_time":"2026-03-11T18:45:51+00:00","article_modified_time":"2026-03-10T21:39:40+00:00","og_image":[{"width":1280,"height":720,"url":"https:\/\/www.em.com.br\/emfoco\/wp-content\/uploads\/2026\/03\/Gemini_Generated_Image_h02rwrh02rwrh02r-1.png","type":"image\/png"}],"author":"Daniely Cardoso","twitter_card":"summary_large_image","twitter_misc":{"Escrito por":"Daniely Cardoso","Est. tempo de leitura":"5 minutos"},"schema":{"@context":"https:\/\/schema.org","@graph":[{"@type":"WebPage","@id":"https:\/\/www.em.com.br\/emfoco\/2026\/03\/11\/o-vegetal-mediterraneo-que-ajuda-seu-figado-a-processar-gorduras-com-mais-facilidade\/","url":"https:\/\/www.em.com.br\/emfoco\/2026\/03\/11\/o-vegetal-mediterraneo-que-ajuda-seu-figado-a-processar-gorduras-com-mais-facilidade\/","name":"O vegetal mediterr\u00e2neo que ajuda seu f\u00edgado a processar gorduras com mais facilidade - Estado de Minas - Em foco","isPartOf":{"@id":"https:\/\/www.em.com.br\/emfoco\/#website"},"primaryImageOfPage":{"@id":"https:\/\/www.em.com.br\/emfoco\/2026\/03\/11\/o-vegetal-mediterraneo-que-ajuda-seu-figado-a-processar-gorduras-com-mais-facilidade\/#primaryimage"},"image":{"@id":"https:\/\/www.em.com.br\/emfoco\/2026\/03\/11\/o-vegetal-mediterraneo-que-ajuda-seu-figado-a-processar-gorduras-com-mais-facilidade\/#primaryimage"},"thumbnailUrl":"https:\/\/www.em.com.br\/emfoco\/wp-content\/uploads\/2026\/03\/Gemini_Generated_Image_h02rwrh02rwrh02r-1.png","datePublished":"2026-03-11T18:45:51+00:00","dateModified":"2026-03-10T21:39:40+00:00","author":{"@id":"https:\/\/www.em.com.br\/emfoco\/#\/schema\/person\/0a8186d72f2c3a5c6276d90b41f271a0"},"description":"Descubra como a alcachofra auxilia o f\u00edgado na quebra de gorduras e promove uma digest\u00e3o muito mais leve","breadcrumb":{"@id":"https:\/\/www.em.com.br\/emfoco\/2026\/03\/11\/o-vegetal-mediterraneo-que-ajuda-seu-figado-a-processar-gorduras-com-mais-facilidade\/#breadcrumb"},"inLanguage":"pt-BR","potentialAction":[{"@type":"ReadAction","target":["https:\/\/www.em.com.br\/emfoco\/2026\/03\/11\/o-vegetal-mediterraneo-que-ajuda-seu-figado-a-processar-gorduras-com-mais-facilidade\/"]}]},{"@type":"ImageObject","inLanguage":"pt-BR","@id":"https:\/\/www.em.com.br\/emfoco\/2026\/03\/11\/o-vegetal-mediterraneo-que-ajuda-seu-figado-a-processar-gorduras-com-mais-facilidade\/#primaryimage","url":"https:\/\/www.em.com.br\/emfoco\/wp-content\/uploads\/2026\/03\/Gemini_Generated_Image_h02rwrh02rwrh02r-1.png","contentUrl":"https:\/\/www.em.com.br\/emfoco\/wp-content\/uploads\/2026\/03\/Gemini_Generated_Image_h02rwrh02rwrh02r-1.png","width":1280,"height":720,"caption":"A cinarina atua principalmente no f\u00edgado, \u00f3rg\u00e3o que funciona como uma esp\u00e9cie de \u201cf\u00e1brica qu\u00edmica\u201d do corpo"},{"@type":"BreadcrumbList","@id":"https:\/\/www.em.com.br\/emfoco\/2026\/03\/11\/o-vegetal-mediterraneo-que-ajuda-seu-figado-a-processar-gorduras-com-mais-facilidade\/#breadcrumb","itemListElement":[{"@type":"ListItem","position":1,"name":"In\u00edcio","item":"https:\/\/www.em.com.br\/emfoco\/"},{"@type":"ListItem","position":2,"name":"O vegetal mediterr\u00e2neo que ajuda seu f\u00edgado a processar gorduras com mais facilidade"}]},{"@type":"WebSite","@id":"https:\/\/www.em.com.br\/emfoco\/#website","url":"https:\/\/www.em.com.br\/emfoco\/","name":"Estado de Minas - Em foco","description":"Acompanhe as \u00faltimas not\u00edcias e fique bem informado sobre tudo o que acontece em Minas Gerais, Brasil e no mundo.","potentialAction":[{"@type":"SearchAction","target":{"@type":"EntryPoint","urlTemplate":"https:\/\/www.em.com.br\/emfoco\/?s={search_term_string}"},"query-input":{"@type":"PropertyValueSpecification","valueRequired":true,"valueName":"search_term_string"}}],"inLanguage":"pt-BR"},{"@type":"Person","@id":"https:\/\/www.em.com.br\/emfoco\/#\/schema\/person\/0a8186d72f2c3a5c6276d90b41f271a0","name":"Daniely Cardoso","image":{"@type":"ImageObject","inLanguage":"pt-BR","@id":"https:\/\/www.em.com.br\/emfoco\/#\/schema\/person\/image\/","url":"https:\/\/secure.gravatar.com\/avatar\/4b80ddbd124d1f071b626d52d62e5dff?s=96&d=mm&r=g","contentUrl":"https:\/\/secure.gravatar.com\/avatar\/4b80ddbd124d1f071b626d52d62e5dff?s=96&d=mm&r=g","caption":"Daniely Cardoso"},"url":"https:\/\/www.em.com.br\/emfoco\/author\/danielymyth\/"}]}},"_links":{"self":[{"href":"https:\/\/www.em.com.br\/emfoco\/wp-json\/wp\/v2\/posts\/179909","targetHints":{"allow":["GET"]}}],"collection":[{"href":"https:\/\/www.em.com.br\/emfoco\/wp-json\/wp\/v2\/posts"}],"about":[{"href":"https:\/\/www.em.com.br\/emfoco\/wp-json\/wp\/v2\/types\/post"}],"author":[{"embeddable":true,"href":"https:\/\/www.em.com.br\/emfoco\/wp-json\/wp\/v2\/users\/9"}],"replies":[{"embeddable":true,"href":"https:\/\/www.em.com.br\/emfoco\/wp-json\/wp\/v2\/comments?post=179909"}],"version-history":[{"count":2,"href":"https:\/\/www.em.com.br\/emfoco\/wp-json\/wp\/v2\/posts\/179909\/revisions"}],"predecessor-version":[{"id":179955,"href":"https:\/\/www.em.com.br\/emfoco\/wp-json\/wp\/v2\/posts\/179909\/revisions\/179955"}],"wp:featuredmedia":[{"embeddable":true,"href":"https:\/\/www.em.com.br\/emfoco\/wp-json\/wp\/v2\/media\/179954"}],"wp:attachment":[{"href":"https:\/\/www.em.com.br\/emfoco\/wp-json\/wp\/v2\/media?parent=179909"}],"wp:term":[{"taxonomy":"category","embeddable":true,"href":"https:\/\/www.em.com.br\/emfoco\/wp-json\/wp\/v2\/categories?post=179909"},{"taxonomy":"post_tag","embeddable":true,"href":"https:\/\/www.em.com.br\/emfoco\/wp-json\/wp\/v2\/tags?post=179909"}],"curies":[{"name":"wp","href":"https:\/\/api.w.org\/{rel}","templated":true}]}}