{"id":179908,"date":"2026-03-11T15:25:46","date_gmt":"2026-03-11T18:25:46","guid":{"rendered":"https:\/\/www.em.com.br\/emfoco\/?p=179908"},"modified":"2026-03-10T18:50:38","modified_gmt":"2026-03-10T21:50:38","slug":"adeus-pele-brilhante-a-tecnica-que-faz-a-maquiagem-durar-o-dia-todo-sem-borrar","status":"publish","type":"post","link":"https:\/\/www.em.com.br\/emfoco\/2026\/03\/11\/adeus-pele-brilhante-a-tecnica-que-faz-a-maquiagem-durar-o-dia-todo-sem-borrar\/","title":{"rendered":"Adeus pele brilhante: a t\u00e9cnica que faz a maquiagem durar o dia todo sem borrar"},"content":{"rendered":"\n<p>Voc\u00ea j\u00e1 saiu de casa com a pele linda e sequinha, mas poucas horas depois o rosto estava brilhando, principalmente na zona T? Quem usa maquiagem no dia a dia conhece bem essa situa\u00e7\u00e3o e acaba recorrendo ao <strong>p\u00f3 facial<\/strong> para segurar a oleosidade e aumentar a <strong>durabilidade<\/strong> do make, especialmente em dias quentes e \u00famidos.<\/p>\n\n\n\n<h2 class=\"wp-block-heading\">Como o p\u00f3 transl\u00facido solto \u00e9 usado em t\u00e9cnicas de longa dura\u00e7\u00e3o<\/h2>\n\n\n\n<p>Esse tipo de p\u00f3 tamb\u00e9m entra em cena em t\u00e9cnicas como o famoso <strong>baking<\/strong>, em que uma camada mais generosa fica alguns minutos em pontos estrat\u00e9gicos do rosto. Depois, o excesso \u00e9 removido com um pincel fofo, deixando o acabamento mais <strong>polido<\/strong> e resistente, sobretudo abaixo dos olhos.<\/p>\n\n\n\n<p>Em maquiagens de festa, fotos ou eventos longos, o p\u00f3 transl\u00facido solto ajuda a evitar que o corretivo craquele e que a base escorra. Quando bem aplicado, cria aquela sensa\u00e7\u00e3o de pele mais <strong>selada<\/strong> e sequinha, sem necessariamente aumentar a cobertura ou deixar o make pesado.<\/p>\n\n\n<div class=\"wp-block-image\">\n<figure class=\"aligncenter size-large\"><img loading=\"lazy\" decoding=\"async\" width=\"1024\" height=\"576\" src=\"https:\/\/www.em.com.br\/emfoco\/wp-content\/uploads\/2025\/02\/maquiagem_1739379809780-1024x576.jpg\" alt=\"O que acontece com sua pele se voc\u00ea n\u00e3o remover a maquiagem?\" class=\"wp-image-19152\" srcset=\"https:\/\/www.em.com.br\/emfoco\/wp-content\/uploads\/2025\/02\/maquiagem_1739379809780-1024x576.jpg 1024w, https:\/\/www.em.com.br\/emfoco\/wp-content\/uploads\/2025\/02\/maquiagem_1739379809780-300x169.jpg 300w, https:\/\/www.em.com.br\/emfoco\/wp-content\/uploads\/2025\/02\/maquiagem_1739379809780-768x432.jpg 768w, https:\/\/www.em.com.br\/emfoco\/wp-content\/uploads\/2025\/02\/maquiagem_1739379809780-750x422.jpg 750w, https:\/\/www.em.com.br\/emfoco\/wp-content\/uploads\/2025\/02\/maquiagem_1739379809780-1140x641.jpg 1140w, https:\/\/www.em.com.br\/emfoco\/wp-content\/uploads\/2025\/02\/maquiagem_1739379809780.jpg 1280w\" sizes=\"auto, (max-width: 1024px) 100vw, 1024px\" \/><figcaption class=\"wp-element-caption\">Em maquiagens de festa, fotos ou eventos longos, o p\u00f3 transl\u00facido solto ajuda a evitar que o corretivo craquele e que a base escorra &#8211; Cr\u00e9ditos: depositphotos.com \/ AllaSerebrina<\/figcaption><\/figure><\/div>\n\n\n<h2 class=\"wp-block-heading\">Por que o p\u00f3 compacto ainda \u00e9 t\u00e3o \u00fatil no dia a dia<\/h2>\n\n\n\n<p>O <strong>p\u00f3 compacto<\/strong> continua sendo presente em muitos n\u00e9cessaires pela praticidade: ele vem prensado, geralmente com <strong>espelho<\/strong> e esponjinha, o que facilita muito os retoques fora de casa. Al\u00e9m disso, costuma ter mais pigmenta\u00e7\u00e3o, podendo refor\u00e7ar a cobertura da base ou at\u00e9 substitu\u00ed-la em maquiagens mais leves.<\/p>\n\n\n\n<p>No cotidiano, o compacto funciona como um verdadeiro \u201ckit de emerg\u00eancia\u201d contra o brilho que aparece com o passar das horas. Em ambientes de <strong>trabalho<\/strong>, festas ou deslocamentos longos, alguns toques suaves j\u00e1 ajudam a recuperar o aspecto de pele matificada, sem precisar refazer toda a <strong>maquiagem<\/strong>.<\/p>\n\n\n\n<figure class=\"wp-block-embed is-type-rich is-provider-pinterest wp-block-embed-pinterest\"><div class=\"wp-block-embed__wrapper\">\n<iframe loading=\"lazy\" title=\"As maiores diferen\u00e7as entre os dois tipos de produto s\u00e3o a entrega de textura e cobertura. Diferentemente do p\u00f3 solto, o p\u00f3 compacto \u00e9 prensado, o que faz com que o item tenha mais carga de pigmento e seja mais grosso. O p\u00f3 compacto pode ser um grande aliado para quem deseja uma pele pesada.  @giugomez1  #vidasaudavel #qualidadedevida #emagrecercomsaude #nutri #alimentacaosaudavel #emagrecer #emagrecimento #dieta #reeduca\u00e7\u00e3oalimentar #receitassaudaveis #cuidadoscomapele #pelesaud\u00e1vel\" src=\"https:\/\/assets.pinterest.com\/ext\/embed.html?id=657807089362091580&#038;src=oembed\" height=\"899\" width=\"450\" frameborder=\"0\" scrolling=\"no\" ><\/iframe>\n<\/div><\/figure>\n\n\n\n<p>Leia tamb\u00e9m:&nbsp;<a href=\"https:\/\/www.em.com.br\/emfoco\/2026\/03\/08\/o-truque-de-maquiagem-que-levanta-o-olhar-cansado-e-valoriza-as-palpebras-apos-os-55-anos\/\" target=\"_blank\" rel=\"noopener\">O truque de maquiagem que levanta o olhar cansado e valoriza as p\u00e1lpebras ap\u00f3s os 55 anos<\/a><\/p>\n\n\n\n<h2 class=\"wp-block-heading\">Como aplicar o p\u00f3 compacto para diferentes tipos de pele<\/h2>\n\n\n\n<p>Para peles mais <strong>oleosas<\/strong>, o p\u00f3 compacto costuma funcionar melhor quando aplicado com leves batidinhas, usando esponja ou puff, em vez de arrastar o produto. Essa press\u00e3o ajuda a absorver a <strong>oleosidade<\/strong> e preserva melhor o que est\u00e1 por baixo, como base, corretivo e blush.<\/p>\n\n\n\n<p>J\u00e1 em peles mistas ou mais <strong>secas<\/strong>, muitas pessoas preferem usar um pincel fofo, que deposita menos quantidade e evita o efeito pesado. Assim, o p\u00f3 entra s\u00f3 para tirar o brilho excessivo e dar um acabamento mais <strong>natural<\/strong>, sem roubar o vi\u00e7o da pele.<\/p>\n\n\n\n<figure class=\"wp-block-embed is-type-rich is-provider-pinterest wp-block-embed-pinterest\"><div class=\"wp-block-embed__wrapper\">\n<iframe loading=\"lazy\" title=\"Base De Maquiagem Em P\u00f3 Compacto Dailus P\u00f3 Compacto Ultrafino P\u00f3 Compacto Ultrafino Tom D3 Claro - 10g\" src=\"https:\/\/assets.pinterest.com\/ext\/embed.html?id=939211697297699547&#038;src=oembed\" height=\"899\" width=\"450\" frameborder=\"0\" scrolling=\"no\" ><\/iframe>\n<\/div><\/figure>\n\n\n\n<h2 class=\"wp-block-heading\">Como escolher entre p\u00f3 compacto e p\u00f3 transl\u00facido solto<\/h2>\n\n\n\n<p>A escolha entre <strong>p\u00f3 compacto<\/strong> e p\u00f3 transl\u00facido solto depende do seu tipo de pele, da rotina e do efeito que voc\u00ea deseja. Em geral, o p\u00f3 solto \u00e9 mais usado no come\u00e7o da maquiagem, para <strong>selar<\/strong> a base de forma uniforme, enquanto o compacto costuma ficar reservado para os retoques ao longo do dia.<\/p>\n\n\n\n<p>Quem tem pele muito <strong>oleosa<\/strong> muitas vezes se beneficia da combina\u00e7\u00e3o dos dois formatos, usando o p\u00f3 solto para criar uma base bem selada e o compacto para refor\u00e7ar em \u00e1reas espec\u00edficas. J\u00e1 peles normais a secas costumam preferir menos <strong>camadas<\/strong> de produto, focando em um aspecto mais leve e confort\u00e1vel.<\/p>\n\n\n\n<p>Para voc\u00ea que gosta de se maquiar, separamos um v\u00eddeo do canal <a href=\"https:\/\/www.youtube.com\/@Simonesaoficial\" target=\"_blank\" rel=\"noreferrer noopener\">Simone S\u00e1 Oficial<\/a> com dicas de p\u00f3s compacto:<\/p>\n\n\n\n<figure class=\"wp-block-embed is-type-video is-provider-youtube wp-block-embed-youtube wp-embed-aspect-16-9 wp-has-aspect-ratio\"><div class=\"wp-block-embed__wrapper\">\n<div class=\"jeg_video_container jeg_video_content\"><iframe loading=\"lazy\" title=\"O que \u00e9 melhor pra pele madura p\u00f3 solto ou p\u00f3 compacto?\" width=\"500\" height=\"281\" src=\"https:\/\/www.youtube.com\/embed\/S262sfNIxGk?feature=oembed\" frameborder=\"0\" allow=\"accelerometer; autoplay; clipboard-write; encrypted-media; gyroscope; picture-in-picture; web-share\" referrerpolicy=\"strict-origin-when-cross-origin\" allowfullscreen><\/iframe><\/div>\n<\/div><\/figure>\n\n\n\n<h2 class=\"wp-block-heading\">Como adaptar o uso do p\u00f3 facial para cada tipo de pele<\/h2>\n\n\n\n<p>Para facilitar na pr\u00e1tica, vale pensar na forma de usar o p\u00f3 de acordo com as necessidades reais da sua pele. Assim, voc\u00ea evita exageros, diminui o risco de craquelar e consegue um <strong>acabamento<\/strong> mais bonito, mantendo a maquiagem mais <strong>harmoniosa<\/strong> ao longo do dia.<\/p>\n\n\n\n<ul class=\"wp-block-list\">\n<li><strong>Pele oleosa:<\/strong> foco em controle de brilho e maior dura\u00e7\u00e3o, usando p\u00f3 em pontos estrat\u00e9gicos.<\/li>\n\n\n\n<li><strong>Pele mista:<\/strong> aten\u00e7\u00e3o especial \u00e0 zona T e modera\u00e7\u00e3o nas laterais do rosto.<\/li>\n\n\n\n<li><strong>Pele seca:<\/strong> camadas bem finas, apenas onde \u00e9 necess\u00e1rio fixar base ou corretivo.<\/li>\n<\/ul>\n\n\n\n<figure class=\"wp-block-embed is-type-rich is-provider-pinterest wp-block-embed-pinterest\"><div class=\"wp-block-embed__wrapper\">\n<iframe loading=\"lazy\" title=\"Diferen\u00e7a entre p\u00f3 transl\u00facido, p\u00f3 com cor e p\u00f3 compacto\" src=\"https:\/\/assets.pinterest.com\/ext\/embed.html?id=507851295500467248&#038;src=oembed\" height=\"899\" width=\"450\" frameborder=\"0\" scrolling=\"no\" ><\/iframe>\n<\/div><\/figure>\n\n\n\n<h2 class=\"wp-block-heading\">Quando usar cada tipo de p\u00f3 facial na maquiagem<\/h2>\n\n\n\n<p>No dia a dia, muitas pessoas preferem usar o <strong>p\u00f3 solto<\/strong> em casa, com calma, logo ap\u00f3s aplicar base e corretivo. Ele \u00e9 espalhado com pincel grande ou esponja, deixa agir alguns instantes e depois o excesso \u00e9 removido, garantindo um aspecto mais <strong>uniforme<\/strong> e duradouro.<\/p>\n\n\n\n<p>J\u00e1 o <strong>p\u00f3 compacto<\/strong> costuma entrar em cena depois, quando o brilho come\u00e7a a aparecer naturalmente. Em reuni\u00f5es, festas ou compromissos longos, alguns retoques leves nas \u00e1reas mais oleosas s\u00e3o suficientes para recuperar a sensa\u00e7\u00e3o de pele seca ao <strong>toque<\/strong>, sem criar ac\u00famulo vis\u00edvel.<\/p>\n","protected":false},"excerpt":{"rendered":"<p>Voc\u00ea j\u00e1 saiu de casa com a pele linda e sequinha, mas poucas horas depois o rosto estava brilhando, principalmente na zona T? Quem usa maquiagem no dia a dia conhece bem essa situa\u00e7\u00e3o e acaba recorrendo ao p\u00f3 facial para segurar a oleosidade e aumentar a durabilidade do make, especialmente em dias quentes e [&hellip;]<\/p>\n","protected":false},"author":9,"featured_media":170097,"comment_status":"open","ping_status":"open","sticky":false,"template":"","format":"standard","meta":{"jnews-multi-image_gallery":[],"jnews_single_post":{"format":"standard"},"jnews_primary_category":[],"jnews_social_meta":[],"jnews_override_counter":[],"footnotes":""},"categories":[8691,1],"tags":[22121,2616,4914,5663],"class_list":["post-179908","post","type-post","status-publish","format-standard","has-post-thumbnail","hentry","category-bem-estar","category-noticias","tag-auto-cuidado","tag-beleza","tag-maquiagem","tag-pele-oleosa"],"yoast_head":"<!-- This site is optimized with the Yoast SEO plugin v23.8 - https:\/\/yoast.com\/wordpress\/plugins\/seo\/ -->\n<title>Adeus pele brilhante: a t\u00e9cnica que faz a maquiagem durar o dia todo sem borrar - Estado de Minas - Em foco<\/title>\n<meta name=\"description\" content=\"Aprenda a escolher entre p\u00f3 solto e compacto para controlar a oleosidade e selar a maquiagem com perfei\u00e7\u00e3o\" \/>\n<meta name=\"robots\" content=\"index, follow, max-snippet:-1, max-image-preview:large, max-video-preview:-1\" \/>\n<link rel=\"canonical\" href=\"https:\/\/www.em.com.br\/emfoco\/2026\/03\/11\/adeus-pele-brilhante-a-tecnica-que-faz-a-maquiagem-durar-o-dia-todo-sem-borrar\/\" \/>\n<meta property=\"og:locale\" content=\"pt_BR\" \/>\n<meta property=\"og:type\" content=\"article\" \/>\n<meta property=\"og:title\" content=\"Adeus pele brilhante: a t\u00e9cnica que faz a maquiagem durar o dia todo sem borrar - Estado de Minas - Em foco\" \/>\n<meta property=\"og:description\" content=\"Aprenda a escolher entre p\u00f3 solto e compacto para controlar a oleosidade e selar a maquiagem com perfei\u00e7\u00e3o\" \/>\n<meta property=\"og:url\" content=\"https:\/\/www.em.com.br\/emfoco\/2026\/03\/11\/adeus-pele-brilhante-a-tecnica-que-faz-a-maquiagem-durar-o-dia-todo-sem-borrar\/\" \/>\n<meta property=\"og:site_name\" content=\"Estado de Minas - Em foco\" \/>\n<meta property=\"article:published_time\" content=\"2026-03-11T18:25:46+00:00\" \/>\n<meta property=\"article:modified_time\" content=\"2026-03-10T21:50:38+00:00\" \/>\n<meta property=\"og:image\" content=\"https:\/\/www.em.com.br\/emfoco\/wp-content\/uploads\/2026\/02\/po-maquiagem_1771270395027.jpg\" \/>\n\t<meta property=\"og:image:width\" content=\"1280\" \/>\n\t<meta property=\"og:image:height\" content=\"720\" \/>\n\t<meta property=\"og:image:type\" content=\"image\/jpeg\" \/>\n<meta name=\"author\" content=\"Daniely Cardoso\" \/>\n<meta name=\"twitter:card\" content=\"summary_large_image\" \/>\n<meta name=\"twitter:label1\" content=\"Escrito por\" \/>\n\t<meta name=\"twitter:data1\" content=\"Daniely Cardoso\" \/>\n\t<meta name=\"twitter:label2\" content=\"Est. tempo de leitura\" \/>\n\t<meta name=\"twitter:data2\" content=\"5 minutos\" \/>\n<!-- \/ Yoast SEO plugin. -->","yoast_head_json":{"title":"Adeus pele brilhante: a t\u00e9cnica que faz a maquiagem durar o dia todo sem borrar - Estado de Minas - Em foco","description":"Aprenda a escolher entre p\u00f3 solto e compacto para controlar a oleosidade e selar a maquiagem com perfei\u00e7\u00e3o","robots":{"index":"index","follow":"follow","max-snippet":"max-snippet:-1","max-image-preview":"max-image-preview:large","max-video-preview":"max-video-preview:-1"},"canonical":"https:\/\/www.em.com.br\/emfoco\/2026\/03\/11\/adeus-pele-brilhante-a-tecnica-que-faz-a-maquiagem-durar-o-dia-todo-sem-borrar\/","og_locale":"pt_BR","og_type":"article","og_title":"Adeus pele brilhante: a t\u00e9cnica que faz a maquiagem durar o dia todo sem borrar - Estado de Minas - Em foco","og_description":"Aprenda a escolher entre p\u00f3 solto e compacto para controlar a oleosidade e selar a maquiagem com perfei\u00e7\u00e3o","og_url":"https:\/\/www.em.com.br\/emfoco\/2026\/03\/11\/adeus-pele-brilhante-a-tecnica-que-faz-a-maquiagem-durar-o-dia-todo-sem-borrar\/","og_site_name":"Estado de Minas - Em foco","article_published_time":"2026-03-11T18:25:46+00:00","article_modified_time":"2026-03-10T21:50:38+00:00","og_image":[{"width":1280,"height":720,"url":"https:\/\/www.em.com.br\/emfoco\/wp-content\/uploads\/2026\/02\/po-maquiagem_1771270395027.jpg","type":"image\/jpeg"}],"author":"Daniely Cardoso","twitter_card":"summary_large_image","twitter_misc":{"Escrito por":"Daniely Cardoso","Est. tempo de leitura":"5 minutos"},"schema":{"@context":"https:\/\/schema.org","@graph":[{"@type":"WebPage","@id":"https:\/\/www.em.com.br\/emfoco\/2026\/03\/11\/adeus-pele-brilhante-a-tecnica-que-faz-a-maquiagem-durar-o-dia-todo-sem-borrar\/","url":"https:\/\/www.em.com.br\/emfoco\/2026\/03\/11\/adeus-pele-brilhante-a-tecnica-que-faz-a-maquiagem-durar-o-dia-todo-sem-borrar\/","name":"Adeus pele brilhante: a t\u00e9cnica que faz a maquiagem durar o dia todo sem borrar - Estado de Minas - Em foco","isPartOf":{"@id":"https:\/\/www.em.com.br\/emfoco\/#website"},"primaryImageOfPage":{"@id":"https:\/\/www.em.com.br\/emfoco\/2026\/03\/11\/adeus-pele-brilhante-a-tecnica-que-faz-a-maquiagem-durar-o-dia-todo-sem-borrar\/#primaryimage"},"image":{"@id":"https:\/\/www.em.com.br\/emfoco\/2026\/03\/11\/adeus-pele-brilhante-a-tecnica-que-faz-a-maquiagem-durar-o-dia-todo-sem-borrar\/#primaryimage"},"thumbnailUrl":"https:\/\/www.em.com.br\/emfoco\/wp-content\/uploads\/2026\/02\/po-maquiagem_1771270395027.jpg","datePublished":"2026-03-11T18:25:46+00:00","dateModified":"2026-03-10T21:50:38+00:00","author":{"@id":"https:\/\/www.em.com.br\/emfoco\/#\/schema\/person\/0a8186d72f2c3a5c6276d90b41f271a0"},"description":"Aprenda a escolher entre p\u00f3 solto e compacto para controlar a oleosidade e selar a maquiagem com perfei\u00e7\u00e3o","breadcrumb":{"@id":"https:\/\/www.em.com.br\/emfoco\/2026\/03\/11\/adeus-pele-brilhante-a-tecnica-que-faz-a-maquiagem-durar-o-dia-todo-sem-borrar\/#breadcrumb"},"inLanguage":"pt-BR","potentialAction":[{"@type":"ReadAction","target":["https:\/\/www.em.com.br\/emfoco\/2026\/03\/11\/adeus-pele-brilhante-a-tecnica-que-faz-a-maquiagem-durar-o-dia-todo-sem-borrar\/"]}]},{"@type":"ImageObject","inLanguage":"pt-BR","@id":"https:\/\/www.em.com.br\/emfoco\/2026\/03\/11\/adeus-pele-brilhante-a-tecnica-que-faz-a-maquiagem-durar-o-dia-todo-sem-borrar\/#primaryimage","url":"https:\/\/www.em.com.br\/emfoco\/wp-content\/uploads\/2026\/02\/po-maquiagem_1771270395027.jpg","contentUrl":"https:\/\/www.em.com.br\/emfoco\/wp-content\/uploads\/2026\/02\/po-maquiagem_1771270395027.jpg","width":1280,"height":720,"caption":"O p\u00f3 compacto sempre foi o queridinho para tirar o brilho do rosto, mas, em peles maduras, - Cr\u00e9ditos: depositphotos.com \/ AllaSerebrina"},{"@type":"BreadcrumbList","@id":"https:\/\/www.em.com.br\/emfoco\/2026\/03\/11\/adeus-pele-brilhante-a-tecnica-que-faz-a-maquiagem-durar-o-dia-todo-sem-borrar\/#breadcrumb","itemListElement":[{"@type":"ListItem","position":1,"name":"In\u00edcio","item":"https:\/\/www.em.com.br\/emfoco\/"},{"@type":"ListItem","position":2,"name":"Adeus pele brilhante: a t\u00e9cnica que faz a maquiagem durar o dia todo sem borrar"}]},{"@type":"WebSite","@id":"https:\/\/www.em.com.br\/emfoco\/#website","url":"https:\/\/www.em.com.br\/emfoco\/","name":"Estado de Minas - Em foco","description":"Acompanhe as \u00faltimas not\u00edcias e fique bem informado sobre tudo o que acontece em Minas Gerais, Brasil e no mundo.","potentialAction":[{"@type":"SearchAction","target":{"@type":"EntryPoint","urlTemplate":"https:\/\/www.em.com.br\/emfoco\/?s={search_term_string}"},"query-input":{"@type":"PropertyValueSpecification","valueRequired":true,"valueName":"search_term_string"}}],"inLanguage":"pt-BR"},{"@type":"Person","@id":"https:\/\/www.em.com.br\/emfoco\/#\/schema\/person\/0a8186d72f2c3a5c6276d90b41f271a0","name":"Daniely Cardoso","image":{"@type":"ImageObject","inLanguage":"pt-BR","@id":"https:\/\/www.em.com.br\/emfoco\/#\/schema\/person\/image\/","url":"https:\/\/secure.gravatar.com\/avatar\/4b80ddbd124d1f071b626d52d62e5dff?s=96&d=mm&r=g","contentUrl":"https:\/\/secure.gravatar.com\/avatar\/4b80ddbd124d1f071b626d52d62e5dff?s=96&d=mm&r=g","caption":"Daniely Cardoso"},"url":"https:\/\/www.em.com.br\/emfoco\/author\/danielymyth\/"}]}},"_links":{"self":[{"href":"https:\/\/www.em.com.br\/emfoco\/wp-json\/wp\/v2\/posts\/179908","targetHints":{"allow":["GET"]}}],"collection":[{"href":"https:\/\/www.em.com.br\/emfoco\/wp-json\/wp\/v2\/posts"}],"about":[{"href":"https:\/\/www.em.com.br\/emfoco\/wp-json\/wp\/v2\/types\/post"}],"author":[{"embeddable":true,"href":"https:\/\/www.em.com.br\/emfoco\/wp-json\/wp\/v2\/users\/9"}],"replies":[{"embeddable":true,"href":"https:\/\/www.em.com.br\/emfoco\/wp-json\/wp\/v2\/comments?post=179908"}],"version-history":[{"count":3,"href":"https:\/\/www.em.com.br\/emfoco\/wp-json\/wp\/v2\/posts\/179908\/revisions"}],"predecessor-version":[{"id":179969,"href":"https:\/\/www.em.com.br\/emfoco\/wp-json\/wp\/v2\/posts\/179908\/revisions\/179969"}],"wp:featuredmedia":[{"embeddable":true,"href":"https:\/\/www.em.com.br\/emfoco\/wp-json\/wp\/v2\/media\/170097"}],"wp:attachment":[{"href":"https:\/\/www.em.com.br\/emfoco\/wp-json\/wp\/v2\/media?parent=179908"}],"wp:term":[{"taxonomy":"category","embeddable":true,"href":"https:\/\/www.em.com.br\/emfoco\/wp-json\/wp\/v2\/categories?post=179908"},{"taxonomy":"post_tag","embeddable":true,"href":"https:\/\/www.em.com.br\/emfoco\/wp-json\/wp\/v2\/tags?post=179908"}],"curies":[{"name":"wp","href":"https:\/\/api.w.org\/{rel}","templated":true}]}}