{"id":179829,"date":"2026-03-11T19:45:17","date_gmt":"2026-03-11T22:45:17","guid":{"rendered":"https:\/\/www.em.com.br\/emfoco\/?p=179829"},"modified":"2026-03-10T17:16:04","modified_gmt":"2026-03-10T20:16:04","slug":"o-chocolate-derretido-que-revelou-por-acaso-a-tecnologia-do-forno-de-micro-ondas-em-1940","status":"publish","type":"post","link":"https:\/\/www.em.com.br\/emfoco\/2026\/03\/11\/o-chocolate-derretido-que-revelou-por-acaso-a-tecnologia-do-forno-de-micro-ondas-em-1940\/","title":{"rendered":"O chocolate derretido que revelou por acaso a tecnologia do forno de micro-ondas em 1940"},"content":{"rendered":"\n<p>Voc\u00ea j\u00e1 chegou em casa com fome e, em poucos minutos, tinha um prato quente gra\u00e7as ao <b>micro-ondas<\/b>? Esse gesto t\u00e3o comum hoje nasceu de um acaso curioso em um <b>laborat\u00f3rio<\/b> militar e mostra como uma descoberta aparentemente simples pode transformar a rotina <b>dom\u00e9stica<\/b> no mundo todo.<\/p>\n\n\n\n<h2 class=\"wp-block-heading\">Como surgiu a ideia do forno de micro-ondas<\/h2>\n\n\n\n<p>A hist\u00f3ria do micro-ondas come\u00e7a em um laborat\u00f3rio de <b>radar<\/b> militar, nos Estados Unidos, na d\u00e9cada de 1940. Um engenheiro percebeu que um <b>chocolate<\/b> em seu bolso havia derretido enquanto trabalhava com um equipamento que emitia ondas eletromagn\u00e9ticas, o que despertou sua <b>curiosidade<\/b>.<\/p>\n\n\n\n<p>Ele passou a testar essas ondas em alimentos como <b>milho<\/b> e ovos, observando o aquecimento r\u00e1pido e localizado. Aos poucos, percebeu que as micro-ondas interagiam com mol\u00e9culas de <b>\u00e1gua<\/b> e gordura, abrindo caminho para imaginar um aparelho dom\u00e9stico capaz de aquecer comida de forma muito mais <b>r\u00e1pida<\/b>.<\/p>\n\n\n\n<figure class=\"wp-block-embed is-type-rich is-provider-pinterest wp-block-embed-pinterest\"><div class=\"wp-block-embed__wrapper\">\n<iframe loading=\"lazy\" title=\"Historia del Horno de Microondas\" src=\"https:\/\/assets.pinterest.com\/ext\/embed.html?id=114771490493832665&#038;src=oembed\" height=\"406\" width=\"450\" frameborder=\"0\" scrolling=\"no\" ><\/iframe>\n<\/div><\/figure>\n\n\n\n<p>Leia tamb\u00e9m:&nbsp;<a href=\"https:\/\/www.em.com.br\/emfoco\/2025\/06\/30\/a-maior-montanha-do-sistema-solar-e-3x-mais-alta-que-o-everest\/\" target=\"_blank\" rel=\"noopener\">A maior montanha do Sistema Solar \u00e9 3x mais alta que o Everest<\/a><\/p>\n\n\n\n<h2 class=\"wp-block-heading\">Como foi a hist\u00f3ria curiosa da cria\u00e7\u00e3o do micro-ondas<\/h2>\n\n\n\n<p>O primeiro forno de micro-ondas estava longe de ser pr\u00e1tico: era grande, pesado, caro e lembrava um arm\u00e1rio industrial <b>met\u00e1lico<\/b>. Por isso, seus primeiros usos aconteceram em restaurantes, navios e instala\u00e7\u00f5es <b>militares<\/b>, onde o ganho de tempo justificava o <b>investimento<\/b>.<\/p>\n\n\n\n<p>Nos anos 1950 e 1960, engenheiros reduziram o tamanho dos componentes e melhoraram o isolamento <b>interno<\/b>, deixando o aparelho mais seguro e eficiente. Ainda assim, os modelos eram caros, consumiam muita <b>energia<\/b> e demoraram a se encaixar nas cozinhas das fam\u00edlias, o que exigiu tempo e <b>adapta\u00e7\u00e3o<\/b>.<\/p>\n\n\n<div class=\"wp-block-image\">\n<figure class=\"aligncenter size-large\"><img loading=\"lazy\" decoding=\"async\" width=\"1024\" height=\"576\" src=\"https:\/\/www.em.com.br\/emfoco\/wp-content\/uploads\/2026\/03\/microondas_1773173709806-1024x576.jpg\" alt=\"\" class=\"wp-image-179837\" srcset=\"https:\/\/www.em.com.br\/emfoco\/wp-content\/uploads\/2026\/03\/microondas_1773173709806-1024x576.jpg 1024w, https:\/\/www.em.com.br\/emfoco\/wp-content\/uploads\/2026\/03\/microondas_1773173709806-300x169.jpg 300w, https:\/\/www.em.com.br\/emfoco\/wp-content\/uploads\/2026\/03\/microondas_1773173709806-768x432.jpg 768w, https:\/\/www.em.com.br\/emfoco\/wp-content\/uploads\/2026\/03\/microondas_1773173709806-750x422.jpg 750w, https:\/\/www.em.com.br\/emfoco\/wp-content\/uploads\/2026\/03\/microondas_1773173709806-1140x641.jpg 1140w, https:\/\/www.em.com.br\/emfoco\/wp-content\/uploads\/2026\/03\/microondas_1773173709806.jpg 1280w\" sizes=\"auto, (max-width: 1024px) 100vw, 1024px\" \/><figcaption class=\"wp-element-caption\">Nos anos 1950 e 1960, engenheiros reduziram o tamanho dos componentes e melhoraram o isolamento interno &#8211; Cr\u00e9ditos: depositphotos.com \/ HayDmitriy<\/figcaption><\/figure><\/div>\n\n\n<h2 class=\"wp-block-heading\">Como o forno de micro-ondas funciona na pr\u00e1tica<\/h2>\n\n\n\n<p>Por tr\u00e1s do uso simples, o funcionamento \u00e9 mais f\u00e1cil de entender do que parece. Dentro do aparelho, um componente chamado <b>magnetron<\/b> transforma energia el\u00e9trica em micro-ondas, que fazem as mol\u00e9culas de \u00e1gua dos alimentos vibrarem, gerando <b>calor<\/b> e aquecendo a refei\u00e7\u00e3o de dentro para <b>fora<\/b>.<\/p>\n\n\n\n<p>Para manter tudo seguro, o forno tem paredes <b>met\u00e1licas<\/b> e uma porta com tela perfurada que impede as ondas de sa\u00edrem. Travas e sensores garantem que ele s\u00f3 funcione com a porta <b>fechada<\/b>, enquanto o uso de recipientes adequados evita fa\u00edscas e problemas no <b>aquecimento<\/b>.<\/p>\n\n\n\n<ul class=\"wp-block-list\">\n<li>O <b>magnetron<\/b> gera as micro-ondas a partir da energia <b>el\u00e9trica<\/b>.<\/li>\n\n\n\n<li>As ondas penetram alguns cent\u00edmetros no <b>alimento<\/b> e aquecem sua parte <b>interna<\/b>.<\/li>\n\n\n\n<li>O calor se espalha por <b>condu\u00e7\u00e3o<\/b> e completa o aquecimento da <b>comida<\/b>.<\/li>\n\n\n\n<li>A cavidade met\u00e1lica mant\u00e9m as <b>micro-ondas<\/b> confinadas e <b>controladas<\/b>.<\/li>\n<\/ul>\n\n\n\n<p>Para voc\u00ea que gosta de aprofundar, separamos um v\u00eddeo do canal <a href=\"https:\/\/www.youtube.com\/@supernutridos\" target=\"_blank\" rel=\"noreferrer noopener\">Super Nutridos <\/a>com a hist\u00f3ria compelta do micro-ondas e a ci\u00eancia por tr\u00e1s desse aparelho:<\/p>\n\n\n\n<figure class=\"wp-block-embed is-type-video is-provider-youtube wp-block-embed-youtube wp-embed-aspect-16-9 wp-has-aspect-ratio\"><div class=\"wp-block-embed__wrapper\">\n<div class=\"jeg_video_container jeg_video_content\"><iframe loading=\"lazy\" title=\"Micro-ondas - Mitos, Ci\u00eancia e Hist\u00f3ria (document\u00e1rio)\" width=\"500\" height=\"281\" src=\"https:\/\/www.youtube.com\/embed\/leGn7agVUow?feature=oembed\" frameborder=\"0\" allow=\"accelerometer; autoplay; clipboard-write; encrypted-media; gyroscope; picture-in-picture; web-share\" referrerpolicy=\"strict-origin-when-cross-origin\" allowfullscreen><\/iframe><\/div>\n<\/div><\/figure>\n\n\n\n<h2 class=\"wp-block-heading\">Quais foram as etapas para o micro-ondas chegar \u00e0s casas<\/h2>\n\n\n\n<p>No come\u00e7o, o micro-ondas era um item quase de luxo, usado em hot\u00e9is, lanchonetes e companhias <b>a\u00e9reas<\/b> por causa do alto pre\u00e7o. Com o avan\u00e7o da ind\u00fastria eletr\u00f4nica, principalmente a partir dos anos 1970, o custo caiu, os aparelhos ficaram <b>menores<\/b> e come\u00e7aram a entrar nas <b>casas<\/b>.<\/p>\n\n\n\n<p>Junto com isso, surgiram alimentos pensados especialmente para o <b>micro-ondas<\/b>, como refei\u00e7\u00f5es prontas e embalagens pr\u00f3prias para aquecimento r\u00e1pido. Assim, pessoas com pouco <b>tempo<\/b> para cozinhar passaram a ver o aparelho como um aliado di\u00e1rio, algo que se consolidou nos anos 1980 em muitas cozinhas <b>urbanas<\/b>.<\/p>\n\n\n\n<figure class=\"wp-block-embed is-type-rich is-provider-pinterest wp-block-embed-pinterest\"><div class=\"wp-block-embed__wrapper\">\n<iframe loading=\"lazy\" title=\" \" src=\"https:\/\/assets.pinterest.com\/ext\/embed.html?id=449023025364137596&#038;src=oembed\" height=\"694\" width=\"450\" frameborder=\"0\" scrolling=\"no\" ><\/iframe>\n<\/div><\/figure>\n\n\n\n<h2 class=\"wp-block-heading\">Quais curiosidades mostram o impacto do micro-ondas no cotidiano<\/h2>\n\n\n\n<p>Em v\u00e1rios pa\u00edses, o uso do micro-ondas cresceu junto com a entrada massiva das pessoas no mercado de <b>trabalho<\/b>, reduzindo o tempo dispon\u00edvel para cozinhar. Ele passou a ser s\u00edmbolo de <b>praticidade<\/b>, ideal para aquecer sobras, preparar lanches r\u00e1pidos e at\u00e9 apoiar quem mora <b>sozinho<\/b>.<\/p>\n\n\n\n<p>Receitas tradicionais foram adaptadas para esse tipo de forno, e surgiram recipientes de vidro e pl\u00e1stico resistentes ao aquecimento por ondas <b>eletromagn\u00e9ticas<\/b>. Hoje, em 2026, o micro-ondas est\u00e1 em cozinhas, escrit\u00f3rios, hospitais e espa\u00e7os de conviv\u00eancia, provando como uma descoberta <b>acidental<\/b> pode mudar o dia a dia de milh\u00f5es de <b>pessoas<\/b>.<\/p>\n","protected":false},"excerpt":{"rendered":"<p>Voc\u00ea j\u00e1 chegou em casa com fome e, em poucos minutos, tinha um prato quente gra\u00e7as ao micro-ondas? Esse gesto t\u00e3o comum hoje nasceu de um acaso curioso em um laborat\u00f3rio militar e mostra como uma descoberta aparentemente simples pode transformar a rotina dom\u00e9stica no mundo todo. Como surgiu a ideia do forno de micro-ondas [&hellip;]<\/p>\n","protected":false},"author":9,"featured_media":179838,"comment_status":"open","ping_status":"open","sticky":false,"template":"","format":"standard","meta":{"jnews-multi-image_gallery":[],"jnews_single_post":{"format":"standard"},"jnews_primary_category":[],"jnews_social_meta":[],"jnews_override_counter":[],"footnotes":""},"categories":[8819,1],"tags":[6071,237,5582],"class_list":["post-179829","post","type-post","status-publish","format-standard","has-post-thumbnail","hentry","category-curiosidades","category-noticias","tag-eletrodomestico","tag-historia","tag-micro-ondas"],"yoast_head":"<!-- This site is optimized with the Yoast SEO plugin v23.8 - https:\/\/yoast.com\/wordpress\/plugins\/seo\/ -->\n<title>O chocolate derretido que revelou por acaso a tecnologia do forno de micro-ondas em 1940 - Estado de Minas - Em foco<\/title>\n<meta name=\"description\" content=\"Descubra como um chocolate derretido em um laborat\u00f3rio militar deu origem ao forno de micro-ondas\" \/>\n<meta name=\"robots\" content=\"index, follow, max-snippet:-1, max-image-preview:large, max-video-preview:-1\" \/>\n<link rel=\"canonical\" href=\"https:\/\/www.em.com.br\/emfoco\/2026\/03\/11\/o-chocolate-derretido-que-revelou-por-acaso-a-tecnologia-do-forno-de-micro-ondas-em-1940\/\" \/>\n<meta property=\"og:locale\" content=\"pt_BR\" \/>\n<meta property=\"og:type\" content=\"article\" \/>\n<meta property=\"og:title\" content=\"O chocolate derretido que revelou por acaso a tecnologia do forno de micro-ondas em 1940 - Estado de Minas - Em foco\" \/>\n<meta property=\"og:description\" content=\"Descubra como um chocolate derretido em um laborat\u00f3rio militar deu origem ao forno de micro-ondas\" \/>\n<meta property=\"og:url\" content=\"https:\/\/www.em.com.br\/emfoco\/2026\/03\/11\/o-chocolate-derretido-que-revelou-por-acaso-a-tecnologia-do-forno-de-micro-ondas-em-1940\/\" \/>\n<meta property=\"og:site_name\" content=\"Estado de Minas - Em foco\" \/>\n<meta property=\"article:published_time\" content=\"2026-03-11T22:45:17+00:00\" \/>\n<meta property=\"article:modified_time\" content=\"2026-03-10T20:16:04+00:00\" \/>\n<meta property=\"og:image\" content=\"https:\/\/www.em.com.br\/emfoco\/wp-content\/uploads\/2026\/03\/Gemini_Generated_Image_44h4qn44h4qn44h4-1.png\" \/>\n\t<meta property=\"og:image:width\" content=\"1280\" \/>\n\t<meta property=\"og:image:height\" content=\"720\" \/>\n\t<meta property=\"og:image:type\" content=\"image\/png\" \/>\n<meta name=\"author\" content=\"Daniely Cardoso\" \/>\n<meta name=\"twitter:card\" content=\"summary_large_image\" \/>\n<meta name=\"twitter:label1\" content=\"Escrito por\" \/>\n\t<meta name=\"twitter:data1\" content=\"Daniely Cardoso\" \/>\n\t<meta name=\"twitter:label2\" content=\"Est. tempo de leitura\" \/>\n\t<meta name=\"twitter:data2\" content=\"4 minutos\" \/>\n<!-- \/ Yoast SEO plugin. -->","yoast_head_json":{"title":"O chocolate derretido que revelou por acaso a tecnologia do forno de micro-ondas em 1940 - Estado de Minas - Em foco","description":"Descubra como um chocolate derretido em um laborat\u00f3rio militar deu origem ao forno de micro-ondas","robots":{"index":"index","follow":"follow","max-snippet":"max-snippet:-1","max-image-preview":"max-image-preview:large","max-video-preview":"max-video-preview:-1"},"canonical":"https:\/\/www.em.com.br\/emfoco\/2026\/03\/11\/o-chocolate-derretido-que-revelou-por-acaso-a-tecnologia-do-forno-de-micro-ondas-em-1940\/","og_locale":"pt_BR","og_type":"article","og_title":"O chocolate derretido que revelou por acaso a tecnologia do forno de micro-ondas em 1940 - Estado de Minas - Em foco","og_description":"Descubra como um chocolate derretido em um laborat\u00f3rio militar deu origem ao forno de micro-ondas","og_url":"https:\/\/www.em.com.br\/emfoco\/2026\/03\/11\/o-chocolate-derretido-que-revelou-por-acaso-a-tecnologia-do-forno-de-micro-ondas-em-1940\/","og_site_name":"Estado de Minas - Em foco","article_published_time":"2026-03-11T22:45:17+00:00","article_modified_time":"2026-03-10T20:16:04+00:00","og_image":[{"width":1280,"height":720,"url":"https:\/\/www.em.com.br\/emfoco\/wp-content\/uploads\/2026\/03\/Gemini_Generated_Image_44h4qn44h4qn44h4-1.png","type":"image\/png"}],"author":"Daniely Cardoso","twitter_card":"summary_large_image","twitter_misc":{"Escrito por":"Daniely Cardoso","Est. tempo de leitura":"4 minutos"},"schema":{"@context":"https:\/\/schema.org","@graph":[{"@type":"WebPage","@id":"https:\/\/www.em.com.br\/emfoco\/2026\/03\/11\/o-chocolate-derretido-que-revelou-por-acaso-a-tecnologia-do-forno-de-micro-ondas-em-1940\/","url":"https:\/\/www.em.com.br\/emfoco\/2026\/03\/11\/o-chocolate-derretido-que-revelou-por-acaso-a-tecnologia-do-forno-de-micro-ondas-em-1940\/","name":"O chocolate derretido que revelou por acaso a tecnologia do forno de micro-ondas em 1940 - Estado de Minas - Em foco","isPartOf":{"@id":"https:\/\/www.em.com.br\/emfoco\/#website"},"primaryImageOfPage":{"@id":"https:\/\/www.em.com.br\/emfoco\/2026\/03\/11\/o-chocolate-derretido-que-revelou-por-acaso-a-tecnologia-do-forno-de-micro-ondas-em-1940\/#primaryimage"},"image":{"@id":"https:\/\/www.em.com.br\/emfoco\/2026\/03\/11\/o-chocolate-derretido-que-revelou-por-acaso-a-tecnologia-do-forno-de-micro-ondas-em-1940\/#primaryimage"},"thumbnailUrl":"https:\/\/www.em.com.br\/emfoco\/wp-content\/uploads\/2026\/03\/Gemini_Generated_Image_44h4qn44h4qn44h4-1.png","datePublished":"2026-03-11T22:45:17+00:00","dateModified":"2026-03-10T20:16:04+00:00","author":{"@id":"https:\/\/www.em.com.br\/emfoco\/#\/schema\/person\/0a8186d72f2c3a5c6276d90b41f271a0"},"description":"Descubra como um chocolate derretido em um laborat\u00f3rio militar deu origem ao forno de micro-ondas","breadcrumb":{"@id":"https:\/\/www.em.com.br\/emfoco\/2026\/03\/11\/o-chocolate-derretido-que-revelou-por-acaso-a-tecnologia-do-forno-de-micro-ondas-em-1940\/#breadcrumb"},"inLanguage":"pt-BR","potentialAction":[{"@type":"ReadAction","target":["https:\/\/www.em.com.br\/emfoco\/2026\/03\/11\/o-chocolate-derretido-que-revelou-por-acaso-a-tecnologia-do-forno-de-micro-ondas-em-1940\/"]}]},{"@type":"ImageObject","inLanguage":"pt-BR","@id":"https:\/\/www.em.com.br\/emfoco\/2026\/03\/11\/o-chocolate-derretido-que-revelou-por-acaso-a-tecnologia-do-forno-de-micro-ondas-em-1940\/#primaryimage","url":"https:\/\/www.em.com.br\/emfoco\/wp-content\/uploads\/2026\/03\/Gemini_Generated_Image_44h4qn44h4qn44h4-1.png","contentUrl":"https:\/\/www.em.com.br\/emfoco\/wp-content\/uploads\/2026\/03\/Gemini_Generated_Image_44h4qn44h4qn44h4-1.png","width":1280,"height":720,"caption":"A hist\u00f3ria do micro-ondas come\u00e7a em um laborat\u00f3rio de radar militar, nos Estados Unidos, na d\u00e9cada de 1940"},{"@type":"BreadcrumbList","@id":"https:\/\/www.em.com.br\/emfoco\/2026\/03\/11\/o-chocolate-derretido-que-revelou-por-acaso-a-tecnologia-do-forno-de-micro-ondas-em-1940\/#breadcrumb","itemListElement":[{"@type":"ListItem","position":1,"name":"In\u00edcio","item":"https:\/\/www.em.com.br\/emfoco\/"},{"@type":"ListItem","position":2,"name":"O chocolate derretido que revelou por acaso a tecnologia do forno de micro-ondas em 1940"}]},{"@type":"WebSite","@id":"https:\/\/www.em.com.br\/emfoco\/#website","url":"https:\/\/www.em.com.br\/emfoco\/","name":"Estado de Minas - Em foco","description":"Acompanhe as \u00faltimas not\u00edcias e fique bem informado sobre tudo o que acontece em Minas Gerais, Brasil e no mundo.","potentialAction":[{"@type":"SearchAction","target":{"@type":"EntryPoint","urlTemplate":"https:\/\/www.em.com.br\/emfoco\/?s={search_term_string}"},"query-input":{"@type":"PropertyValueSpecification","valueRequired":true,"valueName":"search_term_string"}}],"inLanguage":"pt-BR"},{"@type":"Person","@id":"https:\/\/www.em.com.br\/emfoco\/#\/schema\/person\/0a8186d72f2c3a5c6276d90b41f271a0","name":"Daniely Cardoso","image":{"@type":"ImageObject","inLanguage":"pt-BR","@id":"https:\/\/www.em.com.br\/emfoco\/#\/schema\/person\/image\/","url":"https:\/\/secure.gravatar.com\/avatar\/4b80ddbd124d1f071b626d52d62e5dff?s=96&d=mm&r=g","contentUrl":"https:\/\/secure.gravatar.com\/avatar\/4b80ddbd124d1f071b626d52d62e5dff?s=96&d=mm&r=g","caption":"Daniely Cardoso"},"url":"https:\/\/www.em.com.br\/emfoco\/author\/danielymyth\/"}]}},"_links":{"self":[{"href":"https:\/\/www.em.com.br\/emfoco\/wp-json\/wp\/v2\/posts\/179829","targetHints":{"allow":["GET"]}}],"collection":[{"href":"https:\/\/www.em.com.br\/emfoco\/wp-json\/wp\/v2\/posts"}],"about":[{"href":"https:\/\/www.em.com.br\/emfoco\/wp-json\/wp\/v2\/types\/post"}],"author":[{"embeddable":true,"href":"https:\/\/www.em.com.br\/emfoco\/wp-json\/wp\/v2\/users\/9"}],"replies":[{"embeddable":true,"href":"https:\/\/www.em.com.br\/emfoco\/wp-json\/wp\/v2\/comments?post=179829"}],"version-history":[{"count":2,"href":"https:\/\/www.em.com.br\/emfoco\/wp-json\/wp\/v2\/posts\/179829\/revisions"}],"predecessor-version":[{"id":179839,"href":"https:\/\/www.em.com.br\/emfoco\/wp-json\/wp\/v2\/posts\/179829\/revisions\/179839"}],"wp:featuredmedia":[{"embeddable":true,"href":"https:\/\/www.em.com.br\/emfoco\/wp-json\/wp\/v2\/media\/179838"}],"wp:attachment":[{"href":"https:\/\/www.em.com.br\/emfoco\/wp-json\/wp\/v2\/media?parent=179829"}],"wp:term":[{"taxonomy":"category","embeddable":true,"href":"https:\/\/www.em.com.br\/emfoco\/wp-json\/wp\/v2\/categories?post=179829"},{"taxonomy":"post_tag","embeddable":true,"href":"https:\/\/www.em.com.br\/emfoco\/wp-json\/wp\/v2\/tags?post=179829"}],"curies":[{"name":"wp","href":"https:\/\/api.w.org\/{rel}","templated":true}]}}