{"id":179827,"date":"2026-03-10T19:55:00","date_gmt":"2026-03-10T22:55:00","guid":{"rendered":"https:\/\/www.em.com.br\/emfoco\/?p=179827"},"modified":"2026-03-10T20:07:55","modified_gmt":"2026-03-10T23:07:55","slug":"a-veneza-brasileira-esta-se-tornando-uma-das-melhores-cidades-para-se-visitar-no-nordeste","status":"publish","type":"post","link":"https:\/\/www.em.com.br\/emfoco\/2026\/03\/10\/a-veneza-brasileira-esta-se-tornando-uma-das-melhores-cidades-para-se-visitar-no-nordeste\/","title":{"rendered":"A Veneza Brasileira est\u00e1 se tornando uma das melhores cidades para se visitar no Nordeste"},"content":{"rendered":"\n<p>Constru\u00edda sobre ilhas, cortada por rios e costurada por dezenas de pontes, <strong>Recife<\/strong> ganhou do escritor franc\u00eas <strong>Albert Camus<\/strong> o apelido que a acompanha desde 1949. A capital de <strong>Pernambuco<\/strong> nasceu na foz dos rios <strong>Capibaribe<\/strong> e <strong>Beberibe<\/strong>, e essa geografia de \u00e1gua e pedra moldou uma cidade onde hist\u00f3ria colonial, cultura viva e litoral quente se encontram a cada esquina.<\/p>\n\n\n\n<h2 class=\"wp-block-heading\">Como uma cidade de \u00e1gua nasceu entre arrecifes e rios?<\/h2>\n\n\n\n<p>O nome Recife vem da barreira natural de arenito e corais que protege a costa. A povoa\u00e7\u00e3o surgiu por volta de 1537 como ancoradouro para o porto de <strong>Olinda<\/strong>. Entre 1630 e 1654, a ocupa\u00e7\u00e3o holandesa transformou o vilarejo: sob o governo de <strong>Maur\u00edcio de Nassau<\/strong>, foram erguidas pontes, canais e edif\u00edcios p\u00fablicos que deram \u00e0 cidade seu tra\u00e7ado singular.<\/p>\n\n\n\n<p>Desse per\u00edodo nasceu a <strong>Ponte Maur\u00edcio de Nassau<\/strong>, inaugurada em 1643 como a primeira ponte de grande porte do <strong>Brasil<\/strong>. Reconstru\u00edda em concreto armado em 1917, ela ainda liga o bairro de <strong>Santo Ant\u00f4nio<\/strong> ao <strong>Recife Antigo<\/strong>, com quatro est\u00e1tuas de bronze nas extremidades. O <a href=\"http:\/\/portal.iphan.gov.br\/pagina\/detalhes\/1449\/\" target=\"_blank\" rel=\"noreferrer noopener\"><strong>Instituto do Patrim\u00f4nio Hist\u00f3rico e Art\u00edstico Nacional (IPHAN)<\/strong><\/a> destaca que a constru\u00e7\u00e3o de pontes, cais e aterros foi decisiva para a expans\u00e3o urbana nos s\u00e9culos seguintes.<\/p>\n\n\n<div class=\"wp-block-image\">\n<figure class=\"aligncenter size-large\"><img loading=\"lazy\" decoding=\"async\" width=\"1024\" height=\"576\" src=\"https:\/\/www.em.com.br\/emfoco\/wp-content\/uploads\/2025\/12\/Recife_1738713071778-1024x576.jpg\" alt=\"\" class=\"wp-image-146945\" srcset=\"https:\/\/www.em.com.br\/emfoco\/wp-content\/uploads\/2025\/12\/Recife_1738713071778-1024x576.jpg 1024w, https:\/\/www.em.com.br\/emfoco\/wp-content\/uploads\/2025\/12\/Recife_1738713071778-300x169.jpg 300w, https:\/\/www.em.com.br\/emfoco\/wp-content\/uploads\/2025\/12\/Recife_1738713071778-768x432.jpg 768w, https:\/\/www.em.com.br\/emfoco\/wp-content\/uploads\/2025\/12\/Recife_1738713071778-750x422.jpg 750w, https:\/\/www.em.com.br\/emfoco\/wp-content\/uploads\/2025\/12\/Recife_1738713071778-1140x641.jpg 1140w, https:\/\/www.em.com.br\/emfoco\/wp-content\/uploads\/2025\/12\/Recife_1738713071778.jpg 1280w\" sizes=\"auto, (max-width: 1024px) 100vw, 1024px\" \/><figcaption class=\"wp-element-caption\">Recife \u00e9 a cidade nordestina que combina tradi\u00e7\u00e3o, praias e muito charme \/\/ Cr\u00e9ditos: depositphotos.com \/ mbastos<\/figcaption><\/figure><\/div>\n\n\n<p><strong>Leia tamb\u00e9m: <a href=\"https:\/\/www.em.com.br\/emfoco\/2026\/03\/08\/a-vila-onde-nao-ha-bancos-nao-ha-asfalto-e-nao-ha-postes-de-luz-so-o-brilho-da-lua-sobre-as-praias-mais-bonitas-do-planeta\/\" target=\"_blank\" rel=\"noreferrer noopener\">A vila onde n\u00e3o h\u00e1 bancos, n\u00e3o h\u00e1 asfalto e n\u00e3o h\u00e1 postes de luz: s\u00f3 o brilho da lua sobre as praias mais bonitas do planeta<\/a><\/strong><\/p>\n\n\n\n<h2 class=\"wp-block-heading\">O que visitar no centro hist\u00f3rico da Veneza Brasileira?<\/h2>\n\n\n\n<p>O bairro do Recife Antigo concentra s\u00e9culos de hist\u00f3ria em poucas quadras. As ruas de paralelep\u00edpedo guardam casar\u00f5es coloniais, igrejas barrocas e espa\u00e7os culturais que funcionam o ano inteiro.<\/p>\n\n\n\n<ul class=\"wp-block-list has-medium-font-size\">\n<li><strong>Pra\u00e7a do Marco Zero<\/strong>: ponto de funda\u00e7\u00e3o da cidade, palco do Carnaval e porta de entrada para o <strong>Parque das Esculturas Francisco Brennand<\/strong>, museu a c\u00e9u aberto com 90 obras em cer\u00e2mica e bronze, incluindo uma torre de 32 metros.<\/li>\n\n\n\n<li><strong>Sinagoga Kahal Zur Israel<\/strong>: localizada na Rua do Bom Jesus, funcionou entre 1636 e 1654 e \u00e9 reconhecida como a primeira sinagoga das Am\u00e9ricas. Escava\u00e7\u00f5es arqueol\u00f3gicas revelaram oito n\u00edveis de piso e um antigo mikv\u00ea (banho ritual).<\/li>\n\n\n\n<li><strong><a href=\"https:\/\/www2.recife.pe.gov.br\/servico\/paco-do-frevo\" target=\"_blank\" rel=\"noreferrer noopener\">Pa\u00e7o do Frevo<\/a><\/strong>: centro de refer\u00eancia do frevo, ritmo reconhecido como <strong>Patrim\u00f4nio Imaterial da Humanidade pela Unesco<\/strong>. O espa\u00e7o ocupa quatro pavimentos com exposi\u00e7\u00f5es, escola de dan\u00e7a e est\u00fadio de grava\u00e7\u00e3o.<\/li>\n\n\n\n<li><strong>Passeio de catamar\u00e3 pelo Capibaribe<\/strong>: o tour passa por baixo de cinco pontes hist\u00f3ricas e percorre as tr\u00eas ilhas do centro, com guia narrando a forma\u00e7\u00e3o da cidade.<\/li>\n\n\n\n<li><strong>Instituto Ricardo Brennand<\/strong>: complexo cultural em \u00e1rea de Mata Atl\u00e2ntica, com castelo, pinacoteca e acervo de mais de 3 mil pe\u00e7as entre armas brancas, pinturas e esculturas.<\/li>\n<\/ul>\n\n\n\n<p>Quem busca o que fazer em <strong>Recife<\/strong>, vai curtir esse v\u00eddeo especialmente selecionado do canal <strong>Fabi Cassol | Minha Praia Viajar<\/strong>, que conta com mais de <strong>100 mil<\/strong> inscritos, onde <strong>Fabi Cassol<\/strong> mostra um roteiro completo de 4 dias pela capital de <strong>Pernambuco<\/strong>, incluindo <strong>Olinda<\/strong> e a <strong>Praia de Boa Viagem<\/strong>:<\/p>\n\n\n\n<figure class=\"wp-block-embed is-type-video is-provider-youtube wp-block-embed-youtube wp-embed-aspect-16-9 wp-has-aspect-ratio\"><div class=\"wp-block-embed__wrapper\">\n<div class=\"jeg_video_container jeg_video_content\"><iframe loading=\"lazy\" title=\"RECIFE 2024: ROTEIRO DE 4 DIAS COM PRE\u00c7OS | O QUE FAZER EM PERNAMBUCO | OLINDA | PASSEIOS E DICAS\" width=\"500\" height=\"281\" src=\"https:\/\/www.youtube.com\/embed\/7JdDZsO2l5Q?feature=oembed\" frameborder=\"0\" allow=\"accelerometer; autoplay; clipboard-write; encrypted-media; gyroscope; picture-in-picture; web-share\" referrerpolicy=\"strict-origin-when-cross-origin\" allowfullscreen><\/iframe><\/div>\n<\/div><\/figure>\n\n\n\n<h2 class=\"wp-block-heading\">Olinda fica a minutos e \u00e9 Patrim\u00f4nio da Humanidade<\/h2>\n\n\n\n<p>A vizinha <strong>Olinda<\/strong> foi declarada <a href=\"https:\/\/whc.unesco.org\/en\/list\/189\" target=\"_blank\" rel=\"noreferrer noopener\"><strong>Patrim\u00f4nio Cultural da Humanidade pela Unesco<\/strong><\/a> em 1982. Fundada em 1535, a cidade preserva um conjunto de igrejas dos s\u00e9culos XVI e XVII entre ladeiras de paralelep\u00edpedo e casar\u00f5es coloridos. Do <strong>Alto da S\u00e9<\/strong>, a vista alcan\u00e7a o litoral de Recife e o mar aberto. O <a href=\"http:\/\/portal.iphan.gov.br\/pagina\/detalhes\/351\/\" target=\"_blank\" rel=\"noreferrer noopener\"><strong>IPHAN<\/strong><\/a> registra 14 edifica\u00e7\u00f5es tombadas individualmente no s\u00edtio hist\u00f3rico, al\u00e9m de manifesta\u00e7\u00f5es como frevo, maracatu e cavalo-marinho.<\/p>\n\n\n\n<p>O trajeto entre as duas cidades leva cerca de 20 minutos de carro. Muitos viajantes reservam um dia inteiro para subir as ladeiras, visitar ateli\u00eas de artistas locais e descer at\u00e9 a <strong>Praia do Farol<\/strong>.<\/p>\n\n\n<div class=\"wp-block-image\">\n<figure class=\"aligncenter size-large\"><img loading=\"lazy\" decoding=\"async\" width=\"1024\" height=\"576\" src=\"https:\/\/www.em.com.br\/emfoco\/wp-content\/uploads\/2025\/12\/Olinda_1761890494626-1024x576.jpg\" alt=\"A cidade nordestina perto da capital que est\u00e1 se tornando a queridinha de quem busca paisagens incr\u00edveis e hist\u00f3ricas\" class=\"wp-image-147667\" srcset=\"https:\/\/www.em.com.br\/emfoco\/wp-content\/uploads\/2025\/12\/Olinda_1761890494626-1024x576.jpg 1024w, https:\/\/www.em.com.br\/emfoco\/wp-content\/uploads\/2025\/12\/Olinda_1761890494626-300x169.jpg 300w, https:\/\/www.em.com.br\/emfoco\/wp-content\/uploads\/2025\/12\/Olinda_1761890494626-768x432.jpg 768w, https:\/\/www.em.com.br\/emfoco\/wp-content\/uploads\/2025\/12\/Olinda_1761890494626-750x422.jpg 750w, https:\/\/www.em.com.br\/emfoco\/wp-content\/uploads\/2025\/12\/Olinda_1761890494626-1140x641.jpg 1140w, https:\/\/www.em.com.br\/emfoco\/wp-content\/uploads\/2025\/12\/Olinda_1761890494626.jpg 1280w\" sizes=\"auto, (max-width: 1024px) 100vw, 1024px\" \/><figcaption class=\"wp-element-caption\">Olinda \u00e9 Patrim\u00f4nio Mundial da Humanidade pela UNESCO \/\/ Cr\u00e9ditos: depositphotos.com \/ contato@caciomurilo.com.br<\/figcaption><\/figure><\/div>\n\n\n<h2 class=\"wp-block-heading\">Quando o clima favorece cada tipo de passeio em Recife?<\/h2>\n\n\n\n<p>O calor \u00e9 constante o ano todo, com temperatura m\u00e9dia acima de 25 \u00b0C. A diferen\u00e7a est\u00e1 na chuva: o per\u00edodo mais chuvoso vai de mar\u00e7o a agosto, com pico entre maio e julho. De setembro a fevereiro, o sol predomina e a cidade fica mais convidativa para praias e caminhadas ao ar livre.<\/p>\n\n\n\n<style>\n    .card-interativo {\n        transition: transform 0.15s ease-in-out, box-shadow 0.15s ease-in-out;\n        cursor: pointer;\n    }\n    .card-interativo:hover {\n        transform: translateY(-4px);\n    }\n    .card-interativo:active {\n        transform: scale(0.96);\n    }\n<\/style>\n<div class=\"google-auto-ads-ignore\" style=\"box-sizing: border-box; display: flex; flex-direction: column; width: 100%; max-width: 900px; margin: 30px auto; font-family: 'Segoe UI', Roboto, Helvetica, Arial, sans-serif; clear: both;\">\n    <div style=\"display: flex; flex-wrap: wrap; gap: 15px;\">\n        \n        <div class=\"card-interativo\" style=\"flex: 1 1 calc(25% - 15px); min-width: 200px; border: 2px solid #1a2a57; border-radius: 8px; padding: 20px; background: #f0f4f8; box-sizing: border-box; box-shadow: 0 4px 10px rgba(26, 42, 87, 0.1); display: flex; flex-direction: column;\">\n            <div style=\"display: flex; align-items: center; justify-content: center; gap: 8px; margin-bottom: 20px;\">\n                <span style=\"font-size: 22px; line-height: 1;\">\u2600\ufe0f<\/span>\n                <strong style=\"color: #1a2a57; font-size: 16px; text-transform: uppercase;\">Ver\u00e3o<\/strong>\n            <\/div>\n            <div style=\"margin-bottom: auto;\">\n                <div style=\"text-align: center; font-size: 11px; font-weight: 800; color: #111c3a; text-transform: uppercase; margin-bottom: 5px;\">Dezembro &#8211; Fevereiro<\/div>\n                <div style=\"text-align: center; font-size: 26px; font-weight: 900; color: #1a2a57; margin-bottom: 10px;\">25\u00b0C a 32\u00b0C<\/div>\n                <div style=\"text-align: center; font-size: 13px; color: #555; line-height: 1.5; margin-bottom: 15px;\">O sol predomina e a cidade ferve! \u00c9poca perfeita para curtir a praia de <strong>Boa Viagem, os passeios de barco e o Carnaval<\/strong>. <em>Evite a exposi\u00e7\u00e3o direta ao sol do meio-dia e reserve os hot\u00e9is com muita anteced\u00eancia.<\/em><\/div>\n            <\/div>\n            <div style=\"text-align: center;\">\n                <span style=\"display: inline-block; background: #1a2a57; color: #fff; font-size: 10px; font-weight: 800; padding: 6px 12px; border-radius: 20px; text-transform: uppercase; line-height: 1.4;\">\ud83c\udf8a Alta Temporada<\/span>\n            <\/div>\n        <\/div>\n\n        <div class=\"card-interativo\" style=\"flex: 1 1 calc(25% - 15px); min-width: 200px; border: 1px solid #e1e6ef; border-top: 4px solid #1a2a57; border-radius: 8px; padding: 20px; background: #fff; box-sizing: border-box; box-shadow: 0 4px 10px rgba(26, 42, 87, 0.05); display: flex; flex-direction: column;\">\n            <div style=\"display: flex; align-items: center; justify-content: center; gap: 8px; margin-bottom: 20px;\">\n                <span style=\"font-size: 22px; line-height: 1;\">\ud83c\udf42<\/span>\n                <strong style=\"color: #1a2a57; font-size: 16px; text-transform: uppercase;\">Outono<\/strong>\n            <\/div>\n            <div style=\"margin-bottom: auto;\">\n                <div style=\"text-align: center; font-size: 11px; font-weight: 800; color: #111c3a; text-transform: uppercase; margin-bottom: 5px;\">Mar\u00e7o &#8211; Maio<\/div>\n                <div style=\"text-align: center; font-size: 26px; font-weight: 900; color: #1a2a57; margin-bottom: 10px;\">24\u00b0C a 31\u00b0C<\/div>\n                <div style=\"text-align: center; font-size: 13px; color: #555; line-height: 1.5; margin-bottom: 15px;\">O calor \u00e9 constante, mas as chuvas come\u00e7am a ganhar muita for\u00e7a. Troque a praia pelo riqu\u00edssimo roteiro cultural: visite os <strong>museus do Recife Antigo e o interativo Pa\u00e7o do Frevo<\/strong>.<\/div>\n            <\/div>\n            <div style=\"text-align: center;\">\n                <span style=\"display: inline-block; background: #f0f4f8; color: #1a2a57; font-size: 10px; font-weight: 800; padding: 6px 12px; border-radius: 20px; text-transform: uppercase; border: 1px solid #e1e6ef; line-height: 1.4;\">\ud83d\udca7 Chuva Alta<\/span>\n            <\/div>\n        <\/div>\n\n        <div class=\"card-interativo\" style=\"flex: 1 1 calc(25% - 15px); min-width: 200px; border: 1px solid #e1e6ef; border-top: 4px solid #1a2a57; border-radius: 8px; padding: 20px; background: #fff; box-sizing: border-box; box-shadow: 0 4px 10px rgba(26, 42, 87, 0.05); display: flex; flex-direction: column;\">\n            <div style=\"display: flex; align-items: center; justify-content: center; gap: 8px; margin-bottom: 20px;\">\n                <span style=\"font-size: 22px; line-height: 1;\">\u2744\ufe0f<\/span>\n                <strong style=\"color: #1a2a57; font-size: 16px; text-transform: uppercase;\">Inverno<\/strong>\n            <\/div>\n            <div style=\"margin-bottom: auto;\">\n                <div style=\"text-align: center; font-size: 11px; font-weight: 800; color: #111c3a; text-transform: uppercase; margin-bottom: 5px;\">Junho &#8211; Agosto<\/div>\n                <div style=\"text-align: center; font-size: 26px; font-weight: 900; color: #1a2a57; margin-bottom: 10px;\">23\u00b0C a 29\u00b0C<\/div>\n                <div style=\"text-align: center; font-size: 13px; color: #555; line-height: 1.5; margin-bottom: 15px;\">O \u00e1pice do per\u00edodo chuvoso! \u00c9 a melhor \u00e9poca para focar no roteiro hist\u00f3rico abrigado, explorando o <strong>centro, as ladeiras de Olinda e o deslumbrante Instituto Ricardo Brennand<\/strong>. <em>Evite planejar passeios longos ao ar livre.<\/em><\/div>\n            <\/div>\n            <div style=\"text-align: center;\">\n                <span style=\"display: inline-block; background: #f0f4f8; color: #1a2a57; font-size: 10px; font-weight: 800; padding: 6px 12px; border-radius: 20px; text-transform: uppercase; border: 1px solid #e1e6ef; line-height: 1.4;\">\u2614 Chuva Muito Alta<\/span>\n            <\/div>\n        <\/div>\n\n        <div class=\"card-interativo\" style=\"flex: 1 1 calc(25% - 15px); min-width: 200px; border: 1px solid #e1e6ef; border-top: 4px solid #1a2a57; border-radius: 8px; padding: 20px; background: #fff; box-sizing: border-box; box-shadow: 0 4px 10px rgba(26, 42, 87, 0.05); display: flex; flex-direction: column;\">\n            <div style=\"display: flex; align-items: center; justify-content: center; gap: 8px; margin-bottom: 20px;\">\n                <span style=\"font-size: 22px; line-height: 1;\">\ud83c\udf38<\/span>\n                <strong style=\"color: #1a2a57; font-size: 16px; text-transform: uppercase;\">Primavera<\/strong>\n            <\/div>\n            <div style=\"margin-bottom: auto;\">\n                <div style=\"text-align: center; font-size: 11px; font-weight: 800; color: #111c3a; text-transform: uppercase; margin-bottom: 5px;\">Setembro &#8211; Novembro<\/div>\n                <div style=\"text-align: center; font-size: 26px; font-weight: 900; color: #1a2a57; margin-bottom: 10px;\">25\u00b0C a 31\u00b0C<\/div>\n                <div style=\"text-align: center; font-size: 13px; color: #555; line-height: 1.5; margin-bottom: 15px;\">O sol volta a reinar absoluto com a diminui\u00e7\u00e3o das chuvas! \u00c9 uma das melhores e mais tranquilas janelas para curtir as <strong>praias e o cl\u00e1ssico passeio de catamar\u00e3 pelo Rio Capibaribe<\/strong>.<\/div>\n            <\/div>\n            <div style=\"text-align: center;\">\n                <span style=\"display: inline-block; background: #f0f4f8; color: #1a2a57; font-size: 10px; font-weight: 800; padding: 6px 12px; border-radius: 20px; text-transform: uppercase; border: 1px solid #e1e6ef; line-height: 1.4;\">\u2600\ufe0f Chuva Baixa<\/span>\n            <\/div>\n        <\/div>\n        \n    <\/div>\n<\/div>\n\n\n\n<p><em>Temperaturas aproximadas com base no <a href=\"https:\/\/www.climatempo.com.br\/previsao-do-tempo\/cidade\/259\/recife-pe\" target=\"_blank\" rel=\"noreferrer noopener\"><strong>Climatempo<\/strong><\/a>. Condi\u00e7\u00f5es podem variar.<\/em><\/p>\n\n\n\n<h2 class=\"wp-block-heading\">Como chegar \u00e0 capital pernambucana?<\/h2>\n\n\n\n<p>O <strong>Aeroporto Internacional dos Guararapes<\/strong> recebe voos diretos de todas as capitais brasileiras e de cidades da Europa e da Am\u00e9rica do Sul. Fica a cerca de 10 km do bairro de <strong>Boa Viagem<\/strong>, principal regi\u00e3o hoteleira. Por terra, a <strong>BR-101<\/strong> liga Recife a Jo\u00e3o Pessoa (120 km ao norte) e a Macei\u00f3 (cerca de 260 km ao sul). Ambos os trajetos podem ser combinados com paradas em praias do litoral pernambucano e alagoano.<\/p>\n\n\n<div class=\"wp-block-image\">\n<figure class=\"aligncenter size-large\"><img loading=\"lazy\" decoding=\"async\" width=\"1024\" height=\"576\" src=\"https:\/\/www.em.com.br\/emfoco\/wp-content\/uploads\/2025\/12\/Recife_1747959697710-1024x576.jpg\" alt=\"\" class=\"wp-image-146947\" srcset=\"https:\/\/www.em.com.br\/emfoco\/wp-content\/uploads\/2025\/12\/Recife_1747959697710-1024x576.jpg 1024w, https:\/\/www.em.com.br\/emfoco\/wp-content\/uploads\/2025\/12\/Recife_1747959697710-300x169.jpg 300w, https:\/\/www.em.com.br\/emfoco\/wp-content\/uploads\/2025\/12\/Recife_1747959697710-768x432.jpg 768w, https:\/\/www.em.com.br\/emfoco\/wp-content\/uploads\/2025\/12\/Recife_1747959697710-750x422.jpg 750w, https:\/\/www.em.com.br\/emfoco\/wp-content\/uploads\/2025\/12\/Recife_1747959697710-1140x642.jpg 1140w, https:\/\/www.em.com.br\/emfoco\/wp-content\/uploads\/2025\/12\/Recife_1747959697710.jpg 1279w\" sizes=\"auto, (max-width: 1024px) 100vw, 1024px\" \/><figcaption class=\"wp-element-caption\">Recife surpreende com seu mix de modernidade, cultura e o encanto das \u00e1guas \/\/ Cr\u00e9ditos: depositphotos.com \/ gustavofrazao<\/figcaption><\/figure><\/div>\n\n\n<h2 class=\"wp-block-heading\">A cidade que se entende pelos rios<\/h2>\n\n\n\n<p>Recife s\u00f3 faz sentido quando vista da \u00e1gua. Os rios que cortam o centro, as pontes hist\u00f3ricas que ligam suas ilhas e o mar de recifes que batizou a cidade constroem uma paisagem rara no litoral brasileiro.<\/p>\n\n\n\n<p>Voc\u00ea precisa atravessar a Ponte Maur\u00edcio de Nassau a p\u00e9, sentir a brisa do Capibaribe e entender por que a Veneza Brasileira n\u00e3o \u00e9 apenas um apelido, mas o jeito como Recife existe.<\/p>\n","protected":false},"excerpt":{"rendered":"<p>Constru\u00edda sobre ilhas, cortada por rios e costurada por dezenas de pontes, Recife ganhou do escritor franc\u00eas Albert Camus o apelido que a acompanha desde 1949. A capital de Pernambuco nasceu na foz dos rios Capibaribe e Beberibe, e essa geografia de \u00e1gua e pedra moldou uma cidade onde hist\u00f3ria colonial, cultura viva e litoral [&hellip;]<\/p>\n","protected":false},"author":6,"featured_media":146946,"comment_status":"open","ping_status":"open","sticky":false,"template":"","format":"standard","meta":{"jnews-multi-image_gallery":[],"jnews_single_post":{"format":"standard"},"jnews_primary_category":[],"jnews_social_meta":[],"jnews_override_counter":[],"footnotes":""},"categories":[26],"tags":[183,1503,1191],"class_list":["post-179827","post","type-post","status-publish","format-standard","has-post-thumbnail","hentry","category-cidades","tag-cidades","tag-pernambuco","tag-recife"],"yoast_head":"<!-- This site is optimized with the Yoast SEO plugin v23.8 - https:\/\/yoast.com\/wordpress\/plugins\/seo\/ -->\n<title>A Veneza Brasileira est\u00e1 se tornando uma das melhores cidades para se visitar no Nordeste - Estado de Minas - Em foco<\/title>\n<meta name=\"description\" content=\"Canais, pontes hist\u00f3ricas e cultura vibrante fazem desse destino nordestino conhecido como Veneza Brasileira um lugar cada vez mais visitado.\" \/>\n<meta name=\"robots\" content=\"index, follow, max-snippet:-1, max-image-preview:large, max-video-preview:-1\" \/>\n<link rel=\"canonical\" href=\"https:\/\/www.em.com.br\/emfoco\/2026\/03\/10\/a-veneza-brasileira-esta-se-tornando-uma-das-melhores-cidades-para-se-visitar-no-nordeste\/\" \/>\n<meta property=\"og:locale\" content=\"pt_BR\" \/>\n<meta property=\"og:type\" content=\"article\" \/>\n<meta property=\"og:title\" content=\"A Veneza Brasileira est\u00e1 se tornando uma das melhores cidades para se visitar no Nordeste - Estado de Minas - Em foco\" \/>\n<meta property=\"og:description\" content=\"Canais, pontes hist\u00f3ricas e cultura vibrante fazem desse destino nordestino conhecido como Veneza Brasileira um lugar cada vez mais visitado.\" \/>\n<meta property=\"og:url\" content=\"https:\/\/www.em.com.br\/emfoco\/2026\/03\/10\/a-veneza-brasileira-esta-se-tornando-uma-das-melhores-cidades-para-se-visitar-no-nordeste\/\" \/>\n<meta property=\"og:site_name\" content=\"Estado de Minas - Em foco\" \/>\n<meta property=\"article:published_time\" content=\"2026-03-10T22:55:00+00:00\" \/>\n<meta property=\"article:modified_time\" content=\"2026-03-10T23:07:55+00:00\" \/>\n<meta property=\"og:image\" content=\"https:\/\/www.em.com.br\/emfoco\/wp-content\/uploads\/2025\/12\/Recife_1738713144992.jpg\" \/>\n\t<meta property=\"og:image:width\" content=\"1280\" \/>\n\t<meta property=\"og:image:height\" content=\"720\" \/>\n\t<meta property=\"og:image:type\" content=\"image\/jpeg\" \/>\n<meta name=\"author\" content=\"Vitor Bruno\" \/>\n<meta name=\"twitter:card\" content=\"summary_large_image\" \/>\n<meta name=\"twitter:label1\" content=\"Escrito por\" \/>\n\t<meta name=\"twitter:data1\" content=\"Vitor Bruno\" \/>\n\t<meta name=\"twitter:label2\" content=\"Est. tempo de leitura\" \/>\n\t<meta name=\"twitter:data2\" content=\"7 minutos\" \/>\n<!-- \/ Yoast SEO plugin. -->","yoast_head_json":{"title":"A Veneza Brasileira est\u00e1 se tornando uma das melhores cidades para se visitar no Nordeste - Estado de Minas - Em foco","description":"Canais, pontes hist\u00f3ricas e cultura vibrante fazem desse destino nordestino conhecido como Veneza Brasileira um lugar cada vez mais visitado.","robots":{"index":"index","follow":"follow","max-snippet":"max-snippet:-1","max-image-preview":"max-image-preview:large","max-video-preview":"max-video-preview:-1"},"canonical":"https:\/\/www.em.com.br\/emfoco\/2026\/03\/10\/a-veneza-brasileira-esta-se-tornando-uma-das-melhores-cidades-para-se-visitar-no-nordeste\/","og_locale":"pt_BR","og_type":"article","og_title":"A Veneza Brasileira est\u00e1 se tornando uma das melhores cidades para se visitar no Nordeste - Estado de Minas - Em foco","og_description":"Canais, pontes hist\u00f3ricas e cultura vibrante fazem desse destino nordestino conhecido como Veneza Brasileira um lugar cada vez mais visitado.","og_url":"https:\/\/www.em.com.br\/emfoco\/2026\/03\/10\/a-veneza-brasileira-esta-se-tornando-uma-das-melhores-cidades-para-se-visitar-no-nordeste\/","og_site_name":"Estado de Minas - Em foco","article_published_time":"2026-03-10T22:55:00+00:00","article_modified_time":"2026-03-10T23:07:55+00:00","og_image":[{"width":1280,"height":720,"url":"https:\/\/www.em.com.br\/emfoco\/wp-content\/uploads\/2025\/12\/Recife_1738713144992.jpg","type":"image\/jpeg"}],"author":"Vitor Bruno","twitter_card":"summary_large_image","twitter_misc":{"Escrito por":"Vitor Bruno","Est. tempo de leitura":"7 minutos"},"schema":{"@context":"https:\/\/schema.org","@graph":[{"@type":"WebPage","@id":"https:\/\/www.em.com.br\/emfoco\/2026\/03\/10\/a-veneza-brasileira-esta-se-tornando-uma-das-melhores-cidades-para-se-visitar-no-nordeste\/","url":"https:\/\/www.em.com.br\/emfoco\/2026\/03\/10\/a-veneza-brasileira-esta-se-tornando-uma-das-melhores-cidades-para-se-visitar-no-nordeste\/","name":"A Veneza Brasileira est\u00e1 se tornando uma das melhores cidades para se visitar no Nordeste - Estado de Minas - Em foco","isPartOf":{"@id":"https:\/\/www.em.com.br\/emfoco\/#website"},"primaryImageOfPage":{"@id":"https:\/\/www.em.com.br\/emfoco\/2026\/03\/10\/a-veneza-brasileira-esta-se-tornando-uma-das-melhores-cidades-para-se-visitar-no-nordeste\/#primaryimage"},"image":{"@id":"https:\/\/www.em.com.br\/emfoco\/2026\/03\/10\/a-veneza-brasileira-esta-se-tornando-uma-das-melhores-cidades-para-se-visitar-no-nordeste\/#primaryimage"},"thumbnailUrl":"https:\/\/www.em.com.br\/emfoco\/wp-content\/uploads\/2025\/12\/Recife_1738713144992.jpg","datePublished":"2026-03-10T22:55:00+00:00","dateModified":"2026-03-10T23:07:55+00:00","author":{"@id":"https:\/\/www.em.com.br\/emfoco\/#\/schema\/person\/364ac1852fafd00f1be20f0b8b237569"},"description":"Canais, pontes hist\u00f3ricas e cultura vibrante fazem desse destino nordestino conhecido como Veneza Brasileira um lugar cada vez mais visitado.","breadcrumb":{"@id":"https:\/\/www.em.com.br\/emfoco\/2026\/03\/10\/a-veneza-brasileira-esta-se-tornando-uma-das-melhores-cidades-para-se-visitar-no-nordeste\/#breadcrumb"},"inLanguage":"pt-BR","potentialAction":[{"@type":"ReadAction","target":["https:\/\/www.em.com.br\/emfoco\/2026\/03\/10\/a-veneza-brasileira-esta-se-tornando-uma-das-melhores-cidades-para-se-visitar-no-nordeste\/"]}]},{"@type":"ImageObject","inLanguage":"pt-BR","@id":"https:\/\/www.em.com.br\/emfoco\/2026\/03\/10\/a-veneza-brasileira-esta-se-tornando-uma-das-melhores-cidades-para-se-visitar-no-nordeste\/#primaryimage","url":"https:\/\/www.em.com.br\/emfoco\/wp-content\/uploads\/2025\/12\/Recife_1738713144992.jpg","contentUrl":"https:\/\/www.em.com.br\/emfoco\/wp-content\/uploads\/2025\/12\/Recife_1738713144992.jpg","width":1280,"height":720,"caption":"Recife encanta turistas brasileiros com seus canais, cultura e charme de \u201cVeneza do Nordeste\u201d \/\/ Cr\u00e9ditos: depositphotos.com \/ mrmello63@gmail.com"},{"@type":"BreadcrumbList","@id":"https:\/\/www.em.com.br\/emfoco\/2026\/03\/10\/a-veneza-brasileira-esta-se-tornando-uma-das-melhores-cidades-para-se-visitar-no-nordeste\/#breadcrumb","itemListElement":[{"@type":"ListItem","position":1,"name":"In\u00edcio","item":"https:\/\/www.em.com.br\/emfoco\/"},{"@type":"ListItem","position":2,"name":"A Veneza Brasileira est\u00e1 se tornando uma das melhores cidades para se visitar no Nordeste"}]},{"@type":"WebSite","@id":"https:\/\/www.em.com.br\/emfoco\/#website","url":"https:\/\/www.em.com.br\/emfoco\/","name":"Estado de Minas - Em foco","description":"Acompanhe as \u00faltimas not\u00edcias e fique bem informado sobre tudo o que acontece em Minas Gerais, Brasil e no mundo.","potentialAction":[{"@type":"SearchAction","target":{"@type":"EntryPoint","urlTemplate":"https:\/\/www.em.com.br\/emfoco\/?s={search_term_string}"},"query-input":{"@type":"PropertyValueSpecification","valueRequired":true,"valueName":"search_term_string"}}],"inLanguage":"pt-BR"},{"@type":"Person","@id":"https:\/\/www.em.com.br\/emfoco\/#\/schema\/person\/364ac1852fafd00f1be20f0b8b237569","name":"Vitor Bruno","image":{"@type":"ImageObject","inLanguage":"pt-BR","@id":"https:\/\/www.em.com.br\/emfoco\/#\/schema\/person\/image\/","url":"https:\/\/secure.gravatar.com\/avatar\/b719e5cdede09f942064960883b5524d?s=96&d=mm&r=g","contentUrl":"https:\/\/secure.gravatar.com\/avatar\/b719e5cdede09f942064960883b5524d?s=96&d=mm&r=g","caption":"Vitor Bruno"},"sameAs":["https:\/\/www.em.com.br\/emfoco\/"],"url":"https:\/\/www.em.com.br\/emfoco\/author\/vitormyth\/"}]}},"_links":{"self":[{"href":"https:\/\/www.em.com.br\/emfoco\/wp-json\/wp\/v2\/posts\/179827","targetHints":{"allow":["GET"]}}],"collection":[{"href":"https:\/\/www.em.com.br\/emfoco\/wp-json\/wp\/v2\/posts"}],"about":[{"href":"https:\/\/www.em.com.br\/emfoco\/wp-json\/wp\/v2\/types\/post"}],"author":[{"embeddable":true,"href":"https:\/\/www.em.com.br\/emfoco\/wp-json\/wp\/v2\/users\/6"}],"replies":[{"embeddable":true,"href":"https:\/\/www.em.com.br\/emfoco\/wp-json\/wp\/v2\/comments?post=179827"}],"version-history":[{"count":1,"href":"https:\/\/www.em.com.br\/emfoco\/wp-json\/wp\/v2\/posts\/179827\/revisions"}],"predecessor-version":[{"id":180021,"href":"https:\/\/www.em.com.br\/emfoco\/wp-json\/wp\/v2\/posts\/179827\/revisions\/180021"}],"wp:featuredmedia":[{"embeddable":true,"href":"https:\/\/www.em.com.br\/emfoco\/wp-json\/wp\/v2\/media\/146946"}],"wp:attachment":[{"href":"https:\/\/www.em.com.br\/emfoco\/wp-json\/wp\/v2\/media?parent=179827"}],"wp:term":[{"taxonomy":"category","embeddable":true,"href":"https:\/\/www.em.com.br\/emfoco\/wp-json\/wp\/v2\/categories?post=179827"},{"taxonomy":"post_tag","embeddable":true,"href":"https:\/\/www.em.com.br\/emfoco\/wp-json\/wp\/v2\/tags?post=179827"}],"curies":[{"name":"wp","href":"https:\/\/api.w.org\/{rel}","templated":true}]}}