{"id":179826,"date":"2026-03-10T18:05:00","date_gmt":"2026-03-10T21:05:00","guid":{"rendered":"https:\/\/www.em.com.br\/emfoco\/?p=179826"},"modified":"2026-03-10T18:12:22","modified_gmt":"2026-03-10T21:12:22","slug":"a-capital-brasileira-que-virou-referencia-mundial-50-anos-de-planejamento-e-um-jeitinho-acolhedor-de-ser","status":"publish","type":"post","link":"https:\/\/www.em.com.br\/emfoco\/2026\/03\/10\/a-capital-brasileira-que-virou-referencia-mundial-50-anos-de-planejamento-e-um-jeitinho-acolhedor-de-ser\/","title":{"rendered":"A capital brasileira que virou refer\u00eancia mundial: 50 anos de planejamento e um jeitinho acolhedor de ser"},"content":{"rendered":"\n<p>Capital do <strong>Paran\u00e1<\/strong> e 8\u00aa cidade mais populosa do <strong>Brasil<\/strong>, <strong>Curitiba<\/strong> \u00e9 conhecida como a \u201cCapital Ecol\u00f3gica\u201d. A 408 km de <strong>S\u00e3o Paulo<\/strong>, a cidade construiu ao longo de cinco d\u00e9cadas uma reputa\u00e7\u00e3o rara entre as metr\u00f3poles brasileiras: a de capital que cresce sem perder o controle. Em <strong>2023<\/strong>, esse hist\u00f3rico rendeu o t\u00edtulo de <a href=\"https:\/\/www.curitiba.pr.gov.br\/noticias\/curitiba-e-eleita-a-cidade-mais-inteligente-do-mundo-em-premiacao-na-espanha\/71094\" target=\"_blank\" rel=\"noreferrer noopener\"><strong>Cidade Mais Inteligente do Mundo<\/strong><\/a> no World Smart City Awards, premia\u00e7\u00e3o realizada em <strong>Barcelona<\/strong> que avalia inova\u00e7\u00e3o e sustentabilidade urbana.<\/p>\n\n\n\n<h2 class=\"wp-block-heading\">Por que Curitiba se tornou modelo global de urbanismo<\/h2>\n\n\n\n<p>A hist\u00f3ria come\u00e7a em <strong>1974<\/strong>, quando o prefeito <strong>Jaime Lerner<\/strong> inaugurou os primeiros 20 km de corredores exclusivos para \u00f4nibus. Nascia ali o Bus Rapid Transit (<strong>BRT<\/strong>), sistema que, ao longo das d\u00e9cadas seguintes, inspirou mais de 190 cidades em todos os continentes. Mas o transporte era apenas parte de algo maior: o Plano Diretor aprovado em <strong>1966<\/strong> integrava uso do solo, sistema vi\u00e1rio e transporte p\u00fablico num trip\u00e9 que moldou o crescimento da cidade. Onde passava \u00f4nibus, subia pr\u00e9dio. Onde n\u00e3o passava, ficava parque.<\/p>\n\n\n\n<p>Dois anos antes do <strong>BRT<\/strong>, outra decis\u00e3o marcou a identidade curitibana. A <strong>Rua XV de Novembro<\/strong> foi pedestrianizada em <strong>1972<\/strong> em apenas 72 horas, ritmo imposto por <strong>Lerner<\/strong> para evitar resist\u00eancia pol\u00edtica. Foi a primeira rua exclusiva para pedestres do <strong>Brasil<\/strong>. Hoje, o resultado desse planejamento se traduz em mais de 30 parques e bosques urbanos, com 52 m\u00b2 de \u00e1rea verde por habitante.<\/p>\n\n\n<div class=\"wp-block-image\">\n<figure class=\"aligncenter size-large\"><img loading=\"lazy\" decoding=\"async\" width=\"1024\" height=\"576\" src=\"https:\/\/www.em.com.br\/emfoco\/wp-content\/uploads\/2025\/02\/curitiba_1739329531523-1024x576.jpg\" alt=\"\" class=\"wp-image-18958\" srcset=\"https:\/\/www.em.com.br\/emfoco\/wp-content\/uploads\/2025\/02\/curitiba_1739329531523-1024x576.jpg 1024w, https:\/\/www.em.com.br\/emfoco\/wp-content\/uploads\/2025\/02\/curitiba_1739329531523-300x169.jpg 300w, https:\/\/www.em.com.br\/emfoco\/wp-content\/uploads\/2025\/02\/curitiba_1739329531523-768x432.jpg 768w, https:\/\/www.em.com.br\/emfoco\/wp-content\/uploads\/2025\/02\/curitiba_1739329531523-750x422.jpg 750w, https:\/\/www.em.com.br\/emfoco\/wp-content\/uploads\/2025\/02\/curitiba_1739329531523-1140x641.jpg 1140w, https:\/\/www.em.com.br\/emfoco\/wp-content\/uploads\/2025\/02\/curitiba_1739329531523.jpg 1280w\" sizes=\"auto, (max-width: 1024px) 100vw, 1024px\" \/><figcaption class=\"wp-element-caption\">Curitiba une urbanismo moderno e qualidade de vida elevada \/\/ Cr\u00e9ditos: depositphotos.com \/ diegograndi<\/figcaption><\/figure><\/div>\n\n\n<h2 class=\"wp-block-heading\">Como \u00e9 viver na capital com melhor qualidade de vida do pa\u00eds<\/h2>\n\n\n\n<p>Com 1.773.718 habitantes, segundo o Censo de <strong>2022<\/strong> do Instituto Brasileiro de Geografia e Estat\u00edstica (<a href=\"https:\/\/www.ibge.gov.br\/cidades-e-estados\/pr\/curitiba.html\" target=\"_blank\" rel=\"noreferrer noopener\"><strong>IBGE<\/strong><\/a>) e IDHM de 0,823, <strong>Curitiba<\/strong> sustenta uma infraestrutura educacional que refor\u00e7a sua voca\u00e7\u00e3o inovadora. A cidade abriga a Universidade Federal do <strong>Paran\u00e1<\/strong> (<a href=\"https:\/\/www.ufpr.br\" target=\"_blank\" rel=\"noreferrer noopener\"><strong>UFPR<\/strong><\/a>), fundada em <strong>1912<\/strong> e considerada a mais antiga do pa\u00eds. O pr\u00e9dio hist\u00f3rico da universidade na <strong>Pra\u00e7a Santos Andrade<\/strong> \u00e9 t\u00e3o relevante para a identidade local que foi eleito s\u00edmbolo oficial da cidade por vota\u00e7\u00e3o popular em <strong>1999<\/strong>.<\/p>\n\n\n\n<p>Al\u00e9m da <strong>UFPR<\/strong>, institui\u00e7\u00f5es como a <strong>UTFPR<\/strong>, a <strong>PUC-PR<\/strong> e o ecossistema de inova\u00e7\u00e3o do <strong>Vale do Pinh\u00e3o<\/strong> consolidam o perfil tecnol\u00f3gico da capital. O Instituto de Pesquisa e Planejamento Urbano de Curitiba (<a href=\"https:\/\/planejamentourbano.curitiba.pr.gov.br\" target=\"_blank\" rel=\"noreferrer noopener\"><strong>IPPUC<\/strong><\/a>), criado na d\u00e9cada de 1960, segue ativo como o c\u00e9rebro por tr\u00e1s das pol\u00edticas urbanas que deram fama \u00e0 cidade. Esse conjunto de fatores levou <strong>Curitiba<\/strong>, em <strong>2024<\/strong>, a integrar a <a href=\"https:\/\/www.uil.unesco.org\/en\/learning-cities\/curitiba\" target=\"_blank\" rel=\"noreferrer noopener\"><strong>Rede Global de Cidades que Aprendem da UNESCO<\/strong><\/a>, reconhecimento dado a munic\u00edpios com pol\u00edticas exemplares de educa\u00e7\u00e3o ao longo da vida.<\/p>\n\n\n\n<h2 class=\"wp-block-heading\">O que conhecer entre parques e museus de peso<\/h2>\n\n\n\n<p>O roteiro de <strong>Curitiba<\/strong> mistura marcos do planejamento urbano com atra\u00e7\u00f5es culturais que justificam a fama da cidade. A <strong>Linha Turismo<\/strong>, operada em \u00f4nibus de dois andares, conecta os principais pontos em um circuito de 45 km. Para quem prefere caminhar, o centro hist\u00f3rico concentra boa parte da identidade curitibana.<\/p>\n\n\n\n<ul class=\"wp-block-list has-medium-font-size\">\n<li><strong>Jardim Bot\u00e2nico<\/strong>: Inaugurado em <strong>1991<\/strong>, ocupa 278 mil m\u00b2 com jardins geom\u00e9tricos no estilo franc\u00eas e uma estufa de vidro inspirada no <strong>Pal\u00e1cio de Cristal de Londres<\/strong>. Pouca gente sabe que o terreno abrigava a antiga favela do <strong>Capanema<\/strong> antes da constru\u00e7\u00e3o do parque. Informa\u00e7\u00f5es no <a href=\"https:\/\/www.curitiba.pr.gov.br\/conteudo\/jardim-botanico-municipal-de-curitiba\/287\" target=\"_blank\" rel=\"noreferrer noopener\"><strong>site da Prefeitura de Curitiba<\/strong><\/a>.<\/li>\n\n\n\n<li><strong>Museu Oscar Niemeyer<\/strong>: Conhecido como \u201cMuseu do Olho\u201d pela torre projetada por <strong>Oscar Niemeyer<\/strong>, abriga um dos maiores acervos de arte contempor\u00e2nea da <strong>Am\u00e9rica Latina<\/strong> em mais de 17 mil m\u00b2. Programa\u00e7\u00e3o dispon\u00edvel no <a href=\"https:\/\/www.museuoscarniemeyer.org.br\" target=\"_blank\" rel=\"noreferrer noopener\"><strong>site do MON<\/strong><\/a>.<\/li>\n\n\n\n<li><strong>\u00d3pera de Arame<\/strong>: Teatro de <strong>1992<\/strong> constru\u00eddo com estrutura de a\u00e7o e vidro sobre uma pedreira desativada. O palco \u00e9 rodeado por lago natural e a plateia tem vista para a mata nativa ao redor.<\/li>\n\n\n\n<li><strong>Parque Tangu\u00e1<\/strong>: Antigas pedreiras transformadas em parque com mirante, cascata artificial e um t\u00fanel escavado na rocha que conecta dois lagos. O entardecer visto do mirante \u00e9 uma das cenas mais fotografadas da cidade.<\/li>\n\n\n\n<li><strong>Feira do Largo da Ordem<\/strong>: Realizada aos domingos no centro hist\u00f3rico, re\u00fane cerca de 1.500 expositores de artesanato e gastronomia em ruas de paralelep\u00edpedo cercadas por casar\u00f5es dos s\u00e9culos XVIII e XIX.<\/li>\n<\/ul>\n\n\n\n<p>Quem sonha em visitar <strong>Curitiba<\/strong>, vai curtir esse v\u00eddeo especialmente selecionado do canal <strong>Trip Partiu<\/strong>, que conta com mais de <strong>119 mil<\/strong> visualiza\u00e7\u00f5es, onde as apresentadoras mostram um roteiro completo pela capital do <strong>Paran\u00e1<\/strong>, incluindo o <strong>Jardim Bot\u00e2nico<\/strong> e o passeio de trem para <strong>Morretes<\/strong>:<\/p>\n\n\n\n<figure class=\"wp-block-embed is-type-video is-provider-youtube wp-block-embed-youtube wp-embed-aspect-16-9 wp-has-aspect-ratio\"><div class=\"wp-block-embed__wrapper\">\n<div class=\"jeg_video_container jeg_video_content\"><iframe loading=\"lazy\" title=\"CURITIBA PARAN\u00c1: melhor roteiro + dicas para economizar na viagem\" width=\"500\" height=\"281\" src=\"https:\/\/www.youtube.com\/embed\/fbcaIxaEeCo?feature=oembed\" frameborder=\"0\" allow=\"accelerometer; autoplay; clipboard-write; encrypted-media; gyroscope; picture-in-picture; web-share\" referrerpolicy=\"strict-origin-when-cross-origin\" allowfullscreen><\/iframe><\/div>\n<\/div><\/figure>\n\n\n\n<h2 class=\"wp-block-heading\">Os pratos que o frio da serra ajudou a criar<\/h2>\n\n\n\n<p>A cozinha de <strong>Curitiba<\/strong> carrega a heran\u00e7a de cinco correntes migrat\u00f3rias: poloneses, ucranianos, italianos, alem\u00e3es e japoneses. O frio da serra paranaense fez o resto, e a mesa local privilegia pratos encorpados e sabores que aquecem. No bairro <strong>Santa Felicidade<\/strong>, a tradi\u00e7\u00e3o gastron\u00f4mica italiana sobrevive h\u00e1 mais de um s\u00e9culo em restaurantes familiares que servem centenas de pessoas por noite.<\/p>\n\n\n\n<ul class=\"wp-block-list has-medium-font-size\">\n<li><strong>Barreado<\/strong>: Cozido lento de carne bovina preparado em panela de barro lacrada com farinha de mandioca, heran\u00e7a cai\u00e7ara do litoral paranaense que subiu a serra. O prato cozinha por at\u00e9 24 horas at\u00e9 a carne se desfazer, servido sobre farinha e banana.<\/li>\n\n\n\n<li><strong>Pierogi<\/strong>: Massa recheada com batata e queijo trazida pelos colonos poloneses no final do s\u00e9culo XIX. Em <strong>Curitiba<\/strong>, ganhou vers\u00f5es com carne-seca e requeij\u00e3o, encontradas nas feiras de rua e nos restaurantes do <strong>bairro Bigorrilho<\/strong>.<\/li>\n\n\n\n<li><strong>Carne de On\u00e7a<\/strong>: Apesar do nome, n\u00e3o leva carne de ca\u00e7a. \u00c9 um pat\u00ea de carne bovina crua temperada com cebolinha, ovo e mostarda, servido sobre p\u00e3o preto com cebola roxa. A receita surgiu nos bares do centro na primeira metade do s\u00e9culo XX e virou patrim\u00f4nio gastron\u00f4mico da cidade.<\/li>\n\n\n\n<li><strong>Pinh\u00e3o Assado<\/strong>: Semente da arauc\u00e1ria, s\u00edmbolo do <strong>Paran\u00e1<\/strong>, assada na brasa e consumida nos meses frios. A tradi\u00e7\u00e3o vem dos povos ind\u00edgenas que habitavam a regi\u00e3o, e o pinh\u00e3o segue sendo vendido em carrinhos pelas ruas do centro durante o inverno.<\/li>\n<\/ul>\n\n\n\n<p><strong>Leia tamb\u00e9m: <a href=\"https:\/\/www.em.com.br\/emfoco\/2026\/03\/08\/a-vila-onde-nao-ha-bancos-nao-ha-asfalto-e-nao-ha-postes-de-luz-so-o-brilho-da-lua-sobre-as-praias-mais-bonitas-do-planeta\/\" target=\"_blank\" rel=\"noreferrer noopener\">A vila onde n\u00e3o h\u00e1 bancos, n\u00e3o h\u00e1 asfalto e n\u00e3o h\u00e1 postes de luz: s\u00f3 o brilho da lua sobre as praias mais bonitas do planeta<\/a><\/strong><\/p>\n\n\n\n<h2 class=\"wp-block-heading\">Quando visitar e como \u00e9 o clima ao longo do ano<\/h2>\n\n\n\n<p>O clima subtropical de altitude faz de <strong>Curitiba<\/strong> uma das capitais mais frias do <strong>Brasil<\/strong>. Para quem busca o frio caracter\u00edstico, os meses de junho a agosto s\u00e3o ideais. Para passeios ao ar livre com mais conforto, setembro e outubro combinam temperaturas amenas com menos chuva.<\/p>\n\n\n\n<style>\n    .card-interativo {\n        transition: transform 0.15s ease-in-out, box-shadow 0.15s ease-in-out;\n        cursor: pointer;\n    }\n    .card-interativo:hover {\n        transform: translateY(-4px);\n    }\n    .card-interativo:active {\n        transform: scale(0.96);\n    }\n<\/style>\n<div class=\"google-auto-ads-ignore\" style=\"box-sizing: border-box; display: flex; flex-direction: column; width: 100%; max-width: 900px; margin: 30px auto; font-family: 'Segoe UI', Roboto, Helvetica, Arial, sans-serif; clear: both;\">\n    <div style=\"display: flex; flex-wrap: wrap; gap: 15px;\">\n        \n        <div class=\"card-interativo\" style=\"flex: 1 1 calc(25% - 15px); min-width: 200px; border: 1px solid #e1e6ef; border-top: 4px solid #1a2a57; border-radius: 8px; padding: 20px; background: #fff; box-sizing: border-box; box-shadow: 0 4px 10px rgba(26, 42, 87, 0.05); display: flex; flex-direction: column;\">\n            <div style=\"display: flex; align-items: center; justify-content: center; gap: 8px; margin-bottom: 20px;\">\n                <span style=\"font-size: 22px; line-height: 1;\">\u2600\ufe0f<\/span>\n                <strong style=\"color: #1a2a57; font-size: 16px; text-transform: uppercase;\">Ver\u00e3o<\/strong>\n            <\/div>\n            <div style=\"margin-bottom: auto;\">\n                <div style=\"text-align: center; font-size: 11px; font-weight: 800; color: #111c3a; text-transform: uppercase; margin-bottom: 5px;\">Dezembro &#8211; Fevereiro<\/div>\n                <div style=\"text-align: center; font-size: 26px; font-weight: 900; color: #1a2a57; margin-bottom: 10px;\">17\u00b0C a 27\u00b0C<\/div>\n                <div style=\"text-align: center; font-size: 13px; color: #555; line-height: 1.5; margin-bottom: 15px;\">Apesar de ser a capital mais fria do Brasil, o ver\u00e3o traz dias quentes e muita chuva. Aproveite as manh\u00e3s nos <strong>parques ao ar livre e a tradicional Feira do Largo da Ordem<\/strong>. <em>Evite sair sem guarda-chuva, as pancadas de fim de tarde s\u00e3o certas!<\/em><\/div>\n            <\/div>\n            <div style=\"text-align: center;\">\n                <span style=\"display: inline-block; background: #f0f4f8; color: #1a2a57; font-size: 10px; font-weight: 800; padding: 6px 12px; border-radius: 20px; text-transform: uppercase; border: 1px solid #e1e6ef; line-height: 1.4;\">\ud83d\udca7 Chuva Alta<\/span>\n            <\/div>\n        <\/div>\n\n        <div class=\"card-interativo\" style=\"flex: 1 1 calc(25% - 15px); min-width: 200px; border: 1px solid #e1e6ef; border-top: 4px solid #1a2a57; border-radius: 8px; padding: 20px; background: #fff; box-sizing: border-box; box-shadow: 0 4px 10px rgba(26, 42, 87, 0.05); display: flex; flex-direction: column;\">\n            <div style=\"display: flex; align-items: center; justify-content: center; gap: 8px; margin-bottom: 20px;\">\n                <span style=\"font-size: 22px; line-height: 1;\">\ud83c\udf42<\/span>\n                <strong style=\"color: #1a2a57; font-size: 16px; text-transform: uppercase;\">Outono<\/strong>\n            <\/div>\n            <div style=\"margin-bottom: auto;\">\n                <div style=\"text-align: center; font-size: 11px; font-weight: 800; color: #111c3a; text-transform: uppercase; margin-bottom: 5px;\">Mar\u00e7o &#8211; Maio<\/div>\n                <div style=\"text-align: center; font-size: 26px; font-weight: 900; color: #1a2a57; margin-bottom: 10px;\">10\u00b0C a 26\u00b0C<\/div>\n                <div style=\"text-align: center; font-size: 13px; color: #555; line-height: 1.5; margin-bottom: 15px;\">Os term\u00f4metros come\u00e7am a cair e as chuvas diminuem, deixando a cidade com um clima incrivelmente charmoso. Janela perfeita para o <strong>Jardim Bot\u00e2nico e cicloturismo nos parques<\/strong>.<\/div>\n            <\/div>\n            <div style=\"text-align: center;\">\n                <span style=\"display: inline-block; background: #f0f4f8; color: #1a2a57; font-size: 10px; font-weight: 800; padding: 6px 12px; border-radius: 20px; text-transform: uppercase; border: 1px solid #e1e6ef; line-height: 1.4;\">\u2601\ufe0f Chuva Moderada<\/span>\n            <\/div>\n        <\/div>\n\n        <div class=\"card-interativo\" style=\"flex: 1 1 calc(25% - 15px); min-width: 200px; border: 2px solid #1a2a57; border-radius: 8px; padding: 20px; background: #f0f4f8; box-sizing: border-box; box-shadow: 0 4px 10px rgba(26, 42, 87, 0.1); display: flex; flex-direction: column;\">\n            <div style=\"display: flex; align-items: center; justify-content: center; gap: 8px; margin-bottom: 20px;\">\n                <span style=\"font-size: 22px; line-height: 1;\">\u2744\ufe0f<\/span>\n                <strong style=\"color: #1a2a57; font-size: 16px; text-transform: uppercase;\">Inverno<\/strong>\n            <\/div>\n            <div style=\"margin-bottom: auto;\">\n                <div style=\"text-align: center; font-size: 11px; font-weight: 800; color: #111c3a; text-transform: uppercase; margin-bottom: 5px;\">Junho &#8211; Agosto<\/div>\n                <div style=\"text-align: center; font-size: 26px; font-weight: 900; color: #1a2a57; margin-bottom: 10px;\">7\u00b0C a 20\u00b0C<\/div>\n                <div style=\"text-align: center; font-size: 13px; color: #555; line-height: 1.5; margin-bottom: 15px;\">O frio corta de verdade e atrai quem busca o aut\u00eantico clima curitibano! O tempo seco \u00e9 ideal para focar na <strong>gastronomia de frio e comer pinh\u00e3o nas ruas do centro<\/strong>.<\/div>\n            <\/div>\n            <div style=\"text-align: center;\">\n                <span style=\"display: inline-block; background: #1a2a57; color: #fff; font-size: 10px; font-weight: 800; padding: 6px 12px; border-radius: 20px; text-transform: uppercase; line-height: 1.4;\">\ud83c\udf92 Alta Temporada<\/span>\n            <\/div>\n        <\/div>\n\n        <div class=\"card-interativo\" style=\"flex: 1 1 calc(25% - 15px); min-width: 200px; border: 1px solid #e1e6ef; border-top: 4px solid #1a2a57; border-radius: 8px; padding: 20px; background: #fff; box-sizing: border-box; box-shadow: 0 4px 10px rgba(26, 42, 87, 0.05); display: flex; flex-direction: column;\">\n            <div style=\"display: flex; align-items: center; justify-content: center; gap: 8px; margin-bottom: 20px;\">\n                <span style=\"font-size: 22px; line-height: 1;\">\ud83c\udf38<\/span>\n                <strong style=\"color: #1a2a57; font-size: 16px; text-transform: uppercase;\">Primavera<\/strong>\n            <\/div>\n            <div style=\"margin-bottom: auto;\">\n                <div style=\"text-align: center; font-size: 11px; font-weight: 800; color: #111c3a; text-transform: uppercase; margin-bottom: 5px;\">Setembro &#8211; Novembro<\/div>\n                <div style=\"text-align: center; font-size: 26px; font-weight: 900; color: #1a2a57; margin-bottom: 10px;\">11\u00b0C a 25\u00b0C<\/div>\n                <div style=\"text-align: center; font-size: 13px; color: #555; line-height: 1.5; margin-bottom: 15px;\">A cidade ganha cores vibrantes com o clima ameno retornando. Aproveite para pegar a <strong>Linha Turismo e admirar a florada das cerejeiras no Bosque do Alem\u00e3o<\/strong>.<\/div>\n            <\/div>\n            <div style=\"text-align: center;\">\n                <span style=\"display: inline-block; background: #f0f4f8; color: #1a2a57; font-size: 10px; font-weight: 800; padding: 6px 12px; border-radius: 20px; text-transform: uppercase; border: 1px solid #e1e6ef; line-height: 1.4;\">\u2601\ufe0f Chuva Moderada<\/span>\n            <\/div>\n        <\/div>\n        \n    <\/div>\n<\/div>\n\n\n\n<p>Dados estimativos baseados no <a href=\"https:\/\/www.climatempo.com.br\/previsao-do-tempo\/cidade\/232\/curitiba-pr\" target=\"_blank\" rel=\"noreferrer noopener\"><strong>Climatempo<\/strong><\/a>. As condi\u00e7\u00f5es clim\u00e1ticas podem variar e devem ser verificadas antes da viagem.<\/p>\n\n\n\n<h2 class=\"wp-block-heading\">Conhe\u00e7a a Capital Ecol\u00f3gica do Brasil<\/h2>\n\n\n\n<p><strong>Curitiba<\/strong> \u00e9 a capital que inventou o <strong>BRT<\/strong>, pedestrianizou ruas antes de qualquer outra cidade no pa\u00eds e transformou pedreiras abandonadas em \u00e1reas de contempla\u00e7\u00e3o. Os reconhecimentos internacionais continuam chegando, e a experi\u00eancia de percorrer a cidade revela por que o planejamento de 50 anos atr\u00e1s segue funcionando.<\/p>\n\n\n\n<p>Entre os principais motivos para conhecer est\u00e3o:<\/p>\n\n\n\n<ul class=\"wp-block-list has-medium-font-size\">\n<li><strong>Urbanismo como atra\u00e7\u00e3o tur\u00edstica<\/strong>: Parques criados em pedreiras, esta\u00e7\u00f5es-tubo que viraram \u00edcones de design e uma rede verde que funciona tamb\u00e9m como sistema de drenagem natural da cidade.<\/li>\n\n\n\n<li><strong>Cinco heran\u00e7as migrat\u00f3rias vivas<\/strong>: Bairros \u00e9tnicos, arquitetura europeia e pratos como o pierogi polon\u00eas e a carne de on\u00e7a curitibana contam a hist\u00f3ria da cidade sem precisar de museu.<\/li>\n\n\n\n<li><strong>Reconhecimento global em inova\u00e7\u00e3o<\/strong>: O t\u00edtulo de <a href=\"https:\/\/www.curitiba.pr.gov.br\/noticias\/inovacao-torna-curitiba-a-cidade-mais-inteligente-do-mundo-capital-mais-igualitaria-e-com-a-melhor-qualidade-de-vida-do-pais\/75436\" target=\"_blank\" rel=\"noreferrer noopener\"><strong>Cidade Mais Inteligente do Mundo em 2023<\/strong><\/a> pelo World Smart City Awards confirma que <strong>Curitiba<\/strong> mant\u00e9m a lideran\u00e7a em qualidade de vida entre as capitais brasileiras.<\/li>\n<\/ul>\n","protected":false},"excerpt":{"rendered":"<p>Capital do Paran\u00e1 e 8\u00aa cidade mais populosa do Brasil, Curitiba \u00e9 conhecida como a \u201cCapital Ecol\u00f3gica\u201d. A 408 km de S\u00e3o Paulo, a cidade construiu ao longo de cinco d\u00e9cadas uma reputa\u00e7\u00e3o rara entre as metr\u00f3poles brasileiras: a de capital que cresce sem perder o controle. Em 2023, esse hist\u00f3rico rendeu o t\u00edtulo de [&hellip;]<\/p>\n","protected":false},"author":6,"featured_media":148228,"comment_status":"open","ping_status":"open","sticky":false,"template":"","format":"standard","meta":{"jnews-multi-image_gallery":[],"jnews_single_post":{"format":"standard"},"jnews_primary_category":[],"jnews_social_meta":[],"jnews_override_counter":[],"footnotes":""},"categories":[26],"tags":[183,242,1209],"class_list":["post-179826","post","type-post","status-publish","format-standard","has-post-thumbnail","hentry","category-cidades","tag-cidades","tag-curitiba","tag-parana"],"yoast_head":"<!-- This site is optimized with the Yoast SEO plugin v23.8 - https:\/\/yoast.com\/wordpress\/plugins\/seo\/ -->\n<title>A capital brasileira que virou refer\u00eancia mundial: 50 anos de planejamento e um jeitinho acolhedor de ser - Estado de Minas - Em foco<\/title>\n<meta name=\"description\" content=\"Eleita a cidade mais inteligente do mundo em 2023, esta capital brasileira r\u00fane 30 parques e muita qualidade de vida.\" \/>\n<meta name=\"robots\" content=\"index, follow, max-snippet:-1, max-image-preview:large, max-video-preview:-1\" \/>\n<link rel=\"canonical\" href=\"https:\/\/www.em.com.br\/emfoco\/2026\/03\/10\/a-capital-brasileira-que-virou-referencia-mundial-50-anos-de-planejamento-e-um-jeitinho-acolhedor-de-ser\/\" \/>\n<meta property=\"og:locale\" content=\"pt_BR\" \/>\n<meta property=\"og:type\" content=\"article\" \/>\n<meta property=\"og:title\" content=\"A capital brasileira que virou refer\u00eancia mundial: 50 anos de planejamento e um jeitinho acolhedor de ser - Estado de Minas - Em foco\" \/>\n<meta property=\"og:description\" content=\"Eleita a cidade mais inteligente do mundo em 2023, esta capital brasileira r\u00fane 30 parques e muita qualidade de vida.\" \/>\n<meta property=\"og:url\" content=\"https:\/\/www.em.com.br\/emfoco\/2026\/03\/10\/a-capital-brasileira-que-virou-referencia-mundial-50-anos-de-planejamento-e-um-jeitinho-acolhedor-de-ser\/\" \/>\n<meta property=\"og:site_name\" content=\"Estado de Minas - Em foco\" \/>\n<meta property=\"article:published_time\" content=\"2026-03-10T21:05:00+00:00\" \/>\n<meta property=\"article:modified_time\" content=\"2026-03-10T21:12:22+00:00\" \/>\n<meta property=\"og:image\" content=\"https:\/\/www.em.com.br\/emfoco\/wp-content\/uploads\/2025\/12\/curitiba_1767122137136.jpg\" \/>\n\t<meta property=\"og:image:width\" content=\"1280\" \/>\n\t<meta property=\"og:image:height\" content=\"720\" \/>\n\t<meta property=\"og:image:type\" content=\"image\/jpeg\" \/>\n<meta name=\"author\" content=\"Vitor Bruno\" \/>\n<meta name=\"twitter:card\" content=\"summary_large_image\" \/>\n<meta name=\"twitter:label1\" content=\"Escrito por\" \/>\n\t<meta name=\"twitter:data1\" content=\"Vitor Bruno\" \/>\n\t<meta name=\"twitter:label2\" content=\"Est. tempo de leitura\" \/>\n\t<meta name=\"twitter:data2\" content=\"9 minutos\" \/>\n<!-- \/ Yoast SEO plugin. -->","yoast_head_json":{"title":"A capital brasileira que virou refer\u00eancia mundial: 50 anos de planejamento e um jeitinho acolhedor de ser - Estado de Minas - Em foco","description":"Eleita a cidade mais inteligente do mundo em 2023, esta capital brasileira r\u00fane 30 parques e muita qualidade de vida.","robots":{"index":"index","follow":"follow","max-snippet":"max-snippet:-1","max-image-preview":"max-image-preview:large","max-video-preview":"max-video-preview:-1"},"canonical":"https:\/\/www.em.com.br\/emfoco\/2026\/03\/10\/a-capital-brasileira-que-virou-referencia-mundial-50-anos-de-planejamento-e-um-jeitinho-acolhedor-de-ser\/","og_locale":"pt_BR","og_type":"article","og_title":"A capital brasileira que virou refer\u00eancia mundial: 50 anos de planejamento e um jeitinho acolhedor de ser - Estado de Minas - Em foco","og_description":"Eleita a cidade mais inteligente do mundo em 2023, esta capital brasileira r\u00fane 30 parques e muita qualidade de vida.","og_url":"https:\/\/www.em.com.br\/emfoco\/2026\/03\/10\/a-capital-brasileira-que-virou-referencia-mundial-50-anos-de-planejamento-e-um-jeitinho-acolhedor-de-ser\/","og_site_name":"Estado de Minas - Em foco","article_published_time":"2026-03-10T21:05:00+00:00","article_modified_time":"2026-03-10T21:12:22+00:00","og_image":[{"width":1280,"height":720,"url":"https:\/\/www.em.com.br\/emfoco\/wp-content\/uploads\/2025\/12\/curitiba_1767122137136.jpg","type":"image\/jpeg"}],"author":"Vitor Bruno","twitter_card":"summary_large_image","twitter_misc":{"Escrito por":"Vitor Bruno","Est. tempo de leitura":"9 minutos"},"schema":{"@context":"https:\/\/schema.org","@graph":[{"@type":"WebPage","@id":"https:\/\/www.em.com.br\/emfoco\/2026\/03\/10\/a-capital-brasileira-que-virou-referencia-mundial-50-anos-de-planejamento-e-um-jeitinho-acolhedor-de-ser\/","url":"https:\/\/www.em.com.br\/emfoco\/2026\/03\/10\/a-capital-brasileira-que-virou-referencia-mundial-50-anos-de-planejamento-e-um-jeitinho-acolhedor-de-ser\/","name":"A capital brasileira que virou refer\u00eancia mundial: 50 anos de planejamento e um jeitinho acolhedor de ser - Estado de Minas - Em foco","isPartOf":{"@id":"https:\/\/www.em.com.br\/emfoco\/#website"},"primaryImageOfPage":{"@id":"https:\/\/www.em.com.br\/emfoco\/2026\/03\/10\/a-capital-brasileira-que-virou-referencia-mundial-50-anos-de-planejamento-e-um-jeitinho-acolhedor-de-ser\/#primaryimage"},"image":{"@id":"https:\/\/www.em.com.br\/emfoco\/2026\/03\/10\/a-capital-brasileira-que-virou-referencia-mundial-50-anos-de-planejamento-e-um-jeitinho-acolhedor-de-ser\/#primaryimage"},"thumbnailUrl":"https:\/\/www.em.com.br\/emfoco\/wp-content\/uploads\/2025\/12\/curitiba_1767122137136.jpg","datePublished":"2026-03-10T21:05:00+00:00","dateModified":"2026-03-10T21:12:22+00:00","author":{"@id":"https:\/\/www.em.com.br\/emfoco\/#\/schema\/person\/364ac1852fafd00f1be20f0b8b237569"},"description":"Eleita a cidade mais inteligente do mundo em 2023, esta capital brasileira r\u00fane 30 parques e muita qualidade de vida.","breadcrumb":{"@id":"https:\/\/www.em.com.br\/emfoco\/2026\/03\/10\/a-capital-brasileira-que-virou-referencia-mundial-50-anos-de-planejamento-e-um-jeitinho-acolhedor-de-ser\/#breadcrumb"},"inLanguage":"pt-BR","potentialAction":[{"@type":"ReadAction","target":["https:\/\/www.em.com.br\/emfoco\/2026\/03\/10\/a-capital-brasileira-que-virou-referencia-mundial-50-anos-de-planejamento-e-um-jeitinho-acolhedor-de-ser\/"]}]},{"@type":"ImageObject","inLanguage":"pt-BR","@id":"https:\/\/www.em.com.br\/emfoco\/2026\/03\/10\/a-capital-brasileira-que-virou-referencia-mundial-50-anos-de-planejamento-e-um-jeitinho-acolhedor-de-ser\/#primaryimage","url":"https:\/\/www.em.com.br\/emfoco\/wp-content\/uploads\/2025\/12\/curitiba_1767122137136.jpg","contentUrl":"https:\/\/www.em.com.br\/emfoco\/wp-content\/uploads\/2025\/12\/curitiba_1767122137136.jpg","width":1280,"height":720,"caption":"Curitiba se destaca pela organiza\u00e7\u00e3o e infraestrutura eficiente \/\/ Cr\u00e9ditos: depositphotos.com \/ alfonsoperez"},{"@type":"BreadcrumbList","@id":"https:\/\/www.em.com.br\/emfoco\/2026\/03\/10\/a-capital-brasileira-que-virou-referencia-mundial-50-anos-de-planejamento-e-um-jeitinho-acolhedor-de-ser\/#breadcrumb","itemListElement":[{"@type":"ListItem","position":1,"name":"In\u00edcio","item":"https:\/\/www.em.com.br\/emfoco\/"},{"@type":"ListItem","position":2,"name":"A capital brasileira que virou refer\u00eancia mundial: 50 anos de planejamento e um jeitinho acolhedor de ser"}]},{"@type":"WebSite","@id":"https:\/\/www.em.com.br\/emfoco\/#website","url":"https:\/\/www.em.com.br\/emfoco\/","name":"Estado de Minas - Em foco","description":"Acompanhe as \u00faltimas not\u00edcias e fique bem informado sobre tudo o que acontece em Minas Gerais, Brasil e no mundo.","potentialAction":[{"@type":"SearchAction","target":{"@type":"EntryPoint","urlTemplate":"https:\/\/www.em.com.br\/emfoco\/?s={search_term_string}"},"query-input":{"@type":"PropertyValueSpecification","valueRequired":true,"valueName":"search_term_string"}}],"inLanguage":"pt-BR"},{"@type":"Person","@id":"https:\/\/www.em.com.br\/emfoco\/#\/schema\/person\/364ac1852fafd00f1be20f0b8b237569","name":"Vitor Bruno","image":{"@type":"ImageObject","inLanguage":"pt-BR","@id":"https:\/\/www.em.com.br\/emfoco\/#\/schema\/person\/image\/","url":"https:\/\/secure.gravatar.com\/avatar\/b719e5cdede09f942064960883b5524d?s=96&d=mm&r=g","contentUrl":"https:\/\/secure.gravatar.com\/avatar\/b719e5cdede09f942064960883b5524d?s=96&d=mm&r=g","caption":"Vitor Bruno"},"sameAs":["https:\/\/www.em.com.br\/emfoco\/"],"url":"https:\/\/www.em.com.br\/emfoco\/author\/vitormyth\/"}]}},"_links":{"self":[{"href":"https:\/\/www.em.com.br\/emfoco\/wp-json\/wp\/v2\/posts\/179826","targetHints":{"allow":["GET"]}}],"collection":[{"href":"https:\/\/www.em.com.br\/emfoco\/wp-json\/wp\/v2\/posts"}],"about":[{"href":"https:\/\/www.em.com.br\/emfoco\/wp-json\/wp\/v2\/types\/post"}],"author":[{"embeddable":true,"href":"https:\/\/www.em.com.br\/emfoco\/wp-json\/wp\/v2\/users\/6"}],"replies":[{"embeddable":true,"href":"https:\/\/www.em.com.br\/emfoco\/wp-json\/wp\/v2\/comments?post=179826"}],"version-history":[{"count":1,"href":"https:\/\/www.em.com.br\/emfoco\/wp-json\/wp\/v2\/posts\/179826\/revisions"}],"predecessor-version":[{"id":179915,"href":"https:\/\/www.em.com.br\/emfoco\/wp-json\/wp\/v2\/posts\/179826\/revisions\/179915"}],"wp:featuredmedia":[{"embeddable":true,"href":"https:\/\/www.em.com.br\/emfoco\/wp-json\/wp\/v2\/media\/148228"}],"wp:attachment":[{"href":"https:\/\/www.em.com.br\/emfoco\/wp-json\/wp\/v2\/media?parent=179826"}],"wp:term":[{"taxonomy":"category","embeddable":true,"href":"https:\/\/www.em.com.br\/emfoco\/wp-json\/wp\/v2\/categories?post=179826"},{"taxonomy":"post_tag","embeddable":true,"href":"https:\/\/www.em.com.br\/emfoco\/wp-json\/wp\/v2\/tags?post=179826"}],"curies":[{"name":"wp","href":"https:\/\/api.w.org\/{rel}","templated":true}]}}