{"id":179799,"date":"2026-03-11T21:15:32","date_gmt":"2026-03-12T00:15:32","guid":{"rendered":"https:\/\/www.em.com.br\/emfoco\/?p=179799"},"modified":"2026-03-10T17:01:51","modified_gmt":"2026-03-10T20:01:51","slug":"o-que-significa-lembrar-de-detalhes-que-outras-pessoas-esquecem-segundo-a-psicologia","status":"publish","type":"post","link":"https:\/\/www.em.com.br\/emfoco\/2026\/03\/11\/o-que-significa-lembrar-de-detalhes-que-outras-pessoas-esquecem-segundo-a-psicologia\/","title":{"rendered":"O que significa lembrar de detalhes que outras pessoas esquecem, segundo a psicologia"},"content":{"rendered":"\n<p>Voc\u00ea j\u00e1 se pegou lembrando da roupa que algu\u00e9m usava numa conversa de anos atr\u00e1s, ou da <b>frase exata<\/b> que ouviu numa reuni\u00e3o, enquanto todo mundo ao seu redor parece ter esquecido quase tudo? Para muita gente, isso \u00e9 motivo de estranhamento: \u201cpor que s\u00f3 eu guardo esses <b>detalhes espec\u00edficos<\/b>?\u201d. Na psicologia, lembrar de detalhes vai muito al\u00e9m de ter \u201cboa mem\u00f3ria\u201d e costuma misturar aten\u00e7\u00e3o, emo\u00e7\u00e3o, jeito de ser e at\u00e9 experi\u00eancias que voc\u00ea viveu ao longo da vida.<\/p>\n\n\n\n<h2 class=\"wp-block-heading\">O que significa lembrar de detalhes na psicologia<\/h2>\n\n\n\n<p>Quando algu\u00e9m lembra de conversas, express\u00f5es faciais, cheiros ou pequenas cenas com muita clareza, a psicologia costuma relacionar isso principalmente \u00e0 <b>mem\u00f3ria epis\u00f3dica<\/b> e \u00e0 forma como a pessoa presta aten\u00e7\u00e3o ao que acontece ao seu redor. N\u00e3o \u00e9 que o c\u00e9rebro \u201cgrava tudo\u201d, mas ele seleciona o que considera mais <b>importante ou marcante<\/b>.<\/p>\n\n\n\n<p>A emo\u00e7\u00e3o tamb\u00e9m entra forte nessa hist\u00f3ria. Situa\u00e7\u00f5es que tocam mais fundo \u2013 por serem especiais, dolorosas, intensas ou at\u00e9 estranhas \u2013 ficam registradas com mais nitidez. Assim, lembrar de detalhes muitas vezes \u00e9 um jeito do c\u00e9rebro tentar proteger o que considera <b>\u00fatil para<\/b> o futuro, seja para evitar sofrimento, seja para repetir algo que foi <b>bom ou<\/b> trouxe seguran\u00e7a.<\/p>\n\n\n<div class=\"wp-block-image\">\n<figure class=\"aligncenter size-large\"><img loading=\"lazy\" decoding=\"async\" width=\"1024\" height=\"576\" src=\"https:\/\/www.em.com.br\/emfoco\/wp-content\/uploads\/2026\/03\/Gemini_Generated_Image_dwuktvdwuktvdwuk-1-1024x576.png\" alt=\"\" class=\"wp-image-179824\" srcset=\"https:\/\/www.em.com.br\/emfoco\/wp-content\/uploads\/2026\/03\/Gemini_Generated_Image_dwuktvdwuktvdwuk-1-1024x576.png 1024w, https:\/\/www.em.com.br\/emfoco\/wp-content\/uploads\/2026\/03\/Gemini_Generated_Image_dwuktvdwuktvdwuk-1-300x169.png 300w, https:\/\/www.em.com.br\/emfoco\/wp-content\/uploads\/2026\/03\/Gemini_Generated_Image_dwuktvdwuktvdwuk-1-768x432.png 768w, https:\/\/www.em.com.br\/emfoco\/wp-content\/uploads\/2026\/03\/Gemini_Generated_Image_dwuktvdwuktvdwuk-1-750x422.png 750w, https:\/\/www.em.com.br\/emfoco\/wp-content\/uploads\/2026\/03\/Gemini_Generated_Image_dwuktvdwuktvdwuk-1-1140x641.png 1140w, https:\/\/www.em.com.br\/emfoco\/wp-content\/uploads\/2026\/03\/Gemini_Generated_Image_dwuktvdwuktvdwuk-1.png 1280w\" sizes=\"auto, (max-width: 1024px) 100vw, 1024px\" \/><figcaption class=\"wp-element-caption\">Quando algu\u00e9m lembra de conversas, express\u00f5es faciais, cheiros ou pequenas cenas com muita clareza<\/figcaption><\/figure><\/div>\n\n\n<p>Leia tamb\u00e9m:&nbsp;<a href=\"https:\/\/www.em.com.br\/emfoco\/2026\/03\/08\/o-que-significa-reler-mensagens-varia-vezes-antes-de-enviar-segundo-a-psicologia\/\" target=\"_blank\" rel=\"noopener\">O que significa reler mensagens v\u00e1ria vezes antes de enviar, segundo a psicologia<\/a><\/p>\n\n\n\n<h2 class=\"wp-block-heading\">Como diferenciar mem\u00f3ria forte, hiperfoco e simples interesse<\/h2>\n\n\n\n<p>Muita gente acredita que lembrar de detalhes \u00e9 sinal de <b>mem\u00f3ria extraordin\u00e1ria<\/b> em tudo, mas na pr\u00e1tica isso nem sempre acontece. Em v\u00e1rios casos, o que existe \u00e9 um foco muito grande em certos tipos de informa\u00e7\u00e3o, como n\u00fameros, datas, falas ou rostos, e o restante passa quase <b>despercebido e<\/b> esquecido.<\/p>\n\n\n\n<p>Em condi\u00e7\u00f5es como <a href=\"https:\/\/www.einstein.br\/n\/glossario-de-saude\/transtorno-do-espectro-autista-tea\" target=\"_blank\" rel=\"noreferrer noopener\">Transtorno do Espectro Autista<\/a> ou TDAH, por exemplo, \u00e9 comum a pessoa ter um <b>interesse intenso<\/b> em alguns temas e guardar muitos detalhes sobre eles, enquanto esquece tarefas simples do dia a dia. Tamb\u00e9m h\u00e1 quem desenvolva essa habilidade por treino: profiss\u00f5es como investiga\u00e7\u00e3o, direito, sa\u00fade ou pesquisa acabam \u201censinando\u201d o c\u00e9rebro a observar e registrar <b>min\u00facias com<\/b> mais aten\u00e7\u00e3o.<\/p>\n\n\n\n<h2 class=\"wp-block-heading\">Por que algumas pessoas lembram mais detalhes que outras<\/h2>\n\n\n\n<p>Nem todo mundo presta aten\u00e7\u00e3o nas mesmas coisas, e isso ajuda a explicar por que certas pessoas guardam detalhes que outras ignoram. Fatores biol\u00f3gicos, experi\u00eancias de vida, tra\u00e7os de personalidade e o momento emocional influenciam bastante o que o c\u00e9rebro decide <b>priorizar e<\/b> manter na mem\u00f3ria.<\/p>\n\n\n\n<p>A psicologia tamb\u00e9m observa que a mem\u00f3ria de detalhes varia conforme o contexto: algu\u00e9m pode ser extremamente atento no trabalho, mas viver esquecendo recados em casa. Para organizar melhor essas diferen\u00e7as, d\u00e1 para pensar em alguns fatores que costumam estar por tr\u00e1s desse jeito de <b>lembrar e<\/b> registrar:<\/p>\n\n\n\n<ul class=\"wp-block-list\">\n<li><strong>Biologia:<\/strong> funcionamento do c\u00e9rebro, ritmo de processamento e facilidade de <b>guardar informa\u00e7\u00f5es<\/b>.<\/li>\n\n\n\n<li><strong>Ambiente:<\/strong> crescer em lugares que valorizam leitura, observa\u00e7\u00e3o e <b>an\u00e1lise detalhada<\/b> ajuda a refor\u00e7ar esse h\u00e1bito.<\/li>\n\n\n\n<li><strong>Emo\u00e7\u00f5es:<\/strong> situa\u00e7\u00f5es com medo, alegria intensa ou surpresa marcam mais, inclusive nos <b>detalhes vividos<\/b>.<\/li>\n\n\n\n<li><strong>Personalidade:<\/strong> perfeccionismo, organiza\u00e7\u00e3o, introvers\u00e3o ou alta sensibilidade favorecem o <b>olhar minucioso<\/b>.<\/li>\n<\/ul>\n\n\n\n<p>Se voc\u00ea gosta de curiosidades, separamos esse v\u00eddeo do canal <a href=\"https:\/\/www.youtube.com\/@CienciaTodoDia\" target=\"_blank\" rel=\"noreferrer noopener\">Ci\u00eancia Todo Dia<\/a> ensinando como memorizar tudo:<\/p>\n\n\n\n<figure class=\"wp-block-embed is-type-video is-provider-youtube wp-block-embed-youtube wp-embed-aspect-16-9 wp-has-aspect-ratio\"><div class=\"wp-block-embed__wrapper\">\n<div class=\"jeg_video_container jeg_video_content\"><iframe loading=\"lazy\" title=\"Como memorizar ABSOLUTAMENTE TUDO\" width=\"500\" height=\"281\" src=\"https:\/\/www.youtube.com\/embed\/3vdzghRCprU?feature=oembed\" frameborder=\"0\" allow=\"accelerometer; autoplay; clipboard-write; encrypted-media; gyroscope; picture-in-picture; web-share\" referrerpolicy=\"strict-origin-when-cross-origin\" allowfullscreen><\/iframe><\/div>\n<\/div><\/figure>\n\n\n\n<h2 class=\"wp-block-heading\">Lembrar de detalhes \u00e9 sempre bom para a pessoa<\/h2>\n\n\n\n<p>Lembrar de detalhes pode ser uma grande vantagem em muitos momentos. No trabalho, ajuda a evitar erros, organizar informa\u00e7\u00f5es e tomar decis\u00f5es com mais seguran\u00e7a. Nas rela\u00e7\u00f5es, notar pequenos gostos, hist\u00f3rias e coment\u00e1rios de quem voc\u00ea gosta transmite <b>cuidado, interesse<\/b> e presen\u00e7a.<\/p>\n\n\n\n<p>Por outro lado, guardar demais tamb\u00e9m pode cansar. Algumas pessoas ficam presas a detalhes de discuss\u00f5es antigas, falas duras ou situa\u00e7\u00f5es injustas, revivendo a cena v\u00e1rias vezes na cabe\u00e7a. Esse tipo de \u201creplay mental\u201d favorece <b>rumina\u00e7\u00e3o e<\/b> aumenta a ansiedade e torna mais dif\u00edcil seguir em frente quando algo j\u00e1 passou.<\/p>\n\n\n\n<h2 class=\"wp-block-heading\">Como usar essa habilidade de forma pr\u00e1tica e saud\u00e1vel<\/h2>\n\n\n\n<p>Na psicoterapia, lembrar de detalhes pode ser uma <b>ferramenta poderosa<\/b>: facilita reconstruir hist\u00f3rias de vida, perceber padr\u00f5es de comportamento e entender melhor como a pessoa enxerga o mundo. Relatar cenas com riqueza de informa\u00e7\u00e3o ajuda a montar um quadro mais completo do que ela <b>sente e<\/b> necessita.<\/p>\n\n\n\n<p>Ao mesmo tempo, quando o excesso de lembran\u00e7as pesa, profissionais costumam trabalhar estrat\u00e9gias para organizar a mente: focar mais no presente, selecionar o que realmente merece aten\u00e7\u00e3o, criar rotinas e limites internos para n\u00e3o ficar revisitando tudo. Assim, lembrar de detalhes deixa de ser motivo de <b>inc\u00f4modo constante<\/b> e passa a ser uma habilidade que voc\u00ea usa a seu favor, em vez de <b>contra voc\u00ea<\/b>.<\/p>\n","protected":false},"excerpt":{"rendered":"<p>Voc\u00ea j\u00e1 se pegou lembrando da roupa que algu\u00e9m usava numa conversa de anos atr\u00e1s, ou da frase exata que ouviu numa reuni\u00e3o, enquanto todo mundo ao seu redor parece ter esquecido quase tudo? Para muita gente, isso \u00e9 motivo de estranhamento: \u201cpor que s\u00f3 eu guardo esses detalhes espec\u00edficos?\u201d. Na psicologia, lembrar de detalhes [&hellip;]<\/p>\n","protected":false},"author":9,"featured_media":179821,"comment_status":"open","ping_status":"open","sticky":false,"template":"","format":"standard","meta":{"jnews-multi-image_gallery":[],"jnews_single_post":{"format":"standard"},"jnews_primary_category":[],"jnews_social_meta":[],"jnews_override_counter":[],"footnotes":""},"categories":[8819,9053],"tags":[25966,5155,5162],"class_list":["post-179799","post","type-post","status-publish","format-standard","has-post-thumbnail","hentry","category-curiosidades","category-saude","tag-lembrar-de-detalhes","tag-psicologia","tag-significado"],"yoast_head":"<!-- This site is optimized with the Yoast SEO plugin v23.8 - https:\/\/yoast.com\/wordpress\/plugins\/seo\/ -->\n<title>O que significa lembrar de detalhes que outras pessoas esquecem, segundo a psicologia - Estado de Minas - Em foco<\/title>\n<meta name=\"description\" content=\"Lembrar de pequenos detalhes envolve aten\u00e7\u00e3o, emo\u00e7\u00e3o e personalidade e pode ser usado a seu favor no dia a dia e nas rela\u00e7\u00f5es.\" \/>\n<meta name=\"robots\" content=\"index, follow, max-snippet:-1, max-image-preview:large, max-video-preview:-1\" \/>\n<link rel=\"canonical\" href=\"https:\/\/www.em.com.br\/emfoco\/2026\/03\/11\/o-que-significa-lembrar-de-detalhes-que-outras-pessoas-esquecem-segundo-a-psicologia\/\" \/>\n<meta property=\"og:locale\" content=\"pt_BR\" \/>\n<meta property=\"og:type\" content=\"article\" \/>\n<meta property=\"og:title\" content=\"O que significa lembrar de detalhes que outras pessoas esquecem, segundo a psicologia - Estado de Minas - Em foco\" \/>\n<meta property=\"og:description\" content=\"Lembrar de pequenos detalhes envolve aten\u00e7\u00e3o, emo\u00e7\u00e3o e personalidade e pode ser usado a seu favor no dia a dia e nas rela\u00e7\u00f5es.\" \/>\n<meta property=\"og:url\" content=\"https:\/\/www.em.com.br\/emfoco\/2026\/03\/11\/o-que-significa-lembrar-de-detalhes-que-outras-pessoas-esquecem-segundo-a-psicologia\/\" \/>\n<meta property=\"og:site_name\" content=\"Estado de Minas - Em foco\" \/>\n<meta property=\"article:published_time\" content=\"2026-03-12T00:15:32+00:00\" \/>\n<meta property=\"article:modified_time\" content=\"2026-03-10T20:01:51+00:00\" \/>\n<meta property=\"og:image\" content=\"https:\/\/www.em.com.br\/emfoco\/wp-content\/uploads\/2026\/03\/Gemini_Generated_Image_2kricj2kricj2kri-1.png\" \/>\n\t<meta property=\"og:image:width\" content=\"1280\" \/>\n\t<meta property=\"og:image:height\" content=\"720\" \/>\n\t<meta property=\"og:image:type\" content=\"image\/png\" \/>\n<meta name=\"author\" content=\"Daniely Cardoso\" \/>\n<meta name=\"twitter:card\" content=\"summary_large_image\" \/>\n<meta name=\"twitter:label1\" content=\"Escrito por\" \/>\n\t<meta name=\"twitter:data1\" content=\"Daniely Cardoso\" \/>\n\t<meta name=\"twitter:label2\" content=\"Est. tempo de leitura\" \/>\n\t<meta name=\"twitter:data2\" content=\"5 minutos\" \/>\n<!-- \/ Yoast SEO plugin. -->","yoast_head_json":{"title":"O que significa lembrar de detalhes que outras pessoas esquecem, segundo a psicologia - Estado de Minas - Em foco","description":"Lembrar de pequenos detalhes envolve aten\u00e7\u00e3o, emo\u00e7\u00e3o e personalidade e pode ser usado a seu favor no dia a dia e nas rela\u00e7\u00f5es.","robots":{"index":"index","follow":"follow","max-snippet":"max-snippet:-1","max-image-preview":"max-image-preview:large","max-video-preview":"max-video-preview:-1"},"canonical":"https:\/\/www.em.com.br\/emfoco\/2026\/03\/11\/o-que-significa-lembrar-de-detalhes-que-outras-pessoas-esquecem-segundo-a-psicologia\/","og_locale":"pt_BR","og_type":"article","og_title":"O que significa lembrar de detalhes que outras pessoas esquecem, segundo a psicologia - Estado de Minas - Em foco","og_description":"Lembrar de pequenos detalhes envolve aten\u00e7\u00e3o, emo\u00e7\u00e3o e personalidade e pode ser usado a seu favor no dia a dia e nas rela\u00e7\u00f5es.","og_url":"https:\/\/www.em.com.br\/emfoco\/2026\/03\/11\/o-que-significa-lembrar-de-detalhes-que-outras-pessoas-esquecem-segundo-a-psicologia\/","og_site_name":"Estado de Minas - Em foco","article_published_time":"2026-03-12T00:15:32+00:00","article_modified_time":"2026-03-10T20:01:51+00:00","og_image":[{"width":1280,"height":720,"url":"https:\/\/www.em.com.br\/emfoco\/wp-content\/uploads\/2026\/03\/Gemini_Generated_Image_2kricj2kricj2kri-1.png","type":"image\/png"}],"author":"Daniely Cardoso","twitter_card":"summary_large_image","twitter_misc":{"Escrito por":"Daniely Cardoso","Est. tempo de leitura":"5 minutos"},"schema":{"@context":"https:\/\/schema.org","@graph":[{"@type":"WebPage","@id":"https:\/\/www.em.com.br\/emfoco\/2026\/03\/11\/o-que-significa-lembrar-de-detalhes-que-outras-pessoas-esquecem-segundo-a-psicologia\/","url":"https:\/\/www.em.com.br\/emfoco\/2026\/03\/11\/o-que-significa-lembrar-de-detalhes-que-outras-pessoas-esquecem-segundo-a-psicologia\/","name":"O que significa lembrar de detalhes que outras pessoas esquecem, segundo a psicologia - Estado de Minas - Em foco","isPartOf":{"@id":"https:\/\/www.em.com.br\/emfoco\/#website"},"primaryImageOfPage":{"@id":"https:\/\/www.em.com.br\/emfoco\/2026\/03\/11\/o-que-significa-lembrar-de-detalhes-que-outras-pessoas-esquecem-segundo-a-psicologia\/#primaryimage"},"image":{"@id":"https:\/\/www.em.com.br\/emfoco\/2026\/03\/11\/o-que-significa-lembrar-de-detalhes-que-outras-pessoas-esquecem-segundo-a-psicologia\/#primaryimage"},"thumbnailUrl":"https:\/\/www.em.com.br\/emfoco\/wp-content\/uploads\/2026\/03\/Gemini_Generated_Image_2kricj2kricj2kri-1.png","datePublished":"2026-03-12T00:15:32+00:00","dateModified":"2026-03-10T20:01:51+00:00","author":{"@id":"https:\/\/www.em.com.br\/emfoco\/#\/schema\/person\/0a8186d72f2c3a5c6276d90b41f271a0"},"description":"Lembrar de pequenos detalhes envolve aten\u00e7\u00e3o, emo\u00e7\u00e3o e personalidade e pode ser usado a seu favor no dia a dia e nas rela\u00e7\u00f5es.","breadcrumb":{"@id":"https:\/\/www.em.com.br\/emfoco\/2026\/03\/11\/o-que-significa-lembrar-de-detalhes-que-outras-pessoas-esquecem-segundo-a-psicologia\/#breadcrumb"},"inLanguage":"pt-BR","potentialAction":[{"@type":"ReadAction","target":["https:\/\/www.em.com.br\/emfoco\/2026\/03\/11\/o-que-significa-lembrar-de-detalhes-que-outras-pessoas-esquecem-segundo-a-psicologia\/"]}]},{"@type":"ImageObject","inLanguage":"pt-BR","@id":"https:\/\/www.em.com.br\/emfoco\/2026\/03\/11\/o-que-significa-lembrar-de-detalhes-que-outras-pessoas-esquecem-segundo-a-psicologia\/#primaryimage","url":"https:\/\/www.em.com.br\/emfoco\/wp-content\/uploads\/2026\/03\/Gemini_Generated_Image_2kricj2kricj2kri-1.png","contentUrl":"https:\/\/www.em.com.br\/emfoco\/wp-content\/uploads\/2026\/03\/Gemini_Generated_Image_2kricj2kricj2kri-1.png","width":1280,"height":720,"caption":"Quando algu\u00e9m lembra de conversas, express\u00f5es faciais, cheiros ou pequenas cenas com muita clareza"},{"@type":"BreadcrumbList","@id":"https:\/\/www.em.com.br\/emfoco\/2026\/03\/11\/o-que-significa-lembrar-de-detalhes-que-outras-pessoas-esquecem-segundo-a-psicologia\/#breadcrumb","itemListElement":[{"@type":"ListItem","position":1,"name":"In\u00edcio","item":"https:\/\/www.em.com.br\/emfoco\/"},{"@type":"ListItem","position":2,"name":"O que significa lembrar de detalhes que outras pessoas esquecem, segundo a psicologia"}]},{"@type":"WebSite","@id":"https:\/\/www.em.com.br\/emfoco\/#website","url":"https:\/\/www.em.com.br\/emfoco\/","name":"Estado de Minas - Em foco","description":"Acompanhe as \u00faltimas not\u00edcias e fique bem informado sobre tudo o que acontece em Minas Gerais, Brasil e no mundo.","potentialAction":[{"@type":"SearchAction","target":{"@type":"EntryPoint","urlTemplate":"https:\/\/www.em.com.br\/emfoco\/?s={search_term_string}"},"query-input":{"@type":"PropertyValueSpecification","valueRequired":true,"valueName":"search_term_string"}}],"inLanguage":"pt-BR"},{"@type":"Person","@id":"https:\/\/www.em.com.br\/emfoco\/#\/schema\/person\/0a8186d72f2c3a5c6276d90b41f271a0","name":"Daniely Cardoso","image":{"@type":"ImageObject","inLanguage":"pt-BR","@id":"https:\/\/www.em.com.br\/emfoco\/#\/schema\/person\/image\/","url":"https:\/\/secure.gravatar.com\/avatar\/4b80ddbd124d1f071b626d52d62e5dff?s=96&d=mm&r=g","contentUrl":"https:\/\/secure.gravatar.com\/avatar\/4b80ddbd124d1f071b626d52d62e5dff?s=96&d=mm&r=g","caption":"Daniely Cardoso"},"url":"https:\/\/www.em.com.br\/emfoco\/author\/danielymyth\/"}]}},"_links":{"self":[{"href":"https:\/\/www.em.com.br\/emfoco\/wp-json\/wp\/v2\/posts\/179799","targetHints":{"allow":["GET"]}}],"collection":[{"href":"https:\/\/www.em.com.br\/emfoco\/wp-json\/wp\/v2\/posts"}],"about":[{"href":"https:\/\/www.em.com.br\/emfoco\/wp-json\/wp\/v2\/types\/post"}],"author":[{"embeddable":true,"href":"https:\/\/www.em.com.br\/emfoco\/wp-json\/wp\/v2\/users\/9"}],"replies":[{"embeddable":true,"href":"https:\/\/www.em.com.br\/emfoco\/wp-json\/wp\/v2\/comments?post=179799"}],"version-history":[{"count":2,"href":"https:\/\/www.em.com.br\/emfoco\/wp-json\/wp\/v2\/posts\/179799\/revisions"}],"predecessor-version":[{"id":179825,"href":"https:\/\/www.em.com.br\/emfoco\/wp-json\/wp\/v2\/posts\/179799\/revisions\/179825"}],"wp:featuredmedia":[{"embeddable":true,"href":"https:\/\/www.em.com.br\/emfoco\/wp-json\/wp\/v2\/media\/179821"}],"wp:attachment":[{"href":"https:\/\/www.em.com.br\/emfoco\/wp-json\/wp\/v2\/media?parent=179799"}],"wp:term":[{"taxonomy":"category","embeddable":true,"href":"https:\/\/www.em.com.br\/emfoco\/wp-json\/wp\/v2\/categories?post=179799"},{"taxonomy":"post_tag","embeddable":true,"href":"https:\/\/www.em.com.br\/emfoco\/wp-json\/wp\/v2\/tags?post=179799"}],"curies":[{"name":"wp","href":"https:\/\/api.w.org\/{rel}","templated":true}]}}