{"id":179786,"date":"2026-03-11T21:35:00","date_gmt":"2026-03-12T00:35:00","guid":{"rendered":"https:\/\/www.em.com.br\/emfoco\/?p=179786"},"modified":"2026-03-10T20:33:26","modified_gmt":"2026-03-10T23:33:26","slug":"marca-lanca-seda-mais-barato-para-enfrentar-o-toyota-yaris-e-acirra-disputa-entre-compactos","status":"publish","type":"post","link":"https:\/\/www.em.com.br\/emfoco\/2026\/03\/11\/marca-lanca-seda-mais-barato-para-enfrentar-o-toyota-yaris-e-acirra-disputa-entre-compactos\/","title":{"rendered":"Marca lan\u00e7a sed\u00e3 mais barato para enfrentar o Toyota Yaris e acirra disputa entre compactos"},"content":{"rendered":"\n<p>O mercado de sed\u00e3s compactos de entrada segue firme em 2026, mesmo com o avan\u00e7o dos SUVs. Para quem prioriza economia de combust\u00edvel, baixo custo de manuten\u00e7\u00e3o e bom espa\u00e7o interno, o\u00a0<strong>Mitsubishi Mirage G4 2026<\/strong>\u00a0se destaca entre os sed\u00e3s B acess\u00edveis, mirando consumidores urbanos que desejam c\u00e2mbio autom\u00e1tico, pacote honesto de equipamentos e efici\u00eancia pr\u00f3xima \u00e0 de h\u00edbridos, em mercados como <strong>M\u00e9xico <\/strong>e <strong>Filipinas<\/strong>.<\/p>\n\n\n\n<h2 class=\"wp-block-heading\">O que mudou no Mitsubishi Mirage G4 2026<\/h2>\n\n\n\n<p>A principal novidade do&nbsp;<strong>Mitsubishi Mirage G4 2026<\/strong>&nbsp;est\u00e1 na transmiss\u00e3o em alguns mercados. No M\u00e9xico, o modelo abandona a caixa manual e passa a ser vendido exclusivamente com c\u00e2mbio autom\u00e1tico CVT em todas as vers\u00f5es, alinhado ao uso urbano intenso.<\/p>\n\n\n\n<p>Nas Filipinas, o sed\u00e3 mant\u00e9m op\u00e7\u00f5es CVT e manual de 5 marchas, atendendo quem ainda busca maior controle de condu\u00e7\u00e3o e menor custo de aquisi\u00e7\u00e3o. Em ambos os casos, a proposta segue simples, mas atualizada em conforto, conectividade e seguran\u00e7a, sem elevar demais o pre\u00e7o final.<\/p>\n\n\n\n<p>Selecionamos o v\u00eddeo do canal <strong><a href=\"https:\/\/www.instagram.com\/cheneehazel\/reels\/\" target=\"_blank\" rel=\"noreferrer noopener\">Chenee Jimenez<\/a><\/strong> que faz sucesso com seus mais de 45 mil seguidores e mostra um pouco desse lan\u00e7amento:<\/p>\n\n\n\n<blockquote class=\"instagram-media\" data-instgrm-captioned data-instgrm-permalink=\"https:\/\/www.instagram.com\/reel\/DPp9_NwEyjj\/?utm_source=ig_embed&amp;utm_campaign=loading\" data-instgrm-version=\"14\" style=\" background:#FFF; border:0; border-radius:3px; box-shadow:0 0 1px 0 rgba(0,0,0,0.5),0 1px 10px 0 rgba(0,0,0,0.15); margin: 1px; max-width:540px; min-width:326px; padding:0; width:99.375%; width:-webkit-calc(100% - 2px); width:calc(100% - 2px);\"><div style=\"padding:16px;\"> <a href=\"https:\/\/www.instagram.com\/reel\/DPp9_NwEyjj\/?utm_source=ig_embed&amp;utm_campaign=loading\" style=\" background:#FFFFFF; line-height:0; padding:0 0; text-align:center; text-decoration:none; width:100%;\" target=\"_blank\"> <div style=\" display: flex; flex-direction: row; align-items: center;\"> <div style=\"background-color: #F4F4F4; border-radius: 50%; flex-grow: 0; height: 40px; margin-right: 14px; width: 40px;\"><\/div> <div style=\"display: flex; flex-direction: column; flex-grow: 1; justify-content: center;\"> <div style=\" background-color: #F4F4F4; border-radius: 4px; flex-grow: 0; height: 14px; margin-bottom: 6px; width: 100px;\"><\/div> <div style=\" background-color: #F4F4F4; border-radius: 4px; flex-grow: 0; height: 14px; width: 60px;\"><\/div><\/div><\/div><div style=\"padding: 19% 0;\"><\/div> <div style=\"display:block; height:50px; margin:0 auto 12px; width:50px;\"><svg width=\"50px\" height=\"50px\" viewBox=\"0 0 60 60\" version=\"1.1\" xmlns=\"https:\/\/www.w3.org\/2000\/svg\" xmlns:xlink=\"https:\/\/www.w3.org\/1999\/xlink\"><g stroke=\"none\" stroke-width=\"1\" fill=\"none\" fill-rule=\"evenodd\"><g transform=\"translate(-511.000000, -20.000000)\" fill=\"#000000\"><g><path d=\"M556.869,30.41 C554.814,30.41 553.148,32.076 553.148,34.131 C553.148,36.186 554.814,37.852 556.869,37.852 C558.924,37.852 560.59,36.186 560.59,34.131 C560.59,32.076 558.924,30.41 556.869,30.41 M541,60.657 C535.114,60.657 530.342,55.887 530.342,50 C530.342,44.114 535.114,39.342 541,39.342 C546.887,39.342 551.658,44.114 551.658,50 C551.658,55.887 546.887,60.657 541,60.657 M541,33.886 C532.1,33.886 524.886,41.1 524.886,50 C524.886,58.899 532.1,66.113 541,66.113 C549.9,66.113 557.115,58.899 557.115,50 C557.115,41.1 549.9,33.886 541,33.886 M565.378,62.101 C565.244,65.022 564.756,66.606 564.346,67.663 C563.803,69.06 563.154,70.057 562.106,71.106 C561.058,72.155 560.06,72.803 558.662,73.347 C557.607,73.757 556.021,74.244 553.102,74.378 C549.944,74.521 548.997,74.552 541,74.552 C533.003,74.552 532.056,74.521 528.898,74.378 C525.979,74.244 524.393,73.757 523.338,73.347 C521.94,72.803 520.942,72.155 519.894,71.106 C518.846,70.057 518.197,69.06 517.654,67.663 C517.244,66.606 516.755,65.022 516.623,62.101 C516.479,58.943 516.448,57.996 516.448,50 C516.448,42.003 516.479,41.056 516.623,37.899 C516.755,34.978 517.244,33.391 517.654,32.338 C518.197,30.938 518.846,29.942 519.894,28.894 C520.942,27.846 521.94,27.196 523.338,26.654 C524.393,26.244 525.979,25.756 528.898,25.623 C532.057,25.479 533.004,25.448 541,25.448 C548.997,25.448 549.943,25.479 553.102,25.623 C556.021,25.756 557.607,26.244 558.662,26.654 C560.06,27.196 561.058,27.846 562.106,28.894 C563.154,29.942 563.803,30.938 564.346,32.338 C564.756,33.391 565.244,34.978 565.378,37.899 C565.522,41.056 565.552,42.003 565.552,50 C565.552,57.996 565.522,58.943 565.378,62.101 M570.82,37.631 C570.674,34.438 570.167,32.258 569.425,30.349 C568.659,28.377 567.633,26.702 565.965,25.035 C564.297,23.368 562.623,22.342 560.652,21.575 C558.743,20.834 556.562,20.326 553.369,20.18 C550.169,20.033 549.148,20 541,20 C532.853,20 531.831,20.033 528.631,20.18 C525.438,20.326 523.257,20.834 521.349,21.575 C519.376,22.342 517.703,23.368 516.035,25.035 C514.368,26.702 513.342,28.377 512.574,30.349 C511.834,32.258 511.326,34.438 511.181,37.631 C511.035,40.831 511,41.851 511,50 C511,58.147 511.035,59.17 511.181,62.369 C511.326,65.562 511.834,67.743 512.574,69.651 C513.342,71.625 514.368,73.296 516.035,74.965 C517.703,76.634 519.376,77.658 521.349,78.425 C523.257,79.167 525.438,79.673 528.631,79.82 C531.831,79.965 532.853,80.001 541,80.001 C549.148,80.001 550.169,79.965 553.369,79.82 C556.562,79.673 558.743,79.167 560.652,78.425 C562.623,77.658 564.297,76.634 565.965,74.965 C567.633,73.296 568.659,71.625 569.425,69.651 C570.167,67.743 570.674,65.562 570.82,62.369 C570.966,59.17 571,58.147 571,50 C571,41.851 570.966,40.831 570.82,37.631\"><\/path><\/g><\/g><\/g><\/svg><\/div><div style=\"padding-top: 8px;\"> <div style=\" color:#3897f0; font-family:Arial,sans-serif; font-size:14px; font-style:normal; font-weight:550; line-height:18px;\">Ver essa foto no Instagram<\/div><\/div><div style=\"padding: 12.5% 0;\"><\/div> <div style=\"display: flex; flex-direction: row; margin-bottom: 14px; align-items: center;\"><div> <div style=\"background-color: #F4F4F4; border-radius: 50%; height: 12.5px; width: 12.5px; transform: translateX(0px) translateY(7px);\"><\/div> <div style=\"background-color: #F4F4F4; height: 12.5px; transform: rotate(-45deg) translateX(3px) translateY(1px); width: 12.5px; flex-grow: 0; margin-right: 14px; margin-left: 2px;\"><\/div> <div style=\"background-color: #F4F4F4; border-radius: 50%; height: 12.5px; width: 12.5px; transform: translateX(9px) translateY(-18px);\"><\/div><\/div><div style=\"margin-left: 8px;\"> <div style=\" background-color: #F4F4F4; border-radius: 50%; flex-grow: 0; height: 20px; width: 20px;\"><\/div> <div style=\" width: 0; height: 0; border-top: 2px solid transparent; border-left: 6px solid #f4f4f4; border-bottom: 2px solid transparent; transform: translateX(16px) translateY(-4px) rotate(30deg)\"><\/div><\/div><div style=\"margin-left: auto;\"> <div style=\" width: 0px; border-top: 8px solid #F4F4F4; border-right: 8px solid transparent; transform: translateY(16px);\"><\/div> <div style=\" background-color: #F4F4F4; flex-grow: 0; height: 12px; width: 16px; transform: translateY(-4px);\"><\/div> <div style=\" width: 0; height: 0; border-top: 8px solid #F4F4F4; border-left: 8px solid transparent; transform: translateY(-4px) translateX(8px);\"><\/div><\/div><\/div> <div style=\"display: flex; flex-direction: column; flex-grow: 1; justify-content: center; margin-bottom: 24px;\"> <div style=\" background-color: #F4F4F4; border-radius: 4px; flex-grow: 0; height: 14px; margin-bottom: 6px; width: 224px;\"><\/div> <div style=\" background-color: #F4F4F4; border-radius: 4px; flex-grow: 0; height: 14px; width: 144px;\"><\/div><\/div><\/a><p style=\" color:#c9c8cd; font-family:Arial,sans-serif; font-size:14px; line-height:17px; margin-bottom:0; margin-top:8px; overflow:hidden; padding:8px 0 7px; text-align:center; text-overflow:ellipsis; white-space:nowrap;\"><a href=\"https:\/\/www.instagram.com\/reel\/DPp9_NwEyjj\/?utm_source=ig_embed&amp;utm_campaign=loading\" style=\" color:#c9c8cd; font-family:Arial,sans-serif; font-size:14px; font-style:normal; font-weight:normal; line-height:17px; text-decoration:none;\" target=\"_blank\">Um post compartilhado por Chenee Jimenez (@cheneehazel)<\/a><\/p><\/div><\/blockquote>\n<script async src=\"\/\/www.instagram.com\/embed.js\"><\/script>\n\n\n\n<h2 class=\"wp-block-heading\">O Mitsubishi Mirage G4 2026 pode ser lan\u00e7ado no Brasil<\/h2>\n\n\n\n<p>At\u00e9 o momento, n\u00e3o h\u00e1 previs\u00e3o oficial de lan\u00e7amento do&nbsp;<strong>Mitsubishi Mirage G4 2026<\/strong>&nbsp;no Brasil. Embora o modelo tenha perfil adequado para quem busca economia e baixo custo por quil\u00f4metro rodado, o cen\u00e1rio atual da marca no Pa\u00eds torna sua chegada pouco prov\u00e1vel no curto prazo.<\/p>\n\n\n\n<p>No Brasil, a <a href=\"https:\/\/www.google.com\/aclk?sa=L&amp;pf=1&amp;ai=DChsSEwi0iLThhZaTAxWtWUgAHZTtBb4YACICCAEQAhoCY2U&amp;co=1&amp;ase=2&amp;gclid=Cj0KCQjwgr_NBhDFARIsAHiUWr7pHCWDQ2HlVLqUieIyoUij1t3r1NDNUZap7fuyT828Doi45fubdh8aAksdEALw_wcB&amp;cid=CAAS0wHkaC3jfbUqAVPKrvTEhAq5YH3Y8AV-LboNbagQTdpelPJ61e1W7KFjk9yimpm_zOE_YzhGJ0Wp31IfR48FXTz9Zl_cgz1yuTsyRVXj8uMyG7aRuvvaiQcWsybDzEORZbngZtGo0FZd62sGNEDcHWiEbDUnAk5YABfswqC7PWDmIxDwuevJVfIaaadca3gqdBGQKCc9xWH6trDinTA096nIxLVZon1E0PJQPYLEgEbF_b0qdEkWeSnJwwngzOpwosWm_kGy3-VD-I8Jc31MlMgyBMs3&amp;cce=2&amp;category=acrcp_v1_32&amp;sig=AOD64_0RXLIenETsQ9Efl3KfkoBLaR2y6w&amp;q&amp;nis=4&amp;adurl=https:\/\/www.mitsubishimotors.com.br\/ofertas?utm_source%3Dgoogle%26utm_medium%3Dcpc%26utm_campaign%3Dgoogle_mit_institucional_dig_conversao_aon_search_ca%26utm_content%3Dgoogle_mit_institucional_dig_conversao_aon_search_ca_n_n%26utm_term%3Dgoogle_mit_institucional_dig_conversao_aon_search_ca_n_n_n_nov24%26campaign%3Dtrue%26campanha%3D701Hr000000tgpIIAQ%26subSource%3Dgoogle%26gad_source%3D1%26gad_campaignid%3D21154616151%26gbraid%3D0AAAAAD7jIrOfqQJngthgbFLNlErJsohjk%26gclid%3DCj0KCQjwgr_NBhDFARIsAHiUWr7pHCWDQ2HlVLqUieIyoUij1t3r1NDNUZap7fuyT828Doi45fubdh8aAksdEALw_wcB&amp;ved=2ahUKEwi7pK3hhZaTAxUrppUCHa3SHj0Q0Qx6BAgQEAE\" target=\"_blank\" rel=\"noreferrer noopener\">Mitsubishi <\/a>\u00e9 operada pelo grupo HPE, que concentra sua estrat\u00e9gia em SUVs e picapes como\u00a0<strong>L200 Triton<\/strong>,\u00a0<strong>Pajero Sport<\/strong>\u00a0e\u00a0<strong>Eclipse Cross<\/strong>. Esses modelos t\u00eam maior valor agregado, margens mais atraentes e conversam melhor com o posicionamento \u201cpremium off-road\u201d da marca.<\/p>\n\n\n\n<h2 class=\"wp-block-heading\">Quais fatores podem limitar a chegada do Mirage G4 ao Brasil<\/h2>\n\n\n\n<p>Al\u00e9m da estrat\u00e9gia atual focada em utilit\u00e1rios, o segmento de sed\u00e3s compactos vive forte concorr\u00eancia e retra\u00e7\u00e3o frente aos SUVs. Isso exigiria da marca investimentos altos em produ\u00e7\u00e3o local, marketing e reposicionamento para disputar um nicho j\u00e1 saturado.<\/p>\n\n\n\n<p>Entre os principais pontos que hoje jogam contra a vinda do Mirage G4 ao mercado brasileiro, est\u00e3o:<\/p>\n\n\n\n<ul class=\"wp-block-list\">\n<li><strong>Estrat\u00e9gia da marca<\/strong>: imagem associada a robustez e uso misto cidade\u2013campo, distante de um sed\u00e3 compacto de entrada.<\/li>\n\n\n\n<li><strong>Concorr\u00eancia acirrada<\/strong>: dom\u00ednio de&nbsp;<strong>Chevrolet Onix Plus<\/strong>,&nbsp;<strong>Hyundai HB20S<\/strong>&nbsp;e&nbsp;<strong>Fiat Cronos<\/strong>, que j\u00e1 t\u00eam rede, volume e produ\u00e7\u00e3o local.<\/li>\n\n\n\n<li><strong>Motoriza\u00e7\u00e3o 1.2 aspirada<\/strong>: eficiente, mas potencialmente vista como \u201cfraca\u201d frente a motores&nbsp;<strong>1.0 turbo<\/strong>&nbsp;valorizados pelo consumidor brasileiro.<\/li>\n<\/ul>\n\n\n\n<figure class=\"wp-block-image size-large\"><img loading=\"lazy\" decoding=\"async\" width=\"1024\" height=\"576\" src=\"https:\/\/www.em.com.br\/emfoco\/wp-content\/uploads\/2026\/03\/Gemini_Generated_Image_9vxpmf9vxpmf9vxp-1-1024x576.png\" alt=\"O sed\u00e3 acess\u00edvel que desafia SUVs no custo por quil\u00f4metro\" class=\"wp-image-179792\" srcset=\"https:\/\/www.em.com.br\/emfoco\/wp-content\/uploads\/2026\/03\/Gemini_Generated_Image_9vxpmf9vxpmf9vxp-1-1024x576.png 1024w, https:\/\/www.em.com.br\/emfoco\/wp-content\/uploads\/2026\/03\/Gemini_Generated_Image_9vxpmf9vxpmf9vxp-1-300x169.png 300w, https:\/\/www.em.com.br\/emfoco\/wp-content\/uploads\/2026\/03\/Gemini_Generated_Image_9vxpmf9vxpmf9vxp-1-768x432.png 768w, https:\/\/www.em.com.br\/emfoco\/wp-content\/uploads\/2026\/03\/Gemini_Generated_Image_9vxpmf9vxpmf9vxp-1-750x422.png 750w, https:\/\/www.em.com.br\/emfoco\/wp-content\/uploads\/2026\/03\/Gemini_Generated_Image_9vxpmf9vxpmf9vxp-1-1140x641.png 1140w, https:\/\/www.em.com.br\/emfoco\/wp-content\/uploads\/2026\/03\/Gemini_Generated_Image_9vxpmf9vxpmf9vxp-1.png 1280w\" sizes=\"auto, (max-width: 1024px) 100vw, 1024px\" \/><figcaption class=\"wp-element-caption\">O sed\u00e3 acess\u00edvel que desafia SUVs no custo por quil\u00f4metro<\/figcaption><\/figure>\n\n\n\n<h2 class=\"wp-block-heading\">Como \u00e9 o desempenho, o consumo e o pacote de equipamentos<\/h2>\n\n\n\n<p>O sed\u00e3 mant\u00e9m o motor 1.2 de tr\u00eas cilindros aspirado (MIVEC em alguns mercados), com cerca de 76 a 78 cv e 100 Nm de torque. O 0 a 100 km\/h em torno de 15 segundos revela foco total em efici\u00eancia, com consumo declarado pr\u00f3ximo de 4 l\/100 km e autonomia que pode chegar a 1000 km.<\/p>\n\n\n\n<p>Para enfrentar rivais como Toyota Yaris Sed\u00e1n, Mazda 2, Chevrolet Aveo e Nissan Versa, o&nbsp;<strong>Mitsubishi Mirage G4<\/strong>&nbsp;aposta em pre\u00e7o competitivo e um pacote que inclui far\u00f3is em LED, rodas de liga leve de 15 polegadas, ar-condicionado autom\u00e1tico nas vers\u00f5es superiores, multim\u00eddia de 7&#8243; com Apple CarPlay e Android Auto, al\u00e9m de ABS, controles de estabilidade e tra\u00e7\u00e3o e Assistente de Partida em Rampa.<\/p>\n\n\n\n<h2 class=\"wp-block-heading\">Quais s\u00e3o as dimens\u00f5es, pre\u00e7os e motivos para considerar o Mirage G4<\/h2>\n\n\n\n<p>O&nbsp;<strong>Mitsubishi Mirage G4 2026<\/strong>&nbsp;mant\u00e9m medidas t\u00edpicas do segmento B, com cerca de 4.305 mm de comprimento, 2.550 mm de entre-eixos e porta-malas em torno de 440 a 450 litros, atendendo bem tanto ao uso familiar quanto profissional. No M\u00e9xico e nas Filipinas, permanece entre os sed\u00e3s autom\u00e1ticos mais acess\u00edveis, com valores abaixo de 20 mil d\u00f3lares.<\/p>\n\n\n\n<p>Se voc\u00ea atua com transporte por aplicativo, busca um sed\u00e3 econ\u00f4mico para a fam\u00edlia ou quer fugir dos pre\u00e7os cada vez mais altos dos SUVs, este \u00e9 o momento de olhar de perto o Mirage G4 2026 nos mercados em que ele est\u00e1 dispon\u00edvel. Agende um test-drive, compare custos por quil\u00f4metro e decida r\u00e1pido: vers\u00f5es mais equipadas tendem a esgotar primeiro, e atrasar a compra pode significar perder uma das op\u00e7\u00f5es com melhor custo-benef\u00edcio e consumo baix\u00edssimo da categoria.<\/p>\n","protected":false},"excerpt":{"rendered":"<p>O mercado de sed\u00e3s compactos de entrada segue firme em 2026, mesmo com o avan\u00e7o dos SUVs. Para quem prioriza economia de combust\u00edvel, baixo custo de manuten\u00e7\u00e3o e bom espa\u00e7o interno, o\u00a0Mitsubishi Mirage G4 2026\u00a0se destaca entre os sed\u00e3s B acess\u00edveis, mirando consumidores urbanos que desejam c\u00e2mbio autom\u00e1tico, pacote honesto de equipamentos e efici\u00eancia pr\u00f3xima [&hellip;]<\/p>\n","protected":false},"author":11,"featured_media":179793,"comment_status":"open","ping_status":"open","sticky":false,"template":"","format":"standard","meta":{"jnews-multi-image_gallery":[],"jnews_single_post":{"format":"standard"},"jnews_primary_category":[],"jnews_social_meta":[],"jnews_override_counter":[],"footnotes":""},"categories":[27,1],"tags":[818,3028,4080],"class_list":["post-179786","post","type-post","status-publish","format-standard","has-post-thumbnail","hentry","category-carros","category-noticias","tag-carro","tag-lancamento","tag-mitsubishi"],"yoast_head":"<!-- This site is optimized with the Yoast SEO plugin v23.8 - https:\/\/yoast.com\/wordpress\/plugins\/seo\/ -->\n<title>Marca lan\u00e7a sed\u00e3 mais barato para enfrentar o Toyota Yaris e acirra disputa entre compactos - Estado de Minas - Em foco<\/title>\n<meta name=\"description\" content=\"Sed\u00e3 compacto da Mitsubishi chama aten\u00e7\u00e3o pelo consumo e autonomia. Conhe\u00e7a detalhes do Mirage G4 2026 e suas chances no Brasil.\" \/>\n<meta name=\"robots\" content=\"index, follow, max-snippet:-1, max-image-preview:large, max-video-preview:-1\" \/>\n<link rel=\"canonical\" href=\"https:\/\/www.em.com.br\/emfoco\/2026\/03\/11\/marca-lanca-seda-mais-barato-para-enfrentar-o-toyota-yaris-e-acirra-disputa-entre-compactos\/\" \/>\n<meta property=\"og:locale\" content=\"pt_BR\" \/>\n<meta property=\"og:type\" content=\"article\" \/>\n<meta property=\"og:title\" content=\"Marca lan\u00e7a sed\u00e3 mais barato para enfrentar o Toyota Yaris e acirra disputa entre compactos - Estado de Minas - Em foco\" \/>\n<meta property=\"og:description\" content=\"Sed\u00e3 compacto da Mitsubishi chama aten\u00e7\u00e3o pelo consumo e autonomia. Conhe\u00e7a detalhes do Mirage G4 2026 e suas chances no Brasil.\" \/>\n<meta property=\"og:url\" content=\"https:\/\/www.em.com.br\/emfoco\/2026\/03\/11\/marca-lanca-seda-mais-barato-para-enfrentar-o-toyota-yaris-e-acirra-disputa-entre-compactos\/\" \/>\n<meta property=\"og:site_name\" content=\"Estado de Minas - Em foco\" \/>\n<meta property=\"article:published_time\" content=\"2026-03-12T00:35:00+00:00\" \/>\n<meta property=\"article:modified_time\" content=\"2026-03-10T23:33:26+00:00\" \/>\n<meta property=\"og:image\" content=\"https:\/\/www.em.com.br\/emfoco\/wp-content\/uploads\/2026\/03\/ChatGPT-Image-10-de-mar.-de-2026-16_14_38-1.png\" \/>\n\t<meta property=\"og:image:width\" content=\"1280\" \/>\n\t<meta property=\"og:image:height\" content=\"720\" \/>\n\t<meta property=\"og:image:type\" content=\"image\/png\" \/>\n<meta name=\"author\" content=\"Andre\u0301 Rangel\u00a0\" \/>\n<meta name=\"twitter:card\" content=\"summary_large_image\" \/>\n<meta name=\"twitter:label1\" content=\"Escrito por\" \/>\n\t<meta name=\"twitter:data1\" content=\"Andre\u0301 Rangel\u00a0\" \/>\n\t<meta name=\"twitter:label2\" content=\"Est. tempo de leitura\" \/>\n\t<meta name=\"twitter:data2\" content=\"5 minutos\" \/>\n<!-- \/ Yoast SEO plugin. -->","yoast_head_json":{"title":"Marca lan\u00e7a sed\u00e3 mais barato para enfrentar o Toyota Yaris e acirra disputa entre compactos - Estado de Minas - Em foco","description":"Sed\u00e3 compacto da Mitsubishi chama aten\u00e7\u00e3o pelo consumo e autonomia. Conhe\u00e7a detalhes do Mirage G4 2026 e suas chances no Brasil.","robots":{"index":"index","follow":"follow","max-snippet":"max-snippet:-1","max-image-preview":"max-image-preview:large","max-video-preview":"max-video-preview:-1"},"canonical":"https:\/\/www.em.com.br\/emfoco\/2026\/03\/11\/marca-lanca-seda-mais-barato-para-enfrentar-o-toyota-yaris-e-acirra-disputa-entre-compactos\/","og_locale":"pt_BR","og_type":"article","og_title":"Marca lan\u00e7a sed\u00e3 mais barato para enfrentar o Toyota Yaris e acirra disputa entre compactos - Estado de Minas - Em foco","og_description":"Sed\u00e3 compacto da Mitsubishi chama aten\u00e7\u00e3o pelo consumo e autonomia. Conhe\u00e7a detalhes do Mirage G4 2026 e suas chances no Brasil.","og_url":"https:\/\/www.em.com.br\/emfoco\/2026\/03\/11\/marca-lanca-seda-mais-barato-para-enfrentar-o-toyota-yaris-e-acirra-disputa-entre-compactos\/","og_site_name":"Estado de Minas - Em foco","article_published_time":"2026-03-12T00:35:00+00:00","article_modified_time":"2026-03-10T23:33:26+00:00","og_image":[{"width":1280,"height":720,"url":"https:\/\/www.em.com.br\/emfoco\/wp-content\/uploads\/2026\/03\/ChatGPT-Image-10-de-mar.-de-2026-16_14_38-1.png","type":"image\/png"}],"author":"Andre\u0301 Rangel\u00a0","twitter_card":"summary_large_image","twitter_misc":{"Escrito por":"Andre\u0301 Rangel\u00a0","Est. tempo de leitura":"5 minutos"},"schema":{"@context":"https:\/\/schema.org","@graph":[{"@type":"WebPage","@id":"https:\/\/www.em.com.br\/emfoco\/2026\/03\/11\/marca-lanca-seda-mais-barato-para-enfrentar-o-toyota-yaris-e-acirra-disputa-entre-compactos\/","url":"https:\/\/www.em.com.br\/emfoco\/2026\/03\/11\/marca-lanca-seda-mais-barato-para-enfrentar-o-toyota-yaris-e-acirra-disputa-entre-compactos\/","name":"Marca lan\u00e7a sed\u00e3 mais barato para enfrentar o Toyota Yaris e acirra disputa entre compactos - Estado de Minas - Em foco","isPartOf":{"@id":"https:\/\/www.em.com.br\/emfoco\/#website"},"primaryImageOfPage":{"@id":"https:\/\/www.em.com.br\/emfoco\/2026\/03\/11\/marca-lanca-seda-mais-barato-para-enfrentar-o-toyota-yaris-e-acirra-disputa-entre-compactos\/#primaryimage"},"image":{"@id":"https:\/\/www.em.com.br\/emfoco\/2026\/03\/11\/marca-lanca-seda-mais-barato-para-enfrentar-o-toyota-yaris-e-acirra-disputa-entre-compactos\/#primaryimage"},"thumbnailUrl":"https:\/\/www.em.com.br\/emfoco\/wp-content\/uploads\/2026\/03\/ChatGPT-Image-10-de-mar.-de-2026-16_14_38-1.png","datePublished":"2026-03-12T00:35:00+00:00","dateModified":"2026-03-10T23:33:26+00:00","author":{"@id":"https:\/\/www.em.com.br\/emfoco\/#\/schema\/person\/60eda09c1fedf0d6891f4cef4b60b8b8"},"description":"Sed\u00e3 compacto da Mitsubishi chama aten\u00e7\u00e3o pelo consumo e autonomia. Conhe\u00e7a detalhes do Mirage G4 2026 e suas chances no Brasil.","breadcrumb":{"@id":"https:\/\/www.em.com.br\/emfoco\/2026\/03\/11\/marca-lanca-seda-mais-barato-para-enfrentar-o-toyota-yaris-e-acirra-disputa-entre-compactos\/#breadcrumb"},"inLanguage":"pt-BR","potentialAction":[{"@type":"ReadAction","target":["https:\/\/www.em.com.br\/emfoco\/2026\/03\/11\/marca-lanca-seda-mais-barato-para-enfrentar-o-toyota-yaris-e-acirra-disputa-entre-compactos\/"]}]},{"@type":"ImageObject","inLanguage":"pt-BR","@id":"https:\/\/www.em.com.br\/emfoco\/2026\/03\/11\/marca-lanca-seda-mais-barato-para-enfrentar-o-toyota-yaris-e-acirra-disputa-entre-compactos\/#primaryimage","url":"https:\/\/www.em.com.br\/emfoco\/wp-content\/uploads\/2026\/03\/ChatGPT-Image-10-de-mar.-de-2026-16_14_38-1.png","contentUrl":"https:\/\/www.em.com.br\/emfoco\/wp-content\/uploads\/2026\/03\/ChatGPT-Image-10-de-mar.-de-2026-16_14_38-1.png","width":1280,"height":720,"caption":"O sed\u00e3 acess\u00edvel que desafia SUVs no custo por quil\u00f4metro"},{"@type":"BreadcrumbList","@id":"https:\/\/www.em.com.br\/emfoco\/2026\/03\/11\/marca-lanca-seda-mais-barato-para-enfrentar-o-toyota-yaris-e-acirra-disputa-entre-compactos\/#breadcrumb","itemListElement":[{"@type":"ListItem","position":1,"name":"In\u00edcio","item":"https:\/\/www.em.com.br\/emfoco\/"},{"@type":"ListItem","position":2,"name":"Marca lan\u00e7a sed\u00e3 mais barato para enfrentar o Toyota Yaris e acirra disputa entre compactos"}]},{"@type":"WebSite","@id":"https:\/\/www.em.com.br\/emfoco\/#website","url":"https:\/\/www.em.com.br\/emfoco\/","name":"Estado de Minas - Em foco","description":"Acompanhe as \u00faltimas not\u00edcias e fique bem informado sobre tudo o que acontece em Minas Gerais, Brasil e no mundo.","potentialAction":[{"@type":"SearchAction","target":{"@type":"EntryPoint","urlTemplate":"https:\/\/www.em.com.br\/emfoco\/?s={search_term_string}"},"query-input":{"@type":"PropertyValueSpecification","valueRequired":true,"valueName":"search_term_string"}}],"inLanguage":"pt-BR"},{"@type":"Person","@id":"https:\/\/www.em.com.br\/emfoco\/#\/schema\/person\/60eda09c1fedf0d6891f4cef4b60b8b8","name":"Andre\u0301 Rangel\u00a0","image":{"@type":"ImageObject","inLanguage":"pt-BR","@id":"https:\/\/www.em.com.br\/emfoco\/#\/schema\/person\/image\/","url":"https:\/\/secure.gravatar.com\/avatar\/6234dc814c77c8ef6d8bba622c787efc?s=96&d=mm&r=g","contentUrl":"https:\/\/secure.gravatar.com\/avatar\/6234dc814c77c8ef6d8bba622c787efc?s=96&d=mm&r=g","caption":"Andre\u0301 Rangel\u00a0"},"url":"https:\/\/www.em.com.br\/emfoco\/author\/luizmyth\/"}]}},"_links":{"self":[{"href":"https:\/\/www.em.com.br\/emfoco\/wp-json\/wp\/v2\/posts\/179786","targetHints":{"allow":["GET"]}}],"collection":[{"href":"https:\/\/www.em.com.br\/emfoco\/wp-json\/wp\/v2\/posts"}],"about":[{"href":"https:\/\/www.em.com.br\/emfoco\/wp-json\/wp\/v2\/types\/post"}],"author":[{"embeddable":true,"href":"https:\/\/www.em.com.br\/emfoco\/wp-json\/wp\/v2\/users\/11"}],"replies":[{"embeddable":true,"href":"https:\/\/www.em.com.br\/emfoco\/wp-json\/wp\/v2\/comments?post=179786"}],"version-history":[{"count":2,"href":"https:\/\/www.em.com.br\/emfoco\/wp-json\/wp\/v2\/posts\/179786\/revisions"}],"predecessor-version":[{"id":179797,"href":"https:\/\/www.em.com.br\/emfoco\/wp-json\/wp\/v2\/posts\/179786\/revisions\/179797"}],"wp:featuredmedia":[{"embeddable":true,"href":"https:\/\/www.em.com.br\/emfoco\/wp-json\/wp\/v2\/media\/179793"}],"wp:attachment":[{"href":"https:\/\/www.em.com.br\/emfoco\/wp-json\/wp\/v2\/media?parent=179786"}],"wp:term":[{"taxonomy":"category","embeddable":true,"href":"https:\/\/www.em.com.br\/emfoco\/wp-json\/wp\/v2\/categories?post=179786"},{"taxonomy":"post_tag","embeddable":true,"href":"https:\/\/www.em.com.br\/emfoco\/wp-json\/wp\/v2\/tags?post=179786"}],"curies":[{"name":"wp","href":"https:\/\/api.w.org\/{rel}","templated":true}]}}