{"id":179771,"date":"2026-03-10T15:05:00","date_gmt":"2026-03-10T18:05:00","guid":{"rendered":"https:\/\/www.em.com.br\/emfoco\/?p=179771"},"modified":"2026-03-10T14:44:46","modified_gmt":"2026-03-10T17:44:46","slug":"esqueca-a-cidade-grande-a-120-km-de-belo-horizonte-existe-uma-vila-mineira-de-mil-habitantes-a-1-300-metros-de-altitude-que-esta-conquistando-os-brasileiros","status":"publish","type":"post","link":"https:\/\/www.em.com.br\/emfoco\/2026\/03\/10\/esqueca-a-cidade-grande-a-120-km-de-belo-horizonte-existe-uma-vila-mineira-de-mil-habitantes-a-1-300-metros-de-altitude-que-esta-conquistando-os-brasileiros\/","title":{"rendered":"Esque\u00e7a a cidade grande: a 120 km de Belo Horizonte existe uma vila mineira de mil habitantes a 1.300 metros de altitude que est\u00e1 conquistando os brasileiros"},"content":{"rendered":"\n<p>Cavalos pastam na cal\u00e7ada de grama, crian\u00e7as brincam na rua de pedra e a neblina cobre o largo da capela antes das sete da manh\u00e3. <strong>Lavras Novas<\/strong>, distrito de <strong>Ouro Preto<\/strong> encravado na <strong>Serra do Espinha\u00e7o<\/strong>, tem pouco mais de mil moradores, 14 cachoeiras catalogadas nos arredores e uma hist\u00f3ria que mistura ouro, lendas de quilombo e um isolamento que durou quase dois s\u00e9culos.<\/p>\n\n\n\n<h2 class=\"wp-block-heading\">Do ouro que deu nome ao vilarejo aos dois s\u00e9culos sem luz el\u00e9trica<\/h2>\n\n\n\n<p>Nos anos finais do s\u00e9culo 18, com as minas de <strong>Vila Rica<\/strong> j\u00e1 esgotadas, expedi\u00e7\u00f5es de mineradores abriram frentes de garimpo na serra ao sul. Encontraram ouro e batizaram o arraial de Lavras Novas, refer\u00eancia direta ao fato de que aquelas eram jazidas mais recentes do que as dos arraiais vizinhos. O documento mais antigo encontrado \u00e9 um batist\u00e9rio de 1717, da menina <strong>Maria dos Prazeres<\/strong>, filha de uma fam\u00edlia paulista que garimpava na regi\u00e3o.<\/p>\n\n\n\n<p>Quando o ouro secou, a popula\u00e7\u00e3o branca abandonou o local. Ficaram os negros, livres ou libertos, que formaram uma comunidade isolada com regras pr\u00f3prias. Durante todo o s\u00e9culo 19, os casamentos aconteciam entre as fam\u00edlias do vilarejo, a terra era considerada propriedade da santa padroeira e a subsist\u00eancia era compartilhada por todos. Esse modo de organiza\u00e7\u00e3o alimentou a lenda de que Lavras Novas seria remanescente de quilombo, embora a <a href=\"https:\/\/www.ouropreto.mg.gov.br\/distrito\/6\" target=\"_blank\" rel=\"noreferrer noopener\"><strong>Prefeitura de Ouro Preto<\/strong><\/a> n\u00e3o tenha encontrado documenta\u00e7\u00e3o comprobat\u00f3ria.<\/p>\n\n\n\n<figure class=\"wp-block-image aligncenter size-large\"><img loading=\"lazy\" decoding=\"async\" width=\"1024\" height=\"576\" src=\"https:\/\/www.em.com.br\/emfoco\/wp-content\/uploads\/2025\/12\/image-58-1024x576.png\" alt=\"\" class=\"wp-image-144129\" srcset=\"https:\/\/www.em.com.br\/emfoco\/wp-content\/uploads\/2025\/12\/image-58-1024x576.png 1024w, https:\/\/www.em.com.br\/emfoco\/wp-content\/uploads\/2025\/12\/image-58-300x169.png 300w, https:\/\/www.em.com.br\/emfoco\/wp-content\/uploads\/2025\/12\/image-58-768x432.png 768w, https:\/\/www.em.com.br\/emfoco\/wp-content\/uploads\/2025\/12\/image-58-750x422.png 750w, https:\/\/www.em.com.br\/emfoco\/wp-content\/uploads\/2025\/12\/image-58-1140x641.png 1140w, https:\/\/www.em.com.br\/emfoco\/wp-content\/uploads\/2025\/12\/image-58.png 1280w\" sizes=\"auto, (max-width: 1024px) 100vw, 1024px\" \/><figcaption class=\"wp-element-caption\">Curta pousadas charmosas, bares com m\u00fasica ao vivo e trilhas surpreendentes em Lavras Novas, perfeita para descanso e divers\u00e3o. \/\/ Cr\u00e9ditos: YouTube Boa Sorte Viajante \u2014 Matheus Boa Sorte.\n<\/figcaption><\/figure>\n\n\n\n<p>O isolamento durou at\u00e9 a d\u00e9cada de 1970, quando a luz el\u00e9trica finalmente chegou. Antes disso, as mulheres colhiam taquara na mata e tran\u00e7avam cestos que os homens levavam para vender em Ouro Preto. A partir de 1984, os primeiros turistas apareceram, atra\u00eddos por <strong>Oscar Rocha<\/strong>, dono de uma hospedaria local. Lavras Novas s\u00f3 foi reconhecida oficialmente como distrito em 2005, quase tr\u00eas s\u00e9culos depois de sua funda\u00e7\u00e3o.<\/p>\n\n\n\n<h2 class=\"wp-block-heading\">Uma capela rara de 1762 e a tirolesa mais alta do pa\u00eds no mesmo vilarejo<\/h2>\n\n\n\n<p>A <strong>Capela de Nossa Senhora dos Prazeres<\/strong>, erguida em 1762, \u00e9 o centro gravitacional de Lavras Novas. A devo\u00e7\u00e3o \u00e0 Virgem dos Prazeres \u00e9 considerada incomum na regi\u00e3o das Minas, onde predominam padroeiras como Nossa Senhora do Pilar e do Ros\u00e1rio. \u00c0 frente da capela, um cruzeiro de pedra marca o largo onde a vida comunit\u00e1ria acontece desde o s\u00e9culo 18. O tra\u00e7ado do vilarejo preserva o formato de acampamento minerador, e as casinhas coloridas com portas e janelas tortas viraram \u00edcone visual do distrito.<\/p>\n\n\n\n<p>Na outra ponta do contraste, a <strong>Mega Tirolesa de Lavras Novas<\/strong>, inaugurada em mar\u00e7o de 2020, tem 400 metros de extens\u00e3o e est\u00e1 instalada a 1.500 metros acima do n\u00edvel do mar, na Serrinha. A velocidade chega a 50 km\/h e um paraquedas \u00e9 usado para frear a descida.<\/p>\n\n\n\n<figure class=\"wp-block-image aligncenter size-large\"><img loading=\"lazy\" decoding=\"async\" width=\"1024\" height=\"576\" src=\"https:\/\/www.em.com.br\/emfoco\/wp-content\/uploads\/2025\/12\/image-59-1024x576.png\" alt=\"\" class=\"wp-image-144130\" srcset=\"https:\/\/www.em.com.br\/emfoco\/wp-content\/uploads\/2025\/12\/image-59-1024x576.png 1024w, https:\/\/www.em.com.br\/emfoco\/wp-content\/uploads\/2025\/12\/image-59-300x169.png 300w, https:\/\/www.em.com.br\/emfoco\/wp-content\/uploads\/2025\/12\/image-59-768x432.png 768w, https:\/\/www.em.com.br\/emfoco\/wp-content\/uploads\/2025\/12\/image-59-750x422.png 750w, https:\/\/www.em.com.br\/emfoco\/wp-content\/uploads\/2025\/12\/image-59-1140x641.png 1140w, https:\/\/www.em.com.br\/emfoco\/wp-content\/uploads\/2025\/12\/image-59.png 1280w\" sizes=\"auto, (max-width: 1024px) 100vw, 1024px\" \/><figcaption class=\"wp-element-caption\">Lavras Novas encanta com seu casario colonial, trilhas, cachoeiras e ambiente tranquilo para quem busca natureza e cultura. \/\/ Cr\u00e9ditos: YouTube Drone Tour 4k (@DroneTour4K)\n<\/figcaption><\/figure>\n\n\n\n<p>O clima de Lavras Novas<\/p>\n\n\n\n<p>A altitude explica o clima: mesmo no ver\u00e3o, as noites s\u00e3o frescas, e no inverno, os term\u00f4metros podem cair abaixo de 10 \u00b0C. Essa combina\u00e7\u00e3o de frio serrano e proximidade com Ouro Preto (17 km) e <strong>Belo Horizonte<\/strong> (120 km) transformou o vilarejo em um dos destinos de ecoturismo mais procurados de <strong>Minas Gerais<\/strong>.<\/p>\n\n\n\n<p><strong>Leia tamb\u00e9m: <a href=\"https:\/\/www.em.com.br\/emfoco\/2026\/03\/08\/a-vila-onde-nao-ha-bancos-nao-ha-asfalto-e-nao-ha-postes-de-luz-so-o-brilho-da-lua-sobre-as-praias-mais-bonitas-do-planeta\/\" target=\"_blank\" rel=\"noreferrer noopener\">A vila onde n\u00e3o h\u00e1 bancos, n\u00e3o h\u00e1 asfalto e n\u00e3o h\u00e1 postes de luz: s\u00f3 o brilho da lua sobre as praias mais bonitas do planeta<\/a><\/strong><\/p>\n\n\n\n<h2 class=\"wp-block-heading\">Fatos que s\u00f3 Lavras Novas consegue reunir em mil habitantes<\/h2>\n\n\n\n<p>O vilarejo acumula contrastes dif\u00edceis de encontrar em um \u00fanico distrito. Algumas dessas curiosidades s\u00f3 fazem sentido quando se entende o tamanho e o isolamento do lugar.<\/p>\n\n\n\n<ul class=\"wp-block-list has-medium-font-size\">\n<li><strong>14 cachoeiras em um raio de 6 km<\/strong>: a mais pr\u00f3xima, <strong>Cachoeira dos Pocinhos<\/strong>, fica a 2,2 km do centro. A mais procurada, <strong>Cachoeira dos Namorados<\/strong>, est\u00e1 a 5,5 km e tem piscina natural cercada de mata preservada.<\/li>\n\n\n\n<li><strong>Terra da santa<\/strong>: at\u00e9 meados do s\u00e9culo 20, a comunidade n\u00e3o tinha escrituras. A terra era de consenso propriedade de <strong>Nossa Senhora dos Prazeres<\/strong>, e ningu\u00e9m contestava.<\/li>\n\n\n\n<li><strong>Artesanato amea\u00e7ado<\/strong>: o tran\u00e7ado em taquara era a principal renda do vilarejo, mas um inc\u00eandio destruiu os bambuzais mais pr\u00f3ximos. Hoje, menos de dez fam\u00edlias mant\u00eam a tradi\u00e7\u00e3o, e o bambu precisa ser buscado cada vez mais longe.<\/li>\n\n\n\n<li><strong>Trecho da Estrada Real<\/strong>: o <strong>Caminho Novo<\/strong> liga Lavras Novas a Ouro Preto em 17 km de trilha que passa pelo <a href=\"https:\/\/ief.mg.gov.br\/193-parque-estadual-do-itacolomi\" target=\"_blank\" rel=\"noreferrer noopener\"><strong>Parque Estadual do Itacolomi<\/strong><\/a>, com vista da serra e fragmentos de mata atl\u00e2ntica.<\/li>\n\n\n\n<li><strong>Popula\u00e7\u00e3o quintuplica nos feriados<\/strong>: nos fins de semana prolongados, os cerca de mil moradores dividem o vilarejo com at\u00e9 5 mil visitantes, segundo estimativas da <a href=\"https:\/\/www.ouropreto.mg.gov.br\/turismo\/distrito\/32\" target=\"_blank\" rel=\"noreferrer noopener\"><strong>Secretaria de Turismo de Ouro Preto<\/strong><\/a>.<\/li>\n<\/ul>\n\n\n\n<p>Quem busca tranquilidade e cultura, vai curtir esse v\u00eddeo especialmente selecionado do canal <strong>Boa Sorte Viajante &#8211; Matheus Boa Sorte<\/strong>, que conta com mais de <strong>51 mil<\/strong> visualiza\u00e7\u00f5es, onde <strong>Matheus Boa Sorte<\/strong> mostra o cotidiano pacato e o artesanato de <strong>Lavras Novas<\/strong>, em <strong>Minas Gerais<\/strong>:<\/p>\n\n\n\n<figure class=\"wp-block-embed is-type-video is-provider-youtube wp-block-embed-youtube wp-embed-aspect-16-9 wp-has-aspect-ratio\"><div class=\"wp-block-embed__wrapper\">\n<div class=\"jeg_video_container jeg_video_content\"><iframe loading=\"lazy\" title=\"LAVRAS NOVAS\/MG: Conhe\u00e7a a vida pacata neste para\u00edso de Minas Gerais\" width=\"500\" height=\"281\" src=\"https:\/\/www.youtube.com\/embed\/S-74W7axPb0?feature=oembed\" frameborder=\"0\" allow=\"accelerometer; autoplay; clipboard-write; encrypted-media; gyroscope; picture-in-picture; web-share\" referrerpolicy=\"strict-origin-when-cross-origin\" allowfullscreen><\/iframe><\/div>\n<\/div><\/figure>\n\n\n\n<h2 class=\"wp-block-heading\">Suba a serra e sinta o tempo desacelerar a 17 km de Ouro Preto<\/h2>\n\n\n\n<p>Lavras Novas \u00e9 a prova de que o isolamento pode ser, por acidente, o melhor conservante. O ouro acabou, os brancos partiram, a luz demorou dois s\u00e9culos para chegar, e o que sobrou foi uma comunidade que inventou seu pr\u00f3prio modo de viver na serra, com terras da santa, casamentos entre vizinhos e cestos de taquara como moeda.<\/p>\n\n\n\n<p>Suba os 17 km de estrada a partir de Ouro Preto, sente no largo da capela e espere a neblina levantar. Quando o sol aparecer, voc\u00ea vai entender por que mil pessoas escolheram ficar.<\/p>\n","protected":false},"excerpt":{"rendered":"<p>Cavalos pastam na cal\u00e7ada de grama, crian\u00e7as brincam na rua de pedra e a neblina cobre o largo da capela antes das sete da manh\u00e3. Lavras Novas, distrito de Ouro Preto encravado na Serra do Espinha\u00e7o, tem pouco mais de mil moradores, 14 cachoeiras catalogadas nos arredores e uma hist\u00f3ria que mistura ouro, lendas de [&hellip;]<\/p>\n","protected":false},"author":6,"featured_media":144127,"comment_status":"open","ping_status":"open","sticky":false,"template":"","format":"standard","meta":{"jnews-multi-image_gallery":[],"jnews_single_post":{"format":"standard"},"jnews_primary_category":[],"jnews_social_meta":[],"jnews_override_counter":[],"footnotes":""},"categories":[26],"tags":[183,1104,207,419],"class_list":["post-179771","post","type-post","status-publish","format-standard","has-post-thumbnail","hentry","category-cidades","tag-cidades","tag-lavras-novas","tag-minas-gerais","tag-ouro-preto"],"yoast_head":"<!-- This site is optimized with the Yoast SEO plugin v23.8 - https:\/\/yoast.com\/wordpress\/plugins\/seo\/ -->\n<title>Esque\u00e7a a cidade grande: a 120 km de Belo Horizonte existe uma vila mineira de mil habitantes a 1.300 metros de altitude que est\u00e1 conquistando os brasileiros - Estado de Minas - Em foco<\/title>\n<meta name=\"description\" content=\"Entre clima ameno e natureza preservada, o pequeno destino nas montanhas vem conquistando visitantes do Brasil inteiro.\" \/>\n<meta name=\"robots\" content=\"index, follow, max-snippet:-1, max-image-preview:large, max-video-preview:-1\" \/>\n<link rel=\"canonical\" href=\"https:\/\/www.em.com.br\/emfoco\/2026\/03\/10\/esqueca-a-cidade-grande-a-120-km-de-belo-horizonte-existe-uma-vila-mineira-de-mil-habitantes-a-1-300-metros-de-altitude-que-esta-conquistando-os-brasileiros\/\" \/>\n<meta property=\"og:locale\" content=\"pt_BR\" \/>\n<meta property=\"og:type\" content=\"article\" \/>\n<meta property=\"og:title\" content=\"Esque\u00e7a a cidade grande: a 120 km de Belo Horizonte existe uma vila mineira de mil habitantes a 1.300 metros de altitude que est\u00e1 conquistando os brasileiros - Estado de Minas - Em foco\" \/>\n<meta property=\"og:description\" content=\"Entre clima ameno e natureza preservada, o pequeno destino nas montanhas vem conquistando visitantes do Brasil inteiro.\" \/>\n<meta property=\"og:url\" content=\"https:\/\/www.em.com.br\/emfoco\/2026\/03\/10\/esqueca-a-cidade-grande-a-120-km-de-belo-horizonte-existe-uma-vila-mineira-de-mil-habitantes-a-1-300-metros-de-altitude-que-esta-conquistando-os-brasileiros\/\" \/>\n<meta property=\"og:site_name\" content=\"Estado de Minas - Em foco\" \/>\n<meta property=\"article:published_time\" content=\"2026-03-10T18:05:00+00:00\" \/>\n<meta property=\"article:modified_time\" content=\"2026-03-10T17:44:46+00:00\" \/>\n<meta property=\"og:image\" content=\"https:\/\/www.em.com.br\/emfoco\/wp-content\/uploads\/2025\/12\/image-57.png\" \/>\n\t<meta property=\"og:image:width\" content=\"1280\" \/>\n\t<meta property=\"og:image:height\" content=\"720\" \/>\n\t<meta property=\"og:image:type\" content=\"image\/png\" \/>\n<meta name=\"author\" content=\"Vitor Bruno\" \/>\n<meta name=\"twitter:card\" content=\"summary_large_image\" \/>\n<meta name=\"twitter:label1\" content=\"Escrito por\" \/>\n\t<meta name=\"twitter:data1\" content=\"Vitor Bruno\" \/>\n\t<meta name=\"twitter:label2\" content=\"Est. tempo de leitura\" \/>\n\t<meta name=\"twitter:data2\" content=\"6 minutos\" \/>\n<!-- \/ Yoast SEO plugin. -->","yoast_head_json":{"title":"Esque\u00e7a a cidade grande: a 120 km de Belo Horizonte existe uma vila mineira de mil habitantes a 1.300 metros de altitude que est\u00e1 conquistando os brasileiros - Estado de Minas - Em foco","description":"Entre clima ameno e natureza preservada, o pequeno destino nas montanhas vem conquistando visitantes do Brasil inteiro.","robots":{"index":"index","follow":"follow","max-snippet":"max-snippet:-1","max-image-preview":"max-image-preview:large","max-video-preview":"max-video-preview:-1"},"canonical":"https:\/\/www.em.com.br\/emfoco\/2026\/03\/10\/esqueca-a-cidade-grande-a-120-km-de-belo-horizonte-existe-uma-vila-mineira-de-mil-habitantes-a-1-300-metros-de-altitude-que-esta-conquistando-os-brasileiros\/","og_locale":"pt_BR","og_type":"article","og_title":"Esque\u00e7a a cidade grande: a 120 km de Belo Horizonte existe uma vila mineira de mil habitantes a 1.300 metros de altitude que est\u00e1 conquistando os brasileiros - Estado de Minas - Em foco","og_description":"Entre clima ameno e natureza preservada, o pequeno destino nas montanhas vem conquistando visitantes do Brasil inteiro.","og_url":"https:\/\/www.em.com.br\/emfoco\/2026\/03\/10\/esqueca-a-cidade-grande-a-120-km-de-belo-horizonte-existe-uma-vila-mineira-de-mil-habitantes-a-1-300-metros-de-altitude-que-esta-conquistando-os-brasileiros\/","og_site_name":"Estado de Minas - Em foco","article_published_time":"2026-03-10T18:05:00+00:00","article_modified_time":"2026-03-10T17:44:46+00:00","og_image":[{"width":1280,"height":720,"url":"https:\/\/www.em.com.br\/emfoco\/wp-content\/uploads\/2025\/12\/image-57.png","type":"image\/png"}],"author":"Vitor Bruno","twitter_card":"summary_large_image","twitter_misc":{"Escrito por":"Vitor Bruno","Est. tempo de leitura":"6 minutos"},"schema":{"@context":"https:\/\/schema.org","@graph":[{"@type":"WebPage","@id":"https:\/\/www.em.com.br\/emfoco\/2026\/03\/10\/esqueca-a-cidade-grande-a-120-km-de-belo-horizonte-existe-uma-vila-mineira-de-mil-habitantes-a-1-300-metros-de-altitude-que-esta-conquistando-os-brasileiros\/","url":"https:\/\/www.em.com.br\/emfoco\/2026\/03\/10\/esqueca-a-cidade-grande-a-120-km-de-belo-horizonte-existe-uma-vila-mineira-de-mil-habitantes-a-1-300-metros-de-altitude-que-esta-conquistando-os-brasileiros\/","name":"Esque\u00e7a a cidade grande: a 120 km de Belo Horizonte existe uma vila mineira de mil habitantes a 1.300 metros de altitude que est\u00e1 conquistando os brasileiros - Estado de Minas - Em foco","isPartOf":{"@id":"https:\/\/www.em.com.br\/emfoco\/#website"},"primaryImageOfPage":{"@id":"https:\/\/www.em.com.br\/emfoco\/2026\/03\/10\/esqueca-a-cidade-grande-a-120-km-de-belo-horizonte-existe-uma-vila-mineira-de-mil-habitantes-a-1-300-metros-de-altitude-que-esta-conquistando-os-brasileiros\/#primaryimage"},"image":{"@id":"https:\/\/www.em.com.br\/emfoco\/2026\/03\/10\/esqueca-a-cidade-grande-a-120-km-de-belo-horizonte-existe-uma-vila-mineira-de-mil-habitantes-a-1-300-metros-de-altitude-que-esta-conquistando-os-brasileiros\/#primaryimage"},"thumbnailUrl":"https:\/\/www.em.com.br\/emfoco\/wp-content\/uploads\/2025\/12\/image-57.png","datePublished":"2026-03-10T18:05:00+00:00","dateModified":"2026-03-10T17:44:46+00:00","author":{"@id":"https:\/\/www.em.com.br\/emfoco\/#\/schema\/person\/364ac1852fafd00f1be20f0b8b237569"},"description":"Entre clima ameno e natureza preservada, o pequeno destino nas montanhas vem conquistando visitantes do Brasil inteiro.","breadcrumb":{"@id":"https:\/\/www.em.com.br\/emfoco\/2026\/03\/10\/esqueca-a-cidade-grande-a-120-km-de-belo-horizonte-existe-uma-vila-mineira-de-mil-habitantes-a-1-300-metros-de-altitude-que-esta-conquistando-os-brasileiros\/#breadcrumb"},"inLanguage":"pt-BR","potentialAction":[{"@type":"ReadAction","target":["https:\/\/www.em.com.br\/emfoco\/2026\/03\/10\/esqueca-a-cidade-grande-a-120-km-de-belo-horizonte-existe-uma-vila-mineira-de-mil-habitantes-a-1-300-metros-de-altitude-que-esta-conquistando-os-brasileiros\/"]}]},{"@type":"ImageObject","inLanguage":"pt-BR","@id":"https:\/\/www.em.com.br\/emfoco\/2026\/03\/10\/esqueca-a-cidade-grande-a-120-km-de-belo-horizonte-existe-uma-vila-mineira-de-mil-habitantes-a-1-300-metros-de-altitude-que-esta-conquistando-os-brasileiros\/#primaryimage","url":"https:\/\/www.em.com.br\/emfoco\/wp-content\/uploads\/2025\/12\/image-57.png","contentUrl":"https:\/\/www.em.com.br\/emfoco\/wp-content\/uploads\/2025\/12\/image-57.png","width":1280,"height":720,"caption":"Conhe\u00e7a o charme de Lavras Novas, uma vila acolhedora cercada por montanhas, natureza e tradi\u00e7\u00f5es mineiras. \/\/ Cr\u00e9ditos: YouTube Drone Tour 4k (@DroneTour4K)"},{"@type":"BreadcrumbList","@id":"https:\/\/www.em.com.br\/emfoco\/2026\/03\/10\/esqueca-a-cidade-grande-a-120-km-de-belo-horizonte-existe-uma-vila-mineira-de-mil-habitantes-a-1-300-metros-de-altitude-que-esta-conquistando-os-brasileiros\/#breadcrumb","itemListElement":[{"@type":"ListItem","position":1,"name":"In\u00edcio","item":"https:\/\/www.em.com.br\/emfoco\/"},{"@type":"ListItem","position":2,"name":"Esque\u00e7a a cidade grande: a 120 km de Belo Horizonte existe uma vila mineira de mil habitantes a 1.300 metros de altitude que est\u00e1 conquistando os brasileiros"}]},{"@type":"WebSite","@id":"https:\/\/www.em.com.br\/emfoco\/#website","url":"https:\/\/www.em.com.br\/emfoco\/","name":"Estado de Minas - Em foco","description":"Acompanhe as \u00faltimas not\u00edcias e fique bem informado sobre tudo o que acontece em Minas Gerais, Brasil e no mundo.","potentialAction":[{"@type":"SearchAction","target":{"@type":"EntryPoint","urlTemplate":"https:\/\/www.em.com.br\/emfoco\/?s={search_term_string}"},"query-input":{"@type":"PropertyValueSpecification","valueRequired":true,"valueName":"search_term_string"}}],"inLanguage":"pt-BR"},{"@type":"Person","@id":"https:\/\/www.em.com.br\/emfoco\/#\/schema\/person\/364ac1852fafd00f1be20f0b8b237569","name":"Vitor Bruno","image":{"@type":"ImageObject","inLanguage":"pt-BR","@id":"https:\/\/www.em.com.br\/emfoco\/#\/schema\/person\/image\/","url":"https:\/\/secure.gravatar.com\/avatar\/b719e5cdede09f942064960883b5524d?s=96&d=mm&r=g","contentUrl":"https:\/\/secure.gravatar.com\/avatar\/b719e5cdede09f942064960883b5524d?s=96&d=mm&r=g","caption":"Vitor Bruno"},"sameAs":["https:\/\/www.em.com.br\/emfoco\/"],"url":"https:\/\/www.em.com.br\/emfoco\/author\/vitormyth\/"}]}},"_links":{"self":[{"href":"https:\/\/www.em.com.br\/emfoco\/wp-json\/wp\/v2\/posts\/179771","targetHints":{"allow":["GET"]}}],"collection":[{"href":"https:\/\/www.em.com.br\/emfoco\/wp-json\/wp\/v2\/posts"}],"about":[{"href":"https:\/\/www.em.com.br\/emfoco\/wp-json\/wp\/v2\/types\/post"}],"author":[{"embeddable":true,"href":"https:\/\/www.em.com.br\/emfoco\/wp-json\/wp\/v2\/users\/6"}],"replies":[{"embeddable":true,"href":"https:\/\/www.em.com.br\/emfoco\/wp-json\/wp\/v2\/comments?post=179771"}],"version-history":[{"count":4,"href":"https:\/\/www.em.com.br\/emfoco\/wp-json\/wp\/v2\/posts\/179771\/revisions"}],"predecessor-version":[{"id":179776,"href":"https:\/\/www.em.com.br\/emfoco\/wp-json\/wp\/v2\/posts\/179771\/revisions\/179776"}],"wp:featuredmedia":[{"embeddable":true,"href":"https:\/\/www.em.com.br\/emfoco\/wp-json\/wp\/v2\/media\/144127"}],"wp:attachment":[{"href":"https:\/\/www.em.com.br\/emfoco\/wp-json\/wp\/v2\/media?parent=179771"}],"wp:term":[{"taxonomy":"category","embeddable":true,"href":"https:\/\/www.em.com.br\/emfoco\/wp-json\/wp\/v2\/categories?post=179771"},{"taxonomy":"post_tag","embeddable":true,"href":"https:\/\/www.em.com.br\/emfoco\/wp-json\/wp\/v2\/tags?post=179771"}],"curies":[{"name":"wp","href":"https:\/\/api.w.org\/{rel}","templated":true}]}}