{"id":179728,"date":"2026-03-10T11:25:00","date_gmt":"2026-03-10T14:25:00","guid":{"rendered":"https:\/\/www.em.com.br\/emfoco\/?p=179728"},"modified":"2026-03-10T12:58:14","modified_gmt":"2026-03-10T15:58:14","slug":"53-km-de-jardim-a-beira-mar-e-o-6o-melhor-idh-do-brasil-a-cidade-costeira-a-72-km-de-sao-paulo-que-entrou-no-guinness","status":"publish","type":"post","link":"https:\/\/www.em.com.br\/emfoco\/2026\/03\/10\/53-km-de-jardim-a-beira-mar-e-o-6o-melhor-idh-do-brasil-a-cidade-costeira-a-72-km-de-sao-paulo-que-entrou-no-guinness\/","title":{"rendered":"5,3 km de jardim \u00e0 beira-mar e o 6\u00ba melhor IDH do Brasil: a cidade costeira a 72 km de S\u00e3o Paulo que entrou no Guinness"},"content":{"rendered":"\n<p>Um tapete verde de 218.800 m\u00b2 contorna sete praias, separa a areia do cal\u00e7ad\u00e3o e carrega, desde 2002, o t\u00edtulo de maior jardim frontal de praia do mundo no <strong>Guinness World Records<\/strong>. <strong>Santos<\/strong>, no litoral paulista, n\u00e3o \u00e9 apenas o maior porto da <strong>Am\u00e9rica Latina<\/strong>. \u00c9 uma cidade de 429 mil habitantes que combina infraestrutura de metr\u00f3pole, IDH de 0,840 e o p\u00e9 na areia a pouco mais de uma hora de <strong>S\u00e3o Paulo<\/strong>.<\/p>\n\n\n\n<h2 class=\"wp-block-heading\">O jardim que nasceu para barrar a especula\u00e7\u00e3o imobili\u00e1ria<\/h2>\n\n\n\n<p>A ideia surgiu em 1914, dentro de um estudo de urbaniza\u00e7\u00e3o do engenheiro sanitarista <strong>Saturnino de Brito<\/strong>, o mesmo que projetou os canais de drenagem que salvaram Santos das epidemias. O projeto s\u00f3 saiu do papel em 1936 e os primeiros trechos ficaram prontos tr\u00eas anos depois. O objetivo era claro: impedir que construtoras ocupassem a faixa de orla. Um movimento liderado pelo poeta <strong>Vicente de Carvalho<\/strong> e pelo prefeito <strong>Joaquim Montenegro<\/strong> havia conseguido, em 1922, a cess\u00e3o da \u00e1rea para o munic\u00edpio.<\/p>\n\n\n\n<p>Hoje, os jardins se estendem por 5.335 metros do <strong>Jos\u00e9 Menino<\/strong> \u00e0 <strong>Ponta da Praia<\/strong>, com largura entre 45 e 50 metros. S\u00e3o mais de 900 canteiros com 77 esp\u00e9cies de flores, cortados por seis canais e pontuados por 38 monumentos e esculturas, segundo a <a href=\"https:\/\/www.santos.sp.gov.br\/?q=noticia\/maior-jardim-de-praia-do-mundo-em-santos-recebe-cuidados-especiais-na-primavera\" target=\"_blank\" rel=\"noreferrer noopener\"><strong>Prefeitura de Santos<\/strong><\/a>. O <strong>Condephaat<\/strong> tombou o jardim como patrim\u00f4nio hist\u00f3rico do estado, e qualquer interven\u00e7\u00e3o al\u00e9m da manuten\u00e7\u00e3o precisa de aprova\u00e7\u00e3o do conselho.<\/p>\n\n\n<div class=\"wp-block-image\">\n<figure class=\"aligncenter size-large\"><img loading=\"lazy\" decoding=\"async\" width=\"1024\" height=\"576\" src=\"https:\/\/www.em.com.br\/emfoco\/wp-content\/uploads\/2026\/03\/ngz-santos3-71428-1024x576.jpg\" alt=\"\" class=\"wp-image-176059\" srcset=\"https:\/\/www.em.com.br\/emfoco\/wp-content\/uploads\/2026\/03\/ngz-santos3-71428-1024x576.jpg 1024w, https:\/\/www.em.com.br\/emfoco\/wp-content\/uploads\/2026\/03\/ngz-santos3-71428-300x169.jpg 300w, https:\/\/www.em.com.br\/emfoco\/wp-content\/uploads\/2026\/03\/ngz-santos3-71428-768x432.jpg 768w, https:\/\/www.em.com.br\/emfoco\/wp-content\/uploads\/2026\/03\/ngz-santos3-71428-1536x864.jpg 1536w, https:\/\/www.em.com.br\/emfoco\/wp-content\/uploads\/2026\/03\/ngz-santos3-71428-2048x1152.jpg 2048w, https:\/\/www.em.com.br\/emfoco\/wp-content\/uploads\/2026\/03\/ngz-santos3-71428-750x422.jpg 750w, https:\/\/www.em.com.br\/emfoco\/wp-content\/uploads\/2026\/03\/ngz-santos3-71428-1140x641.jpg 1140w\" sizes=\"auto, (max-width: 1024px) 100vw, 1024px\" \/><figcaption class=\"wp-element-caption\">Santos une a proximidade com a capital paulista a 5.335 metros de canteiros floridos \/\/ Cr\u00e9ditos: Wikipedia \/ Wikimedia Commons<\/figcaption><\/figure><\/div>\n\n\n<h2 class=\"wp-block-heading\">Por que aposentados e n\u00f4mades digitais escolhem Santos?<\/h2>\n\n\n\n<p>O IDH de 0,840, aferido pelo <strong>Programa das Na\u00e7\u00f5es Unidas para o Desenvolvimento (PNUD)<\/strong>, coloca Santos no 6\u00ba lugar entre os munic\u00edpios brasileiros. A cidade \u00e9 a 3\u00aa melhor do pa\u00eds para envelhecer, segundo o <strong>\u00cdndice de Desenvolvimento Urbano para Longevidade (IDL)<\/strong> do Instituto de Longevidade Mongeral Aegon. \u00c9 tamb\u00e9m a cidade com a maior propor\u00e7\u00e3o de idosos entre munic\u00edpios com mais de 50 mil habitantes e a mais feminina do pa\u00eds, com 55% de mulheres, conforme o <a href=\"https:\/\/www.ibge.gov.br\/cidades-e-estados\/sp\/santos.html\" target=\"_blank\" rel=\"noreferrer noopener\"><strong>IBGE<\/strong><\/a>.<\/p>\n\n\n\n<p>A topografia plana facilita a mobilidade: ciclovias conectam a praia ao centro hist\u00f3rico, e a cidade lidera o ranking de Urbanismo do <strong>Connected Smart Cities<\/strong> desde 2022. O saneamento est\u00e1 entre os melhores do Brasil, aparecendo em 8\u00ba lugar no <a href=\"https:\/\/www.santos.sp.gov.br\/?q=noticia\/rankings-indices-e-premios-em-2024-comprovam-santos-entre-as-melhores-do-pais\" target=\"_blank\" rel=\"noreferrer noopener\"><strong>ranking do Instituto Trata Brasil em 2024<\/strong><\/a>. Para quem trabalha remotamente, a proximidade com S\u00e3o Paulo (72 km pela <strong>Rodovia Anchieta<\/strong> ou <strong>Imigrantes<\/strong>, cerca de 1h15 de carro) resolve reuni\u00f5es presenciais sem exigir mudan\u00e7a de cidade.<\/p>\n\n\n<div class=\"wp-block-image\">\n<figure class=\"aligncenter size-large\"><img loading=\"lazy\" decoding=\"async\" width=\"1024\" height=\"576\" src=\"https:\/\/www.em.com.br\/emfoco\/wp-content\/uploads\/2026\/02\/Santos-_1762230659139-1024x576.jpg\" alt=\"\" class=\"wp-image-163481\" srcset=\"https:\/\/www.em.com.br\/emfoco\/wp-content\/uploads\/2026\/02\/Santos-_1762230659139-1024x576.jpg 1024w, https:\/\/www.em.com.br\/emfoco\/wp-content\/uploads\/2026\/02\/Santos-_1762230659139-300x169.jpg 300w, https:\/\/www.em.com.br\/emfoco\/wp-content\/uploads\/2026\/02\/Santos-_1762230659139-768x432.jpg 768w, https:\/\/www.em.com.br\/emfoco\/wp-content\/uploads\/2026\/02\/Santos-_1762230659139-750x422.jpg 750w, https:\/\/www.em.com.br\/emfoco\/wp-content\/uploads\/2026\/02\/Santos-_1762230659139-1140x641.jpg 1140w, https:\/\/www.em.com.br\/emfoco\/wp-content\/uploads\/2026\/02\/Santos-_1762230659139.jpg 1280w\" sizes=\"auto, (max-width: 1024px) 100vw, 1024px\" \/><figcaption class=\"wp-element-caption\">Morar em Santos: qualidade de vida e o maior jardim de praia do mundo \/\/ Cr\u00e9ditos: depositphotos.com \/ fabiofersa<\/figcaption><\/figure><\/div>\n\n\n<h2 class=\"wp-block-heading\">Os pr\u00e9dios tortos, o porto e o caf\u00e9 que constru\u00edram Santos<\/h2>\n\n\n\n<p>Fundada em 1546 por <strong>Br\u00e1s Cubas<\/strong>, Santos cresceu como porta de entrada do caf\u00e9 brasileiro no s\u00e9culo 19. O <strong>Porto de Santos<\/strong>, inaugurado em 1892, tem 13 km de extens\u00e3o e movimenta mais de um quarto de todas as cargas do com\u00e9rcio exterior do pa\u00eds. O antigo pr\u00e9dio da <strong>Bolsa Oficial de Caf\u00e9<\/strong>, no centro hist\u00f3rico, virou o <strong>Museu do Caf\u00e9<\/strong>, com vitrais e sal\u00e3o de preg\u00f5es que lembram a riqueza da \u00e9poca.<\/p>\n\n\n\n<p>Uma curiosidade urban\u00edstica chama aten\u00e7\u00e3o na orla: cerca de 90 pr\u00e9dios apresentam inclina\u00e7\u00e3o vis\u00edvel, resultado de recalques no solo argiloso da regi\u00e3o. O mais famoso, o edif\u00edcio <strong>N\u00fancio Malzoni<\/strong>, no <strong>Boqueir\u00e3o<\/strong>, chegou a ter mais de 2 metros de desvio do prumo antes de ser reaprumado com sucesso. Os \u201cpr\u00e9dios tortos\u201d se tornaram, involuntariamente, atra\u00e7\u00e3o tur\u00edstica.<\/p>\n\n\n\n<p><strong>Leia tamb\u00e9m: <a href=\"https:\/\/www.em.com.br\/emfoco\/2026\/03\/08\/a-vila-onde-nao-ha-bancos-nao-ha-asfalto-e-nao-ha-postes-de-luz-so-o-brilho-da-lua-sobre-as-praias-mais-bonitas-do-planeta\/\" target=\"_blank\" rel=\"noreferrer noopener\">A vila onde n\u00e3o h\u00e1 bancos, n\u00e3o h\u00e1 asfalto e n\u00e3o h\u00e1 postes de luz: s\u00f3 o brilho da lua sobre as praias mais bonitas do planeta<\/a><\/strong><\/p>\n\n\n\n<h2 class=\"wp-block-heading\">O que conhecer al\u00e9m do jardim recordista?<\/h2>\n\n\n\n<p>Santos distribui atra\u00e7\u00f5es entre a orla, o centro hist\u00f3rico e os morros. A cidade \u00e9 plana na parte insular e permite deslocamentos f\u00e1ceis a p\u00e9 ou de bicicleta.<\/p>\n\n\n\n<ul class=\"wp-block-list has-medium-font-size\">\n<li><strong>Monte Serrat<\/strong>: bondinho que sobe o morro e oferece vista panor\u00e2mica da cidade, do porto e da <strong>Ba\u00eda de Santos<\/strong>. No topo, a capela de Nossa Senhora do Monte Serrat.<\/li>\n\n\n\n<li><strong>Museu de Pesca<\/strong>: casar\u00e3o de 1908 com um esqueleto de baleia de 23 metros e uma lula gigante de 5 metros, a \u00fanica exposta no mundo.<\/li>\n\n\n\n<li><strong>Centro Hist\u00f3rico e Parque Valongo<\/strong>: ruas de pedra com casar\u00f5es do ciclo do caf\u00e9, o Museu do Caf\u00e9, a <strong>Igreja de Santo Ant\u00f4nio do Valongo<\/strong> (tombada pelo IPHAN) e o novo parque inaugurado em 2024.<\/li>\n\n\n\n<li><strong>Aqu\u00e1rio de Santos<\/strong>: o mais antigo do Brasil, inaugurado em 1945, com esp\u00e9cies marinhas e de \u00e1gua doce da costa brasileira.<\/li>\n\n\n\n<li><strong>Jardins da Orla<\/strong>: al\u00e9m do recorde, o jardim funciona como galeria ao ar livre, com 38 esculturas e monumentos entre canteiros de l\u00edrios, cris\u00e2ntemos e palmeiras.<\/li>\n<\/ul>\n\n\n\n<p>Quem busca sol, hist\u00f3ria e boa mesa, vai curtir esse v\u00eddeo especialmente selecionado do canal <strong>Pronta Para o Sim | Fabiola Ferreira<\/strong>, que conta com mais de <strong>123 mil<\/strong> visualiza\u00e7\u00f5es, onde <strong>Fabiola Ferreira<\/strong> mostra os encantos de <strong>Santos<\/strong>, desde o <strong>Centro Hist\u00f3rico<\/strong> at\u00e9 o famoso <strong>Aqu\u00e1rio Municipal<\/strong>:<\/p>\n\n\n\n<figure class=\"wp-block-embed is-type-video is-provider-youtube wp-block-embed-youtube wp-embed-aspect-16-9 wp-has-aspect-ratio\"><div class=\"wp-block-embed__wrapper\">\n<div class=\"jeg_video_container jeg_video_content\"><iframe loading=\"lazy\" title=\"Turismo em Santos, SP: O que fazer, pontos tur\u00edsticos, gastronomia e muito mais | Pronta Para o Sim\" width=\"500\" height=\"281\" src=\"https:\/\/www.youtube.com\/embed\/9-WJle1aEoM?feature=oembed\" frameborder=\"0\" allow=\"accelerometer; autoplay; clipboard-write; encrypted-media; gyroscope; picture-in-picture; web-share\" referrerpolicy=\"strict-origin-when-cross-origin\" allowfullscreen><\/iframe><\/div>\n<\/div><\/figure>\n\n\n\n<h2 class=\"wp-block-heading\">Des\u00e7a a serra e sinta o que 5,3 km de verde \u00e0 beira-mar podem fazer<\/h2>\n\n\n\n<p>Santos \u00e9 a cidade que resolveu colocar um jardim onde caberia um muro de pr\u00e9dios. A decis\u00e3o de 1922 salvou a orla da especula\u00e7\u00e3o e criou, sem querer, um dos cart\u00f5es-postais mais longos do planeta. Hoje, o mesmo esp\u00edrito se reflete nos \u00edndices: sa\u00fade, educa\u00e7\u00e3o, saneamento e longevidade aparecem consistentemente entre os melhores do pa\u00eds.<\/p>\n\n\n\n<p>Des\u00e7a a Anchieta, estacione o carro e caminhe pelos 5,3 km de jardim. \u00c9 dif\u00edcil acreditar que tudo isso fica a pouco mais de uma hora da Avenida Paulista.<\/p>\n","protected":false},"excerpt":{"rendered":"<p>Um tapete verde de 218.800 m\u00b2 contorna sete praias, separa a areia do cal\u00e7ad\u00e3o e carrega, desde 2002, o t\u00edtulo de maior jardim frontal de praia do mundo no Guinness World Records. Santos, no litoral paulista, n\u00e3o \u00e9 apenas o maior porto da Am\u00e9rica Latina. \u00c9 uma cidade de 429 mil habitantes que combina infraestrutura [&hellip;]<\/p>\n","protected":false},"author":6,"featured_media":163495,"comment_status":"open","ping_status":"open","sticky":false,"template":"","format":"standard","meta":{"jnews-multi-image_gallery":[],"jnews_single_post":{"format":"standard"},"jnews_primary_category":[],"jnews_social_meta":[],"jnews_override_counter":[],"footnotes":""},"categories":[26],"tags":[183,845,553],"class_list":["post-179728","post","type-post","status-publish","format-standard","has-post-thumbnail","hentry","category-cidades","tag-cidades","tag-santos","tag-sao-paulo"],"yoast_head":"<!-- This site is optimized with the Yoast SEO plugin v23.8 - https:\/\/yoast.com\/wordpress\/plugins\/seo\/ -->\n<title>5,3 km de jardim \u00e0 beira-mar e o 6\u00ba melhor IDH do Brasil: a cidade costeira a 72 km de S\u00e3o Paulo que entrou no Guinness - Estado de Minas - Em foco<\/title>\n<meta name=\"description\" content=\"A 72 km de S\u00e3o Paulo, essa cidade costeira re\u00fane um jardim \u00e0 beira-mar impressionante e alto \u00edndice de desenvolvimento.\" \/>\n<meta name=\"robots\" content=\"index, follow, max-snippet:-1, max-image-preview:large, max-video-preview:-1\" \/>\n<link rel=\"canonical\" href=\"https:\/\/www.em.com.br\/emfoco\/2026\/03\/10\/53-km-de-jardim-a-beira-mar-e-o-6o-melhor-idh-do-brasil-a-cidade-costeira-a-72-km-de-sao-paulo-que-entrou-no-guinness\/\" \/>\n<meta property=\"og:locale\" content=\"pt_BR\" \/>\n<meta property=\"og:type\" content=\"article\" \/>\n<meta property=\"og:title\" content=\"5,3 km de jardim \u00e0 beira-mar e o 6\u00ba melhor IDH do Brasil: a cidade costeira a 72 km de S\u00e3o Paulo que entrou no Guinness - Estado de Minas - Em foco\" \/>\n<meta property=\"og:description\" content=\"A 72 km de S\u00e3o Paulo, essa cidade costeira re\u00fane um jardim \u00e0 beira-mar impressionante e alto \u00edndice de desenvolvimento.\" \/>\n<meta property=\"og:url\" content=\"https:\/\/www.em.com.br\/emfoco\/2026\/03\/10\/53-km-de-jardim-a-beira-mar-e-o-6o-melhor-idh-do-brasil-a-cidade-costeira-a-72-km-de-sao-paulo-que-entrou-no-guinness\/\" \/>\n<meta property=\"og:site_name\" content=\"Estado de Minas - Em foco\" \/>\n<meta property=\"article:published_time\" content=\"2026-03-10T14:25:00+00:00\" \/>\n<meta property=\"article:modified_time\" content=\"2026-03-10T15:58:14+00:00\" \/>\n<meta property=\"og:image\" content=\"https:\/\/www.em.com.br\/emfoco\/wp-content\/uploads\/2026\/02\/santos.jpg\" \/>\n\t<meta property=\"og:image:width\" content=\"1280\" \/>\n\t<meta property=\"og:image:height\" content=\"720\" \/>\n\t<meta property=\"og:image:type\" content=\"image\/jpeg\" \/>\n<meta name=\"author\" content=\"Vitor Bruno\" \/>\n<meta name=\"twitter:card\" content=\"summary_large_image\" \/>\n<meta name=\"twitter:label1\" content=\"Escrito por\" \/>\n\t<meta name=\"twitter:data1\" content=\"Vitor Bruno\" \/>\n\t<meta name=\"twitter:label2\" content=\"Est. tempo de leitura\" \/>\n\t<meta name=\"twitter:data2\" content=\"6 minutos\" \/>\n<!-- \/ Yoast SEO plugin. -->","yoast_head_json":{"title":"5,3 km de jardim \u00e0 beira-mar e o 6\u00ba melhor IDH do Brasil: a cidade costeira a 72 km de S\u00e3o Paulo que entrou no Guinness - Estado de Minas - Em foco","description":"A 72 km de S\u00e3o Paulo, essa cidade costeira re\u00fane um jardim \u00e0 beira-mar impressionante e alto \u00edndice de desenvolvimento.","robots":{"index":"index","follow":"follow","max-snippet":"max-snippet:-1","max-image-preview":"max-image-preview:large","max-video-preview":"max-video-preview:-1"},"canonical":"https:\/\/www.em.com.br\/emfoco\/2026\/03\/10\/53-km-de-jardim-a-beira-mar-e-o-6o-melhor-idh-do-brasil-a-cidade-costeira-a-72-km-de-sao-paulo-que-entrou-no-guinness\/","og_locale":"pt_BR","og_type":"article","og_title":"5,3 km de jardim \u00e0 beira-mar e o 6\u00ba melhor IDH do Brasil: a cidade costeira a 72 km de S\u00e3o Paulo que entrou no Guinness - Estado de Minas - Em foco","og_description":"A 72 km de S\u00e3o Paulo, essa cidade costeira re\u00fane um jardim \u00e0 beira-mar impressionante e alto \u00edndice de desenvolvimento.","og_url":"https:\/\/www.em.com.br\/emfoco\/2026\/03\/10\/53-km-de-jardim-a-beira-mar-e-o-6o-melhor-idh-do-brasil-a-cidade-costeira-a-72-km-de-sao-paulo-que-entrou-no-guinness\/","og_site_name":"Estado de Minas - Em foco","article_published_time":"2026-03-10T14:25:00+00:00","article_modified_time":"2026-03-10T15:58:14+00:00","og_image":[{"width":1280,"height":720,"url":"https:\/\/www.em.com.br\/emfoco\/wp-content\/uploads\/2026\/02\/santos.jpg","type":"image\/jpeg"}],"author":"Vitor Bruno","twitter_card":"summary_large_image","twitter_misc":{"Escrito por":"Vitor Bruno","Est. tempo de leitura":"6 minutos"},"schema":{"@context":"https:\/\/schema.org","@graph":[{"@type":"WebPage","@id":"https:\/\/www.em.com.br\/emfoco\/2026\/03\/10\/53-km-de-jardim-a-beira-mar-e-o-6o-melhor-idh-do-brasil-a-cidade-costeira-a-72-km-de-sao-paulo-que-entrou-no-guinness\/","url":"https:\/\/www.em.com.br\/emfoco\/2026\/03\/10\/53-km-de-jardim-a-beira-mar-e-o-6o-melhor-idh-do-brasil-a-cidade-costeira-a-72-km-de-sao-paulo-que-entrou-no-guinness\/","name":"5,3 km de jardim \u00e0 beira-mar e o 6\u00ba melhor IDH do Brasil: a cidade costeira a 72 km de S\u00e3o Paulo que entrou no Guinness - Estado de Minas - Em foco","isPartOf":{"@id":"https:\/\/www.em.com.br\/emfoco\/#website"},"primaryImageOfPage":{"@id":"https:\/\/www.em.com.br\/emfoco\/2026\/03\/10\/53-km-de-jardim-a-beira-mar-e-o-6o-melhor-idh-do-brasil-a-cidade-costeira-a-72-km-de-sao-paulo-que-entrou-no-guinness\/#primaryimage"},"image":{"@id":"https:\/\/www.em.com.br\/emfoco\/2026\/03\/10\/53-km-de-jardim-a-beira-mar-e-o-6o-melhor-idh-do-brasil-a-cidade-costeira-a-72-km-de-sao-paulo-que-entrou-no-guinness\/#primaryimage"},"thumbnailUrl":"https:\/\/www.em.com.br\/emfoco\/wp-content\/uploads\/2026\/02\/santos.jpg","datePublished":"2026-03-10T14:25:00+00:00","dateModified":"2026-03-10T15:58:14+00:00","author":{"@id":"https:\/\/www.em.com.br\/emfoco\/#\/schema\/person\/364ac1852fafd00f1be20f0b8b237569"},"description":"A 72 km de S\u00e3o Paulo, essa cidade costeira re\u00fane um jardim \u00e0 beira-mar impressionante e alto \u00edndice de desenvolvimento.","breadcrumb":{"@id":"https:\/\/www.em.com.br\/emfoco\/2026\/03\/10\/53-km-de-jardim-a-beira-mar-e-o-6o-melhor-idh-do-brasil-a-cidade-costeira-a-72-km-de-sao-paulo-que-entrou-no-guinness\/#breadcrumb"},"inLanguage":"pt-BR","potentialAction":[{"@type":"ReadAction","target":["https:\/\/www.em.com.br\/emfoco\/2026\/03\/10\/53-km-de-jardim-a-beira-mar-e-o-6o-melhor-idh-do-brasil-a-cidade-costeira-a-72-km-de-sao-paulo-que-entrou-no-guinness\/"]}]},{"@type":"ImageObject","inLanguage":"pt-BR","@id":"https:\/\/www.em.com.br\/emfoco\/2026\/03\/10\/53-km-de-jardim-a-beira-mar-e-o-6o-melhor-idh-do-brasil-a-cidade-costeira-a-72-km-de-sao-paulo-que-entrou-no-guinness\/#primaryimage","url":"https:\/\/www.em.com.br\/emfoco\/wp-content\/uploads\/2026\/02\/santos.jpg","contentUrl":"https:\/\/www.em.com.br\/emfoco\/wp-content\/uploads\/2026\/02\/santos.jpg","width":1280,"height":720,"caption":"Santos impressiona com o Jardim da Orla, reconhecido pelo Guinness World Records (imagem ilustrativa)"},{"@type":"BreadcrumbList","@id":"https:\/\/www.em.com.br\/emfoco\/2026\/03\/10\/53-km-de-jardim-a-beira-mar-e-o-6o-melhor-idh-do-brasil-a-cidade-costeira-a-72-km-de-sao-paulo-que-entrou-no-guinness\/#breadcrumb","itemListElement":[{"@type":"ListItem","position":1,"name":"In\u00edcio","item":"https:\/\/www.em.com.br\/emfoco\/"},{"@type":"ListItem","position":2,"name":"5,3 km de jardim \u00e0 beira-mar e o 6\u00ba melhor IDH do Brasil: a cidade costeira a 72 km de S\u00e3o Paulo que entrou no Guinness"}]},{"@type":"WebSite","@id":"https:\/\/www.em.com.br\/emfoco\/#website","url":"https:\/\/www.em.com.br\/emfoco\/","name":"Estado de Minas - Em foco","description":"Acompanhe as \u00faltimas not\u00edcias e fique bem informado sobre tudo o que acontece em Minas Gerais, Brasil e no mundo.","potentialAction":[{"@type":"SearchAction","target":{"@type":"EntryPoint","urlTemplate":"https:\/\/www.em.com.br\/emfoco\/?s={search_term_string}"},"query-input":{"@type":"PropertyValueSpecification","valueRequired":true,"valueName":"search_term_string"}}],"inLanguage":"pt-BR"},{"@type":"Person","@id":"https:\/\/www.em.com.br\/emfoco\/#\/schema\/person\/364ac1852fafd00f1be20f0b8b237569","name":"Vitor Bruno","image":{"@type":"ImageObject","inLanguage":"pt-BR","@id":"https:\/\/www.em.com.br\/emfoco\/#\/schema\/person\/image\/","url":"https:\/\/secure.gravatar.com\/avatar\/b719e5cdede09f942064960883b5524d?s=96&d=mm&r=g","contentUrl":"https:\/\/secure.gravatar.com\/avatar\/b719e5cdede09f942064960883b5524d?s=96&d=mm&r=g","caption":"Vitor Bruno"},"sameAs":["https:\/\/www.em.com.br\/emfoco\/"],"url":"https:\/\/www.em.com.br\/emfoco\/author\/vitormyth\/"}]}},"_links":{"self":[{"href":"https:\/\/www.em.com.br\/emfoco\/wp-json\/wp\/v2\/posts\/179728","targetHints":{"allow":["GET"]}}],"collection":[{"href":"https:\/\/www.em.com.br\/emfoco\/wp-json\/wp\/v2\/posts"}],"about":[{"href":"https:\/\/www.em.com.br\/emfoco\/wp-json\/wp\/v2\/types\/post"}],"author":[{"embeddable":true,"href":"https:\/\/www.em.com.br\/emfoco\/wp-json\/wp\/v2\/users\/6"}],"replies":[{"embeddable":true,"href":"https:\/\/www.em.com.br\/emfoco\/wp-json\/wp\/v2\/comments?post=179728"}],"version-history":[{"count":1,"href":"https:\/\/www.em.com.br\/emfoco\/wp-json\/wp\/v2\/posts\/179728\/revisions"}],"predecessor-version":[{"id":179731,"href":"https:\/\/www.em.com.br\/emfoco\/wp-json\/wp\/v2\/posts\/179728\/revisions\/179731"}],"wp:featuredmedia":[{"embeddable":true,"href":"https:\/\/www.em.com.br\/emfoco\/wp-json\/wp\/v2\/media\/163495"}],"wp:attachment":[{"href":"https:\/\/www.em.com.br\/emfoco\/wp-json\/wp\/v2\/media?parent=179728"}],"wp:term":[{"taxonomy":"category","embeddable":true,"href":"https:\/\/www.em.com.br\/emfoco\/wp-json\/wp\/v2\/categories?post=179728"},{"taxonomy":"post_tag","embeddable":true,"href":"https:\/\/www.em.com.br\/emfoco\/wp-json\/wp\/v2\/tags?post=179728"}],"curies":[{"name":"wp","href":"https:\/\/api.w.org\/{rel}","templated":true}]}}