{"id":179703,"date":"2026-03-10T12:07:37","date_gmt":"2026-03-10T15:07:37","guid":{"rendered":"https:\/\/www.em.com.br\/emfoco\/?p=179703"},"modified":"2026-03-10T12:07:41","modified_gmt":"2026-03-10T15:07:41","slug":"gigante-chilena-despeja-r-25-bilhoes-na-maior-fabrica-do-mundo-e-vai-abrir-20-mil-vagas-em-cidade-minuscula-no-brasil","status":"publish","type":"post","link":"https:\/\/www.em.com.br\/emfoco\/2026\/03\/10\/gigante-chilena-despeja-r-25-bilhoes-na-maior-fabrica-do-mundo-e-vai-abrir-20-mil-vagas-em-cidade-minuscula-no-brasil\/","title":{"rendered":"Gigante chilena despeja R$ 25 bilh\u00f5es na &#8216;maior f\u00e1brica do mundo&#8217; e vai abrir 20 mil vagas em cidade min\u00fascula no Brasil"},"content":{"rendered":"\n<p>A propor\u00e7\u00e3o beira o absurdo. Uma cidade pacata no interior do <strong>Mato Grosso do Sul<\/strong>, com menos de 9 mil habitantes, est\u00e1 prestes a receber um choque de realidade que vai mudar o seu mapa para sempre.<\/p>\n\n\n\n<p>A multinacional chilena Arauco confirmou a inje\u00e7\u00e3o de <strong>R$ 25 bilh\u00f5es<\/strong> para construir aquela que promete ser a maior f\u00e1brica de celulose de linha \u00fanica do planeta. Mas o que est\u00e1 prendendo a aten\u00e7\u00e3o de trabalhadores de todo o pa\u00eds n\u00e3o \u00e9 apenas o tamanho da obra, e sim a avalanche de empregos: <strong>20 mil vagas<\/strong> ser\u00e3o abertas no pico da constru\u00e7\u00e3o.<\/p>\n\n\n\n<h2 class=\"wp-block-heading\">O que \u00e9 o megaprojeto de R$ 24 bilh\u00f5es?<\/h2>\n\n\n\n<p>Batizado de <strong>\u201cProjeto Sucuri\u00fa\u201d<\/strong>, o complexo industrial est\u00e1 sendo erguido na cidade de <strong>Inoc\u00eancia (MS)<\/strong>. O objetivo da Arauco \u00e9 claro: transformar a regi\u00e3o em um dos maiores polos globais de exporta\u00e7\u00e3o de celulose.<\/p>\n\n\n\n<p>O valor de R$ 24 bilh\u00f5es representa um dos maiores investimentos privados em andamento no Brasil hoje. Para dar dimens\u00e3o, a cifra \u00e9 maior que o or\u00e7amento anual inteiro de v\u00e1rias capitais brasileiras. A previs\u00e3o \u00e9 que a f\u00e1brica comece a operar com capacidade para produzir quase 3 milh\u00f5es de toneladas de celulose por ano.<\/p>\n\n\n\n<p>Esse v\u00eddeo do canal <strong>ARAUCO Brasil<\/strong>, que conta com mais de <strong>5 mil<\/strong> visualiza\u00e7\u00f5es, apresenta o <strong>Projeto Sucuri\u00fa<\/strong>, a maior planta de celulose em etapa \u00fanica do mundo, localizada no <strong>Cerrado<\/strong>:<\/p>\n\n\n\n<figure class=\"wp-block-embed is-type-video is-provider-youtube wp-block-embed-youtube wp-embed-aspect-16-9 wp-has-aspect-ratio\"><div class=\"wp-block-embed__wrapper\">\n<div class=\"jeg_video_container jeg_video_content\"><iframe loading=\"lazy\" title=\"Manifesto Projeto Sucuri\u00fa Arauco - Legendado espanhol\" width=\"500\" height=\"281\" src=\"https:\/\/www.youtube.com\/embed\/8VTWcllScKY?start=1&#038;feature=oembed\" frameborder=\"0\" allow=\"accelerometer; autoplay; clipboard-write; encrypted-media; gyroscope; picture-in-picture; web-share\" referrerpolicy=\"strict-origin-when-cross-origin\" allowfullscreen><\/iframe><\/div>\n<\/div><\/figure>\n\n\n\n<h2 class=\"wp-block-heading\">O grande desafio: 20 mil oper\u00e1rios em uma cidade min\u00fascula<\/h2>\n\n\n\n<p>Aqui est\u00e1 o fato que tem gerado debates e atra\u00eddo os olhares do mercado: como uma cidade de 9 mil habitantes absorve um ex\u00e9rcito de 20 mil trabalhadores?<\/p>\n\n\n\n<p>A resposta envolve uma engenharia social complexa. A Arauco est\u00e1 construindo alojamentos gigantescos, apelidados de \u201cvilas oper\u00e1rias\u201d, com infraestrutura pr\u00f3pria de sa\u00fade, lazer e alimenta\u00e7\u00e3o para n\u00e3o colapsar os servi\u00e7os p\u00fablicos de Inoc\u00eancia. O com\u00e9rcio local j\u00e1 vive um \u201cboom\u201d imobili\u00e1rio e de servi\u00e7os, com alugu\u00e9is disparando e novos neg\u00f3cios abrindo as portas semanalmente.<\/p>\n\n\n<div class=\"wp-block-image\">\n<figure class=\"aligncenter size-large\"><img loading=\"lazy\" decoding=\"async\" width=\"1024\" height=\"576\" src=\"https:\/\/www.em.com.br\/emfoco\/wp-content\/uploads\/2026\/03\/ngz-fundo-59572-1024x576.jpg\" alt=\"\" class=\"wp-image-179720\" srcset=\"https:\/\/www.em.com.br\/emfoco\/wp-content\/uploads\/2026\/03\/ngz-fundo-59572-1024x576.jpg 1024w, https:\/\/www.em.com.br\/emfoco\/wp-content\/uploads\/2026\/03\/ngz-fundo-59572-300x169.jpg 300w, https:\/\/www.em.com.br\/emfoco\/wp-content\/uploads\/2026\/03\/ngz-fundo-59572-768x432.jpg 768w, https:\/\/www.em.com.br\/emfoco\/wp-content\/uploads\/2026\/03\/ngz-fundo-59572-750x422.jpg 750w, https:\/\/www.em.com.br\/emfoco\/wp-content\/uploads\/2026\/03\/ngz-fundo-59572-1140x641.jpg 1140w, https:\/\/www.em.com.br\/emfoco\/wp-content\/uploads\/2026\/03\/ngz-fundo-59572.jpg 1280w\" sizes=\"auto, (max-width: 1024px) 100vw, 1024px\" \/><figcaption class=\"wp-element-caption\">Megaprojeto Sucuri\u00fa da Arauca \/\/ Cr\u00e9ditos: Arauco | Projeto Sucuri\u00fa &#8211; sucuriu.arauco.com<\/figcaption><\/figure><\/div>\n\n\n<h2 class=\"wp-block-heading\">Como disputar uma das vagas?<\/h2>\n\n\n\n<p>Se o t\u00edtulo trouxe o leitor at\u00e9 aqui, \u00e9 a promessa de trabalho que o faz ficar. As contrata\u00e7\u00f5es para um projeto dessa magnitude ocorrem em fases e envolvem dezenas de empresas terceirizadas.<\/p>\n\n\n<div class=\"wp-block-image\">\n<figure class=\"aligncenter size-large\"><img loading=\"lazy\" decoding=\"async\" width=\"1024\" height=\"572\" src=\"https:\/\/www.em.com.br\/emfoco\/wp-content\/uploads\/2026\/03\/unnamed-4-1024x572.jpg\" alt=\"\" class=\"wp-image-179714\" srcset=\"https:\/\/www.em.com.br\/emfoco\/wp-content\/uploads\/2026\/03\/unnamed-4-1024x572.jpg 1024w, https:\/\/www.em.com.br\/emfoco\/wp-content\/uploads\/2026\/03\/unnamed-4-300x167.jpg 300w, https:\/\/www.em.com.br\/emfoco\/wp-content\/uploads\/2026\/03\/unnamed-4-768x429.jpg 768w, https:\/\/www.em.com.br\/emfoco\/wp-content\/uploads\/2026\/03\/unnamed-4-750x419.jpg 750w, https:\/\/www.em.com.br\/emfoco\/wp-content\/uploads\/2026\/03\/unnamed-4-1140x636.jpg 1140w, https:\/\/www.em.com.br\/emfoco\/wp-content\/uploads\/2026\/03\/unnamed-4.jpg 1376w\" sizes=\"auto, (max-width: 1024px) 100vw, 1024px\" \/><figcaption class=\"wp-element-caption\">Fa\u00e7a sua inscri\u00e7\u00e3o online<\/figcaption><\/figure><\/div>\n\n\n<p>As oportunidades v\u00e3o muito al\u00e9m de serventes de pedreiro e engenheiros. H\u00e1 uma demanda gigantesca por:<\/p>\n\n\n\n<ul class=\"wp-block-list has-medium-font-size\">\n<li>Motoristas de caminh\u00e3o e operadores de m\u00e1quinas pesadas;<\/li>\n\n\n\n<li>Profissionais de log\u00edstica e almoxarifado;<\/li>\n\n\n\n<li>Cozinheiros, nutricionistas e equipes de limpeza;<\/li>\n\n\n\n<li>T\u00e9cnicos em seguran\u00e7a do trabalho e enfermeiros.<\/li>\n<\/ul>\n\n\n\n<p><strong>Onde enviar o curr\u00edculo?<\/strong> O caminho principal para acompanhar as vagas diretas \u00e9 o <a href=\"https:\/\/sucuriu.arauco.com\/trabalhe-conosco\/\" target=\"_blank\" rel=\"noreferrer noopener\"><strong>portal oficial de carreiras da Arauco<\/strong><\/a> e o <strong><a href=\"https:\/\/www.linkedin.com\/company\/araucobrasil\" target=\"_blank\" rel=\"noreferrer noopener\">LinkedIn<\/a> <\/strong>da empresa. Al\u00e9m disso, a prefeitura de Inoc\u00eancia e o sistema Sine (Sistema Nacional de Emprego) do Mato Grosso do Sul s\u00e3o os canais oficiais para as contrata\u00e7\u00f5es em massa das empreiteiras parceiras que est\u00e3o executando a obra.<\/p>\n","protected":false},"excerpt":{"rendered":"<p>A propor\u00e7\u00e3o beira o absurdo. Uma cidade pacata no interior do Mato Grosso do Sul, com menos de 9 mil habitantes, est\u00e1 prestes a receber um choque de realidade que vai mudar o seu mapa para sempre. A multinacional chilena Arauco confirmou a inje\u00e7\u00e3o de R$ 25 bilh\u00f5es para construir aquela que promete ser a [&hellip;]<\/p>\n","protected":false},"author":4,"featured_media":179729,"comment_status":"open","ping_status":"open","sticky":false,"template":"","format":"standard","meta":{"jnews-multi-image_gallery":[],"jnews_single_post":{"format":"standard"},"jnews_primary_category":[],"jnews_social_meta":[],"jnews_override_counter":[],"footnotes":""},"categories":[1],"tags":[25956,25957,25961,25962,25958,25960,25959,25963],"class_list":["post-179703","post","type-post","status-publish","format-standard","has-post-thumbnail","hentry","category-noticias","tag-arauco","tag-economia-brasil","tag-fabrica-de-celulose","tag-inocencia-ms","tag-investimento-ms","tag-projeto-sucuriu","tag-trabalhe-conosco-arauco","tag-vagas-de-emprego-2026"],"yoast_head":"<!-- This site is optimized with the Yoast SEO plugin v23.8 - https:\/\/yoast.com\/wordpress\/plugins\/seo\/ -->\n<title>Gigante chilena despeja R$ 25 bilh\u00f5es na &#039;maior f\u00e1brica do mundo&#039; e vai abrir 20 mil vagas em cidade min\u00fascula no Brasil - Estado de Minas - Em foco<\/title>\n<meta name=\"description\" content=\"Gigante chilena investe R$ 25 bilh\u00f5es para construir a maior f\u00e1brica do mundo e gerar empregos em uma pequena cidade brasileira.\" \/>\n<meta name=\"robots\" content=\"index, follow, max-snippet:-1, max-image-preview:large, max-video-preview:-1\" \/>\n<link rel=\"canonical\" href=\"https:\/\/www.em.com.br\/emfoco\/2026\/03\/10\/gigante-chilena-despeja-r-25-bilhoes-na-maior-fabrica-do-mundo-e-vai-abrir-20-mil-vagas-em-cidade-minuscula-no-brasil\/\" \/>\n<meta property=\"og:locale\" content=\"pt_BR\" \/>\n<meta property=\"og:type\" content=\"article\" \/>\n<meta property=\"og:title\" content=\"Gigante chilena despeja R$ 25 bilh\u00f5es na &#039;maior f\u00e1brica do mundo&#039; e vai abrir 20 mil vagas em cidade min\u00fascula no Brasil - Estado de Minas - Em foco\" \/>\n<meta property=\"og:description\" content=\"Gigante chilena investe R$ 25 bilh\u00f5es para construir a maior f\u00e1brica do mundo e gerar empregos em uma pequena cidade brasileira.\" \/>\n<meta property=\"og:url\" content=\"https:\/\/www.em.com.br\/emfoco\/2026\/03\/10\/gigante-chilena-despeja-r-25-bilhoes-na-maior-fabrica-do-mundo-e-vai-abrir-20-mil-vagas-em-cidade-minuscula-no-brasil\/\" \/>\n<meta property=\"og:site_name\" content=\"Estado de Minas - Em foco\" \/>\n<meta property=\"article:published_time\" content=\"2026-03-10T15:07:37+00:00\" \/>\n<meta property=\"article:modified_time\" content=\"2026-03-10T15:07:41+00:00\" \/>\n<meta property=\"og:image\" content=\"https:\/\/www.em.com.br\/emfoco\/wp-content\/uploads\/2026\/03\/ngz-unnamed-6-26891.jpg\" \/>\n\t<meta property=\"og:image:width\" content=\"1280\" \/>\n\t<meta property=\"og:image:height\" content=\"720\" \/>\n\t<meta property=\"og:image:type\" content=\"image\/jpeg\" \/>\n<meta name=\"author\" content=\"Jo\u00e3o Victor\" \/>\n<meta name=\"twitter:card\" content=\"summary_large_image\" \/>\n<meta name=\"twitter:label1\" content=\"Escrito por\" \/>\n\t<meta name=\"twitter:data1\" content=\"Jo\u00e3o Victor\" \/>\n\t<meta name=\"twitter:label2\" content=\"Est. tempo de leitura\" \/>\n\t<meta name=\"twitter:data2\" content=\"4 minutos\" \/>\n<!-- \/ Yoast SEO plugin. -->","yoast_head_json":{"title":"Gigante chilena despeja R$ 25 bilh\u00f5es na 'maior f\u00e1brica do mundo' e vai abrir 20 mil vagas em cidade min\u00fascula no Brasil - Estado de Minas - Em foco","description":"Gigante chilena investe R$ 25 bilh\u00f5es para construir a maior f\u00e1brica do mundo e gerar empregos em uma pequena cidade brasileira.","robots":{"index":"index","follow":"follow","max-snippet":"max-snippet:-1","max-image-preview":"max-image-preview:large","max-video-preview":"max-video-preview:-1"},"canonical":"https:\/\/www.em.com.br\/emfoco\/2026\/03\/10\/gigante-chilena-despeja-r-25-bilhoes-na-maior-fabrica-do-mundo-e-vai-abrir-20-mil-vagas-em-cidade-minuscula-no-brasil\/","og_locale":"pt_BR","og_type":"article","og_title":"Gigante chilena despeja R$ 25 bilh\u00f5es na 'maior f\u00e1brica do mundo' e vai abrir 20 mil vagas em cidade min\u00fascula no Brasil - Estado de Minas - Em foco","og_description":"Gigante chilena investe R$ 25 bilh\u00f5es para construir a maior f\u00e1brica do mundo e gerar empregos em uma pequena cidade brasileira.","og_url":"https:\/\/www.em.com.br\/emfoco\/2026\/03\/10\/gigante-chilena-despeja-r-25-bilhoes-na-maior-fabrica-do-mundo-e-vai-abrir-20-mil-vagas-em-cidade-minuscula-no-brasil\/","og_site_name":"Estado de Minas - Em foco","article_published_time":"2026-03-10T15:07:37+00:00","article_modified_time":"2026-03-10T15:07:41+00:00","og_image":[{"width":1280,"height":720,"url":"https:\/\/www.em.com.br\/emfoco\/wp-content\/uploads\/2026\/03\/ngz-unnamed-6-26891.jpg","type":"image\/jpeg"}],"author":"Jo\u00e3o Victor","twitter_card":"summary_large_image","twitter_misc":{"Escrito por":"Jo\u00e3o Victor","Est. tempo de leitura":"4 minutos"},"schema":{"@context":"https:\/\/schema.org","@graph":[{"@type":"WebPage","@id":"https:\/\/www.em.com.br\/emfoco\/2026\/03\/10\/gigante-chilena-despeja-r-25-bilhoes-na-maior-fabrica-do-mundo-e-vai-abrir-20-mil-vagas-em-cidade-minuscula-no-brasil\/","url":"https:\/\/www.em.com.br\/emfoco\/2026\/03\/10\/gigante-chilena-despeja-r-25-bilhoes-na-maior-fabrica-do-mundo-e-vai-abrir-20-mil-vagas-em-cidade-minuscula-no-brasil\/","name":"Gigante chilena despeja R$ 25 bilh\u00f5es na 'maior f\u00e1brica do mundo' e vai abrir 20 mil vagas em cidade min\u00fascula no Brasil - Estado de Minas - Em foco","isPartOf":{"@id":"https:\/\/www.em.com.br\/emfoco\/#website"},"primaryImageOfPage":{"@id":"https:\/\/www.em.com.br\/emfoco\/2026\/03\/10\/gigante-chilena-despeja-r-25-bilhoes-na-maior-fabrica-do-mundo-e-vai-abrir-20-mil-vagas-em-cidade-minuscula-no-brasil\/#primaryimage"},"image":{"@id":"https:\/\/www.em.com.br\/emfoco\/2026\/03\/10\/gigante-chilena-despeja-r-25-bilhoes-na-maior-fabrica-do-mundo-e-vai-abrir-20-mil-vagas-em-cidade-minuscula-no-brasil\/#primaryimage"},"thumbnailUrl":"https:\/\/www.em.com.br\/emfoco\/wp-content\/uploads\/2026\/03\/ngz-unnamed-6-26891.jpg","datePublished":"2026-03-10T15:07:37+00:00","dateModified":"2026-03-10T15:07:41+00:00","author":{"@id":"https:\/\/www.em.com.br\/emfoco\/#\/schema\/person\/ec46061509d7a6a48a18f70cd167327c"},"description":"Gigante chilena investe R$ 25 bilh\u00f5es para construir a maior f\u00e1brica do mundo e gerar empregos em uma pequena cidade brasileira.","breadcrumb":{"@id":"https:\/\/www.em.com.br\/emfoco\/2026\/03\/10\/gigante-chilena-despeja-r-25-bilhoes-na-maior-fabrica-do-mundo-e-vai-abrir-20-mil-vagas-em-cidade-minuscula-no-brasil\/#breadcrumb"},"inLanguage":"pt-BR","potentialAction":[{"@type":"ReadAction","target":["https:\/\/www.em.com.br\/emfoco\/2026\/03\/10\/gigante-chilena-despeja-r-25-bilhoes-na-maior-fabrica-do-mundo-e-vai-abrir-20-mil-vagas-em-cidade-minuscula-no-brasil\/"]}]},{"@type":"ImageObject","inLanguage":"pt-BR","@id":"https:\/\/www.em.com.br\/emfoco\/2026\/03\/10\/gigante-chilena-despeja-r-25-bilhoes-na-maior-fabrica-do-mundo-e-vai-abrir-20-mil-vagas-em-cidade-minuscula-no-brasil\/#primaryimage","url":"https:\/\/www.em.com.br\/emfoco\/wp-content\/uploads\/2026\/03\/ngz-unnamed-6-26891.jpg","contentUrl":"https:\/\/www.em.com.br\/emfoco\/wp-content\/uploads\/2026\/03\/ngz-unnamed-6-26891.jpg","width":1280,"height":720,"caption":"Gigante chilena despeja R$ 25 bilh\u00f5es na 'maior f\u00e1brica do mundo' e vai abrir 20 mil vagas em cidade min\u00fascula no Brasil (imagem ilustrativa)"},{"@type":"BreadcrumbList","@id":"https:\/\/www.em.com.br\/emfoco\/2026\/03\/10\/gigante-chilena-despeja-r-25-bilhoes-na-maior-fabrica-do-mundo-e-vai-abrir-20-mil-vagas-em-cidade-minuscula-no-brasil\/#breadcrumb","itemListElement":[{"@type":"ListItem","position":1,"name":"In\u00edcio","item":"https:\/\/www.em.com.br\/emfoco\/"},{"@type":"ListItem","position":2,"name":"Gigante chilena despeja R$ 25 bilh\u00f5es na &#8216;maior f\u00e1brica do mundo&#8217; e vai abrir 20 mil vagas em cidade min\u00fascula no Brasil"}]},{"@type":"WebSite","@id":"https:\/\/www.em.com.br\/emfoco\/#website","url":"https:\/\/www.em.com.br\/emfoco\/","name":"Estado de Minas - Em foco","description":"Acompanhe as \u00faltimas not\u00edcias e fique bem informado sobre tudo o que acontece em Minas Gerais, Brasil e no mundo.","potentialAction":[{"@type":"SearchAction","target":{"@type":"EntryPoint","urlTemplate":"https:\/\/www.em.com.br\/emfoco\/?s={search_term_string}"},"query-input":{"@type":"PropertyValueSpecification","valueRequired":true,"valueName":"search_term_string"}}],"inLanguage":"pt-BR"},{"@type":"Person","@id":"https:\/\/www.em.com.br\/emfoco\/#\/schema\/person\/ec46061509d7a6a48a18f70cd167327c","name":"Jo\u00e3o Victor","image":{"@type":"ImageObject","inLanguage":"pt-BR","@id":"https:\/\/www.em.com.br\/emfoco\/#\/schema\/person\/image\/","url":"https:\/\/secure.gravatar.com\/avatar\/c70f0bc70a127808cfa0c6bd5694635c?s=96&d=mm&r=g","contentUrl":"https:\/\/secure.gravatar.com\/avatar\/c70f0bc70a127808cfa0c6bd5694635c?s=96&d=mm&r=g","caption":"Jo\u00e3o Victor"},"url":"https:\/\/www.em.com.br\/emfoco\/author\/joaoseika\/"}]}},"_links":{"self":[{"href":"https:\/\/www.em.com.br\/emfoco\/wp-json\/wp\/v2\/posts\/179703","targetHints":{"allow":["GET"]}}],"collection":[{"href":"https:\/\/www.em.com.br\/emfoco\/wp-json\/wp\/v2\/posts"}],"about":[{"href":"https:\/\/www.em.com.br\/emfoco\/wp-json\/wp\/v2\/types\/post"}],"author":[{"embeddable":true,"href":"https:\/\/www.em.com.br\/emfoco\/wp-json\/wp\/v2\/users\/4"}],"replies":[{"embeddable":true,"href":"https:\/\/www.em.com.br\/emfoco\/wp-json\/wp\/v2\/comments?post=179703"}],"version-history":[{"count":6,"href":"https:\/\/www.em.com.br\/emfoco\/wp-json\/wp\/v2\/posts\/179703\/revisions"}],"predecessor-version":[{"id":179725,"href":"https:\/\/www.em.com.br\/emfoco\/wp-json\/wp\/v2\/posts\/179703\/revisions\/179725"}],"wp:featuredmedia":[{"embeddable":true,"href":"https:\/\/www.em.com.br\/emfoco\/wp-json\/wp\/v2\/media\/179729"}],"wp:attachment":[{"href":"https:\/\/www.em.com.br\/emfoco\/wp-json\/wp\/v2\/media?parent=179703"}],"wp:term":[{"taxonomy":"category","embeddable":true,"href":"https:\/\/www.em.com.br\/emfoco\/wp-json\/wp\/v2\/categories?post=179703"},{"taxonomy":"post_tag","embeddable":true,"href":"https:\/\/www.em.com.br\/emfoco\/wp-json\/wp\/v2\/tags?post=179703"}],"curies":[{"name":"wp","href":"https:\/\/api.w.org\/{rel}","templated":true}]}}